{"id":683,"date":"2025-01-21T16:12:00","date_gmt":"2025-01-21T19:12:00","guid":{"rendered":"https:\/\/diariodelsurdigital.com.ar\/?p=683"},"modified":"2025-01-21T16:12:01","modified_gmt":"2025-01-21T19:12:01","slug":"el-fuego-no-da-tregua-en-el-parque-nacional-nahuel-huapi-el-incendio-podria-extenderse-hasta-abril","status":"publish","type":"post","link":"https:\/\/diariodelsurdigital.com.ar\/?p=683","title":{"rendered":"El fuego no da tregua en el Parque Nacional Nahuel Huapi: \u201cEl incendio podr\u00eda extenderse hasta abril\u201d"},"content":{"rendered":"\n<p>Desde diciembre ya se perdieron m\u00e1s de cinco mil hect\u00e1reas de bosque nativo. \u201cEl sistema actual no est\u00e1 adaptado a la crisis clim\u00e1tica\u201d, advierten desde Greenpeace.<\/p>\n\n\n\n<p>Los incendios no cesan en el&nbsp;<a href=\"https:\/\/www.tiempoar.com.ar\/ta_article\/parque-nahuel-huapi-mas-de-6-mil-hectareas-de-bosque-patagonico-arrasadas-por-el-fuego\/\">Parque Nacional Nahuel Huapi<\/a>. Desde diciembre, cientos de brigadistas intentan apagar las llamas, aunque ya hay&nbsp;<strong>m\u00e1s de 5000 hect\u00e1reas de bosque nativo que fueron consumidas<\/strong>&nbsp;por el fuego, que se origin\u00f3 tras una tormenta el\u00e9ctrica el 16 de diciembre.<\/p>\n\n\n\n<p>Seg\u00fan el \u00faltimo parte de los bomberos<strong>, las llamas avanzan en Cerro Colorado, Laguna Quetro<\/strong>&nbsp;y Las Melisas, donde los profesionales combaten el fuego con herramientas manuales y apoyo a\u00e9reo.<\/p>\n\n\n\n<p>Hern\u00e1n Giardini, coordinador de la campa\u00f1a de bosques de&nbsp;<a href=\"https:\/\/www.greenpeace.org\/argentina\/\" rel=\"noreferrer noopener\" target=\"_blank\">Greenpeace,<\/a>&nbsp;lanz\u00f3 una advertencia: \u201cEl incendio podr\u00eda extenderse hasta abril\u201d.<\/p>\n\n\n\n<p>Adem\u00e1s, alert\u00f3 sobre&nbsp;<strong>el riesgo de que las llamas lleguen a \u00e1reas urbanas,<\/strong>&nbsp;citando incidentes recientes como el incendio de un domo en el Cerro Otto, que casi alcanza los bosques cercanos al centro de Bariloche.<\/p>\n\n\n\n<h2 class=\"wp-block-heading\">\u201cNecesitamos m\u00e1s brigadistas e infraestructura\u201d<\/h2>\n\n\n\n<p>Se sabe que el fuego avanza en zonas de dif\u00edcil acceso, como la Reserva Estricta del parque, donde los terrenos escarpados dificultan la labor de los brigadistas.<\/p>\n\n\n\n<p><strong>\u201cEl 95% de los incendios en la Patagonia tienen causas humanas,&nbsp;<\/strong>desde fogatas mal apagadas hasta incendios intencionados\u201d, destac\u00f3 Giardini y agreg\u00f3: \u201cEl sistema actual no est\u00e1 adaptado a la crisis clim\u00e1tica. Necesitamos m\u00e1s brigadistas e infraestructura\u201d.<\/p>\n","protected":false},"excerpt":{"rendered":"<p>Desde diciembre ya se perdieron m\u00e1s de cinco mil hect\u00e1reas de bosque nativo. \u201cEl sistema actual no est\u00e1 adaptado a la crisis clim\u00e1tica\u201d, advierten desde Greenpeace. Los incendios no cesan en el&nbsp;Parque Nacional Nahuel Huapi. Desde diciembre, cientos de brigadistas intentan apagar las llamas, aunque ya hay&nbsp;m\u00e1s de 5000 hect\u00e1reas de bosque nativo que fueron [&hellip;]<\/p>\n","protected":false},"author":4,"featured_media":684,"comment_status":"open","ping_status":"open","sticky":false,"template":"","format":"standard","meta":{"footnotes":""},"categories":[19,18],"tags":[],"class_list":{"0":"post-683","1":"post","2":"type-post","3":"status-publish","4":"format-standard","5":"has-post-thumbnail","7":"category-interes-general","8":"category-nacionales"},"yoast_head":"<!-- This site is optimized with the Yoast SEO plugin v27.4 - https:\/\/yoast.com\/product\/yoast-seo-wordpress\/ -->\n<title>El fuego no da tregua en el Parque Nacional Nahuel Huapi: \u201cEl incendio podr\u00eda extenderse hasta abril\u201d - Diario del Sur<\/title>\n<meta name=\"robots\" content=\"index, follow, max-snippet:-1, max-image-preview:large, max-video-preview:-1\" \/>\n<link rel=\"canonical\" href=\"https:\/\/diariodelsurdigital.com.ar\/?p=683\" \/>\n<meta property=\"og:locale\" content=\"es_ES\" \/>\n<meta property=\"og:type\" content=\"article\" \/>\n<meta property=\"og:title\" content=\"El fuego no da tregua en el Parque Nacional Nahuel Huapi: \u201cEl incendio podr\u00eda extenderse hasta abril\u201d - Diario del Sur\" \/>\n<meta property=\"og:description\" content=\"Desde diciembre ya se perdieron m\u00e1s de cinco mil hect\u00e1reas de bosque nativo. \u201cEl sistema actual no est\u00e1 adaptado a la crisis clim\u00e1tica\u201d, advierten desde Greenpeace. Los incendios no cesan en el&nbsp;Parque Nacional Nahuel Huapi. Desde diciembre, cientos de brigadistas intentan apagar las llamas, aunque ya hay&nbsp;m\u00e1s de 5000 hect\u00e1reas de bosque nativo que fueron [&hellip;]\" \/>\n<meta property=\"og:url\" content=\"https:\/\/diariodelsurdigital.com.ar\/?p=683\" \/>\n<meta property=\"og:site_name\" content=\"Diario del Sur\" \/>\n<meta property=\"article:published_time\" content=\"2025-01-21T19:12:00+00:00\" \/>\n<meta property=\"article:modified_time\" content=\"2025-01-21T19:12:01+00:00\" \/>\n<meta property=\"og:image\" content=\"https:\/\/diariodelsurdigital.com.ar\/wp-content\/uploads\/2025\/01\/web-foto-incendio-Nahuel-Huapi.jpg\" \/>\n\t<meta property=\"og:image:width\" content=\"1200\" \/>\n\t<meta property=\"og:image:height\" content=\"800\" \/>\n\t<meta property=\"og:image:type\" content=\"image\/jpeg\" \/>\n<meta name=\"author\" content=\"Diario del Sur Digital\" \/>\n<meta name=\"twitter:card\" content=\"summary_large_image\" \/>\n<meta name=\"twitter:label1\" content=\"Escrito por\" \/>\n\t<meta name=\"twitter:data1\" content=\"Diario del Sur Digital\" \/>\n\t<meta name=\"twitter:label2\" content=\"Tiempo de lectura\" \/>\n\t<meta name=\"twitter:data2\" content=\"2 minutos\" \/>\n<script type=\"application\/ld+json\" class=\"yoast-schema-graph\">{\"@context\":\"https:\\\/\\\/schema.org\",\"@graph\":[{\"@type\":\"Article\",\"@id\":\"https:\\\/\\\/diariodelsurdigital.com.ar\\\/?p=683#article\",\"isPartOf\":{\"@id\":\"https:\\\/\\\/diariodelsurdigital.com.ar\\\/?p=683\"},\"author\":{\"name\":\"Diario del Sur Digital\",\"@id\":\"https:\\\/\\\/diariodelsurdigital.com.ar\\\/#\\\/schema\\\/person\\\/1a4992532ed62965c968031b49195c81\"},\"headline\":\"El fuego no da tregua en el Parque Nacional Nahuel Huapi: \u201cEl incendio podr\u00eda extenderse hasta abril\u201d\",\"datePublished\":\"2025-01-21T19:12:00+00:00\",\"dateModified\":\"2025-01-21T19:12:01+00:00\",\"mainEntityOfPage\":{\"@id\":\"https:\\\/\\\/diariodelsurdigital.com.ar\\\/?p=683\"},\"wordCount\":266,\"commentCount\":0,\"image\":{\"@id\":\"https:\\\/\\\/diariodelsurdigital.com.ar\\\/?p=683#primaryimage\"},\"thumbnailUrl\":\"https:\\\/\\\/diariodelsurdigital.com.ar\\\/wp-content\\\/uploads\\\/2025\\\/01\\\/web-foto-incendio-Nahuel-Huapi.jpg\",\"articleSection\":[\"Inter\u00e9s General\",\"Nacionales\"],\"inLanguage\":\"es\",\"potentialAction\":[{\"@type\":\"CommentAction\",\"name\":\"Comment\",\"target\":[\"https:\\\/\\\/diariodelsurdigital.com.ar\\\/?p=683#respond\"]}]},{\"@type\":\"WebPage\",\"@id\":\"https:\\\/\\\/diariodelsurdigital.com.ar\\\/?p=683\",\"url\":\"https:\\\/\\\/diariodelsurdigital.com.ar\\\/?p=683\",\"name\":\"El fuego no da tregua en el Parque Nacional Nahuel Huapi: \u201cEl incendio podr\u00eda extenderse hasta abril\u201d - Diario del Sur\",\"isPartOf\":{\"@id\":\"https:\\\/\\\/diariodelsurdigital.com.ar\\\/#website\"},\"primaryImageOfPage\":{\"@id\":\"https:\\\/\\\/diariodelsurdigital.com.ar\\\/?p=683#primaryimage\"},\"image\":{\"@id\":\"https:\\\/\\\/diariodelsurdigital.com.ar\\\/?p=683#primaryimage\"},\"thumbnailUrl\":\"https:\\\/\\\/diariodelsurdigital.com.ar\\\/wp-content\\\/uploads\\\/2025\\\/01\\\/web-foto-incendio-Nahuel-Huapi.jpg\",\"datePublished\":\"2025-01-21T19:12:00+00:00\",\"dateModified\":\"2025-01-21T19:12:01+00:00\",\"author\":{\"@id\":\"https:\\\/\\\/diariodelsurdigital.com.ar\\\/#\\\/schema\\\/person\\\/1a4992532ed62965c968031b49195c81\"},\"breadcrumb\":{\"@id\":\"https:\\\/\\\/diariodelsurdigital.com.ar\\\/?p=683#breadcrumb\"},\"inLanguage\":\"es\",\"potentialAction\":[{\"@type\":\"ReadAction\",\"target\":[\"https:\\\/\\\/diariodelsurdigital.com.ar\\\/?p=683\"]}]},{\"@type\":\"ImageObject\",\"inLanguage\":\"es\",\"@id\":\"https:\\\/\\\/diariodelsurdigital.com.ar\\\/?p=683#primaryimage\",\"url\":\"https:\\\/\\\/diariodelsurdigital.com.ar\\\/wp-content\\\/uploads\\\/2025\\\/01\\\/web-foto-incendio-Nahuel-Huapi.jpg\",\"contentUrl\":\"https:\\\/\\\/diariodelsurdigital.com.ar\\\/wp-content\\\/uploads\\\/2025\\\/01\\\/web-foto-incendio-Nahuel-Huapi.jpg\",\"width\":1200,\"height\":800},{\"@type\":\"BreadcrumbList\",\"@id\":\"https:\\\/\\\/diariodelsurdigital.com.ar\\\/?p=683#breadcrumb\",\"itemListElement\":[{\"@type\":\"ListItem\",\"position\":1,\"name\":\"Portada\",\"item\":\"https:\\\/\\\/diariodelsurdigital.com.ar\\\/\"},{\"@type\":\"ListItem\",\"position\":2,\"name\":\"El fuego no da tregua en el Parque Nacional Nahuel Huapi: \u201cEl incendio podr\u00eda extenderse hasta abril\u201d\"}]},{\"@type\":\"WebSite\",\"@id\":\"https:\\\/\\\/diariodelsurdigital.com.ar\\\/#website\",\"url\":\"https:\\\/\\\/diariodelsurdigital.com.ar\\\/\",\"name\":\"Diario del Sur\",\"description\":\"Digital\",\"potentialAction\":[{\"@type\":\"SearchAction\",\"target\":{\"@type\":\"EntryPoint\",\"urlTemplate\":\"https:\\\/\\\/diariodelsurdigital.com.ar\\\/?s={search_term_string}\"},\"query-input\":{\"@type\":\"PropertyValueSpecification\",\"valueRequired\":true,\"valueName\":\"search_term_string\"}}],\"inLanguage\":\"es\"},{\"@type\":\"Person\",\"@id\":\"https:\\\/\\\/diariodelsurdigital.com.ar\\\/#\\\/schema\\\/person\\\/1a4992532ed62965c968031b49195c81\",\"name\":\"Diario del Sur Digital\",\"image\":{\"@type\":\"ImageObject\",\"inLanguage\":\"es\",\"@id\":\"https:\\\/\\\/secure.gravatar.com\\\/avatar\\\/f0c7c47fc7146d19828273b9b8eda651c9c7ab583767e6338d3d3bee825adf76?s=96&d=mm&r=g\",\"url\":\"https:\\\/\\\/secure.gravatar.com\\\/avatar\\\/f0c7c47fc7146d19828273b9b8eda651c9c7ab583767e6338d3d3bee825adf76?s=96&d=mm&r=g\",\"contentUrl\":\"https:\\\/\\\/secure.gravatar.com\\\/avatar\\\/f0c7c47fc7146d19828273b9b8eda651c9c7ab583767e6338d3d3bee825adf76?s=96&d=mm&r=g\",\"caption\":\"Diario del Sur Digital\"},\"url\":\"https:\\\/\\\/diariodelsurdigital.com.ar\\\/?author=4\"}]}<\/script>\n<!-- \/ Yoast SEO plugin. -->","yoast_head_json":{"title":"El fuego no da tregua en el Parque Nacional Nahuel Huapi: \u201cEl incendio podr\u00eda extenderse hasta abril\u201d - Diario del Sur","robots":{"index":"index","follow":"follow","max-snippet":"max-snippet:-1","max-image-preview":"max-image-preview:large","max-video-preview":"max-video-preview:-1"},"canonical":"https:\/\/diariodelsurdigital.com.ar\/?p=683","og_locale":"es_ES","og_type":"article","og_title":"El fuego no da tregua en el Parque Nacional Nahuel Huapi: \u201cEl incendio podr\u00eda extenderse hasta abril\u201d - Diario del Sur","og_description":"Desde diciembre ya se perdieron m\u00e1s de cinco mil hect\u00e1reas de bosque nativo. \u201cEl sistema actual no est\u00e1 adaptado a la crisis clim\u00e1tica\u201d, advierten desde Greenpeace. Los incendios no cesan en el&nbsp;Parque Nacional Nahuel Huapi. Desde diciembre, cientos de brigadistas intentan apagar las llamas, aunque ya hay&nbsp;m\u00e1s de 5000 hect\u00e1reas de bosque nativo que fueron [&hellip;]","og_url":"https:\/\/diariodelsurdigital.com.ar\/?p=683","og_site_name":"Diario del Sur","article_published_time":"2025-01-21T19:12:00+00:00","article_modified_time":"2025-01-21T19:12:01+00:00","og_image":[{"width":1200,"height":800,"url":"https:\/\/diariodelsurdigital.com.ar\/wp-content\/uploads\/2025\/01\/web-foto-incendio-Nahuel-Huapi.jpg","type":"image\/jpeg"}],"author":"Diario del Sur Digital","twitter_card":"summary_large_image","twitter_misc":{"Escrito por":"Diario del Sur Digital","Tiempo de lectura":"2 minutos"},"schema":{"@context":"https:\/\/schema.org","@graph":[{"@type":"Article","@id":"https:\/\/diariodelsurdigital.com.ar\/?p=683#article","isPartOf":{"@id":"https:\/\/diariodelsurdigital.com.ar\/?p=683"},"author":{"name":"Diario del Sur Digital","@id":"https:\/\/diariodelsurdigital.com.ar\/#\/schema\/person\/1a4992532ed62965c968031b49195c81"},"headline":"El fuego no da tregua en el Parque Nacional Nahuel Huapi: \u201cEl incendio podr\u00eda extenderse hasta abril\u201d","datePublished":"2025-01-21T19:12:00+00:00","dateModified":"2025-01-21T19:12:01+00:00","mainEntityOfPage":{"@id":"https:\/\/diariodelsurdigital.com.ar\/?p=683"},"wordCount":266,"commentCount":0,"image":{"@id":"https:\/\/diariodelsurdigital.com.ar\/?p=683#primaryimage"},"thumbnailUrl":"https:\/\/diariodelsurdigital.com.ar\/wp-content\/uploads\/2025\/01\/web-foto-incendio-Nahuel-Huapi.jpg","articleSection":["Inter\u00e9s General","Nacionales"],"inLanguage":"es","potentialAction":[{"@type":"CommentAction","name":"Comment","target":["https:\/\/diariodelsurdigital.com.ar\/?p=683#respond"]}]},{"@type":"WebPage","@id":"https:\/\/diariodelsurdigital.com.ar\/?p=683","url":"https:\/\/diariodelsurdigital.com.ar\/?p=683","name":"El fuego no da tregua en el Parque Nacional Nahuel Huapi: \u201cEl incendio podr\u00eda extenderse hasta abril\u201d - Diario del Sur","isPartOf":{"@id":"https:\/\/diariodelsurdigital.com.ar\/#website"},"primaryImageOfPage":{"@id":"https:\/\/diariodelsurdigital.com.ar\/?p=683#primaryimage"},"image":{"@id":"https:\/\/diariodelsurdigital.com.ar\/?p=683#primaryimage"},"thumbnailUrl":"https:\/\/diariodelsurdigital.com.ar\/wp-content\/uploads\/2025\/01\/web-foto-incendio-Nahuel-Huapi.jpg","datePublished":"2025-01-21T19:12:00+00:00","dateModified":"2025-01-21T19:12:01+00:00","author":{"@id":"https:\/\/diariodelsurdigital.com.ar\/#\/schema\/person\/1a4992532ed62965c968031b49195c81"},"breadcrumb":{"@id":"https:\/\/diariodelsurdigital.com.ar\/?p=683#breadcrumb"},"inLanguage":"es","potentialAction":[{"@type":"ReadAction","target":["https:\/\/diariodelsurdigital.com.ar\/?p=683"]}]},{"@type":"ImageObject","inLanguage":"es","@id":"https:\/\/diariodelsurdigital.com.ar\/?p=683#primaryimage","url":"https:\/\/diariodelsurdigital.com.ar\/wp-content\/uploads\/2025\/01\/web-foto-incendio-Nahuel-Huapi.jpg","contentUrl":"https:\/\/diariodelsurdigital.com.ar\/wp-content\/uploads\/2025\/01\/web-foto-incendio-Nahuel-Huapi.jpg","width":1200,"height":800},{"@type":"BreadcrumbList","@id":"https:\/\/diariodelsurdigital.com.ar\/?p=683#breadcrumb","itemListElement":[{"@type":"ListItem","position":1,"name":"Portada","item":"https:\/\/diariodelsurdigital.com.ar\/"},{"@type":"ListItem","position":2,"name":"El fuego no da tregua en el Parque Nacional Nahuel Huapi: \u201cEl incendio podr\u00eda extenderse hasta abril\u201d"}]},{"@type":"WebSite","@id":"https:\/\/diariodelsurdigital.com.ar\/#website","url":"https:\/\/diariodelsurdigital.com.ar\/","name":"Diario del Sur","description":"Digital","potentialAction":[{"@type":"SearchAction","target":{"@type":"EntryPoint","urlTemplate":"https:\/\/diariodelsurdigital.com.ar\/?s={search_term_string}"},"query-input":{"@type":"PropertyValueSpecification","valueRequired":true,"valueName":"search_term_string"}}],"inLanguage":"es"},{"@type":"Person","@id":"https:\/\/diariodelsurdigital.com.ar\/#\/schema\/person\/1a4992532ed62965c968031b49195c81","name":"Diario del Sur Digital","image":{"@type":"ImageObject","inLanguage":"es","@id":"https:\/\/secure.gravatar.com\/avatar\/f0c7c47fc7146d19828273b9b8eda651c9c7ab583767e6338d3d3bee825adf76?s=96&d=mm&r=g","url":"https:\/\/secure.gravatar.com\/avatar\/f0c7c47fc7146d19828273b9b8eda651c9c7ab583767e6338d3d3bee825adf76?s=96&d=mm&r=g","contentUrl":"https:\/\/secure.gravatar.com\/avatar\/f0c7c47fc7146d19828273b9b8eda651c9c7ab583767e6338d3d3bee825adf76?s=96&d=mm&r=g","caption":"Diario del Sur Digital"},"url":"https:\/\/diariodelsurdigital.com.ar\/?author=4"}]}},"_links":{"self":[{"href":"https:\/\/diariodelsurdigital.com.ar\/index.php?rest_route=\/wp\/v2\/posts\/683","targetHints":{"allow":["GET"]}}],"collection":[{"href":"https:\/\/diariodelsurdigital.com.ar\/index.php?rest_route=\/wp\/v2\/posts"}],"about":[{"href":"https:\/\/diariodelsurdigital.com.ar\/index.php?rest_route=\/wp\/v2\/types\/post"}],"author":[{"embeddable":true,"href":"https:\/\/diariodelsurdigital.com.ar\/index.php?rest_route=\/wp\/v2\/users\/4"}],"replies":[{"embeddable":true,"href":"https:\/\/diariodelsurdigital.com.ar\/index.php?rest_route=%2Fwp%2Fv2%2Fcomments&post=683"}],"version-history":[{"count":1,"href":"https:\/\/diariodelsurdigital.com.ar\/index.php?rest_route=\/wp\/v2\/posts\/683\/revisions"}],"predecessor-version":[{"id":685,"href":"https:\/\/diariodelsurdigital.com.ar\/index.php?rest_route=\/wp\/v2\/posts\/683\/revisions\/685"}],"wp:featuredmedia":[{"embeddable":true,"href":"https:\/\/diariodelsurdigital.com.ar\/index.php?rest_route=\/wp\/v2\/media\/684"}],"wp:attachment":[{"href":"https:\/\/diariodelsurdigital.com.ar\/index.php?rest_route=%2Fwp%2Fv2%2Fmedia&parent=683"}],"wp:term":[{"taxonomy":"category","embeddable":true,"href":"https:\/\/diariodelsurdigital.com.ar\/index.php?rest_route=%2Fwp%2Fv2%2Fcategories&post=683"},{"taxonomy":"post_tag","embeddable":true,"href":"https:\/\/diariodelsurdigital.com.ar\/index.php?rest_route=%2Fwp%2Fv2%2Ftags&post=683"}],"curies":[{"name":"wp","href":"https:\/\/api.w.org\/{rel}","templated":true}]}}