{"id":6830,"date":"2026-02-06T18:07:58","date_gmt":"2026-02-06T21:07:58","guid":{"rendered":"https:\/\/diariodelsurdigital.com.ar\/?p=6830"},"modified":"2026-02-06T18:07:59","modified_gmt":"2026-02-06T21:07:59","slug":"ingreso-el-acuerdo-mercosur-ue-a-la-camara-de-diputados","status":"publish","type":"post","link":"https:\/\/diariodelsurdigital.com.ar\/?p=6830","title":{"rendered":"Ingres\u00f3 el Acuerdo Mercosur &#8211; UE a la C\u00e1mara de Diputados"},"content":{"rendered":"\n<p>Por la extensi\u00f3n en m\u00e1s de 5.000 p\u00e1ginas, el documento se encuentra en proceso de carga. Diputados comenzar\u00e1 su tratamiento el martes cuando conforme las comisiones de Relaciones Exteriores y la de Mercosur.<\/p>\n\n\n\n<p>Despu\u00e9s de haber sido incorporado al temario de sesiones extraordinarias, ingres\u00f3 formalmente por Mesa de Entradas de la C\u00e1mara de Diputados el Acuerdo de Libre Comercio entre el Mercosur y la Uni\u00f3n Europea, suscripto por el presidente Javier Milei en la ciudad de Asunci\u00f3n el pasado 17 de enero. El documento se encuentra en proceso de carga en el sistema legislativo ya que tiene una extensi\u00f3n mayor a 5.000 p\u00e1ginas.<\/p>\n\n\n\n<p>Entre varios puntos comerciales, el Acuerdo est\u00e1 compuesto por un espacio econ\u00f3mico integrado de m\u00e1s de 700 millones de personas, que en conjunto representan alrededor del 30% del Producto Bruto Interno (PBI) mundial y cerca del 35% del comercio global. Desde el Poder Ejecutivo Nacional creen que va a \u201cgenerar oportunidades de crecimiento, empleo y desarrollo sostenible\u201d.<\/p>\n\n\n\n<p>Con relaci\u00f3n a su tratamiento, la C\u00e1mara de Diputados, en consenso con los bloques de la oposici\u00f3n dialoguista y los aliados, receptar\u00e1 hasta este viernes los nombres de los vocales que van a integrar las comisiones de Relaciones Exteriores y la de Mercosur. Las mismas quedar\u00e1n constituidas el pr\u00f3ximo martes.<\/p>\n\n\n\n<p>A pesar de tener acuerdos con diferentes bloques dialoguistas, en Uni\u00f3n por la Patria mostraron reparos y presentaron un proyecto de ley para crear una comisi\u00f3n bicameral que eval\u00fae los impactos de este Acuerdo.<\/p>\n\n\n\n<p>En l\u00ednea con el tratamiento de la Ley Penal Juvenil, el oficialismo conf\u00eda en tener el n\u00famero para avanzar en el recinto de la C\u00e1mara baja. De todos modos, seg\u00fan constat\u00f3 Parlamentario, la idea de ir con un solo tema al hemiciclo la pr\u00f3xima semana, por ahora, se mantiene vigente.<\/p>\n\n\n\n<p>El Acuerdo de Libre Comercio<br>Seg\u00fan inform\u00f3 la presidenta de la Comisi\u00f3n Europea, Ursula Von der Leyen, cuando se llev\u00f3 a cabo la ceremonia de firma del Acuerdo que presenci\u00f3 Milei junto a los l\u00edderes de los pa\u00edses del Mercosur, se va a estructurar en \u201clos pilares comercial, de cooperaci\u00f3n y pol\u00edtico\u201d. Para los pa\u00edses del Mercosur, se espera un incremento de las exportaciones a la UE y un impulso a la actividad econ\u00f3mica mediante acceso preferencial al mercado europeo, con \u201cla liberalizaci\u00f3n del 92% de los aranceles y mejoras sustanciales para productos agroindustriales\u201d.<\/p>\n\n\n\n<p>Adem\u00e1s, la UE se compromete a reconocer 220 Indicaciones Geogr\u00e1ficas (IG) del Mercosur, de las cuales 104 son argentinas; un Fondo de Cooperaci\u00f3n Reforzada de hasta 1.800 millones de euros para Mercosur (subvenciones y garant\u00edas); la recuperaci\u00f3n de preferencias comerciales para exportaciones clave como el biodi\u00e9sel, aceites, langostinos y c\u00edtricos; y ventajas inmediatas para productos competitivos como la carne, soja, frutas, legumbres, mate, t\u00e9, bebidas y productos pesqueros.<\/p>\n\n\n\n<p>De todas maneras, la Uni\u00f3n Europea organizar\u00e1 el Foro UE\u2013Argentina de Inversi\u00f3n y Comercio el pr\u00f3ximo 1 y 2 de junio en la Ciudad de Buenos Aires en virtud de \u201cconsolidar el di\u00e1logo entre actores p\u00fablicos y privados, identificar oportunidades concretas de inversi\u00f3n y fortalecer las cadenas de valor birregionales\u201d.<\/p>\n","protected":false},"excerpt":{"rendered":"<p>Por la extensi\u00f3n en m\u00e1s de 5.000 p\u00e1ginas, el documento se encuentra en proceso de carga. Diputados comenzar\u00e1 su tratamiento el martes cuando conforme las comisiones de Relaciones Exteriores y la de Mercosur. Despu\u00e9s de haber sido incorporado al temario de sesiones extraordinarias, ingres\u00f3 formalmente por Mesa de Entradas de la C\u00e1mara de Diputados el [&hellip;]<\/p>\n","protected":false},"author":4,"featured_media":6831,"comment_status":"open","ping_status":"open","sticky":false,"template":"","format":"standard","meta":{"footnotes":""},"categories":[18],"tags":[],"class_list":{"0":"post-6830","1":"post","2":"type-post","3":"status-publish","4":"format-standard","5":"has-post-thumbnail","7":"category-nacionales"},"yoast_head":"<!-- This site is optimized with the Yoast SEO plugin v27.4 - https:\/\/yoast.com\/product\/yoast-seo-wordpress\/ -->\n<title>Ingres\u00f3 el Acuerdo Mercosur - UE a la C\u00e1mara de Diputados - Diario del Sur<\/title>\n<meta name=\"robots\" content=\"index, follow, max-snippet:-1, max-image-preview:large, max-video-preview:-1\" \/>\n<link rel=\"canonical\" href=\"https:\/\/diariodelsurdigital.com.ar\/?p=6830\" \/>\n<meta property=\"og:locale\" content=\"es_ES\" \/>\n<meta property=\"og:type\" content=\"article\" \/>\n<meta property=\"og:title\" content=\"Ingres\u00f3 el Acuerdo Mercosur - UE a la C\u00e1mara de Diputados - Diario del Sur\" \/>\n<meta property=\"og:description\" content=\"Por la extensi\u00f3n en m\u00e1s de 5.000 p\u00e1ginas, el documento se encuentra en proceso de carga. Diputados comenzar\u00e1 su tratamiento el martes cuando conforme las comisiones de Relaciones Exteriores y la de Mercosur. Despu\u00e9s de haber sido incorporado al temario de sesiones extraordinarias, ingres\u00f3 formalmente por Mesa de Entradas de la C\u00e1mara de Diputados el [&hellip;]\" \/>\n<meta property=\"og:url\" content=\"https:\/\/diariodelsurdigital.com.ar\/?p=6830\" \/>\n<meta property=\"og:site_name\" content=\"Diario del Sur\" \/>\n<meta property=\"article:published_time\" content=\"2026-02-06T21:07:58+00:00\" \/>\n<meta property=\"article:modified_time\" content=\"2026-02-06T21:07:59+00:00\" \/>\n<meta property=\"og:image\" content=\"https:\/\/diariodelsurdigital.com.ar\/wp-content\/uploads\/2026\/02\/md-15.webp\" \/>\n\t<meta property=\"og:image:width\" content=\"992\" \/>\n\t<meta property=\"og:image:height\" content=\"602\" \/>\n\t<meta property=\"og:image:type\" content=\"image\/webp\" \/>\n<meta name=\"author\" content=\"Diario del Sur Digital\" \/>\n<meta name=\"twitter:card\" content=\"summary_large_image\" \/>\n<meta name=\"twitter:label1\" content=\"Escrito por\" \/>\n\t<meta name=\"twitter:data1\" content=\"Diario del Sur Digital\" \/>\n\t<meta name=\"twitter:label2\" content=\"Tiempo de lectura\" \/>\n\t<meta name=\"twitter:data2\" content=\"3 minutos\" \/>\n<script type=\"application\/ld+json\" class=\"yoast-schema-graph\">{\"@context\":\"https:\\\/\\\/schema.org\",\"@graph\":[{\"@type\":\"Article\",\"@id\":\"https:\\\/\\\/diariodelsurdigital.com.ar\\\/?p=6830#article\",\"isPartOf\":{\"@id\":\"https:\\\/\\\/diariodelsurdigital.com.ar\\\/?p=6830\"},\"author\":{\"name\":\"Diario del Sur Digital\",\"@id\":\"https:\\\/\\\/diariodelsurdigital.com.ar\\\/#\\\/schema\\\/person\\\/1a4992532ed62965c968031b49195c81\"},\"headline\":\"Ingres\u00f3 el Acuerdo Mercosur &#8211; UE a la C\u00e1mara de Diputados\",\"datePublished\":\"2026-02-06T21:07:58+00:00\",\"dateModified\":\"2026-02-06T21:07:59+00:00\",\"mainEntityOfPage\":{\"@id\":\"https:\\\/\\\/diariodelsurdigital.com.ar\\\/?p=6830\"},\"wordCount\":553,\"commentCount\":0,\"image\":{\"@id\":\"https:\\\/\\\/diariodelsurdigital.com.ar\\\/?p=6830#primaryimage\"},\"thumbnailUrl\":\"https:\\\/\\\/diariodelsurdigital.com.ar\\\/wp-content\\\/uploads\\\/2026\\\/02\\\/md-15.webp\",\"articleSection\":[\"Nacionales\"],\"inLanguage\":\"es\",\"potentialAction\":[{\"@type\":\"CommentAction\",\"name\":\"Comment\",\"target\":[\"https:\\\/\\\/diariodelsurdigital.com.ar\\\/?p=6830#respond\"]}]},{\"@type\":\"WebPage\",\"@id\":\"https:\\\/\\\/diariodelsurdigital.com.ar\\\/?p=6830\",\"url\":\"https:\\\/\\\/diariodelsurdigital.com.ar\\\/?p=6830\",\"name\":\"Ingres\u00f3 el Acuerdo Mercosur - UE a la C\u00e1mara de Diputados - Diario del Sur\",\"isPartOf\":{\"@id\":\"https:\\\/\\\/diariodelsurdigital.com.ar\\\/#website\"},\"primaryImageOfPage\":{\"@id\":\"https:\\\/\\\/diariodelsurdigital.com.ar\\\/?p=6830#primaryimage\"},\"image\":{\"@id\":\"https:\\\/\\\/diariodelsurdigital.com.ar\\\/?p=6830#primaryimage\"},\"thumbnailUrl\":\"https:\\\/\\\/diariodelsurdigital.com.ar\\\/wp-content\\\/uploads\\\/2026\\\/02\\\/md-15.webp\",\"datePublished\":\"2026-02-06T21:07:58+00:00\",\"dateModified\":\"2026-02-06T21:07:59+00:00\",\"author\":{\"@id\":\"https:\\\/\\\/diariodelsurdigital.com.ar\\\/#\\\/schema\\\/person\\\/1a4992532ed62965c968031b49195c81\"},\"breadcrumb\":{\"@id\":\"https:\\\/\\\/diariodelsurdigital.com.ar\\\/?p=6830#breadcrumb\"},\"inLanguage\":\"es\",\"potentialAction\":[{\"@type\":\"ReadAction\",\"target\":[\"https:\\\/\\\/diariodelsurdigital.com.ar\\\/?p=6830\"]}]},{\"@type\":\"ImageObject\",\"inLanguage\":\"es\",\"@id\":\"https:\\\/\\\/diariodelsurdigital.com.ar\\\/?p=6830#primaryimage\",\"url\":\"https:\\\/\\\/diariodelsurdigital.com.ar\\\/wp-content\\\/uploads\\\/2026\\\/02\\\/md-15.webp\",\"contentUrl\":\"https:\\\/\\\/diariodelsurdigital.com.ar\\\/wp-content\\\/uploads\\\/2026\\\/02\\\/md-15.webp\",\"width\":992,\"height\":602},{\"@type\":\"BreadcrumbList\",\"@id\":\"https:\\\/\\\/diariodelsurdigital.com.ar\\\/?p=6830#breadcrumb\",\"itemListElement\":[{\"@type\":\"ListItem\",\"position\":1,\"name\":\"Portada\",\"item\":\"https:\\\/\\\/diariodelsurdigital.com.ar\\\/\"},{\"@type\":\"ListItem\",\"position\":2,\"name\":\"Ingres\u00f3 el Acuerdo Mercosur &#8211; UE a la C\u00e1mara de Diputados\"}]},{\"@type\":\"WebSite\",\"@id\":\"https:\\\/\\\/diariodelsurdigital.com.ar\\\/#website\",\"url\":\"https:\\\/\\\/diariodelsurdigital.com.ar\\\/\",\"name\":\"Diario del Sur\",\"description\":\"Digital\",\"potentialAction\":[{\"@type\":\"SearchAction\",\"target\":{\"@type\":\"EntryPoint\",\"urlTemplate\":\"https:\\\/\\\/diariodelsurdigital.com.ar\\\/?s={search_term_string}\"},\"query-input\":{\"@type\":\"PropertyValueSpecification\",\"valueRequired\":true,\"valueName\":\"search_term_string\"}}],\"inLanguage\":\"es\"},{\"@type\":\"Person\",\"@id\":\"https:\\\/\\\/diariodelsurdigital.com.ar\\\/#\\\/schema\\\/person\\\/1a4992532ed62965c968031b49195c81\",\"name\":\"Diario del Sur Digital\",\"image\":{\"@type\":\"ImageObject\",\"inLanguage\":\"es\",\"@id\":\"https:\\\/\\\/secure.gravatar.com\\\/avatar\\\/f0c7c47fc7146d19828273b9b8eda651c9c7ab583767e6338d3d3bee825adf76?s=96&d=mm&r=g\",\"url\":\"https:\\\/\\\/secure.gravatar.com\\\/avatar\\\/f0c7c47fc7146d19828273b9b8eda651c9c7ab583767e6338d3d3bee825adf76?s=96&d=mm&r=g\",\"contentUrl\":\"https:\\\/\\\/secure.gravatar.com\\\/avatar\\\/f0c7c47fc7146d19828273b9b8eda651c9c7ab583767e6338d3d3bee825adf76?s=96&d=mm&r=g\",\"caption\":\"Diario del Sur Digital\"},\"url\":\"https:\\\/\\\/diariodelsurdigital.com.ar\\\/?author=4\"}]}<\/script>\n<!-- \/ Yoast SEO plugin. -->","yoast_head_json":{"title":"Ingres\u00f3 el Acuerdo Mercosur - UE a la C\u00e1mara de Diputados - Diario del Sur","robots":{"index":"index","follow":"follow","max-snippet":"max-snippet:-1","max-image-preview":"max-image-preview:large","max-video-preview":"max-video-preview:-1"},"canonical":"https:\/\/diariodelsurdigital.com.ar\/?p=6830","og_locale":"es_ES","og_type":"article","og_title":"Ingres\u00f3 el Acuerdo Mercosur - UE a la C\u00e1mara de Diputados - Diario del Sur","og_description":"Por la extensi\u00f3n en m\u00e1s de 5.000 p\u00e1ginas, el documento se encuentra en proceso de carga. Diputados comenzar\u00e1 su tratamiento el martes cuando conforme las comisiones de Relaciones Exteriores y la de Mercosur. Despu\u00e9s de haber sido incorporado al temario de sesiones extraordinarias, ingres\u00f3 formalmente por Mesa de Entradas de la C\u00e1mara de Diputados el [&hellip;]","og_url":"https:\/\/diariodelsurdigital.com.ar\/?p=6830","og_site_name":"Diario del Sur","article_published_time":"2026-02-06T21:07:58+00:00","article_modified_time":"2026-02-06T21:07:59+00:00","og_image":[{"width":992,"height":602,"url":"https:\/\/diariodelsurdigital.com.ar\/wp-content\/uploads\/2026\/02\/md-15.webp","type":"image\/webp"}],"author":"Diario del Sur Digital","twitter_card":"summary_large_image","twitter_misc":{"Escrito por":"Diario del Sur Digital","Tiempo de lectura":"3 minutos"},"schema":{"@context":"https:\/\/schema.org","@graph":[{"@type":"Article","@id":"https:\/\/diariodelsurdigital.com.ar\/?p=6830#article","isPartOf":{"@id":"https:\/\/diariodelsurdigital.com.ar\/?p=6830"},"author":{"name":"Diario del Sur Digital","@id":"https:\/\/diariodelsurdigital.com.ar\/#\/schema\/person\/1a4992532ed62965c968031b49195c81"},"headline":"Ingres\u00f3 el Acuerdo Mercosur &#8211; UE a la C\u00e1mara de Diputados","datePublished":"2026-02-06T21:07:58+00:00","dateModified":"2026-02-06T21:07:59+00:00","mainEntityOfPage":{"@id":"https:\/\/diariodelsurdigital.com.ar\/?p=6830"},"wordCount":553,"commentCount":0,"image":{"@id":"https:\/\/diariodelsurdigital.com.ar\/?p=6830#primaryimage"},"thumbnailUrl":"https:\/\/diariodelsurdigital.com.ar\/wp-content\/uploads\/2026\/02\/md-15.webp","articleSection":["Nacionales"],"inLanguage":"es","potentialAction":[{"@type":"CommentAction","name":"Comment","target":["https:\/\/diariodelsurdigital.com.ar\/?p=6830#respond"]}]},{"@type":"WebPage","@id":"https:\/\/diariodelsurdigital.com.ar\/?p=6830","url":"https:\/\/diariodelsurdigital.com.ar\/?p=6830","name":"Ingres\u00f3 el Acuerdo Mercosur - UE a la C\u00e1mara de Diputados - Diario del Sur","isPartOf":{"@id":"https:\/\/diariodelsurdigital.com.ar\/#website"},"primaryImageOfPage":{"@id":"https:\/\/diariodelsurdigital.com.ar\/?p=6830#primaryimage"},"image":{"@id":"https:\/\/diariodelsurdigital.com.ar\/?p=6830#primaryimage"},"thumbnailUrl":"https:\/\/diariodelsurdigital.com.ar\/wp-content\/uploads\/2026\/02\/md-15.webp","datePublished":"2026-02-06T21:07:58+00:00","dateModified":"2026-02-06T21:07:59+00:00","author":{"@id":"https:\/\/diariodelsurdigital.com.ar\/#\/schema\/person\/1a4992532ed62965c968031b49195c81"},"breadcrumb":{"@id":"https:\/\/diariodelsurdigital.com.ar\/?p=6830#breadcrumb"},"inLanguage":"es","potentialAction":[{"@type":"ReadAction","target":["https:\/\/diariodelsurdigital.com.ar\/?p=6830"]}]},{"@type":"ImageObject","inLanguage":"es","@id":"https:\/\/diariodelsurdigital.com.ar\/?p=6830#primaryimage","url":"https:\/\/diariodelsurdigital.com.ar\/wp-content\/uploads\/2026\/02\/md-15.webp","contentUrl":"https:\/\/diariodelsurdigital.com.ar\/wp-content\/uploads\/2026\/02\/md-15.webp","width":992,"height":602},{"@type":"BreadcrumbList","@id":"https:\/\/diariodelsurdigital.com.ar\/?p=6830#breadcrumb","itemListElement":[{"@type":"ListItem","position":1,"name":"Portada","item":"https:\/\/diariodelsurdigital.com.ar\/"},{"@type":"ListItem","position":2,"name":"Ingres\u00f3 el Acuerdo Mercosur &#8211; UE a la C\u00e1mara de Diputados"}]},{"@type":"WebSite","@id":"https:\/\/diariodelsurdigital.com.ar\/#website","url":"https:\/\/diariodelsurdigital.com.ar\/","name":"Diario del Sur","description":"Digital","potentialAction":[{"@type":"SearchAction","target":{"@type":"EntryPoint","urlTemplate":"https:\/\/diariodelsurdigital.com.ar\/?s={search_term_string}"},"query-input":{"@type":"PropertyValueSpecification","valueRequired":true,"valueName":"search_term_string"}}],"inLanguage":"es"},{"@type":"Person","@id":"https:\/\/diariodelsurdigital.com.ar\/#\/schema\/person\/1a4992532ed62965c968031b49195c81","name":"Diario del Sur Digital","image":{"@type":"ImageObject","inLanguage":"es","@id":"https:\/\/secure.gravatar.com\/avatar\/f0c7c47fc7146d19828273b9b8eda651c9c7ab583767e6338d3d3bee825adf76?s=96&d=mm&r=g","url":"https:\/\/secure.gravatar.com\/avatar\/f0c7c47fc7146d19828273b9b8eda651c9c7ab583767e6338d3d3bee825adf76?s=96&d=mm&r=g","contentUrl":"https:\/\/secure.gravatar.com\/avatar\/f0c7c47fc7146d19828273b9b8eda651c9c7ab583767e6338d3d3bee825adf76?s=96&d=mm&r=g","caption":"Diario del Sur Digital"},"url":"https:\/\/diariodelsurdigital.com.ar\/?author=4"}]}},"_links":{"self":[{"href":"https:\/\/diariodelsurdigital.com.ar\/index.php?rest_route=\/wp\/v2\/posts\/6830","targetHints":{"allow":["GET"]}}],"collection":[{"href":"https:\/\/diariodelsurdigital.com.ar\/index.php?rest_route=\/wp\/v2\/posts"}],"about":[{"href":"https:\/\/diariodelsurdigital.com.ar\/index.php?rest_route=\/wp\/v2\/types\/post"}],"author":[{"embeddable":true,"href":"https:\/\/diariodelsurdigital.com.ar\/index.php?rest_route=\/wp\/v2\/users\/4"}],"replies":[{"embeddable":true,"href":"https:\/\/diariodelsurdigital.com.ar\/index.php?rest_route=%2Fwp%2Fv2%2Fcomments&post=6830"}],"version-history":[{"count":1,"href":"https:\/\/diariodelsurdigital.com.ar\/index.php?rest_route=\/wp\/v2\/posts\/6830\/revisions"}],"predecessor-version":[{"id":6832,"href":"https:\/\/diariodelsurdigital.com.ar\/index.php?rest_route=\/wp\/v2\/posts\/6830\/revisions\/6832"}],"wp:featuredmedia":[{"embeddable":true,"href":"https:\/\/diariodelsurdigital.com.ar\/index.php?rest_route=\/wp\/v2\/media\/6831"}],"wp:attachment":[{"href":"https:\/\/diariodelsurdigital.com.ar\/index.php?rest_route=%2Fwp%2Fv2%2Fmedia&parent=6830"}],"wp:term":[{"taxonomy":"category","embeddable":true,"href":"https:\/\/diariodelsurdigital.com.ar\/index.php?rest_route=%2Fwp%2Fv2%2Fcategories&post=6830"},{"taxonomy":"post_tag","embeddable":true,"href":"https:\/\/diariodelsurdigital.com.ar\/index.php?rest_route=%2Fwp%2Fv2%2Ftags&post=6830"}],"curies":[{"name":"wp","href":"https:\/\/api.w.org\/{rel}","templated":true}]}}