{"id":6842,"date":"2026-02-06T18:44:58","date_gmt":"2026-02-06T21:44:58","guid":{"rendered":"https:\/\/diariodelsurdigital.com.ar\/?p=6842"},"modified":"2026-02-06T18:47:24","modified_gmt":"2026-02-06T21:47:24","slug":"carnaval-de-concordia-haceme-la-segunda","status":"publish","type":"post","link":"https:\/\/diariodelsurdigital.com.ar\/?p=6842","title":{"rendered":"CARNAVAL DE CONCORDIA: \u00abHaceme la segunda\u00bb"},"content":{"rendered":"\n<p><\/p>\n\n\n\n<p><strong>Por Tom\u00e1s Ferrer (Especial para Diario del SUR Digital)<\/strong><\/p>\n\n\n\n<p>\u2026\u201cEn Concordia, hay un carnaval que te emociona, que mueve y con-mueve, que genera algo muchas veces inexplicable\u2026\u201d, que te apasiona y apasiona, as\u00ed comenzaba a escribir sobre la primer noche (publicaci\u00f3n anterior), lo que genera ser parte de una comparsa, sobre todo salir la primer noche, y ya se fue la segunda, pero como el carnaval es una celebraci\u00f3n y arte ef\u00edmero, as\u00ed de r\u00e1pido puede llegar la \u00faltima noche, aclaro que no es mi intenci\u00f3n acelerar corazones que ya est\u00e1n acelerados, as\u00ed que voy por la 2da.<\/p>\n\n\n\n<p>En este orden se dio el paso del espect\u00e1culo m\u00e1s convocante de la ciudad de Concordia: Abriendo comparsa Emperatr\u00edz, seguida por Bella Samba<em>,<\/em> luego Imperio<em>,<\/em> y cerr\u00f3 R\u00e1faga.<\/p>\n\n\n\n<figure class=\"wp-block-image size-full\"><img loading=\"lazy\" decoding=\"async\" width=\"561\" height=\"541\" src=\"https:\/\/diariodelsurdigital.com.ar\/wp-content\/uploads\/2026\/02\/image.jpeg\" alt=\"\" class=\"wp-image-6843\" srcset=\"https:\/\/diariodelsurdigital.com.ar\/wp-content\/uploads\/2026\/02\/image.jpeg 561w, https:\/\/diariodelsurdigital.com.ar\/wp-content\/uploads\/2026\/02\/image-300x289.jpeg 300w, https:\/\/diariodelsurdigital.com.ar\/wp-content\/uploads\/2026\/02\/image-436x420.jpeg 436w\" sizes=\"auto, (max-width: 561px) 100vw, 561px\" \/><\/figure>\n\n\n\n<p>Con mi gur\u00ed: Lucca en su 8\u00b0 carnaval, y yo, en mis 30 carnavales<\/p>\n\n\n\n<p><strong><em>\u201cHaceme la segunda\u201d:<\/em><\/strong> frase popular que no tiene una etimolog\u00eda exacta, tiene variadas ra\u00edces, aunque lo m\u00e1s acertado que se conoce sobre su procedencia se relaciona con nuestro folklore nacional, desde las \u201cpayadas\u201d (\u201chaceme la segunda con la guitarra\u201d), las chacareras (\u201cse va la segunda\u201d), pero antes que todas, se la conoce en el norte de nuestro pa\u00eds, casi como una coincidencia viene de festejos populares, de otro carnaval: El carnavalito, que tiene una voz principal y varias otras voces que ser\u00edan <em>las segundas voces<\/em>. Sol\u00edan pedirse \u201clas segundas\u201d, y si bien no tienen \u201ctan buena voz\u201d tampoco \u201cdesentonan\u201d con la primera, y para hacer una analog\u00eda, entonces \u00bfQuienes hacen <em>\u201cla segunda\u201d <\/em>en nuestro carnaval?<\/p>\n\n\n\n<p>Me animo a responder que son los integrantes, ya un poco menos ansiosos que la primer noche, se animan a cantar, e intentar \u201centonar\u201d sus sambas, las canciones de sus propias comparsas, tratando de seguir a la banda-m\u00fasicos, pero cuando hablo de integrantes me refiero a todos: integrantes en competencia (casi int\u00e9rpretes del samba, profundizando sus personajes o lo que representen), integrantes de escuadras que no est\u00e1n en competencia (aunque si lo est\u00e9n pero no \u201cindividualizados\u201d), los ritmistas tambi\u00e9n salen m\u00e1s seguros y ya no solo ejecutan un instrumento (tambi\u00e9n cantan), los que empujan las alegor\u00edas (carros-carrozas), coordinadoras\/es, etc., y es ah\u00ed que <em>\u201cla segunda\u201d<\/em> es m\u00e1s notoria, una noche que se vivi\u00f3 diferente, y las comparsas dieron el 100% del espect\u00e1culo, dando que hablar, en el mejor de los sentidos, en diferentes rubros, diferentes figuras, casi sin detalles, impolutas, mucho m\u00e1s animadas, con una \u201csegunda\u201d alegre, divertida, apasionada, y hasta feliz..<\/p>\n\n\n\n<figure class=\"wp-block-image size-full\"><img loading=\"lazy\" decoding=\"async\" width=\"567\" height=\"352\" src=\"https:\/\/diariodelsurdigital.com.ar\/wp-content\/uploads\/2026\/02\/image-3.jpeg\" alt=\"\" class=\"wp-image-6846\" srcset=\"https:\/\/diariodelsurdigital.com.ar\/wp-content\/uploads\/2026\/02\/image-3.jpeg 567w, https:\/\/diariodelsurdigital.com.ar\/wp-content\/uploads\/2026\/02\/image-3-300x186.jpeg 300w, https:\/\/diariodelsurdigital.com.ar\/wp-content\/uploads\/2026\/02\/image-3-356x220.jpeg 356w\" sizes=\"auto, (max-width: 567px) 100vw, 567px\" \/><\/figure>\n\n\n\n<p>\u201cPuesta\u201d del frente de comparsa Bella Samba, cantan integrantes-espectadores<\/p>\n\n\n\n<p><strong><em>\u00bfHay una tercera?<\/em><\/strong><\/p>\n\n\n\n<p>Si, es m\u00e1s que obvia la respuesta: las Hinchadas, luego que el \u201cefecto cascada\u201d comience a transformarse en el lenguaje carnavalero, si no hay primera, ni segunda, no habr\u00e1 tercera.<\/p>\n\n\n\n<p>Todav\u00eda no se llena el \u201cAtanasio Bonfiglio\u201d, cors\u00f3dromo que cuando est\u00e1 a pleno de capacidad es tan apasionante como estar en escena, pudo ser la fecha del desfile, puede ser lo econ\u00f3mico, o ambas cuestiones al mismo tiempo, pero no se completa, hay muchos espacios vac\u00edos todav\u00eda, la \u201ctercera\u201d es fundamental para el espect\u00e1culo, no solo espectar o consumir, es atestiguar, es complicidad. Esperemos que noche a noche se vayan ti\u00f1endo de colores los espacios vac\u00edos, <em>\u201cVerde y Blanco\u201d \u2013 \u201cTricolor\u201d \u2013 \u201cAzul, Rojo y Amarillo\u201d \u2013 \u201cMulticolor\u201d.<\/em><\/p>\n\n\n\n<figure class=\"wp-block-image size-full\"><img loading=\"lazy\" decoding=\"async\" width=\"537\" height=\"530\" src=\"https:\/\/diariodelsurdigital.com.ar\/wp-content\/uploads\/2026\/02\/image-2.jpeg\" alt=\"\" class=\"wp-image-6845\" srcset=\"https:\/\/diariodelsurdigital.com.ar\/wp-content\/uploads\/2026\/02\/image-2.jpeg 537w, https:\/\/diariodelsurdigital.com.ar\/wp-content\/uploads\/2026\/02\/image-2-300x296.jpeg 300w, https:\/\/diariodelsurdigital.com.ar\/wp-content\/uploads\/2026\/02\/image-2-426x420.jpeg 426w\" sizes=\"auto, (max-width: 537px) 100vw, 537px\" \/><\/figure>\n\n\n\n<p>Aqu\u00ed deber\u00eda ir una foto con el Cors\u00f3dromo lleno\u2026 ser\u00e1 la Tercera?<\/p>\n\n\n\n<p><strong>Algunos costos:<\/strong><\/p>\n\n\n\n<p>Esta vez vi el carnaval desde el \u201cV.I.P.\u201d (<em>Very Improtant Person, o \u201cpersona socialmente relevante que recibe un trato especial en ciertos lugares p\u00fablicos\u201d, <\/em>tema sobre el que ya escrib\u00ed algunas veces<em>)<\/em>. La vista y \u201ccomodidades\u201d no han cambiado mucho, salvando los \u201ccamarotes\u201d, pero la atenci\u00f3n y calidad de sus productos, tiene una notable mejora.<\/p>\n\n\n\n<p>Se de reclamos por algunos productos y\/o servicios (hielo, frape, espera, etc.), no fue mi caso, pero no por eso voy a obviar lo que surge de buena fuente, as\u00ed que a estar atentos, sobre todo por lo que cuesta: Un gasto que pasaron los $200mil entre 6 personas para una sola noche, en el sector \u201cecon\u00f3mico\u201d del V.I.P. (Mesas A 2da. fila), sabiendo que tambi\u00e9n sube el precio en noches venideras, hoy me animo a decir que no es un \u201cpermitido\u201d, ya es un lujo, en tanto salarios muy atrasados y costos que se han elevado muy por encima de la inflaci\u00f3n (las mesas m\u00e1s del 50%). Quedan 4 noches, cada vez m\u00e1s concurridas, esperemos que as\u00ed como mejoraron con respecto a los a\u00f1os anteriores tambi\u00e9n corrija lo que falta la actual concesionaria.<\/p>\n\n\n\n<p><strong><em>Para cerrar\u2026 <\/em><\/strong>Aunque \u201chaceme la segunda\u201d es una frase &#8211; met\u00e1fora que se utiliza m\u00e1s como: \u201chaceme el aguante\u201d, <strong>\u201cla tercera\u201d,<\/strong> o sea las hinchadas, nuestro m\u00e1s en\u00e9rgico p\u00fablico, tambi\u00e9n son parte del aguante, y mucho m\u00e1s, son parte de nuestra identidad, las que ostentan los \u201ctrapos\u201d, las que hacen flamear las banderas, las que nos motivan a salir cada a\u00f1o, las que llenan el cors\u00f3dromo en los ensayos t\u00e9cnicos, son esos familiares, amigos, vecinos, simpatizantes&nbsp; que se envuelven esos mantos casi sagrados, personas que tambi\u00e9n cantan, que bailan, saltan, aplauden, a veces fuera tiempo, y no, no importa, a nadie le importa desentonar, no saber sambar, ni nada por el estilo, solo importa estar ah\u00ed, en ese momento, en ese lugar.<\/p>\n\n\n\n<p>Ya est\u00e1 la primera, ya est\u00e1 la segunda, y con el deseo que est\u00e9 repleto el cors\u00f3dromo\u2026 Que se venga la tercera!!!<\/p>\n\n\n\n<p><strong><em>Algo de NUESTRA HISTORIA: <\/em><\/strong>\u00bfNo alcanzaban los instrumentos para la Batucada? Los fabric\u00e1bamos: \u201cZurdos\u201d, \u201cTronadores o Tiemblatierra\u201d, Repiques, \u201cMasas\u201d, palillos (baquetas) encintadas hasta 3 vueltas, etc., y sino, sal\u00edamos con lo que consegu\u00edamos. Una noche, en comparsa \u201cSTAR\u201d (foto m\u00e1s abajo), sal\u00ed tocando un redoblante sin fondo, a modo de timbaleta, intentando sonidos de repique (vale re\u00edrse). Lo de reciclar o convertirse en Luthiers lo hicimos muchas personas, de casi todas las comparsas, an\u00e9cdotas \u00e9picas dir\u00eda, como ponerse al lado de los \u201cTiemblatierra\u201d de la batucada de R\u00e1faga, ni hablar cargarlos y tocar 300 metros, nombre de un instrumento que no estaba muy alejado del efecto que produc\u00eda, 28 pulgadas, hechos con doble capa de terciado, encolados o cosidos, tambi\u00e9n cre\u00e1bamos repiques utilizando tachos de secarropas o calefones (los de acero inoxidable)., los aros con planchuelas, los tensores con varillas roscadas, y as\u00ed, muchos de nuestros primeros instrumentos, cuando fuimos batucadas, ampollas y marcas por donde se miren, nuestras ra\u00edces, por supuesto nada parecido a las bater\u00edas actuales que hacen samba-enredo, y por cierto, hoy son orgullo nacional.<\/p>\n\n\n\n<figure class=\"wp-block-image size-full\"><img loading=\"lazy\" decoding=\"async\" width=\"371\" height=\"498\" src=\"https:\/\/diariodelsurdigital.com.ar\/wp-content\/uploads\/2026\/02\/image-1.jpeg\" alt=\"\" class=\"wp-image-6844\" srcset=\"https:\/\/diariodelsurdigital.com.ar\/wp-content\/uploads\/2026\/02\/image-1.jpeg 371w, https:\/\/diariodelsurdigital.com.ar\/wp-content\/uploads\/2026\/02\/image-1-223x300.jpeg 223w, https:\/\/diariodelsurdigital.com.ar\/wp-content\/uploads\/2026\/02\/image-1-313x420.jpeg 313w\" sizes=\"auto, (max-width: 371px) 100vw, 371px\" \/><\/figure>\n\n\n\n<p>Batucada de comparsa \u201cSTAR\u201d 1999<\/p>\n\n\n\n<p>Nos vemos en la pr\u00f3xima y\u2026 Salud Carnaval!!<\/p>\n","protected":false},"excerpt":{"rendered":"<p>Por Tom\u00e1s Ferrer (Especial para Diario del SUR Digital) \u2026\u201cEn Concordia, hay un carnaval que te emociona, que mueve y con-mueve, que genera algo muchas veces inexplicable\u2026\u201d, que te apasiona y apasiona, as\u00ed comenzaba a escribir sobre la primer noche (publicaci\u00f3n anterior), lo que genera ser parte de una comparsa, sobre todo salir la primer [&hellip;]<\/p>\n","protected":false},"author":2,"featured_media":6847,"comment_status":"open","ping_status":"open","sticky":false,"template":"","format":"standard","meta":{"footnotes":""},"categories":[19,16],"tags":[],"class_list":{"0":"post-6842","1":"post","2":"type-post","3":"status-publish","4":"format-standard","5":"has-post-thumbnail","7":"category-interes-general","8":"category-locales"},"yoast_head":"<!-- This site is optimized with the Yoast SEO plugin v27.4 - https:\/\/yoast.com\/product\/yoast-seo-wordpress\/ -->\n<title>CARNAVAL DE CONCORDIA: &quot;Haceme la segunda&quot; - Diario del Sur<\/title>\n<meta name=\"robots\" content=\"index, follow, max-snippet:-1, max-image-preview:large, max-video-preview:-1\" \/>\n<link rel=\"canonical\" href=\"https:\/\/diariodelsurdigital.com.ar\/?p=6842\" \/>\n<meta property=\"og:locale\" content=\"es_ES\" \/>\n<meta property=\"og:type\" content=\"article\" \/>\n<meta property=\"og:title\" content=\"CARNAVAL DE CONCORDIA: &quot;Haceme la segunda&quot; - Diario del Sur\" \/>\n<meta property=\"og:description\" content=\"Por Tom\u00e1s Ferrer (Especial para Diario del SUR Digital) \u2026\u201cEn Concordia, hay un carnaval que te emociona, que mueve y con-mueve, que genera algo muchas veces inexplicable\u2026\u201d, que te apasiona y apasiona, as\u00ed comenzaba a escribir sobre la primer noche (publicaci\u00f3n anterior), lo que genera ser parte de una comparsa, sobre todo salir la primer [&hellip;]\" \/>\n<meta property=\"og:url\" content=\"https:\/\/diariodelsurdigital.com.ar\/?p=6842\" \/>\n<meta property=\"og:site_name\" content=\"Diario del Sur\" \/>\n<meta property=\"article:published_time\" content=\"2026-02-06T21:44:58+00:00\" \/>\n<meta property=\"article:modified_time\" content=\"2026-02-06T21:47:24+00:00\" \/>\n<meta property=\"og:image\" content=\"https:\/\/diariodelsurdigital.com.ar\/wp-content\/uploads\/2026\/02\/yshwnuahtadiiom1nfwy.jpg\" \/>\n\t<meta property=\"og:image:width\" content=\"478\" \/>\n\t<meta property=\"og:image:height\" content=\"272\" \/>\n\t<meta property=\"og:image:type\" content=\"image\/jpeg\" \/>\n<meta name=\"author\" content=\"Diario del Sur Digital\" \/>\n<meta name=\"twitter:card\" content=\"summary_large_image\" \/>\n<meta name=\"twitter:label1\" content=\"Escrito por\" \/>\n\t<meta name=\"twitter:data1\" content=\"Diario del Sur Digital\" \/>\n\t<meta name=\"twitter:label2\" content=\"Tiempo de lectura\" \/>\n\t<meta name=\"twitter:data2\" content=\"6 minutos\" \/>\n<script type=\"application\/ld+json\" class=\"yoast-schema-graph\">{\"@context\":\"https:\\\/\\\/schema.org\",\"@graph\":[{\"@type\":\"Article\",\"@id\":\"https:\\\/\\\/diariodelsurdigital.com.ar\\\/?p=6842#article\",\"isPartOf\":{\"@id\":\"https:\\\/\\\/diariodelsurdigital.com.ar\\\/?p=6842\"},\"author\":{\"name\":\"Diario del Sur Digital\",\"@id\":\"https:\\\/\\\/diariodelsurdigital.com.ar\\\/#\\\/schema\\\/person\\\/6136a32571657f7dba980b88b04c5465\"},\"headline\":\"CARNAVAL DE CONCORDIA: \u00abHaceme la segunda\u00bb\",\"datePublished\":\"2026-02-06T21:44:58+00:00\",\"dateModified\":\"2026-02-06T21:47:24+00:00\",\"mainEntityOfPage\":{\"@id\":\"https:\\\/\\\/diariodelsurdigital.com.ar\\\/?p=6842\"},\"wordCount\":1150,\"commentCount\":0,\"image\":{\"@id\":\"https:\\\/\\\/diariodelsurdigital.com.ar\\\/?p=6842#primaryimage\"},\"thumbnailUrl\":\"https:\\\/\\\/diariodelsurdigital.com.ar\\\/wp-content\\\/uploads\\\/2026\\\/02\\\/yshwnuahtadiiom1nfwy.jpg\",\"articleSection\":[\"Inter\u00e9s General\",\"Locales\"],\"inLanguage\":\"es\",\"potentialAction\":[{\"@type\":\"CommentAction\",\"name\":\"Comment\",\"target\":[\"https:\\\/\\\/diariodelsurdigital.com.ar\\\/?p=6842#respond\"]}]},{\"@type\":\"WebPage\",\"@id\":\"https:\\\/\\\/diariodelsurdigital.com.ar\\\/?p=6842\",\"url\":\"https:\\\/\\\/diariodelsurdigital.com.ar\\\/?p=6842\",\"name\":\"CARNAVAL DE CONCORDIA: \\\"Haceme la segunda\\\" - Diario del Sur\",\"isPartOf\":{\"@id\":\"https:\\\/\\\/diariodelsurdigital.com.ar\\\/#website\"},\"primaryImageOfPage\":{\"@id\":\"https:\\\/\\\/diariodelsurdigital.com.ar\\\/?p=6842#primaryimage\"},\"image\":{\"@id\":\"https:\\\/\\\/diariodelsurdigital.com.ar\\\/?p=6842#primaryimage\"},\"thumbnailUrl\":\"https:\\\/\\\/diariodelsurdigital.com.ar\\\/wp-content\\\/uploads\\\/2026\\\/02\\\/yshwnuahtadiiom1nfwy.jpg\",\"datePublished\":\"2026-02-06T21:44:58+00:00\",\"dateModified\":\"2026-02-06T21:47:24+00:00\",\"author\":{\"@id\":\"https:\\\/\\\/diariodelsurdigital.com.ar\\\/#\\\/schema\\\/person\\\/6136a32571657f7dba980b88b04c5465\"},\"breadcrumb\":{\"@id\":\"https:\\\/\\\/diariodelsurdigital.com.ar\\\/?p=6842#breadcrumb\"},\"inLanguage\":\"es\",\"potentialAction\":[{\"@type\":\"ReadAction\",\"target\":[\"https:\\\/\\\/diariodelsurdigital.com.ar\\\/?p=6842\"]}]},{\"@type\":\"ImageObject\",\"inLanguage\":\"es\",\"@id\":\"https:\\\/\\\/diariodelsurdigital.com.ar\\\/?p=6842#primaryimage\",\"url\":\"https:\\\/\\\/diariodelsurdigital.com.ar\\\/wp-content\\\/uploads\\\/2026\\\/02\\\/yshwnuahtadiiom1nfwy.jpg\",\"contentUrl\":\"https:\\\/\\\/diariodelsurdigital.com.ar\\\/wp-content\\\/uploads\\\/2026\\\/02\\\/yshwnuahtadiiom1nfwy.jpg\",\"width\":478,\"height\":272},{\"@type\":\"BreadcrumbList\",\"@id\":\"https:\\\/\\\/diariodelsurdigital.com.ar\\\/?p=6842#breadcrumb\",\"itemListElement\":[{\"@type\":\"ListItem\",\"position\":1,\"name\":\"Portada\",\"item\":\"https:\\\/\\\/diariodelsurdigital.com.ar\\\/\"},{\"@type\":\"ListItem\",\"position\":2,\"name\":\"CARNAVAL DE CONCORDIA: \u00abHaceme la segunda\u00bb\"}]},{\"@type\":\"WebSite\",\"@id\":\"https:\\\/\\\/diariodelsurdigital.com.ar\\\/#website\",\"url\":\"https:\\\/\\\/diariodelsurdigital.com.ar\\\/\",\"name\":\"Diario del Sur\",\"description\":\"Digital\",\"potentialAction\":[{\"@type\":\"SearchAction\",\"target\":{\"@type\":\"EntryPoint\",\"urlTemplate\":\"https:\\\/\\\/diariodelsurdigital.com.ar\\\/?s={search_term_string}\"},\"query-input\":{\"@type\":\"PropertyValueSpecification\",\"valueRequired\":true,\"valueName\":\"search_term_string\"}}],\"inLanguage\":\"es\"},{\"@type\":\"Person\",\"@id\":\"https:\\\/\\\/diariodelsurdigital.com.ar\\\/#\\\/schema\\\/person\\\/6136a32571657f7dba980b88b04c5465\",\"name\":\"Diario del Sur Digital\",\"image\":{\"@type\":\"ImageObject\",\"inLanguage\":\"es\",\"@id\":\"https:\\\/\\\/secure.gravatar.com\\\/avatar\\\/4c29ceac98541dd42460b2474aaa5dd37594d6ce6cb3cf2c101d09b48ee287ba?s=96&d=mm&r=g\",\"url\":\"https:\\\/\\\/secure.gravatar.com\\\/avatar\\\/4c29ceac98541dd42460b2474aaa5dd37594d6ce6cb3cf2c101d09b48ee287ba?s=96&d=mm&r=g\",\"contentUrl\":\"https:\\\/\\\/secure.gravatar.com\\\/avatar\\\/4c29ceac98541dd42460b2474aaa5dd37594d6ce6cb3cf2c101d09b48ee287ba?s=96&d=mm&r=g\",\"caption\":\"Diario del Sur Digital\"},\"url\":\"https:\\\/\\\/diariodelsurdigital.com.ar\\\/?author=2\"}]}<\/script>\n<!-- \/ Yoast SEO plugin. -->","yoast_head_json":{"title":"CARNAVAL DE CONCORDIA: \"Haceme la segunda\" - Diario del Sur","robots":{"index":"index","follow":"follow","max-snippet":"max-snippet:-1","max-image-preview":"max-image-preview:large","max-video-preview":"max-video-preview:-1"},"canonical":"https:\/\/diariodelsurdigital.com.ar\/?p=6842","og_locale":"es_ES","og_type":"article","og_title":"CARNAVAL DE CONCORDIA: \"Haceme la segunda\" - Diario del Sur","og_description":"Por Tom\u00e1s Ferrer (Especial para Diario del SUR Digital) \u2026\u201cEn Concordia, hay un carnaval que te emociona, que mueve y con-mueve, que genera algo muchas veces inexplicable\u2026\u201d, que te apasiona y apasiona, as\u00ed comenzaba a escribir sobre la primer noche (publicaci\u00f3n anterior), lo que genera ser parte de una comparsa, sobre todo salir la primer [&hellip;]","og_url":"https:\/\/diariodelsurdigital.com.ar\/?p=6842","og_site_name":"Diario del Sur","article_published_time":"2026-02-06T21:44:58+00:00","article_modified_time":"2026-02-06T21:47:24+00:00","og_image":[{"width":478,"height":272,"url":"https:\/\/diariodelsurdigital.com.ar\/wp-content\/uploads\/2026\/02\/yshwnuahtadiiom1nfwy.jpg","type":"image\/jpeg"}],"author":"Diario del Sur Digital","twitter_card":"summary_large_image","twitter_misc":{"Escrito por":"Diario del Sur Digital","Tiempo de lectura":"6 minutos"},"schema":{"@context":"https:\/\/schema.org","@graph":[{"@type":"Article","@id":"https:\/\/diariodelsurdigital.com.ar\/?p=6842#article","isPartOf":{"@id":"https:\/\/diariodelsurdigital.com.ar\/?p=6842"},"author":{"name":"Diario del Sur Digital","@id":"https:\/\/diariodelsurdigital.com.ar\/#\/schema\/person\/6136a32571657f7dba980b88b04c5465"},"headline":"CARNAVAL DE CONCORDIA: \u00abHaceme la segunda\u00bb","datePublished":"2026-02-06T21:44:58+00:00","dateModified":"2026-02-06T21:47:24+00:00","mainEntityOfPage":{"@id":"https:\/\/diariodelsurdigital.com.ar\/?p=6842"},"wordCount":1150,"commentCount":0,"image":{"@id":"https:\/\/diariodelsurdigital.com.ar\/?p=6842#primaryimage"},"thumbnailUrl":"https:\/\/diariodelsurdigital.com.ar\/wp-content\/uploads\/2026\/02\/yshwnuahtadiiom1nfwy.jpg","articleSection":["Inter\u00e9s General","Locales"],"inLanguage":"es","potentialAction":[{"@type":"CommentAction","name":"Comment","target":["https:\/\/diariodelsurdigital.com.ar\/?p=6842#respond"]}]},{"@type":"WebPage","@id":"https:\/\/diariodelsurdigital.com.ar\/?p=6842","url":"https:\/\/diariodelsurdigital.com.ar\/?p=6842","name":"CARNAVAL DE CONCORDIA: \"Haceme la segunda\" - Diario del Sur","isPartOf":{"@id":"https:\/\/diariodelsurdigital.com.ar\/#website"},"primaryImageOfPage":{"@id":"https:\/\/diariodelsurdigital.com.ar\/?p=6842#primaryimage"},"image":{"@id":"https:\/\/diariodelsurdigital.com.ar\/?p=6842#primaryimage"},"thumbnailUrl":"https:\/\/diariodelsurdigital.com.ar\/wp-content\/uploads\/2026\/02\/yshwnuahtadiiom1nfwy.jpg","datePublished":"2026-02-06T21:44:58+00:00","dateModified":"2026-02-06T21:47:24+00:00","author":{"@id":"https:\/\/diariodelsurdigital.com.ar\/#\/schema\/person\/6136a32571657f7dba980b88b04c5465"},"breadcrumb":{"@id":"https:\/\/diariodelsurdigital.com.ar\/?p=6842#breadcrumb"},"inLanguage":"es","potentialAction":[{"@type":"ReadAction","target":["https:\/\/diariodelsurdigital.com.ar\/?p=6842"]}]},{"@type":"ImageObject","inLanguage":"es","@id":"https:\/\/diariodelsurdigital.com.ar\/?p=6842#primaryimage","url":"https:\/\/diariodelsurdigital.com.ar\/wp-content\/uploads\/2026\/02\/yshwnuahtadiiom1nfwy.jpg","contentUrl":"https:\/\/diariodelsurdigital.com.ar\/wp-content\/uploads\/2026\/02\/yshwnuahtadiiom1nfwy.jpg","width":478,"height":272},{"@type":"BreadcrumbList","@id":"https:\/\/diariodelsurdigital.com.ar\/?p=6842#breadcrumb","itemListElement":[{"@type":"ListItem","position":1,"name":"Portada","item":"https:\/\/diariodelsurdigital.com.ar\/"},{"@type":"ListItem","position":2,"name":"CARNAVAL DE CONCORDIA: \u00abHaceme la segunda\u00bb"}]},{"@type":"WebSite","@id":"https:\/\/diariodelsurdigital.com.ar\/#website","url":"https:\/\/diariodelsurdigital.com.ar\/","name":"Diario del Sur","description":"Digital","potentialAction":[{"@type":"SearchAction","target":{"@type":"EntryPoint","urlTemplate":"https:\/\/diariodelsurdigital.com.ar\/?s={search_term_string}"},"query-input":{"@type":"PropertyValueSpecification","valueRequired":true,"valueName":"search_term_string"}}],"inLanguage":"es"},{"@type":"Person","@id":"https:\/\/diariodelsurdigital.com.ar\/#\/schema\/person\/6136a32571657f7dba980b88b04c5465","name":"Diario del Sur Digital","image":{"@type":"ImageObject","inLanguage":"es","@id":"https:\/\/secure.gravatar.com\/avatar\/4c29ceac98541dd42460b2474aaa5dd37594d6ce6cb3cf2c101d09b48ee287ba?s=96&d=mm&r=g","url":"https:\/\/secure.gravatar.com\/avatar\/4c29ceac98541dd42460b2474aaa5dd37594d6ce6cb3cf2c101d09b48ee287ba?s=96&d=mm&r=g","contentUrl":"https:\/\/secure.gravatar.com\/avatar\/4c29ceac98541dd42460b2474aaa5dd37594d6ce6cb3cf2c101d09b48ee287ba?s=96&d=mm&r=g","caption":"Diario del Sur Digital"},"url":"https:\/\/diariodelsurdigital.com.ar\/?author=2"}]}},"_links":{"self":[{"href":"https:\/\/diariodelsurdigital.com.ar\/index.php?rest_route=\/wp\/v2\/posts\/6842","targetHints":{"allow":["GET"]}}],"collection":[{"href":"https:\/\/diariodelsurdigital.com.ar\/index.php?rest_route=\/wp\/v2\/posts"}],"about":[{"href":"https:\/\/diariodelsurdigital.com.ar\/index.php?rest_route=\/wp\/v2\/types\/post"}],"author":[{"embeddable":true,"href":"https:\/\/diariodelsurdigital.com.ar\/index.php?rest_route=\/wp\/v2\/users\/2"}],"replies":[{"embeddable":true,"href":"https:\/\/diariodelsurdigital.com.ar\/index.php?rest_route=%2Fwp%2Fv2%2Fcomments&post=6842"}],"version-history":[{"count":2,"href":"https:\/\/diariodelsurdigital.com.ar\/index.php?rest_route=\/wp\/v2\/posts\/6842\/revisions"}],"predecessor-version":[{"id":6849,"href":"https:\/\/diariodelsurdigital.com.ar\/index.php?rest_route=\/wp\/v2\/posts\/6842\/revisions\/6849"}],"wp:featuredmedia":[{"embeddable":true,"href":"https:\/\/diariodelsurdigital.com.ar\/index.php?rest_route=\/wp\/v2\/media\/6847"}],"wp:attachment":[{"href":"https:\/\/diariodelsurdigital.com.ar\/index.php?rest_route=%2Fwp%2Fv2%2Fmedia&parent=6842"}],"wp:term":[{"taxonomy":"category","embeddable":true,"href":"https:\/\/diariodelsurdigital.com.ar\/index.php?rest_route=%2Fwp%2Fv2%2Fcategories&post=6842"},{"taxonomy":"post_tag","embeddable":true,"href":"https:\/\/diariodelsurdigital.com.ar\/index.php?rest_route=%2Fwp%2Fv2%2Ftags&post=6842"}],"curies":[{"name":"wp","href":"https:\/\/api.w.org\/{rel}","templated":true}]}}