{"id":686,"date":"2025-01-21T16:19:38","date_gmt":"2025-01-21T19:19:38","guid":{"rendered":"https:\/\/diariodelsurdigital.com.ar\/?p=686"},"modified":"2025-01-21T16:19:39","modified_gmt":"2025-01-21T19:19:39","slug":"asumio-donald-trump-volvera-el-sueno-americano","status":"publish","type":"post","link":"https:\/\/diariodelsurdigital.com.ar\/?p=686","title":{"rendered":"Asumi\u00f3 Donald Trump: \u00abVolver\u00e1 el sue\u00f1o americano\u00bb"},"content":{"rendered":"\n<p>Tom\u00f3 posesi\u00f3n como el presidente n\u00famero 47 del imperio, en una ceremonia de investidura que se celebr\u00f3 en el interior del Capitolio debido al fr\u00edo. Fue tan duro y agresivo como se esperaba. \u00abLa era dorada de los Estados Unidos comienza ahora, arranc\u00f3 su discurso.<\/p>\n\n\n\n<p>El presidente electo de los Estados Unidos<strong>, Donald Trump,<\/strong>\u00a0asumi\u00f3 a las 12:02 de Washington, como el\u00a0<strong>mandatario 47\u00ba<\/strong>\u00a0del pa\u00eds, en una ceremonia que, por primera vez en 40 a\u00f1os, se celebr\u00f3\u00a0<strong>en el interior del Capitolio y no en sus escalinatas como es tradicional debido a las bajas temperaturas.<\/strong>\u00a0Retorna as\u00ed a la Casa Blanca, tras el per\u00edodo en el gobern\u00f3 Joe Biden, presente en la ceremonia, y quien fue blanco de muchos de los frases despectivas que pronunci\u00f3 el nuevo mandatario en su discurso de asunci\u00f3n, que dur\u00f3 poco m\u00e1s de media hora.<\/p>\n\n\n\n<p><strong>Javier Milei fue uno de los mandatarios presenten en el Capitolio<\/strong>, y se mostr\u00f3 siempre muy cercano a la italiana Giorgia Meloni.<\/p>\n\n\n\n<figure class=\"wp-block-image\"><img decoding=\"async\" src=\"https:\/\/www.tiempoar.com.ar\/wp-content\/uploads\/2025\/01\/ASUME-DONALD-TRUMP-4-FOTO-NA-1024x683.jpg\" alt=\"\" class=\"wp-image-862684\"\/><\/figure>\n\n\n\n<p><em>Foto: Captura NA<\/em><\/p>\n\n\n\n<p>NOT<\/p>\n\n\n\n<p>Al brindar un discurso tras jurar en el Capitolio, el jefe de Estado resalt\u00f3 que \u00ab<strong>la riqueza va a recuperarse\u00bb&nbsp;<\/strong>y que la Defensa del pa\u00eds volver\u00e1 a ser central durante su gobierno. El l\u00edder republicano sostuvo que&nbsp;<strong>\u00abel poder de cambio est\u00e1 barriendo todo el pa\u00eds\u00bb<\/strong>, y lanz\u00f3 cr\u00edticas a la administraci\u00f3n dem\u00f3crata saliente de Joe Biden, que particip\u00f3 de las actividades de la jornada de asunci\u00f3n.<\/p>\n\n\n\n<p><strong>\u00abTenemos un sistema de Defensa con mucho presupuesto, pero que no est\u00e1 preparado para las crisis de hoy. Esto termina hoy y va a cambiar muy r\u00e1pidamente\u00bb<\/strong>, subray\u00f3 Trump.<\/p>\n\n\n\n<p>El republicano habl\u00f3 por poco menos de media hora y sostuvo<strong>: \u00abLa balanza de la justicia ser\u00e1 reequilibrada<\/strong>. El armamentismo vicioso, violento e injusto del Departamento de Justicia y del Gobierno terminar\u00e1\u00bb.<\/p>\n\n\n\n<p>Record\u00f3 el disparo que recibi\u00f3 en la oreja durante la campa\u00f1a del a\u00f1o pasado y dijo que a lo largo de los \u00faltimos ocho a\u00f1os fue \u00abpuesto a prueba m\u00e1s que ning\u00fan presidente\u00bb del pa\u00eds.<\/p>\n\n\n\n<p><strong>\u00abMe salvaron la vida por una raz\u00f3n\u201d,<\/strong>&nbsp;destac\u00f3 Trump, y agreg\u00f3:&nbsp;<strong>\u00abPara hacer a Am\u00e9rica grande otra vez\u201d.<\/strong><\/p>\n\n\n\n<p><strong>\u201cAhora estoy frente a ustedes como prueba de que nunca deben creer que algo es imposible de lograr. En Estados Unidos, lo imposible es lo que hacemos mejor\u201d<\/strong>, enfatiz\u00f3.<\/p>\n\n\n\n<p>De la ceremonia participaron los ex presidentes de Estados Unidos&nbsp;<strong>Bill Clinton, George W. Bush y Barack Obama,<\/strong>&nbsp;que se sentaron juntos.<\/p>\n\n\n\n<p>Tambi\u00e9n asistieron el presidente argentino&nbsp;<strong>Javier Milei,<\/strong>&nbsp;la primera ministra de Italia,&nbsp;<strong>Georgia Meloni<\/strong>, y el opositor venezolano&nbsp;<strong>Edmundo Gonz\u00e1lez Urrutia,<\/strong>&nbsp;entre otros l\u00edderes internacionales.<br>&nbsp;<\/p>\n\n\n\n<h2 class=\"wp-block-heading\">Algunos de los anuncios<br>&nbsp;<\/h2>\n\n\n\n<p>Entre las primeras medidas que anunci\u00f3 el presidente de los Estados Unidos est\u00e1 la declaraci\u00f3n de la \u00abemergencia nacional\u00bb en la frontera con M\u00e9xico, para \u00abdetener y deportar\u00bb a inmigrantes ilegales<\/p>\n\n\n\n<p><strong>\u00abVoy a declarar una emergencia nacional en nuestra frontera del sur\u00bb<\/strong>&nbsp;con M\u00e9xico, se\u00f1al\u00f3 Trump en su primer discurso tras asumir.<\/p>\n\n\n\n<p>Seg\u00fan explic\u00f3,&nbsp;<strong>\u00abtodos los inmigrantes ilegales van a ser detenidos y deportados\u00bb.<\/strong><\/p>\n\n\n\n<p><strong>\u00abVamos a mantener la pol\u00edtica de \u00b4Qu\u00e9date en M\u00e9xico\u00b4\u00bb,&nbsp;<\/strong>enfatiz\u00f3 el l\u00edder republicano y fue muy aplaudido por los presentes.<\/p>\n\n\n\n<p>Ratific\u00f3 tambi\u00e9n que su idea es cambiar el nombre de Golfo de M\u00e9xico a Golfo de Am\u00e9rica.<\/p>\n\n\n\n<p>\u201cAm\u00e9rica reclamar\u00e1 su lugar leg\u00edtimo como la naci\u00f3n m\u00e1s grandiosa, m\u00e1s poderosa y m\u00e1s respetada de la Tierra, inspirando el asombro y la admiraci\u00f3n de todo el mundo\u201d, destac\u00f3, y complet\u00f3:&nbsp;<strong>\u201cDentro de poco tiempo, vamos a cambiar el nombre del Golfo de M\u00e9xico al Golfo de Am\u00e9rica\u201d.<\/strong><\/p>\n\n\n\n<p>En tanto, asegur\u00f3 que firmar\u00e1 en las pr\u00f3ximas horas \u00ab<strong>una orden ejecutiva para detener inmediatamente toda censura gubernamental y restablecer la libertad de expresi\u00f3n en Estados Unidos\u201d,&nbsp;<\/strong>al hacer referencia a restricciones en plataformas como TikTok.<\/p>\n\n\n\n<p>Adem\u00e1s, anunci\u00f3 que para su gobierno s\u00f3lo&nbsp;<strong>\u201chay dos g\u00e9neros: masculino y femenino\u201d.<\/strong><\/p>\n\n\n\n<p>A nivel geopol\u00edtico, ratific\u00f3 que quiere recuperar el control del Canal de Panam\u00e1.<\/p>\n\n\n\n<p>\u201cHemos sido tratados muy mal con este regalo tonto que nunca debi\u00f3 hacerse. China est\u00e1 operando el Canal de Panam\u00e1. Y no se lo dimos a China. Se lo dimos a Panam\u00e1. Y lo estamos recuperando\u201d, indic\u00f3 el flamante presidente.<\/p>\n\n\n\n<p>Sostuvo, en tanto, que&nbsp;<strong>Estados Unidos quiere llegar a Marte<\/strong>, lo que provoc\u00f3 la sonrisa del magnate y funcionario Elon Musk, due\u00f1o de la empresa que organiza viajes al espacio.<\/p>\n\n\n\n<p>Junto a Musk,<strong>&nbsp;estuvieron Sundar Pichai de Google y el propietario de Amazon, Jeff Bezos, adem\u00e1s del due\u00f1o de Facebook, Mark Zuckerberg, y el director ejecutivo de Apple, Tim Cook<\/strong>, entre otros.<\/p>\n","protected":false},"excerpt":{"rendered":"<p>Tom\u00f3 posesi\u00f3n como el presidente n\u00famero 47 del imperio, en una ceremonia de investidura que se celebr\u00f3 en el interior del Capitolio debido al fr\u00edo. Fue tan duro y agresivo como se esperaba. \u00abLa era dorada de los Estados Unidos comienza ahora, arranc\u00f3 su discurso. El presidente electo de los Estados Unidos, Donald Trump,\u00a0asumi\u00f3 a [&hellip;]<\/p>\n","protected":false},"author":4,"featured_media":687,"comment_status":"open","ping_status":"open","sticky":false,"template":"","format":"standard","meta":{"footnotes":""},"categories":[20,22],"tags":[],"class_list":{"0":"post-686","1":"post","2":"type-post","3":"status-publish","4":"format-standard","5":"has-post-thumbnail","7":"category-internacionales","8":"category-politica"},"yoast_head":"<!-- This site is optimized with the Yoast SEO plugin v27.4 - https:\/\/yoast.com\/product\/yoast-seo-wordpress\/ -->\n<title>Asumi\u00f3 Donald Trump: &quot;Volver\u00e1 el sue\u00f1o americano&quot; - Diario del Sur<\/title>\n<meta name=\"robots\" content=\"index, follow, max-snippet:-1, max-image-preview:large, max-video-preview:-1\" \/>\n<link rel=\"canonical\" href=\"https:\/\/diariodelsurdigital.com.ar\/?p=686\" \/>\n<meta property=\"og:locale\" content=\"es_ES\" \/>\n<meta property=\"og:type\" content=\"article\" \/>\n<meta property=\"og:title\" content=\"Asumi\u00f3 Donald Trump: &quot;Volver\u00e1 el sue\u00f1o americano&quot; - Diario del Sur\" \/>\n<meta property=\"og:description\" content=\"Tom\u00f3 posesi\u00f3n como el presidente n\u00famero 47 del imperio, en una ceremonia de investidura que se celebr\u00f3 en el interior del Capitolio debido al fr\u00edo. Fue tan duro y agresivo como se esperaba. \u00abLa era dorada de los Estados Unidos comienza ahora, arranc\u00f3 su discurso. El presidente electo de los Estados Unidos, Donald Trump,\u00a0asumi\u00f3 a [&hellip;]\" \/>\n<meta property=\"og:url\" content=\"https:\/\/diariodelsurdigital.com.ar\/?p=686\" \/>\n<meta property=\"og:site_name\" content=\"Diario del Sur\" \/>\n<meta property=\"article:published_time\" content=\"2025-01-21T19:19:38+00:00\" \/>\n<meta property=\"article:modified_time\" content=\"2025-01-21T19:19:39+00:00\" \/>\n<meta property=\"og:image\" content=\"https:\/\/diariodelsurdigital.com.ar\/wp-content\/uploads\/2025\/01\/ASUME-DONALD-TRUMP-FOTO-NA.jpg\" \/>\n\t<meta property=\"og:image:width\" content=\"1200\" \/>\n\t<meta property=\"og:image:height\" content=\"800\" \/>\n\t<meta property=\"og:image:type\" content=\"image\/jpeg\" \/>\n<meta name=\"author\" content=\"Diario del Sur Digital\" \/>\n<meta name=\"twitter:card\" content=\"summary_large_image\" \/>\n<meta name=\"twitter:label1\" content=\"Escrito por\" \/>\n\t<meta name=\"twitter:data1\" content=\"Diario del Sur Digital\" \/>\n\t<meta name=\"twitter:label2\" content=\"Tiempo de lectura\" \/>\n\t<meta name=\"twitter:data2\" content=\"4 minutos\" \/>\n<script type=\"application\/ld+json\" class=\"yoast-schema-graph\">{\"@context\":\"https:\\\/\\\/schema.org\",\"@graph\":[{\"@type\":\"Article\",\"@id\":\"https:\\\/\\\/diariodelsurdigital.com.ar\\\/?p=686#article\",\"isPartOf\":{\"@id\":\"https:\\\/\\\/diariodelsurdigital.com.ar\\\/?p=686\"},\"author\":{\"name\":\"Diario del Sur Digital\",\"@id\":\"https:\\\/\\\/diariodelsurdigital.com.ar\\\/#\\\/schema\\\/person\\\/1a4992532ed62965c968031b49195c81\"},\"headline\":\"Asumi\u00f3 Donald Trump: \u00abVolver\u00e1 el sue\u00f1o americano\u00bb\",\"datePublished\":\"2025-01-21T19:19:38+00:00\",\"dateModified\":\"2025-01-21T19:19:39+00:00\",\"mainEntityOfPage\":{\"@id\":\"https:\\\/\\\/diariodelsurdigital.com.ar\\\/?p=686\"},\"wordCount\":824,\"commentCount\":0,\"image\":{\"@id\":\"https:\\\/\\\/diariodelsurdigital.com.ar\\\/?p=686#primaryimage\"},\"thumbnailUrl\":\"https:\\\/\\\/diariodelsurdigital.com.ar\\\/wp-content\\\/uploads\\\/2025\\\/01\\\/ASUME-DONALD-TRUMP-FOTO-NA.jpg\",\"articleSection\":[\"Internacionales\",\"Pol\u00edtica\"],\"inLanguage\":\"es\",\"potentialAction\":[{\"@type\":\"CommentAction\",\"name\":\"Comment\",\"target\":[\"https:\\\/\\\/diariodelsurdigital.com.ar\\\/?p=686#respond\"]}]},{\"@type\":\"WebPage\",\"@id\":\"https:\\\/\\\/diariodelsurdigital.com.ar\\\/?p=686\",\"url\":\"https:\\\/\\\/diariodelsurdigital.com.ar\\\/?p=686\",\"name\":\"Asumi\u00f3 Donald Trump: \\\"Volver\u00e1 el sue\u00f1o americano\\\" - Diario del Sur\",\"isPartOf\":{\"@id\":\"https:\\\/\\\/diariodelsurdigital.com.ar\\\/#website\"},\"primaryImageOfPage\":{\"@id\":\"https:\\\/\\\/diariodelsurdigital.com.ar\\\/?p=686#primaryimage\"},\"image\":{\"@id\":\"https:\\\/\\\/diariodelsurdigital.com.ar\\\/?p=686#primaryimage\"},\"thumbnailUrl\":\"https:\\\/\\\/diariodelsurdigital.com.ar\\\/wp-content\\\/uploads\\\/2025\\\/01\\\/ASUME-DONALD-TRUMP-FOTO-NA.jpg\",\"datePublished\":\"2025-01-21T19:19:38+00:00\",\"dateModified\":\"2025-01-21T19:19:39+00:00\",\"author\":{\"@id\":\"https:\\\/\\\/diariodelsurdigital.com.ar\\\/#\\\/schema\\\/person\\\/1a4992532ed62965c968031b49195c81\"},\"breadcrumb\":{\"@id\":\"https:\\\/\\\/diariodelsurdigital.com.ar\\\/?p=686#breadcrumb\"},\"inLanguage\":\"es\",\"potentialAction\":[{\"@type\":\"ReadAction\",\"target\":[\"https:\\\/\\\/diariodelsurdigital.com.ar\\\/?p=686\"]}]},{\"@type\":\"ImageObject\",\"inLanguage\":\"es\",\"@id\":\"https:\\\/\\\/diariodelsurdigital.com.ar\\\/?p=686#primaryimage\",\"url\":\"https:\\\/\\\/diariodelsurdigital.com.ar\\\/wp-content\\\/uploads\\\/2025\\\/01\\\/ASUME-DONALD-TRUMP-FOTO-NA.jpg\",\"contentUrl\":\"https:\\\/\\\/diariodelsurdigital.com.ar\\\/wp-content\\\/uploads\\\/2025\\\/01\\\/ASUME-DONALD-TRUMP-FOTO-NA.jpg\",\"width\":1200,\"height\":800},{\"@type\":\"BreadcrumbList\",\"@id\":\"https:\\\/\\\/diariodelsurdigital.com.ar\\\/?p=686#breadcrumb\",\"itemListElement\":[{\"@type\":\"ListItem\",\"position\":1,\"name\":\"Portada\",\"item\":\"https:\\\/\\\/diariodelsurdigital.com.ar\\\/\"},{\"@type\":\"ListItem\",\"position\":2,\"name\":\"Asumi\u00f3 Donald Trump: \u00abVolver\u00e1 el sue\u00f1o americano\u00bb\"}]},{\"@type\":\"WebSite\",\"@id\":\"https:\\\/\\\/diariodelsurdigital.com.ar\\\/#website\",\"url\":\"https:\\\/\\\/diariodelsurdigital.com.ar\\\/\",\"name\":\"Diario del Sur\",\"description\":\"Digital\",\"potentialAction\":[{\"@type\":\"SearchAction\",\"target\":{\"@type\":\"EntryPoint\",\"urlTemplate\":\"https:\\\/\\\/diariodelsurdigital.com.ar\\\/?s={search_term_string}\"},\"query-input\":{\"@type\":\"PropertyValueSpecification\",\"valueRequired\":true,\"valueName\":\"search_term_string\"}}],\"inLanguage\":\"es\"},{\"@type\":\"Person\",\"@id\":\"https:\\\/\\\/diariodelsurdigital.com.ar\\\/#\\\/schema\\\/person\\\/1a4992532ed62965c968031b49195c81\",\"name\":\"Diario del Sur Digital\",\"image\":{\"@type\":\"ImageObject\",\"inLanguage\":\"es\",\"@id\":\"https:\\\/\\\/secure.gravatar.com\\\/avatar\\\/f0c7c47fc7146d19828273b9b8eda651c9c7ab583767e6338d3d3bee825adf76?s=96&d=mm&r=g\",\"url\":\"https:\\\/\\\/secure.gravatar.com\\\/avatar\\\/f0c7c47fc7146d19828273b9b8eda651c9c7ab583767e6338d3d3bee825adf76?s=96&d=mm&r=g\",\"contentUrl\":\"https:\\\/\\\/secure.gravatar.com\\\/avatar\\\/f0c7c47fc7146d19828273b9b8eda651c9c7ab583767e6338d3d3bee825adf76?s=96&d=mm&r=g\",\"caption\":\"Diario del Sur Digital\"},\"url\":\"https:\\\/\\\/diariodelsurdigital.com.ar\\\/?author=4\"}]}<\/script>\n<!-- \/ Yoast SEO plugin. -->","yoast_head_json":{"title":"Asumi\u00f3 Donald Trump: \"Volver\u00e1 el sue\u00f1o americano\" - Diario del Sur","robots":{"index":"index","follow":"follow","max-snippet":"max-snippet:-1","max-image-preview":"max-image-preview:large","max-video-preview":"max-video-preview:-1"},"canonical":"https:\/\/diariodelsurdigital.com.ar\/?p=686","og_locale":"es_ES","og_type":"article","og_title":"Asumi\u00f3 Donald Trump: \"Volver\u00e1 el sue\u00f1o americano\" - Diario del Sur","og_description":"Tom\u00f3 posesi\u00f3n como el presidente n\u00famero 47 del imperio, en una ceremonia de investidura que se celebr\u00f3 en el interior del Capitolio debido al fr\u00edo. Fue tan duro y agresivo como se esperaba. \u00abLa era dorada de los Estados Unidos comienza ahora, arranc\u00f3 su discurso. El presidente electo de los Estados Unidos, Donald Trump,\u00a0asumi\u00f3 a [&hellip;]","og_url":"https:\/\/diariodelsurdigital.com.ar\/?p=686","og_site_name":"Diario del Sur","article_published_time":"2025-01-21T19:19:38+00:00","article_modified_time":"2025-01-21T19:19:39+00:00","og_image":[{"width":1200,"height":800,"url":"https:\/\/diariodelsurdigital.com.ar\/wp-content\/uploads\/2025\/01\/ASUME-DONALD-TRUMP-FOTO-NA.jpg","type":"image\/jpeg"}],"author":"Diario del Sur Digital","twitter_card":"summary_large_image","twitter_misc":{"Escrito por":"Diario del Sur Digital","Tiempo de lectura":"4 minutos"},"schema":{"@context":"https:\/\/schema.org","@graph":[{"@type":"Article","@id":"https:\/\/diariodelsurdigital.com.ar\/?p=686#article","isPartOf":{"@id":"https:\/\/diariodelsurdigital.com.ar\/?p=686"},"author":{"name":"Diario del Sur Digital","@id":"https:\/\/diariodelsurdigital.com.ar\/#\/schema\/person\/1a4992532ed62965c968031b49195c81"},"headline":"Asumi\u00f3 Donald Trump: \u00abVolver\u00e1 el sue\u00f1o americano\u00bb","datePublished":"2025-01-21T19:19:38+00:00","dateModified":"2025-01-21T19:19:39+00:00","mainEntityOfPage":{"@id":"https:\/\/diariodelsurdigital.com.ar\/?p=686"},"wordCount":824,"commentCount":0,"image":{"@id":"https:\/\/diariodelsurdigital.com.ar\/?p=686#primaryimage"},"thumbnailUrl":"https:\/\/diariodelsurdigital.com.ar\/wp-content\/uploads\/2025\/01\/ASUME-DONALD-TRUMP-FOTO-NA.jpg","articleSection":["Internacionales","Pol\u00edtica"],"inLanguage":"es","potentialAction":[{"@type":"CommentAction","name":"Comment","target":["https:\/\/diariodelsurdigital.com.ar\/?p=686#respond"]}]},{"@type":"WebPage","@id":"https:\/\/diariodelsurdigital.com.ar\/?p=686","url":"https:\/\/diariodelsurdigital.com.ar\/?p=686","name":"Asumi\u00f3 Donald Trump: \"Volver\u00e1 el sue\u00f1o americano\" - Diario del Sur","isPartOf":{"@id":"https:\/\/diariodelsurdigital.com.ar\/#website"},"primaryImageOfPage":{"@id":"https:\/\/diariodelsurdigital.com.ar\/?p=686#primaryimage"},"image":{"@id":"https:\/\/diariodelsurdigital.com.ar\/?p=686#primaryimage"},"thumbnailUrl":"https:\/\/diariodelsurdigital.com.ar\/wp-content\/uploads\/2025\/01\/ASUME-DONALD-TRUMP-FOTO-NA.jpg","datePublished":"2025-01-21T19:19:38+00:00","dateModified":"2025-01-21T19:19:39+00:00","author":{"@id":"https:\/\/diariodelsurdigital.com.ar\/#\/schema\/person\/1a4992532ed62965c968031b49195c81"},"breadcrumb":{"@id":"https:\/\/diariodelsurdigital.com.ar\/?p=686#breadcrumb"},"inLanguage":"es","potentialAction":[{"@type":"ReadAction","target":["https:\/\/diariodelsurdigital.com.ar\/?p=686"]}]},{"@type":"ImageObject","inLanguage":"es","@id":"https:\/\/diariodelsurdigital.com.ar\/?p=686#primaryimage","url":"https:\/\/diariodelsurdigital.com.ar\/wp-content\/uploads\/2025\/01\/ASUME-DONALD-TRUMP-FOTO-NA.jpg","contentUrl":"https:\/\/diariodelsurdigital.com.ar\/wp-content\/uploads\/2025\/01\/ASUME-DONALD-TRUMP-FOTO-NA.jpg","width":1200,"height":800},{"@type":"BreadcrumbList","@id":"https:\/\/diariodelsurdigital.com.ar\/?p=686#breadcrumb","itemListElement":[{"@type":"ListItem","position":1,"name":"Portada","item":"https:\/\/diariodelsurdigital.com.ar\/"},{"@type":"ListItem","position":2,"name":"Asumi\u00f3 Donald Trump: \u00abVolver\u00e1 el sue\u00f1o americano\u00bb"}]},{"@type":"WebSite","@id":"https:\/\/diariodelsurdigital.com.ar\/#website","url":"https:\/\/diariodelsurdigital.com.ar\/","name":"Diario del Sur","description":"Digital","potentialAction":[{"@type":"SearchAction","target":{"@type":"EntryPoint","urlTemplate":"https:\/\/diariodelsurdigital.com.ar\/?s={search_term_string}"},"query-input":{"@type":"PropertyValueSpecification","valueRequired":true,"valueName":"search_term_string"}}],"inLanguage":"es"},{"@type":"Person","@id":"https:\/\/diariodelsurdigital.com.ar\/#\/schema\/person\/1a4992532ed62965c968031b49195c81","name":"Diario del Sur Digital","image":{"@type":"ImageObject","inLanguage":"es","@id":"https:\/\/secure.gravatar.com\/avatar\/f0c7c47fc7146d19828273b9b8eda651c9c7ab583767e6338d3d3bee825adf76?s=96&d=mm&r=g","url":"https:\/\/secure.gravatar.com\/avatar\/f0c7c47fc7146d19828273b9b8eda651c9c7ab583767e6338d3d3bee825adf76?s=96&d=mm&r=g","contentUrl":"https:\/\/secure.gravatar.com\/avatar\/f0c7c47fc7146d19828273b9b8eda651c9c7ab583767e6338d3d3bee825adf76?s=96&d=mm&r=g","caption":"Diario del Sur Digital"},"url":"https:\/\/diariodelsurdigital.com.ar\/?author=4"}]}},"_links":{"self":[{"href":"https:\/\/diariodelsurdigital.com.ar\/index.php?rest_route=\/wp\/v2\/posts\/686","targetHints":{"allow":["GET"]}}],"collection":[{"href":"https:\/\/diariodelsurdigital.com.ar\/index.php?rest_route=\/wp\/v2\/posts"}],"about":[{"href":"https:\/\/diariodelsurdigital.com.ar\/index.php?rest_route=\/wp\/v2\/types\/post"}],"author":[{"embeddable":true,"href":"https:\/\/diariodelsurdigital.com.ar\/index.php?rest_route=\/wp\/v2\/users\/4"}],"replies":[{"embeddable":true,"href":"https:\/\/diariodelsurdigital.com.ar\/index.php?rest_route=%2Fwp%2Fv2%2Fcomments&post=686"}],"version-history":[{"count":1,"href":"https:\/\/diariodelsurdigital.com.ar\/index.php?rest_route=\/wp\/v2\/posts\/686\/revisions"}],"predecessor-version":[{"id":688,"href":"https:\/\/diariodelsurdigital.com.ar\/index.php?rest_route=\/wp\/v2\/posts\/686\/revisions\/688"}],"wp:featuredmedia":[{"embeddable":true,"href":"https:\/\/diariodelsurdigital.com.ar\/index.php?rest_route=\/wp\/v2\/media\/687"}],"wp:attachment":[{"href":"https:\/\/diariodelsurdigital.com.ar\/index.php?rest_route=%2Fwp%2Fv2%2Fmedia&parent=686"}],"wp:term":[{"taxonomy":"category","embeddable":true,"href":"https:\/\/diariodelsurdigital.com.ar\/index.php?rest_route=%2Fwp%2Fv2%2Fcategories&post=686"},{"taxonomy":"post_tag","embeddable":true,"href":"https:\/\/diariodelsurdigital.com.ar\/index.php?rest_route=%2Fwp%2Fv2%2Ftags&post=686"}],"curies":[{"name":"wp","href":"https:\/\/api.w.org\/{rel}","templated":true}]}}