{"id":6869,"date":"2026-02-07T22:11:14","date_gmt":"2026-02-08T01:11:14","guid":{"rendered":"https:\/\/diariodelsurdigital.com.ar\/?p=6869"},"modified":"2026-02-07T22:33:14","modified_gmt":"2026-02-08T01:33:14","slug":"fiesta-del-mate-una-fiesta-cara-para-el-pueblo-y-de-exhibicion-de-la-runfla","status":"publish","type":"post","link":"https:\/\/diariodelsurdigital.com.ar\/?p=6869","title":{"rendered":"FIESTA DEL MATE: Un evento caro para el pueblo y de exhibici\u00f3n de la runfla"},"content":{"rendered":"\n<h2 class=\"wp-block-heading\"><\/h2>\n\n\n\n<p>La primera noche de la Fiesta del Mate dej\u00f3 una sensaci\u00f3n ambigua: hubo nombres fuertes y un armado de gran escala, pero la postal general qued\u00f3 a mitad de camino. No es palabra \u201cfiasco\u201d, ni cerca; pero s\u00ed qued\u00f3 flotando un diagn\u00f3stico dif\u00edcil de esquivar: la imagen no termin\u00f3 de coincidir con la apuesta.<\/p>\n\n\n\n<p>Con una grilla muy cara \u2014Los Nocheros, Raly Barrionuevo\u2014 el marco de p\u00fablico fue m\u00e1s bien moderado, con barrancas raleadas y sectores que no transmitieron esa marea humana que suele justificar semejante desembolso.<\/p>\n\n\n\n<p>Y, a la vez, el evento se vio atravesado por un componente que le quit\u00f3 m\u00edstica popular: pareci\u00f3 una tertulia pol\u00edtica de la intendenta Romero, con palco, saludos, gestualidad de acto y una puesta donde la figura institucional ocup\u00f3 m\u00e1s lugar del que deber\u00eda ocupar en una fiesta que tiene 35 a\u00f1os y no necesita \u201cdue\u00f1os\u201d. Con la presencia de Bahl (que pesce a medir 1.90 estaba con la cabeza debajo de la altura de los acompa\u00f1antes en todas las tomas, se especula con que alguno podr\u00eda haberle recordado algo de las recientes revelaciones de corrupci\u00f3n del ex-intendente), el hombre con m\u00e1s dadas vueltas, Adrian Fuertes y los intendentes siempre dispuestos a festejar, Ariel Weiss y Gino \u00abqueso rallado\u00bb (est\u00e1 por encima de los \u00f1oquis) Mezquida.<\/p>\n\n\n\n<p>El punto de fondo es cultural y tambi\u00e9n pol\u00edtico: esto no est\u00e1 arraigado como fiesta. Cosqu\u00edn se vive en toda la ciudad: calles, comercios, atm\u00f3sfera, conversaci\u00f3n, identidad. Ac\u00e1 se percibe m\u00e1s como un recital grande, una mezcla extra\u00f1a entre Cosqu\u00edn Rock y Fiesta folcl\u00f3rica, donde el \u201cmate\u201d opera como r\u00f3tulo y no como coraz\u00f3n.<\/p>\n\n\n\n<p>Se intent\u00f3 sostener lo matero desde lo medi\u00e1tico \u2014la misma sommelier de mate rotando por los medios, concursos de cebadores, relatos de liturgia\u2014 pero en el terreno, lo que manda es el escenario, el show, la foto.<\/p>\n\n\n\n<p>Y si el gasto ronda m\u00e1s de mil millones de pesos, la comparaci\u00f3n se vuelve inevitable: \u00bfcu\u00e1ntos ca\u00f1os se dejaron de cambiar? \u00bfcu\u00e1nta mejora de agua se posterg\u00f3? \u00bfcu\u00e1nta obra b\u00e1sica qued\u00f3 esperando para que la noche \u201csalga\u201d como un gran acontecimiento?<\/p>\n\n\n\n<p>No se discute que haya m\u00fasica ni que la ciudad merezca eventos. Se discute que, cuando lo esencial falla, una inversi\u00f3n descomunal en un fin de semana puede terminar funcionando como lo que fue anoche: un diagn\u00f3stico p\u00fablico.<\/p>\n\n\n\n<p>Un espejo caro que no tapa los problemas: los ilumina.<\/p>\n\n\n\n<p>Fuente: La Caldera<\/p>\n","protected":false},"excerpt":{"rendered":"<p>La primera noche de la Fiesta del Mate dej\u00f3 una sensaci\u00f3n ambigua: hubo nombres fuertes y un armado de gran escala, pero la postal general qued\u00f3 a mitad de camino. No es palabra \u201cfiasco\u201d, ni cerca; pero s\u00ed qued\u00f3 flotando un diagn\u00f3stico dif\u00edcil de esquivar: la imagen no termin\u00f3 de coincidir con la apuesta. Con [&hellip;]<\/p>\n","protected":false},"author":2,"featured_media":6870,"comment_status":"open","ping_status":"open","sticky":false,"template":"","format":"standard","meta":{"footnotes":""},"categories":[19],"tags":[],"class_list":{"0":"post-6869","1":"post","2":"type-post","3":"status-publish","4":"format-standard","5":"has-post-thumbnail","7":"category-interes-general"},"yoast_head":"<!-- This site is optimized with the Yoast SEO plugin v27.4 - https:\/\/yoast.com\/product\/yoast-seo-wordpress\/ -->\n<title>FIESTA DEL MATE: Un evento caro para el pueblo y de exhibici\u00f3n de la runfla - Diario del Sur<\/title>\n<meta name=\"robots\" content=\"index, follow, max-snippet:-1, max-image-preview:large, max-video-preview:-1\" \/>\n<link rel=\"canonical\" href=\"https:\/\/diariodelsurdigital.com.ar\/?p=6869\" \/>\n<meta property=\"og:locale\" content=\"es_ES\" \/>\n<meta property=\"og:type\" content=\"article\" \/>\n<meta property=\"og:title\" content=\"FIESTA DEL MATE: Un evento caro para el pueblo y de exhibici\u00f3n de la runfla - Diario del Sur\" \/>\n<meta property=\"og:description\" content=\"La primera noche de la Fiesta del Mate dej\u00f3 una sensaci\u00f3n ambigua: hubo nombres fuertes y un armado de gran escala, pero la postal general qued\u00f3 a mitad de camino. No es palabra \u201cfiasco\u201d, ni cerca; pero s\u00ed qued\u00f3 flotando un diagn\u00f3stico dif\u00edcil de esquivar: la imagen no termin\u00f3 de coincidir con la apuesta. Con [&hellip;]\" \/>\n<meta property=\"og:url\" content=\"https:\/\/diariodelsurdigital.com.ar\/?p=6869\" \/>\n<meta property=\"og:site_name\" content=\"Diario del Sur\" \/>\n<meta property=\"article:published_time\" content=\"2026-02-08T01:11:14+00:00\" \/>\n<meta property=\"article:modified_time\" content=\"2026-02-08T01:33:14+00:00\" \/>\n<meta property=\"og:image\" content=\"https:\/\/diariodelsurdigital.com.ar\/wp-content\/uploads\/2026\/02\/hq720-4.jpg\" \/>\n\t<meta property=\"og:image:width\" content=\"470\" \/>\n\t<meta property=\"og:image:height\" content=\"286\" \/>\n\t<meta property=\"og:image:type\" content=\"image\/jpeg\" \/>\n<meta name=\"author\" content=\"Diario del Sur Digital\" \/>\n<meta name=\"twitter:card\" content=\"summary_large_image\" \/>\n<meta name=\"twitter:label1\" content=\"Escrito por\" \/>\n\t<meta name=\"twitter:data1\" content=\"Diario del Sur Digital\" \/>\n\t<meta name=\"twitter:label2\" content=\"Tiempo de lectura\" \/>\n\t<meta name=\"twitter:data2\" content=\"3 minutos\" \/>\n<script type=\"application\/ld+json\" class=\"yoast-schema-graph\">{\"@context\":\"https:\\\/\\\/schema.org\",\"@graph\":[{\"@type\":\"Article\",\"@id\":\"https:\\\/\\\/diariodelsurdigital.com.ar\\\/?p=6869#article\",\"isPartOf\":{\"@id\":\"https:\\\/\\\/diariodelsurdigital.com.ar\\\/?p=6869\"},\"author\":{\"name\":\"Diario del Sur Digital\",\"@id\":\"https:\\\/\\\/diariodelsurdigital.com.ar\\\/#\\\/schema\\\/person\\\/6136a32571657f7dba980b88b04c5465\"},\"headline\":\"FIESTA DEL MATE: Un evento caro para el pueblo y de exhibici\u00f3n de la runfla\",\"datePublished\":\"2026-02-08T01:11:14+00:00\",\"dateModified\":\"2026-02-08T01:33:14+00:00\",\"mainEntityOfPage\":{\"@id\":\"https:\\\/\\\/diariodelsurdigital.com.ar\\\/?p=6869\"},\"wordCount\":449,\"commentCount\":0,\"image\":{\"@id\":\"https:\\\/\\\/diariodelsurdigital.com.ar\\\/?p=6869#primaryimage\"},\"thumbnailUrl\":\"https:\\\/\\\/diariodelsurdigital.com.ar\\\/wp-content\\\/uploads\\\/2026\\\/02\\\/hq720-4.jpg\",\"articleSection\":[\"Inter\u00e9s General\"],\"inLanguage\":\"es\",\"potentialAction\":[{\"@type\":\"CommentAction\",\"name\":\"Comment\",\"target\":[\"https:\\\/\\\/diariodelsurdigital.com.ar\\\/?p=6869#respond\"]}]},{\"@type\":\"WebPage\",\"@id\":\"https:\\\/\\\/diariodelsurdigital.com.ar\\\/?p=6869\",\"url\":\"https:\\\/\\\/diariodelsurdigital.com.ar\\\/?p=6869\",\"name\":\"FIESTA DEL MATE: Un evento caro para el pueblo y de exhibici\u00f3n de la runfla - Diario del Sur\",\"isPartOf\":{\"@id\":\"https:\\\/\\\/diariodelsurdigital.com.ar\\\/#website\"},\"primaryImageOfPage\":{\"@id\":\"https:\\\/\\\/diariodelsurdigital.com.ar\\\/?p=6869#primaryimage\"},\"image\":{\"@id\":\"https:\\\/\\\/diariodelsurdigital.com.ar\\\/?p=6869#primaryimage\"},\"thumbnailUrl\":\"https:\\\/\\\/diariodelsurdigital.com.ar\\\/wp-content\\\/uploads\\\/2026\\\/02\\\/hq720-4.jpg\",\"datePublished\":\"2026-02-08T01:11:14+00:00\",\"dateModified\":\"2026-02-08T01:33:14+00:00\",\"author\":{\"@id\":\"https:\\\/\\\/diariodelsurdigital.com.ar\\\/#\\\/schema\\\/person\\\/6136a32571657f7dba980b88b04c5465\"},\"breadcrumb\":{\"@id\":\"https:\\\/\\\/diariodelsurdigital.com.ar\\\/?p=6869#breadcrumb\"},\"inLanguage\":\"es\",\"potentialAction\":[{\"@type\":\"ReadAction\",\"target\":[\"https:\\\/\\\/diariodelsurdigital.com.ar\\\/?p=6869\"]}]},{\"@type\":\"ImageObject\",\"inLanguage\":\"es\",\"@id\":\"https:\\\/\\\/diariodelsurdigital.com.ar\\\/?p=6869#primaryimage\",\"url\":\"https:\\\/\\\/diariodelsurdigital.com.ar\\\/wp-content\\\/uploads\\\/2026\\\/02\\\/hq720-4.jpg\",\"contentUrl\":\"https:\\\/\\\/diariodelsurdigital.com.ar\\\/wp-content\\\/uploads\\\/2026\\\/02\\\/hq720-4.jpg\",\"width\":470,\"height\":286},{\"@type\":\"BreadcrumbList\",\"@id\":\"https:\\\/\\\/diariodelsurdigital.com.ar\\\/?p=6869#breadcrumb\",\"itemListElement\":[{\"@type\":\"ListItem\",\"position\":1,\"name\":\"Portada\",\"item\":\"https:\\\/\\\/diariodelsurdigital.com.ar\\\/\"},{\"@type\":\"ListItem\",\"position\":2,\"name\":\"FIESTA DEL MATE: Un evento caro para el pueblo y de exhibici\u00f3n de la runfla\"}]},{\"@type\":\"WebSite\",\"@id\":\"https:\\\/\\\/diariodelsurdigital.com.ar\\\/#website\",\"url\":\"https:\\\/\\\/diariodelsurdigital.com.ar\\\/\",\"name\":\"Diario del Sur\",\"description\":\"Digital\",\"potentialAction\":[{\"@type\":\"SearchAction\",\"target\":{\"@type\":\"EntryPoint\",\"urlTemplate\":\"https:\\\/\\\/diariodelsurdigital.com.ar\\\/?s={search_term_string}\"},\"query-input\":{\"@type\":\"PropertyValueSpecification\",\"valueRequired\":true,\"valueName\":\"search_term_string\"}}],\"inLanguage\":\"es\"},{\"@type\":\"Person\",\"@id\":\"https:\\\/\\\/diariodelsurdigital.com.ar\\\/#\\\/schema\\\/person\\\/6136a32571657f7dba980b88b04c5465\",\"name\":\"Diario del Sur Digital\",\"image\":{\"@type\":\"ImageObject\",\"inLanguage\":\"es\",\"@id\":\"https:\\\/\\\/secure.gravatar.com\\\/avatar\\\/4c29ceac98541dd42460b2474aaa5dd37594d6ce6cb3cf2c101d09b48ee287ba?s=96&d=mm&r=g\",\"url\":\"https:\\\/\\\/secure.gravatar.com\\\/avatar\\\/4c29ceac98541dd42460b2474aaa5dd37594d6ce6cb3cf2c101d09b48ee287ba?s=96&d=mm&r=g\",\"contentUrl\":\"https:\\\/\\\/secure.gravatar.com\\\/avatar\\\/4c29ceac98541dd42460b2474aaa5dd37594d6ce6cb3cf2c101d09b48ee287ba?s=96&d=mm&r=g\",\"caption\":\"Diario del Sur Digital\"},\"url\":\"https:\\\/\\\/diariodelsurdigital.com.ar\\\/?author=2\"}]}<\/script>\n<!-- \/ Yoast SEO plugin. -->","yoast_head_json":{"title":"FIESTA DEL MATE: Un evento caro para el pueblo y de exhibici\u00f3n de la runfla - Diario del Sur","robots":{"index":"index","follow":"follow","max-snippet":"max-snippet:-1","max-image-preview":"max-image-preview:large","max-video-preview":"max-video-preview:-1"},"canonical":"https:\/\/diariodelsurdigital.com.ar\/?p=6869","og_locale":"es_ES","og_type":"article","og_title":"FIESTA DEL MATE: Un evento caro para el pueblo y de exhibici\u00f3n de la runfla - Diario del Sur","og_description":"La primera noche de la Fiesta del Mate dej\u00f3 una sensaci\u00f3n ambigua: hubo nombres fuertes y un armado de gran escala, pero la postal general qued\u00f3 a mitad de camino. No es palabra \u201cfiasco\u201d, ni cerca; pero s\u00ed qued\u00f3 flotando un diagn\u00f3stico dif\u00edcil de esquivar: la imagen no termin\u00f3 de coincidir con la apuesta. Con [&hellip;]","og_url":"https:\/\/diariodelsurdigital.com.ar\/?p=6869","og_site_name":"Diario del Sur","article_published_time":"2026-02-08T01:11:14+00:00","article_modified_time":"2026-02-08T01:33:14+00:00","og_image":[{"width":470,"height":286,"url":"https:\/\/diariodelsurdigital.com.ar\/wp-content\/uploads\/2026\/02\/hq720-4.jpg","type":"image\/jpeg"}],"author":"Diario del Sur Digital","twitter_card":"summary_large_image","twitter_misc":{"Escrito por":"Diario del Sur Digital","Tiempo de lectura":"3 minutos"},"schema":{"@context":"https:\/\/schema.org","@graph":[{"@type":"Article","@id":"https:\/\/diariodelsurdigital.com.ar\/?p=6869#article","isPartOf":{"@id":"https:\/\/diariodelsurdigital.com.ar\/?p=6869"},"author":{"name":"Diario del Sur Digital","@id":"https:\/\/diariodelsurdigital.com.ar\/#\/schema\/person\/6136a32571657f7dba980b88b04c5465"},"headline":"FIESTA DEL MATE: Un evento caro para el pueblo y de exhibici\u00f3n de la runfla","datePublished":"2026-02-08T01:11:14+00:00","dateModified":"2026-02-08T01:33:14+00:00","mainEntityOfPage":{"@id":"https:\/\/diariodelsurdigital.com.ar\/?p=6869"},"wordCount":449,"commentCount":0,"image":{"@id":"https:\/\/diariodelsurdigital.com.ar\/?p=6869#primaryimage"},"thumbnailUrl":"https:\/\/diariodelsurdigital.com.ar\/wp-content\/uploads\/2026\/02\/hq720-4.jpg","articleSection":["Inter\u00e9s General"],"inLanguage":"es","potentialAction":[{"@type":"CommentAction","name":"Comment","target":["https:\/\/diariodelsurdigital.com.ar\/?p=6869#respond"]}]},{"@type":"WebPage","@id":"https:\/\/diariodelsurdigital.com.ar\/?p=6869","url":"https:\/\/diariodelsurdigital.com.ar\/?p=6869","name":"FIESTA DEL MATE: Un evento caro para el pueblo y de exhibici\u00f3n de la runfla - Diario del Sur","isPartOf":{"@id":"https:\/\/diariodelsurdigital.com.ar\/#website"},"primaryImageOfPage":{"@id":"https:\/\/diariodelsurdigital.com.ar\/?p=6869#primaryimage"},"image":{"@id":"https:\/\/diariodelsurdigital.com.ar\/?p=6869#primaryimage"},"thumbnailUrl":"https:\/\/diariodelsurdigital.com.ar\/wp-content\/uploads\/2026\/02\/hq720-4.jpg","datePublished":"2026-02-08T01:11:14+00:00","dateModified":"2026-02-08T01:33:14+00:00","author":{"@id":"https:\/\/diariodelsurdigital.com.ar\/#\/schema\/person\/6136a32571657f7dba980b88b04c5465"},"breadcrumb":{"@id":"https:\/\/diariodelsurdigital.com.ar\/?p=6869#breadcrumb"},"inLanguage":"es","potentialAction":[{"@type":"ReadAction","target":["https:\/\/diariodelsurdigital.com.ar\/?p=6869"]}]},{"@type":"ImageObject","inLanguage":"es","@id":"https:\/\/diariodelsurdigital.com.ar\/?p=6869#primaryimage","url":"https:\/\/diariodelsurdigital.com.ar\/wp-content\/uploads\/2026\/02\/hq720-4.jpg","contentUrl":"https:\/\/diariodelsurdigital.com.ar\/wp-content\/uploads\/2026\/02\/hq720-4.jpg","width":470,"height":286},{"@type":"BreadcrumbList","@id":"https:\/\/diariodelsurdigital.com.ar\/?p=6869#breadcrumb","itemListElement":[{"@type":"ListItem","position":1,"name":"Portada","item":"https:\/\/diariodelsurdigital.com.ar\/"},{"@type":"ListItem","position":2,"name":"FIESTA DEL MATE: Un evento caro para el pueblo y de exhibici\u00f3n de la runfla"}]},{"@type":"WebSite","@id":"https:\/\/diariodelsurdigital.com.ar\/#website","url":"https:\/\/diariodelsurdigital.com.ar\/","name":"Diario del Sur","description":"Digital","potentialAction":[{"@type":"SearchAction","target":{"@type":"EntryPoint","urlTemplate":"https:\/\/diariodelsurdigital.com.ar\/?s={search_term_string}"},"query-input":{"@type":"PropertyValueSpecification","valueRequired":true,"valueName":"search_term_string"}}],"inLanguage":"es"},{"@type":"Person","@id":"https:\/\/diariodelsurdigital.com.ar\/#\/schema\/person\/6136a32571657f7dba980b88b04c5465","name":"Diario del Sur Digital","image":{"@type":"ImageObject","inLanguage":"es","@id":"https:\/\/secure.gravatar.com\/avatar\/4c29ceac98541dd42460b2474aaa5dd37594d6ce6cb3cf2c101d09b48ee287ba?s=96&d=mm&r=g","url":"https:\/\/secure.gravatar.com\/avatar\/4c29ceac98541dd42460b2474aaa5dd37594d6ce6cb3cf2c101d09b48ee287ba?s=96&d=mm&r=g","contentUrl":"https:\/\/secure.gravatar.com\/avatar\/4c29ceac98541dd42460b2474aaa5dd37594d6ce6cb3cf2c101d09b48ee287ba?s=96&d=mm&r=g","caption":"Diario del Sur Digital"},"url":"https:\/\/diariodelsurdigital.com.ar\/?author=2"}]}},"_links":{"self":[{"href":"https:\/\/diariodelsurdigital.com.ar\/index.php?rest_route=\/wp\/v2\/posts\/6869","targetHints":{"allow":["GET"]}}],"collection":[{"href":"https:\/\/diariodelsurdigital.com.ar\/index.php?rest_route=\/wp\/v2\/posts"}],"about":[{"href":"https:\/\/diariodelsurdigital.com.ar\/index.php?rest_route=\/wp\/v2\/types\/post"}],"author":[{"embeddable":true,"href":"https:\/\/diariodelsurdigital.com.ar\/index.php?rest_route=\/wp\/v2\/users\/2"}],"replies":[{"embeddable":true,"href":"https:\/\/diariodelsurdigital.com.ar\/index.php?rest_route=%2Fwp%2Fv2%2Fcomments&post=6869"}],"version-history":[{"count":2,"href":"https:\/\/diariodelsurdigital.com.ar\/index.php?rest_route=\/wp\/v2\/posts\/6869\/revisions"}],"predecessor-version":[{"id":6872,"href":"https:\/\/diariodelsurdigital.com.ar\/index.php?rest_route=\/wp\/v2\/posts\/6869\/revisions\/6872"}],"wp:featuredmedia":[{"embeddable":true,"href":"https:\/\/diariodelsurdigital.com.ar\/index.php?rest_route=\/wp\/v2\/media\/6870"}],"wp:attachment":[{"href":"https:\/\/diariodelsurdigital.com.ar\/index.php?rest_route=%2Fwp%2Fv2%2Fmedia&parent=6869"}],"wp:term":[{"taxonomy":"category","embeddable":true,"href":"https:\/\/diariodelsurdigital.com.ar\/index.php?rest_route=%2Fwp%2Fv2%2Fcategories&post=6869"},{"taxonomy":"post_tag","embeddable":true,"href":"https:\/\/diariodelsurdigital.com.ar\/index.php?rest_route=%2Fwp%2Fv2%2Ftags&post=6869"}],"curies":[{"name":"wp","href":"https:\/\/api.w.org\/{rel}","templated":true}]}}