{"id":6873,"date":"2026-02-08T23:16:24","date_gmt":"2026-02-09T02:16:24","guid":{"rendered":"https:\/\/diariodelsurdigital.com.ar\/?p=6873"},"modified":"2026-02-08T23:16:25","modified_gmt":"2026-02-09T02:16:25","slug":"fallecio-ciclista-concordiense-luego-de-un-accidente","status":"publish","type":"post","link":"https:\/\/diariodelsurdigital.com.ar\/?p=6873","title":{"rendered":"Falleci\u00f3 ciclista concordiense luego de un accidente"},"content":{"rendered":"\n<h4 class=\"wp-block-heading\">Jos\u00e9 Mar\u00eda Mart\u00ednez, nueve veces campe\u00f3n argentino de ruta y pista, dej\u00f3 una huella imborrable en el deporte local y nacional. En vida, fue homenajeado en numerosas competencias organizadas en Concordia.<a href=\"https:\/\/api.whatsapp.com\/send?text=Tras%20un%20accidente%20falleci%C3%B3%20una%20de%20las%20glorias%20del%20ciclismo%20concordiense%20-%20https:\/\/diarioriouruguay.com\/deportes\/\/tras-un-accidente-fallecio-una-de-las-glorias-del-ciclismo-concordiense.htm\" target=\"_blank\" rel=\"noreferrer noopener\"><\/a><a href=\"https:\/\/diarioriouruguay.com\/deportes\/tras-un-accidente-fallecio-una-de-las-glorias-del-ciclismo-concordiense.htm#\"><\/a><a href=\"javascript:copyLink('aviso', 'URL Copiada');\"><\/a><a href=\"https:\/\/diarioriouruguay.com\/deportes\/tras-un-accidente-fallecio-una-de-las-glorias-del-ciclismo-concordiense.htm#\"><\/a><a href=\"tg:\/\/msg?text=Tras%20un%20accidente%20falleci%C3%B3%20una%20de%20las%20glorias%20del%20ciclismo%20concordiense-https:\/\/diarioriouruguay.com\/deportes\/\/tras-un-accidente-fallecio-una-de-las-glorias-del-ciclismo-concordiense.htm\" target=\"_blank\" rel=\"noreferrer noopener\"><\/a><a href=\"https:\/\/diarioriouruguay.com\/deportes\/tras-un-accidente-fallecio-una-de-las-glorias-del-ciclismo-concordiense.htm#comentarios\"><\/a><\/h4>\n\n\n\n<p>La comunidad deportiva de Concordia atraviesa horas de pesar tras conocerse el fallecimiento de una de las m\u00e1ximas figuras del ciclismo local y nacional. El deportista fue m\u00faltiple campe\u00f3n argentino y alcanz\u00f3 el notable logro de consagrarse en nueve oportunidades a nivel nacional, tanto en pruebas de ruta como de pista.<\/p>\n\n\n\n<p>Se trata de&nbsp;<strong>Jos\u00e9 Mar\u00eda Mart\u00ednez,&nbsp;<\/strong>quien lo largo de su extensa trayectoria se convirti\u00f3 en un referente del ciclismo entrerriano y argentino, destac\u00e1ndose por su talento, disciplina y vigencia en distintas etapas de su carrera. Su nombre qued\u00f3 asociado a algunas de las p\u00e1ginas m\u00e1s importantes del deporte concordiense, siendo reconocido por generaciones de ciclistas y aficionados.<\/p>\n\n\n\n<p>Tras conocerse la noticia de su fallecimiento, las redes sociales se colmaron de mensajes de congoja y despedidas. Deportistas, instituciones y vecinos recordaron su calidad humana y su permanente compromiso con el crecimiento del ciclismo en la ciudad.<\/p>\n\n\n\n<h3 class=\"wp-block-heading\">El accidente y su cuadro de salud<\/h3>\n\n\n\n<p>De acuerdo a lo que explicaron amigos y allegados a un cronista de Diario R\u00edo Uruguay, Mart\u00ednez se encontraba entrenando cuando sufri\u00f3 un accidente mientras circulaba por avenida Presidente Illia \u2014ex Ruta Provincial 4\u2014 en el tramo comprendido entre Camb\u00e1 Paso y Colonia Roca.<\/p>\n\n\n\n<p>Seg\u00fan relat\u00f3 otro reconocido deportista local, el siniestro se habr\u00eda producido cuando dos perros se cruzaron en el camino de Martinez, lo que provoc\u00f3 que perdiera la estabilidad de su bicicleta y cayera sobre la cinta asf\u00e1ltica, sufriendo lesiones de consideraci\u00f3n en distintas partes del cuerpo.<\/p>\n\n\n\n<p>A ra\u00edz de la gravedad del cuadro, el m\u00faltiple campe\u00f3n fue intervenido quir\u00fargicamente durante la madrugada del s\u00e1bado. Sin embargo, pese a los esfuerzos del equipo m\u00e9dico, su estado era cr\u00edtico y finalmente se produjo su fallecimiento.<\/p>\n\n\n\n<h3 class=\"wp-block-heading\">Homenajes en vida y el reconocimiento de su ciudad<\/h3>\n\n\n\n<p>El prestigio de Mart\u00ednez trascendi\u00f3 sus logros deportivos y se tradujo en numerosos homenajes organizados en su honor mientras a\u00fan se encontraba activo. Distintas instituciones vinculadas al ciclismo en Concordia promovieron competencias y encuentros que llevaron su nombre, como forma de reconocer su trayectoria y su aporte al deporte.<\/p>\n\n\n\n<p>Uno de los reconocimientos m\u00e1s significativos se concret\u00f3 el lunes 21 de agosto de 2023, cuando se realiz\u00f3 una competencia especial en el aut\u00f3dromo Ciudad de Concordia. En aquella oportunidad, Mart\u00ednez particip\u00f3 como un ciclista m\u00e1s del pelot\u00f3n, compartiendo la jornada con corredores de distintas categor\u00edas y recibiendo el afecto del p\u00fablico y de sus colegas.<\/p>\n\n\n\n<figure class=\"wp-block-image\"><img decoding=\"async\" src=\"https:\/\/diarioriouruguay.com\/galeria\/fotos\/2026\/02\/08\/e_1770561556_22330.webp\" alt=\"Martinez en el centro de la foto.\"\/><figcaption class=\"wp-element-caption\">Martinez en el centro de la foto.<\/figcaption><\/figure>\n\n\n\n<p>Dos a\u00f1os antes, el domingo 24 de octubre de 2021, se hab\u00eda desarrollado otra de las carreras homenaje en su honor. En esa ocasi\u00f3n, el circuito tuvo como escenario los alrededores de las termas de Ayu\u00ed, en la zona del perilago de Concordia, donde numerosos ciclistas se dieron cita para rendirle tributo a uno de los m\u00e1ximos exponentes del ciclismo local.<\/p>\n\n\n\n<p>Fuente: Diario R\u00edo Uruguay<\/p>\n","protected":false},"excerpt":{"rendered":"<p>Jos\u00e9 Mar\u00eda Mart\u00ednez, nueve veces campe\u00f3n argentino de ruta y pista, dej\u00f3 una huella imborrable en el deporte local y nacional. En vida, fue homenajeado en numerosas competencias organizadas en Concordia. La comunidad deportiva de Concordia atraviesa horas de pesar tras conocerse el fallecimiento de una de las m\u00e1ximas figuras del ciclismo local y nacional. [&hellip;]<\/p>\n","protected":false},"author":2,"featured_media":6874,"comment_status":"open","ping_status":"open","sticky":false,"template":"","format":"standard","meta":{"footnotes":""},"categories":[19,16],"tags":[],"class_list":{"0":"post-6873","1":"post","2":"type-post","3":"status-publish","4":"format-standard","5":"has-post-thumbnail","7":"category-interes-general","8":"category-locales"},"yoast_head":"<!-- This site is optimized with the Yoast SEO plugin v27.4 - https:\/\/yoast.com\/product\/yoast-seo-wordpress\/ -->\n<title>Falleci\u00f3 ciclista concordiense luego de un accidente - Diario del Sur<\/title>\n<meta name=\"robots\" content=\"index, follow, max-snippet:-1, max-image-preview:large, max-video-preview:-1\" \/>\n<link rel=\"canonical\" href=\"https:\/\/diariodelsurdigital.com.ar\/?p=6873\" \/>\n<meta property=\"og:locale\" content=\"es_ES\" \/>\n<meta property=\"og:type\" content=\"article\" \/>\n<meta property=\"og:title\" content=\"Falleci\u00f3 ciclista concordiense luego de un accidente - Diario del Sur\" \/>\n<meta property=\"og:description\" content=\"Jos\u00e9 Mar\u00eda Mart\u00ednez, nueve veces campe\u00f3n argentino de ruta y pista, dej\u00f3 una huella imborrable en el deporte local y nacional. En vida, fue homenajeado en numerosas competencias organizadas en Concordia. La comunidad deportiva de Concordia atraviesa horas de pesar tras conocerse el fallecimiento de una de las m\u00e1ximas figuras del ciclismo local y nacional. [&hellip;]\" \/>\n<meta property=\"og:url\" content=\"https:\/\/diariodelsurdigital.com.ar\/?p=6873\" \/>\n<meta property=\"og:site_name\" content=\"Diario del Sur\" \/>\n<meta property=\"article:published_time\" content=\"2026-02-09T02:16:24+00:00\" \/>\n<meta property=\"article:modified_time\" content=\"2026-02-09T02:16:25+00:00\" \/>\n<meta property=\"og:image\" content=\"https:\/\/diariodelsurdigital.com.ar\/wp-content\/uploads\/2026\/02\/l_1770561556_62087.png\" \/>\n\t<meta property=\"og:image:width\" content=\"384\" \/>\n\t<meta property=\"og:image:height\" content=\"256\" \/>\n\t<meta property=\"og:image:type\" content=\"image\/png\" \/>\n<meta name=\"author\" content=\"Diario del Sur Digital\" \/>\n<meta name=\"twitter:card\" content=\"summary_large_image\" \/>\n<meta name=\"twitter:label1\" content=\"Escrito por\" \/>\n\t<meta name=\"twitter:data1\" content=\"Diario del Sur Digital\" \/>\n\t<meta name=\"twitter:label2\" content=\"Tiempo de lectura\" \/>\n\t<meta name=\"twitter:data2\" content=\"3 minutos\" \/>\n<script type=\"application\/ld+json\" class=\"yoast-schema-graph\">{\"@context\":\"https:\\\/\\\/schema.org\",\"@graph\":[{\"@type\":\"Article\",\"@id\":\"https:\\\/\\\/diariodelsurdigital.com.ar\\\/?p=6873#article\",\"isPartOf\":{\"@id\":\"https:\\\/\\\/diariodelsurdigital.com.ar\\\/?p=6873\"},\"author\":{\"name\":\"Diario del Sur Digital\",\"@id\":\"https:\\\/\\\/diariodelsurdigital.com.ar\\\/#\\\/schema\\\/person\\\/6136a32571657f7dba980b88b04c5465\"},\"headline\":\"Falleci\u00f3 ciclista concordiense luego de un accidente\",\"datePublished\":\"2026-02-09T02:16:24+00:00\",\"dateModified\":\"2026-02-09T02:16:25+00:00\",\"mainEntityOfPage\":{\"@id\":\"https:\\\/\\\/diariodelsurdigital.com.ar\\\/?p=6873\"},\"wordCount\":540,\"commentCount\":0,\"image\":{\"@id\":\"https:\\\/\\\/diariodelsurdigital.com.ar\\\/?p=6873#primaryimage\"},\"thumbnailUrl\":\"https:\\\/\\\/diariodelsurdigital.com.ar\\\/wp-content\\\/uploads\\\/2026\\\/02\\\/l_1770561556_62087.png\",\"articleSection\":[\"Inter\u00e9s General\",\"Locales\"],\"inLanguage\":\"es\",\"potentialAction\":[{\"@type\":\"CommentAction\",\"name\":\"Comment\",\"target\":[\"https:\\\/\\\/diariodelsurdigital.com.ar\\\/?p=6873#respond\"]}]},{\"@type\":\"WebPage\",\"@id\":\"https:\\\/\\\/diariodelsurdigital.com.ar\\\/?p=6873\",\"url\":\"https:\\\/\\\/diariodelsurdigital.com.ar\\\/?p=6873\",\"name\":\"Falleci\u00f3 ciclista concordiense luego de un accidente - Diario del Sur\",\"isPartOf\":{\"@id\":\"https:\\\/\\\/diariodelsurdigital.com.ar\\\/#website\"},\"primaryImageOfPage\":{\"@id\":\"https:\\\/\\\/diariodelsurdigital.com.ar\\\/?p=6873#primaryimage\"},\"image\":{\"@id\":\"https:\\\/\\\/diariodelsurdigital.com.ar\\\/?p=6873#primaryimage\"},\"thumbnailUrl\":\"https:\\\/\\\/diariodelsurdigital.com.ar\\\/wp-content\\\/uploads\\\/2026\\\/02\\\/l_1770561556_62087.png\",\"datePublished\":\"2026-02-09T02:16:24+00:00\",\"dateModified\":\"2026-02-09T02:16:25+00:00\",\"author\":{\"@id\":\"https:\\\/\\\/diariodelsurdigital.com.ar\\\/#\\\/schema\\\/person\\\/6136a32571657f7dba980b88b04c5465\"},\"breadcrumb\":{\"@id\":\"https:\\\/\\\/diariodelsurdigital.com.ar\\\/?p=6873#breadcrumb\"},\"inLanguage\":\"es\",\"potentialAction\":[{\"@type\":\"ReadAction\",\"target\":[\"https:\\\/\\\/diariodelsurdigital.com.ar\\\/?p=6873\"]}]},{\"@type\":\"ImageObject\",\"inLanguage\":\"es\",\"@id\":\"https:\\\/\\\/diariodelsurdigital.com.ar\\\/?p=6873#primaryimage\",\"url\":\"https:\\\/\\\/diariodelsurdigital.com.ar\\\/wp-content\\\/uploads\\\/2026\\\/02\\\/l_1770561556_62087.png\",\"contentUrl\":\"https:\\\/\\\/diariodelsurdigital.com.ar\\\/wp-content\\\/uploads\\\/2026\\\/02\\\/l_1770561556_62087.png\",\"width\":384,\"height\":256},{\"@type\":\"BreadcrumbList\",\"@id\":\"https:\\\/\\\/diariodelsurdigital.com.ar\\\/?p=6873#breadcrumb\",\"itemListElement\":[{\"@type\":\"ListItem\",\"position\":1,\"name\":\"Portada\",\"item\":\"https:\\\/\\\/diariodelsurdigital.com.ar\\\/\"},{\"@type\":\"ListItem\",\"position\":2,\"name\":\"Falleci\u00f3 ciclista concordiense luego de un accidente\"}]},{\"@type\":\"WebSite\",\"@id\":\"https:\\\/\\\/diariodelsurdigital.com.ar\\\/#website\",\"url\":\"https:\\\/\\\/diariodelsurdigital.com.ar\\\/\",\"name\":\"Diario del Sur\",\"description\":\"Digital\",\"potentialAction\":[{\"@type\":\"SearchAction\",\"target\":{\"@type\":\"EntryPoint\",\"urlTemplate\":\"https:\\\/\\\/diariodelsurdigital.com.ar\\\/?s={search_term_string}\"},\"query-input\":{\"@type\":\"PropertyValueSpecification\",\"valueRequired\":true,\"valueName\":\"search_term_string\"}}],\"inLanguage\":\"es\"},{\"@type\":\"Person\",\"@id\":\"https:\\\/\\\/diariodelsurdigital.com.ar\\\/#\\\/schema\\\/person\\\/6136a32571657f7dba980b88b04c5465\",\"name\":\"Diario del Sur Digital\",\"image\":{\"@type\":\"ImageObject\",\"inLanguage\":\"es\",\"@id\":\"https:\\\/\\\/secure.gravatar.com\\\/avatar\\\/4c29ceac98541dd42460b2474aaa5dd37594d6ce6cb3cf2c101d09b48ee287ba?s=96&d=mm&r=g\",\"url\":\"https:\\\/\\\/secure.gravatar.com\\\/avatar\\\/4c29ceac98541dd42460b2474aaa5dd37594d6ce6cb3cf2c101d09b48ee287ba?s=96&d=mm&r=g\",\"contentUrl\":\"https:\\\/\\\/secure.gravatar.com\\\/avatar\\\/4c29ceac98541dd42460b2474aaa5dd37594d6ce6cb3cf2c101d09b48ee287ba?s=96&d=mm&r=g\",\"caption\":\"Diario del Sur Digital\"},\"url\":\"https:\\\/\\\/diariodelsurdigital.com.ar\\\/?author=2\"}]}<\/script>\n<!-- \/ Yoast SEO plugin. -->","yoast_head_json":{"title":"Falleci\u00f3 ciclista concordiense luego de un accidente - Diario del Sur","robots":{"index":"index","follow":"follow","max-snippet":"max-snippet:-1","max-image-preview":"max-image-preview:large","max-video-preview":"max-video-preview:-1"},"canonical":"https:\/\/diariodelsurdigital.com.ar\/?p=6873","og_locale":"es_ES","og_type":"article","og_title":"Falleci\u00f3 ciclista concordiense luego de un accidente - Diario del Sur","og_description":"Jos\u00e9 Mar\u00eda Mart\u00ednez, nueve veces campe\u00f3n argentino de ruta y pista, dej\u00f3 una huella imborrable en el deporte local y nacional. En vida, fue homenajeado en numerosas competencias organizadas en Concordia. La comunidad deportiva de Concordia atraviesa horas de pesar tras conocerse el fallecimiento de una de las m\u00e1ximas figuras del ciclismo local y nacional. [&hellip;]","og_url":"https:\/\/diariodelsurdigital.com.ar\/?p=6873","og_site_name":"Diario del Sur","article_published_time":"2026-02-09T02:16:24+00:00","article_modified_time":"2026-02-09T02:16:25+00:00","og_image":[{"width":384,"height":256,"url":"https:\/\/diariodelsurdigital.com.ar\/wp-content\/uploads\/2026\/02\/l_1770561556_62087.png","type":"image\/png"}],"author":"Diario del Sur Digital","twitter_card":"summary_large_image","twitter_misc":{"Escrito por":"Diario del Sur Digital","Tiempo de lectura":"3 minutos"},"schema":{"@context":"https:\/\/schema.org","@graph":[{"@type":"Article","@id":"https:\/\/diariodelsurdigital.com.ar\/?p=6873#article","isPartOf":{"@id":"https:\/\/diariodelsurdigital.com.ar\/?p=6873"},"author":{"name":"Diario del Sur Digital","@id":"https:\/\/diariodelsurdigital.com.ar\/#\/schema\/person\/6136a32571657f7dba980b88b04c5465"},"headline":"Falleci\u00f3 ciclista concordiense luego de un accidente","datePublished":"2026-02-09T02:16:24+00:00","dateModified":"2026-02-09T02:16:25+00:00","mainEntityOfPage":{"@id":"https:\/\/diariodelsurdigital.com.ar\/?p=6873"},"wordCount":540,"commentCount":0,"image":{"@id":"https:\/\/diariodelsurdigital.com.ar\/?p=6873#primaryimage"},"thumbnailUrl":"https:\/\/diariodelsurdigital.com.ar\/wp-content\/uploads\/2026\/02\/l_1770561556_62087.png","articleSection":["Inter\u00e9s General","Locales"],"inLanguage":"es","potentialAction":[{"@type":"CommentAction","name":"Comment","target":["https:\/\/diariodelsurdigital.com.ar\/?p=6873#respond"]}]},{"@type":"WebPage","@id":"https:\/\/diariodelsurdigital.com.ar\/?p=6873","url":"https:\/\/diariodelsurdigital.com.ar\/?p=6873","name":"Falleci\u00f3 ciclista concordiense luego de un accidente - Diario del Sur","isPartOf":{"@id":"https:\/\/diariodelsurdigital.com.ar\/#website"},"primaryImageOfPage":{"@id":"https:\/\/diariodelsurdigital.com.ar\/?p=6873#primaryimage"},"image":{"@id":"https:\/\/diariodelsurdigital.com.ar\/?p=6873#primaryimage"},"thumbnailUrl":"https:\/\/diariodelsurdigital.com.ar\/wp-content\/uploads\/2026\/02\/l_1770561556_62087.png","datePublished":"2026-02-09T02:16:24+00:00","dateModified":"2026-02-09T02:16:25+00:00","author":{"@id":"https:\/\/diariodelsurdigital.com.ar\/#\/schema\/person\/6136a32571657f7dba980b88b04c5465"},"breadcrumb":{"@id":"https:\/\/diariodelsurdigital.com.ar\/?p=6873#breadcrumb"},"inLanguage":"es","potentialAction":[{"@type":"ReadAction","target":["https:\/\/diariodelsurdigital.com.ar\/?p=6873"]}]},{"@type":"ImageObject","inLanguage":"es","@id":"https:\/\/diariodelsurdigital.com.ar\/?p=6873#primaryimage","url":"https:\/\/diariodelsurdigital.com.ar\/wp-content\/uploads\/2026\/02\/l_1770561556_62087.png","contentUrl":"https:\/\/diariodelsurdigital.com.ar\/wp-content\/uploads\/2026\/02\/l_1770561556_62087.png","width":384,"height":256},{"@type":"BreadcrumbList","@id":"https:\/\/diariodelsurdigital.com.ar\/?p=6873#breadcrumb","itemListElement":[{"@type":"ListItem","position":1,"name":"Portada","item":"https:\/\/diariodelsurdigital.com.ar\/"},{"@type":"ListItem","position":2,"name":"Falleci\u00f3 ciclista concordiense luego de un accidente"}]},{"@type":"WebSite","@id":"https:\/\/diariodelsurdigital.com.ar\/#website","url":"https:\/\/diariodelsurdigital.com.ar\/","name":"Diario del Sur","description":"Digital","potentialAction":[{"@type":"SearchAction","target":{"@type":"EntryPoint","urlTemplate":"https:\/\/diariodelsurdigital.com.ar\/?s={search_term_string}"},"query-input":{"@type":"PropertyValueSpecification","valueRequired":true,"valueName":"search_term_string"}}],"inLanguage":"es"},{"@type":"Person","@id":"https:\/\/diariodelsurdigital.com.ar\/#\/schema\/person\/6136a32571657f7dba980b88b04c5465","name":"Diario del Sur Digital","image":{"@type":"ImageObject","inLanguage":"es","@id":"https:\/\/secure.gravatar.com\/avatar\/4c29ceac98541dd42460b2474aaa5dd37594d6ce6cb3cf2c101d09b48ee287ba?s=96&d=mm&r=g","url":"https:\/\/secure.gravatar.com\/avatar\/4c29ceac98541dd42460b2474aaa5dd37594d6ce6cb3cf2c101d09b48ee287ba?s=96&d=mm&r=g","contentUrl":"https:\/\/secure.gravatar.com\/avatar\/4c29ceac98541dd42460b2474aaa5dd37594d6ce6cb3cf2c101d09b48ee287ba?s=96&d=mm&r=g","caption":"Diario del Sur Digital"},"url":"https:\/\/diariodelsurdigital.com.ar\/?author=2"}]}},"_links":{"self":[{"href":"https:\/\/diariodelsurdigital.com.ar\/index.php?rest_route=\/wp\/v2\/posts\/6873","targetHints":{"allow":["GET"]}}],"collection":[{"href":"https:\/\/diariodelsurdigital.com.ar\/index.php?rest_route=\/wp\/v2\/posts"}],"about":[{"href":"https:\/\/diariodelsurdigital.com.ar\/index.php?rest_route=\/wp\/v2\/types\/post"}],"author":[{"embeddable":true,"href":"https:\/\/diariodelsurdigital.com.ar\/index.php?rest_route=\/wp\/v2\/users\/2"}],"replies":[{"embeddable":true,"href":"https:\/\/diariodelsurdigital.com.ar\/index.php?rest_route=%2Fwp%2Fv2%2Fcomments&post=6873"}],"version-history":[{"count":1,"href":"https:\/\/diariodelsurdigital.com.ar\/index.php?rest_route=\/wp\/v2\/posts\/6873\/revisions"}],"predecessor-version":[{"id":6875,"href":"https:\/\/diariodelsurdigital.com.ar\/index.php?rest_route=\/wp\/v2\/posts\/6873\/revisions\/6875"}],"wp:featuredmedia":[{"embeddable":true,"href":"https:\/\/diariodelsurdigital.com.ar\/index.php?rest_route=\/wp\/v2\/media\/6874"}],"wp:attachment":[{"href":"https:\/\/diariodelsurdigital.com.ar\/index.php?rest_route=%2Fwp%2Fv2%2Fmedia&parent=6873"}],"wp:term":[{"taxonomy":"category","embeddable":true,"href":"https:\/\/diariodelsurdigital.com.ar\/index.php?rest_route=%2Fwp%2Fv2%2Fcategories&post=6873"},{"taxonomy":"post_tag","embeddable":true,"href":"https:\/\/diariodelsurdigital.com.ar\/index.php?rest_route=%2Fwp%2Fv2%2Ftags&post=6873"}],"curies":[{"name":"wp","href":"https:\/\/api.w.org\/{rel}","templated":true}]}}