{"id":6879,"date":"2026-02-08T23:29:33","date_gmt":"2026-02-09T02:29:33","guid":{"rendered":"https:\/\/diariodelsurdigital.com.ar\/?p=6879"},"modified":"2026-02-08T23:29:33","modified_gmt":"2026-02-09T02:29:33","slug":"despedida-del-municipio-senalo-que-el-ajuste-cae-sobre-los-trabajadores-mientras-el-poder-se-premia-a-si-mismo","status":"publish","type":"post","link":"https:\/\/diariodelsurdigital.com.ar\/?p=6879","title":{"rendered":"Despedida del municipio se\u00f1al\u00f3 que \u201cel ajuste cae sobre los trabajadores, mientras el poder se premia a s\u00ed mismo\u201d"},"content":{"rendered":"\n<h1 class=\"wp-block-heading\" id=\"brxe-cyrbia\"><\/h1>\n\n\n\n<p id=\"brxe-mekapy\">En el marco de la gesti\u00f3n del intendente Francisco Azcu\u00e9, se ha promovido un discurso de eficiencia y austeridad fiscal, que, seg\u00fan la administraci\u00f3n municipal, tiene como objetivo racionalizar el gasto p\u00fablico debido a la ca\u00edda en los ingresos por coparticipaci\u00f3n nacional. Sin embargo, esa postura ha generado cr\u00edticas y controversia, especialmente en relaci\u00f3n con el despido de 130 trabajadores contratados al final del a\u00f1o pasado. Y a eso se suma la posterior actualizaci\u00f3n de los haberes de los funcionarios pol\u00edticos, al vencer el periodo de congelamiento de sueldos de funcionarios y concejales. Una de las empleadas que qued\u00f3 sin renovaci\u00f3n de su contrato a fines del a\u00f1o pasado, Claudia Garcia, quien se desempe\u00f1\u00f3 varios a\u00f1os en la Radio P\u00fablica , se hizo eco de las cr\u00edticas del secretario general de ATE Concordia, Pedro P\u00e9rez. \u201cNo hubo di\u00e1logo, no hubo justificaci\u00f3n v\u00e1lida. Solo hubo despidos y un mensaje claro: el ajuste cae sobre los trabajadores, mientras el poder se premia a s\u00ed mismo\u201d.<a href=\"https:\/\/t.me\/share\/url?url=https:\/\/www.diariojunio.com.ar\/despedida-del-municipio-reflexiono-el-ajuste-cae-sobre-los-trabajadores-mientras-el-poder-se-premia-a-si-mismo\/\" target=\"_blank\" rel=\"noreferrer noopener\"><\/a><a href=\"https:\/\/www.facebook.com\/sharer\/sharer.php?u=https:\/\/www.diariojunio.com.ar\/despedida-del-municipio-reflexiono-el-ajuste-cae-sobre-los-trabajadores-mientras-el-poder-se-premia-a-si-mismo\/\" target=\"_blank\" rel=\"noreferrer noopener\"><\/a><a href=\"https:\/\/twitter.com\/intent\/tweet?url=https:\/\/www.diariojunio.com.ar\/despedida-del-municipio-reflexiono-el-ajuste-cae-sobre-los-trabajadores-mientras-el-poder-se-premia-a-si-mismo\/\" target=\"_blank\" rel=\"noreferrer noopener\"><\/a><a href=\"https:\/\/wa.me\/?text=https:\/\/www.diariojunio.com.ar\/despedida-del-municipio-reflexiono-el-ajuste-cae-sobre-los-trabajadores-mientras-el-poder-se-premia-a-si-mismo\/\" target=\"_blank\" rel=\"noreferrer noopener\"><\/a><\/p>\n\n\n\n<p>\u201cComo trabajador despedido, esta publicaci\u00f3n no me genera sorpresa, pero s\u00ed una profunda indignaci\u00f3n. Nuestros despidos nunca fueron por austeridad ni por eficiencia. A la vista est\u00e1 que significaron, en los hechos, un aumento para funcionarios y concejales. A nosotros nos sacaron del trabajo; a ellos los mejoraron el sueldo\u201d, remarc\u00f3 Garc\u00eda a trav\u00e9s de las redes sociales.<\/p>\n\n\n\n<p>\u201cSe nos dijo que con nuestra salida iban a mejorar los servicios y la calidad de vida de los concordenses. La realidad es otra: familias enteras quedaron sin ingresos, con cuentas impagas, con chicos que no saben si van a poder empezar las clases, mientras un grupo reducido se reparte m\u00e1s recursos. Eso no se gestion\u00f3 responsable, es una decisi\u00f3n pol\u00edtica injusta\u201d, expres\u00f3 la mujer en las redes sociales.<\/p>\n\n\n\n<p>\u201cHablan de violencia y amedrentamiento, pero la verdadera violencia es dejar a 130 familias en la calle, no atender a los gremios, no dar explicaciones reales y sostener una ayuda escolar humillante de $ 700, que no alcanza ni para lo m\u00e1s b\u00e1sico. No hubo di\u00e1logo, no hubo justificaci\u00f3n v\u00e1lida. Solo hubo despidos y un mensaje claro: el ajuste cae sobre los trabajadores, mientras el poder se premia a s\u00ed mismo\u201d.<\/p>\n\n\n\n<p>En enero se termin\u00f3 el congelamiento salarial dictaminado a mediados del a\u00f1o pasado de los funcionarios pol\u00edticos y los concejales y los haberes que perciben tanto unos como otros se actualizaron de acuerdo a los incrementos que recibieron los empleados en ese periodo. Ayer, P\u00e9rez, sostuvo que analizaron lo que se gastaba en el Concejo Deliberante y en distintas secretarias. \u201cY nos encontramos que en el Concejo han dejado afuera a seis compa\u00f1eros que trabajaban pero, a su vez, han recibido aumentos los concejales y la viceintendenta Magdalena Reta\u201d, indic\u00f3.<\/p>\n\n\n\n<p>En ese sentido, ATE -a trav\u00e9s de un an\u00e1lisis efectuado por cuenta propia- hizo notar que, en diciembre del 2025, el municipio hab\u00eda gastado $ 45.633.415,95 en los 13 concejales y la presidenta del cuerpo, Magdalena Reta de Urquiza. El 31 de diciembre, hab\u00eda despedido a seis trabajadores del Concejo. El total gastado en esos seis trabajadores en diciembre del 2025 fue $ 4.390.925.<\/p>\n\n\n\n<p>En enero de 2026, gast\u00f3 $ 50.555.639. Cada concejal recibi\u00f3 un aumento estimativo de $ 300.000 respecto al mes anterior. \u201cEs decir, el Municipio gast\u00f3 en enero del 2026 $ 4.922.223,48 m\u00e1s que en diciembre del 2025 en los sueldos de los concejales y la presidenta del cuerpo\u201d, se\u00f1alaron desde ATE. \u00a0\u201cEs decir que hubo una clara transferencia de recursos desde un grupo de trabajadores a favor de un grupo de funcionarios que, en\u00a0diciembre del 2025, ya cobraban m\u00e1s de $ 3.200.000. Hoy, cada uno de ellos cobra, al menos, m\u00e1s de $ 3.500.000\u201d, remarcaron desde ATE.<\/p>\n\n\n\n<p>Fuente: Diario Junio<\/p>\n","protected":false},"excerpt":{"rendered":"<p>En el marco de la gesti\u00f3n del intendente Francisco Azcu\u00e9, se ha promovido un discurso de eficiencia y austeridad fiscal, que, seg\u00fan la administraci\u00f3n municipal, tiene como objetivo racionalizar el gasto p\u00fablico debido a la ca\u00edda en los ingresos por coparticipaci\u00f3n nacional. Sin embargo, esa postura ha generado cr\u00edticas y controversia, especialmente en relaci\u00f3n con [&hellip;]<\/p>\n","protected":false},"author":2,"featured_media":6880,"comment_status":"open","ping_status":"open","sticky":false,"template":"","format":"standard","meta":{"footnotes":""},"categories":[16,22],"tags":[],"class_list":{"0":"post-6879","1":"post","2":"type-post","3":"status-publish","4":"format-standard","5":"has-post-thumbnail","7":"category-locales","8":"category-politica"},"yoast_head":"<!-- This site is optimized with the Yoast SEO plugin v27.4 - https:\/\/yoast.com\/product\/yoast-seo-wordpress\/ -->\n<title>Despedida del municipio se\u00f1al\u00f3 que \u201cel ajuste cae sobre los trabajadores, mientras el poder se premia a s\u00ed mismo\u201d - Diario del Sur<\/title>\n<meta name=\"robots\" content=\"index, follow, max-snippet:-1, max-image-preview:large, max-video-preview:-1\" \/>\n<link rel=\"canonical\" href=\"https:\/\/diariodelsurdigital.com.ar\/?p=6879\" \/>\n<meta property=\"og:locale\" content=\"es_ES\" \/>\n<meta property=\"og:type\" content=\"article\" \/>\n<meta property=\"og:title\" content=\"Despedida del municipio se\u00f1al\u00f3 que \u201cel ajuste cae sobre los trabajadores, mientras el poder se premia a s\u00ed mismo\u201d - Diario del Sur\" \/>\n<meta property=\"og:description\" content=\"En el marco de la gesti\u00f3n del intendente Francisco Azcu\u00e9, se ha promovido un discurso de eficiencia y austeridad fiscal, que, seg\u00fan la administraci\u00f3n municipal, tiene como objetivo racionalizar el gasto p\u00fablico debido a la ca\u00edda en los ingresos por coparticipaci\u00f3n nacional. Sin embargo, esa postura ha generado cr\u00edticas y controversia, especialmente en relaci\u00f3n con [&hellip;]\" \/>\n<meta property=\"og:url\" content=\"https:\/\/diariodelsurdigital.com.ar\/?p=6879\" \/>\n<meta property=\"og:site_name\" content=\"Diario del Sur\" \/>\n<meta property=\"article:published_time\" content=\"2026-02-09T02:29:33+00:00\" \/>\n<meta property=\"og:image\" content=\"https:\/\/diariodelsurdigital.com.ar\/wp-content\/uploads\/2026\/02\/AZCUE-NUEVO-INTENDENTE-DE-CONCORDIA.jpg\" \/>\n\t<meta property=\"og:image:width\" content=\"434\" \/>\n\t<meta property=\"og:image:height\" content=\"294\" \/>\n\t<meta property=\"og:image:type\" content=\"image\/jpeg\" \/>\n<meta name=\"author\" content=\"Diario del Sur Digital\" \/>\n<meta name=\"twitter:card\" content=\"summary_large_image\" \/>\n<meta name=\"twitter:label1\" content=\"Escrito por\" \/>\n\t<meta name=\"twitter:data1\" content=\"Diario del Sur Digital\" \/>\n\t<meta name=\"twitter:label2\" content=\"Tiempo de lectura\" \/>\n\t<meta name=\"twitter:data2\" content=\"4 minutos\" \/>\n<script type=\"application\/ld+json\" class=\"yoast-schema-graph\">{\"@context\":\"https:\\\/\\\/schema.org\",\"@graph\":[{\"@type\":\"Article\",\"@id\":\"https:\\\/\\\/diariodelsurdigital.com.ar\\\/?p=6879#article\",\"isPartOf\":{\"@id\":\"https:\\\/\\\/diariodelsurdigital.com.ar\\\/?p=6879\"},\"author\":{\"name\":\"Diario del Sur Digital\",\"@id\":\"https:\\\/\\\/diariodelsurdigital.com.ar\\\/#\\\/schema\\\/person\\\/6136a32571657f7dba980b88b04c5465\"},\"headline\":\"Despedida del municipio se\u00f1al\u00f3 que \u201cel ajuste cae sobre los trabajadores, mientras el poder se premia a s\u00ed mismo\u201d\",\"datePublished\":\"2026-02-09T02:29:33+00:00\",\"mainEntityOfPage\":{\"@id\":\"https:\\\/\\\/diariodelsurdigital.com.ar\\\/?p=6879\"},\"wordCount\":653,\"commentCount\":0,\"image\":{\"@id\":\"https:\\\/\\\/diariodelsurdigital.com.ar\\\/?p=6879#primaryimage\"},\"thumbnailUrl\":\"https:\\\/\\\/diariodelsurdigital.com.ar\\\/wp-content\\\/uploads\\\/2026\\\/02\\\/AZCUE-NUEVO-INTENDENTE-DE-CONCORDIA.jpg\",\"articleSection\":[\"Locales\",\"Pol\u00edtica\"],\"inLanguage\":\"es\",\"potentialAction\":[{\"@type\":\"CommentAction\",\"name\":\"Comment\",\"target\":[\"https:\\\/\\\/diariodelsurdigital.com.ar\\\/?p=6879#respond\"]}]},{\"@type\":\"WebPage\",\"@id\":\"https:\\\/\\\/diariodelsurdigital.com.ar\\\/?p=6879\",\"url\":\"https:\\\/\\\/diariodelsurdigital.com.ar\\\/?p=6879\",\"name\":\"Despedida del municipio se\u00f1al\u00f3 que \u201cel ajuste cae sobre los trabajadores, mientras el poder se premia a s\u00ed mismo\u201d - Diario del Sur\",\"isPartOf\":{\"@id\":\"https:\\\/\\\/diariodelsurdigital.com.ar\\\/#website\"},\"primaryImageOfPage\":{\"@id\":\"https:\\\/\\\/diariodelsurdigital.com.ar\\\/?p=6879#primaryimage\"},\"image\":{\"@id\":\"https:\\\/\\\/diariodelsurdigital.com.ar\\\/?p=6879#primaryimage\"},\"thumbnailUrl\":\"https:\\\/\\\/diariodelsurdigital.com.ar\\\/wp-content\\\/uploads\\\/2026\\\/02\\\/AZCUE-NUEVO-INTENDENTE-DE-CONCORDIA.jpg\",\"datePublished\":\"2026-02-09T02:29:33+00:00\",\"author\":{\"@id\":\"https:\\\/\\\/diariodelsurdigital.com.ar\\\/#\\\/schema\\\/person\\\/6136a32571657f7dba980b88b04c5465\"},\"breadcrumb\":{\"@id\":\"https:\\\/\\\/diariodelsurdigital.com.ar\\\/?p=6879#breadcrumb\"},\"inLanguage\":\"es\",\"potentialAction\":[{\"@type\":\"ReadAction\",\"target\":[\"https:\\\/\\\/diariodelsurdigital.com.ar\\\/?p=6879\"]}]},{\"@type\":\"ImageObject\",\"inLanguage\":\"es\",\"@id\":\"https:\\\/\\\/diariodelsurdigital.com.ar\\\/?p=6879#primaryimage\",\"url\":\"https:\\\/\\\/diariodelsurdigital.com.ar\\\/wp-content\\\/uploads\\\/2026\\\/02\\\/AZCUE-NUEVO-INTENDENTE-DE-CONCORDIA.jpg\",\"contentUrl\":\"https:\\\/\\\/diariodelsurdigital.com.ar\\\/wp-content\\\/uploads\\\/2026\\\/02\\\/AZCUE-NUEVO-INTENDENTE-DE-CONCORDIA.jpg\",\"width\":434,\"height\":294},{\"@type\":\"BreadcrumbList\",\"@id\":\"https:\\\/\\\/diariodelsurdigital.com.ar\\\/?p=6879#breadcrumb\",\"itemListElement\":[{\"@type\":\"ListItem\",\"position\":1,\"name\":\"Portada\",\"item\":\"https:\\\/\\\/diariodelsurdigital.com.ar\\\/\"},{\"@type\":\"ListItem\",\"position\":2,\"name\":\"Despedida del municipio se\u00f1al\u00f3 que \u201cel ajuste cae sobre los trabajadores, mientras el poder se premia a s\u00ed mismo\u201d\"}]},{\"@type\":\"WebSite\",\"@id\":\"https:\\\/\\\/diariodelsurdigital.com.ar\\\/#website\",\"url\":\"https:\\\/\\\/diariodelsurdigital.com.ar\\\/\",\"name\":\"Diario del Sur\",\"description\":\"Digital\",\"potentialAction\":[{\"@type\":\"SearchAction\",\"target\":{\"@type\":\"EntryPoint\",\"urlTemplate\":\"https:\\\/\\\/diariodelsurdigital.com.ar\\\/?s={search_term_string}\"},\"query-input\":{\"@type\":\"PropertyValueSpecification\",\"valueRequired\":true,\"valueName\":\"search_term_string\"}}],\"inLanguage\":\"es\"},{\"@type\":\"Person\",\"@id\":\"https:\\\/\\\/diariodelsurdigital.com.ar\\\/#\\\/schema\\\/person\\\/6136a32571657f7dba980b88b04c5465\",\"name\":\"Diario del Sur Digital\",\"image\":{\"@type\":\"ImageObject\",\"inLanguage\":\"es\",\"@id\":\"https:\\\/\\\/secure.gravatar.com\\\/avatar\\\/4c29ceac98541dd42460b2474aaa5dd37594d6ce6cb3cf2c101d09b48ee287ba?s=96&d=mm&r=g\",\"url\":\"https:\\\/\\\/secure.gravatar.com\\\/avatar\\\/4c29ceac98541dd42460b2474aaa5dd37594d6ce6cb3cf2c101d09b48ee287ba?s=96&d=mm&r=g\",\"contentUrl\":\"https:\\\/\\\/secure.gravatar.com\\\/avatar\\\/4c29ceac98541dd42460b2474aaa5dd37594d6ce6cb3cf2c101d09b48ee287ba?s=96&d=mm&r=g\",\"caption\":\"Diario del Sur Digital\"},\"url\":\"https:\\\/\\\/diariodelsurdigital.com.ar\\\/?author=2\"}]}<\/script>\n<!-- \/ Yoast SEO plugin. -->","yoast_head_json":{"title":"Despedida del municipio se\u00f1al\u00f3 que \u201cel ajuste cae sobre los trabajadores, mientras el poder se premia a s\u00ed mismo\u201d - Diario del Sur","robots":{"index":"index","follow":"follow","max-snippet":"max-snippet:-1","max-image-preview":"max-image-preview:large","max-video-preview":"max-video-preview:-1"},"canonical":"https:\/\/diariodelsurdigital.com.ar\/?p=6879","og_locale":"es_ES","og_type":"article","og_title":"Despedida del municipio se\u00f1al\u00f3 que \u201cel ajuste cae sobre los trabajadores, mientras el poder se premia a s\u00ed mismo\u201d - Diario del Sur","og_description":"En el marco de la gesti\u00f3n del intendente Francisco Azcu\u00e9, se ha promovido un discurso de eficiencia y austeridad fiscal, que, seg\u00fan la administraci\u00f3n municipal, tiene como objetivo racionalizar el gasto p\u00fablico debido a la ca\u00edda en los ingresos por coparticipaci\u00f3n nacional. Sin embargo, esa postura ha generado cr\u00edticas y controversia, especialmente en relaci\u00f3n con [&hellip;]","og_url":"https:\/\/diariodelsurdigital.com.ar\/?p=6879","og_site_name":"Diario del Sur","article_published_time":"2026-02-09T02:29:33+00:00","og_image":[{"width":434,"height":294,"url":"https:\/\/diariodelsurdigital.com.ar\/wp-content\/uploads\/2026\/02\/AZCUE-NUEVO-INTENDENTE-DE-CONCORDIA.jpg","type":"image\/jpeg"}],"author":"Diario del Sur Digital","twitter_card":"summary_large_image","twitter_misc":{"Escrito por":"Diario del Sur Digital","Tiempo de lectura":"4 minutos"},"schema":{"@context":"https:\/\/schema.org","@graph":[{"@type":"Article","@id":"https:\/\/diariodelsurdigital.com.ar\/?p=6879#article","isPartOf":{"@id":"https:\/\/diariodelsurdigital.com.ar\/?p=6879"},"author":{"name":"Diario del Sur Digital","@id":"https:\/\/diariodelsurdigital.com.ar\/#\/schema\/person\/6136a32571657f7dba980b88b04c5465"},"headline":"Despedida del municipio se\u00f1al\u00f3 que \u201cel ajuste cae sobre los trabajadores, mientras el poder se premia a s\u00ed mismo\u201d","datePublished":"2026-02-09T02:29:33+00:00","mainEntityOfPage":{"@id":"https:\/\/diariodelsurdigital.com.ar\/?p=6879"},"wordCount":653,"commentCount":0,"image":{"@id":"https:\/\/diariodelsurdigital.com.ar\/?p=6879#primaryimage"},"thumbnailUrl":"https:\/\/diariodelsurdigital.com.ar\/wp-content\/uploads\/2026\/02\/AZCUE-NUEVO-INTENDENTE-DE-CONCORDIA.jpg","articleSection":["Locales","Pol\u00edtica"],"inLanguage":"es","potentialAction":[{"@type":"CommentAction","name":"Comment","target":["https:\/\/diariodelsurdigital.com.ar\/?p=6879#respond"]}]},{"@type":"WebPage","@id":"https:\/\/diariodelsurdigital.com.ar\/?p=6879","url":"https:\/\/diariodelsurdigital.com.ar\/?p=6879","name":"Despedida del municipio se\u00f1al\u00f3 que \u201cel ajuste cae sobre los trabajadores, mientras el poder se premia a s\u00ed mismo\u201d - Diario del Sur","isPartOf":{"@id":"https:\/\/diariodelsurdigital.com.ar\/#website"},"primaryImageOfPage":{"@id":"https:\/\/diariodelsurdigital.com.ar\/?p=6879#primaryimage"},"image":{"@id":"https:\/\/diariodelsurdigital.com.ar\/?p=6879#primaryimage"},"thumbnailUrl":"https:\/\/diariodelsurdigital.com.ar\/wp-content\/uploads\/2026\/02\/AZCUE-NUEVO-INTENDENTE-DE-CONCORDIA.jpg","datePublished":"2026-02-09T02:29:33+00:00","author":{"@id":"https:\/\/diariodelsurdigital.com.ar\/#\/schema\/person\/6136a32571657f7dba980b88b04c5465"},"breadcrumb":{"@id":"https:\/\/diariodelsurdigital.com.ar\/?p=6879#breadcrumb"},"inLanguage":"es","potentialAction":[{"@type":"ReadAction","target":["https:\/\/diariodelsurdigital.com.ar\/?p=6879"]}]},{"@type":"ImageObject","inLanguage":"es","@id":"https:\/\/diariodelsurdigital.com.ar\/?p=6879#primaryimage","url":"https:\/\/diariodelsurdigital.com.ar\/wp-content\/uploads\/2026\/02\/AZCUE-NUEVO-INTENDENTE-DE-CONCORDIA.jpg","contentUrl":"https:\/\/diariodelsurdigital.com.ar\/wp-content\/uploads\/2026\/02\/AZCUE-NUEVO-INTENDENTE-DE-CONCORDIA.jpg","width":434,"height":294},{"@type":"BreadcrumbList","@id":"https:\/\/diariodelsurdigital.com.ar\/?p=6879#breadcrumb","itemListElement":[{"@type":"ListItem","position":1,"name":"Portada","item":"https:\/\/diariodelsurdigital.com.ar\/"},{"@type":"ListItem","position":2,"name":"Despedida del municipio se\u00f1al\u00f3 que \u201cel ajuste cae sobre los trabajadores, mientras el poder se premia a s\u00ed mismo\u201d"}]},{"@type":"WebSite","@id":"https:\/\/diariodelsurdigital.com.ar\/#website","url":"https:\/\/diariodelsurdigital.com.ar\/","name":"Diario del Sur","description":"Digital","potentialAction":[{"@type":"SearchAction","target":{"@type":"EntryPoint","urlTemplate":"https:\/\/diariodelsurdigital.com.ar\/?s={search_term_string}"},"query-input":{"@type":"PropertyValueSpecification","valueRequired":true,"valueName":"search_term_string"}}],"inLanguage":"es"},{"@type":"Person","@id":"https:\/\/diariodelsurdigital.com.ar\/#\/schema\/person\/6136a32571657f7dba980b88b04c5465","name":"Diario del Sur Digital","image":{"@type":"ImageObject","inLanguage":"es","@id":"https:\/\/secure.gravatar.com\/avatar\/4c29ceac98541dd42460b2474aaa5dd37594d6ce6cb3cf2c101d09b48ee287ba?s=96&d=mm&r=g","url":"https:\/\/secure.gravatar.com\/avatar\/4c29ceac98541dd42460b2474aaa5dd37594d6ce6cb3cf2c101d09b48ee287ba?s=96&d=mm&r=g","contentUrl":"https:\/\/secure.gravatar.com\/avatar\/4c29ceac98541dd42460b2474aaa5dd37594d6ce6cb3cf2c101d09b48ee287ba?s=96&d=mm&r=g","caption":"Diario del Sur Digital"},"url":"https:\/\/diariodelsurdigital.com.ar\/?author=2"}]}},"_links":{"self":[{"href":"https:\/\/diariodelsurdigital.com.ar\/index.php?rest_route=\/wp\/v2\/posts\/6879","targetHints":{"allow":["GET"]}}],"collection":[{"href":"https:\/\/diariodelsurdigital.com.ar\/index.php?rest_route=\/wp\/v2\/posts"}],"about":[{"href":"https:\/\/diariodelsurdigital.com.ar\/index.php?rest_route=\/wp\/v2\/types\/post"}],"author":[{"embeddable":true,"href":"https:\/\/diariodelsurdigital.com.ar\/index.php?rest_route=\/wp\/v2\/users\/2"}],"replies":[{"embeddable":true,"href":"https:\/\/diariodelsurdigital.com.ar\/index.php?rest_route=%2Fwp%2Fv2%2Fcomments&post=6879"}],"version-history":[{"count":1,"href":"https:\/\/diariodelsurdigital.com.ar\/index.php?rest_route=\/wp\/v2\/posts\/6879\/revisions"}],"predecessor-version":[{"id":6881,"href":"https:\/\/diariodelsurdigital.com.ar\/index.php?rest_route=\/wp\/v2\/posts\/6879\/revisions\/6881"}],"wp:featuredmedia":[{"embeddable":true,"href":"https:\/\/diariodelsurdigital.com.ar\/index.php?rest_route=\/wp\/v2\/media\/6880"}],"wp:attachment":[{"href":"https:\/\/diariodelsurdigital.com.ar\/index.php?rest_route=%2Fwp%2Fv2%2Fmedia&parent=6879"}],"wp:term":[{"taxonomy":"category","embeddable":true,"href":"https:\/\/diariodelsurdigital.com.ar\/index.php?rest_route=%2Fwp%2Fv2%2Fcategories&post=6879"},{"taxonomy":"post_tag","embeddable":true,"href":"https:\/\/diariodelsurdigital.com.ar\/index.php?rest_route=%2Fwp%2Fv2%2Ftags&post=6879"}],"curies":[{"name":"wp","href":"https:\/\/api.w.org\/{rel}","templated":true}]}}