{"id":6883,"date":"2026-02-09T09:48:40","date_gmt":"2026-02-09T12:48:40","guid":{"rendered":"https:\/\/diariodelsurdigital.com.ar\/?p=6883"},"modified":"2026-02-09T09:48:41","modified_gmt":"2026-02-09T12:48:41","slug":"el-massismo-apoyara-la-baja-de-la-edad-de-imputabilidad-y-el-peronismo-quedara-dividido-en-diputados","status":"publish","type":"post","link":"https:\/\/diariodelsurdigital.com.ar\/?p=6883","title":{"rendered":"El massismo apoyar\u00e1 la baja de la edad de imputabilidad y el peronismo quedar\u00e1 dividido en Diputados"},"content":{"rendered":"\n<p>El ex ministro de Econom\u00eda se reuni\u00f3 este jueves con algunos de los referentes de su espacio para unificar criterios. Aseguran que es la \u201cposici\u00f3n hist\u00f3rica\u201d del Frente Renovador y que no importa que sea el Gobierno quien impulse el proyecto. La sesi\u00f3n ser\u00e1 el pr\u00f3ximo jueves.<\/p>\n\n\n\n<p><br>La Libertad Avanza lleg\u00f3 a un acuerdo con algunos sectores de la oposici\u00f3n y convoc\u00f3 a una sesi\u00f3n el pr\u00f3ximo jueves para tratar el nuevo R\u00e9gimen Penal Juvenil que, entre otros puntos, baja la edad de imputabilidad de 16 a 14 a\u00f1os.<\/p>\n\n\n\n<p>Sin embargo, la principal sorpresa podr\u00eda llegar desde el peronismo: los diputados del massismo analizan votar a favor del proyecto porque coincide con \u201cla posici\u00f3n hist\u00f3rica que tuvo el Frente Renovador\u201d.<\/p>\n\n\n\n<p>El a\u00f1o pasado, cuando el proyecto del oficialismo se discuti\u00f3 en comisi\u00f3n, el peronismo present\u00f3 un dictamen de minor\u00eda con su propio r\u00e9gimen penal para adolescentes que no modificaba la edad de imputabilidad (16 a\u00f1os). Por aquel entonces, las autoridades del bloque decidieron reemplazar a los massistas Ramiro Gutierrez, M\u00f3nica Litza y Marcela Passo para que el peronismo firmara sin fisuras en contra de la propuesta de La Libertad Avanza.<\/p>\n\n\n\n<p>En ese momento, y tambi\u00e9n en la actualidad, el Frente Renovador apoyaban la baja de la edad de imputabilidad a los 14 a\u00f1os y as\u00ed lo hab\u00edan plasmado en el C\u00f3digo Penal que Sergio Massa impuls\u00f3 en 2015.<\/p>\n\n\n\n<p>Seg\u00fan pudo reconstruir Infobae, este jueves por la tarde en una reuni\u00f3n en las oficinas Avenida del Libertador 850, Massa acord\u00f3 con sus alfiles en la C\u00e1mara de Diputados que el Frente Renovador apoyar\u00eda el proyecto de Milei.<\/p>\n\n\n\n<p>\u201cMassa asegur\u00f3 que no importa que sea el Gobierno quien haya enviado el proyecto, el Frente Renovador no tiene que cambiar su posici\u00f3n. Tambi\u00e9n aclar\u00f3 que el texto tiene defectos y le faltan pol\u00edticas de reinserci\u00f3n y recuperaci\u00f3n, pero esas cr\u00edticas se van a plantear en el recinto\u201d, explic\u00f3 uno de los presentes en el encuentro.<\/p>\n\n\n\n<p>Uno de los referentes del massimo en Diputados explic\u00f3 que al proyecto de Milei le faltan \u00f3rganos de aplicaci\u00f3n, as\u00ed como las figuras del Fiscal del Joven, el Defensor del Joven, el Juez de Garant\u00edas del Joven y el Juez de Responsabilidad. \u201cTampoco tiene una cl\u00e1usula transitoria de implementaci\u00f3n con un plan maestro de infraestructura espec\u00edfica (centros cerrados, abiertos, mixtos, terap\u00e9uticos, casas de mitad de camino)\u201d, sintetizaron.<\/p>\n\n\n\n<p>Por otro lado, al ser consultados sobre la decisi\u00f3n del oficialismo de agregar un apartado presupuestario al proyecto que habilite a las provincias a firmar convenios con Naci\u00f3n para saldar las diferencias de gastos en la implementaci\u00f3n del nuevo r\u00e9gimen penal, se\u00f1alaron que \u201ces mejor que nada, pero la previsi\u00f3n deber\u00eda ser legal, no depender de la voluntad de hacer convenios entre partes\u201d.<\/p>\n\n\n\n<p>El peronismo comenzar\u00e1 este viernes con algunas reuniones para unificar criterios y sumar a la discusi\u00f3n a los nuevos diputados que asumieron tras el recambio en diciembre. En el massismo creen que legisladores de otros sectores internos del peronismo podr\u00edan terminar apoyando el proyecto. \u201cEs un voto que escapa a lo partidario, es un poco como el aborto, es un voto ideol\u00f3gico. Pero todav\u00eda no se habl\u00f3 en el bloque\u201d, explicaron.<\/p>\n\n\n\n<p>Por su parte, en la bancada libertaria adelantaron que si bien el proyecto original propon\u00eda bajar la edad de imputabilidad a los 13 a\u00f1os, respetar\u00e1n los consensos que se lograron el a\u00f1o pasado en torno a los 14 a\u00f1os. Eso le garantizar\u00eda el apoyo del PRO, la UCR, la Coalici\u00f3n C\u00edvica y Provincias Unidas.<\/p>\n\n\n\n<p>\u201cCreemos que puede haber votos del peronismo pero ni locos los tenemos en cuenta, porque si estamos con los votos muy justos, y el peronismo huele sangre, se pueden dar vuelta para hacer caer el proyecto\u201d, explic\u00f3 una persona al tanto de las negociaciones con la oposici\u00f3n.<\/p>\n\n\n\n<p>C\u00f3mo ser\u00e1 el nuevo R\u00e9gimen Penal Juvenil<\/p>\n\n\n\n<p>El nuevo r\u00e9gimen establecer\u00e1 el 14 a\u00f1os el m\u00ednimo de punibilidad y la condena m\u00e1xima ser\u00e1 de 15 a\u00f1os s\u00f3lo para delitos graves como homicidio, abuso sexual o secuestro. La privaci\u00f3n de libertad s\u00f3lo se aplicar\u00eda como \u00faltimo recurso, por lo que la prioridad ser\u00e1n las penas alternativas como tareas comunitarias, prohibiciones de aproximaci\u00f3n con las v\u00edctimas o medidas de reparaci\u00f3n del da\u00f1o causado.<\/p>\n\n\n\n<p>A su vez, se pondr\u00e1 especial \u00e9nfasis en la creaci\u00f3n de institutos especiales donde los menores condenados tuvieran garantizado el derecho a ser educados, a recibir atenci\u00f3n m\u00e9dica y tratamiento en caso de adicciones. Todo el personal de los centros de detenci\u00f3n deb\u00eda estar especializado en infancia y adolescencia. A su vez, quedaba terminantemente prohibida cualquier tipo de convivencia con detenidos mayores.<\/p>\n\n\n\n<p>Entre las penas alternativas a la prisi\u00f3n se establece la amonestaci\u00f3n, la prohibici\u00f3n de acercamiento a la v\u00edctima, servicios comunitarios, monitoreo electr\u00f3nico, reparaci\u00f3n integral del da\u00f1o, prohibici\u00f3n de concurrir a determinados lugares y la prohibici\u00f3n de conducir veh\u00edculos. La posibilidad de reemplazar la prisi\u00f3n por penas alternativas est\u00e1 prevista en delitos cuya pena de prisi\u00f3n sea de hasta 3 a\u00f1os, o de hasta diez a\u00f1os si no hubo muerte ni violencia grave, siempre con dictamen favorable del Ministerio P\u00fablico Fiscal y tras escuchar a la v\u00edctima. Adem\u00e1s, se habilitar\u00e1 la suspensi\u00f3n del proceso a prueba y la mediaci\u00f3n penal juvenil en infracciones leves, con intervenci\u00f3n obligatoria de todas las partes y consentimiento expreso de la v\u00edctima.<\/p>\n\n\n\n<p>Como medidas complementarias se incluyen programas educativos, de formaci\u00f3n ciudadana, capacitaci\u00f3n laboral, actividades culturales y deportivas, asistencia psicol\u00f3gica y m\u00e9dica, y prohibici\u00f3n de consumo de alcohol y estupefacientes, entre otras. El cumplimiento de estas medidas deber\u00e1 ser controlado por un supervisor especializado, designado por el juez, con formaci\u00f3n en educaci\u00f3n, psicolog\u00eda, trabajo social o adicciones.<\/p>\n\n\n\n<p>Adem\u00e1s, el proyecto contempla intervenciones especializadas para abordar situaciones de salud mental, consumo problem\u00e1tico de sustancias y entornos familiares violentos. En caso de requerir internaci\u00f3n, se deb\u00eda notificar al juez civil competente para asegurar el seguimiento adecuado del caso.<\/p>\n","protected":false},"excerpt":{"rendered":"<p>El ex ministro de Econom\u00eda se reuni\u00f3 este jueves con algunos de los referentes de su espacio para unificar criterios. Aseguran que es la \u201cposici\u00f3n hist\u00f3rica\u201d del Frente Renovador y que no importa que sea el Gobierno quien impulse el proyecto. La sesi\u00f3n ser\u00e1 el pr\u00f3ximo jueves. La Libertad Avanza lleg\u00f3 a un acuerdo con [&hellip;]<\/p>\n","protected":false},"author":4,"featured_media":6884,"comment_status":"open","ping_status":"open","sticky":false,"template":"","format":"standard","meta":{"footnotes":""},"categories":[18,22],"tags":[],"class_list":{"0":"post-6883","1":"post","2":"type-post","3":"status-publish","4":"format-standard","5":"has-post-thumbnail","7":"category-nacionales","8":"category-politica"},"yoast_head":"<!-- This site is optimized with the Yoast SEO plugin v27.4 - https:\/\/yoast.com\/product\/yoast-seo-wordpress\/ -->\n<title>El massismo apoyar\u00e1 la baja de la edad de imputabilidad y el peronismo quedar\u00e1 dividido en Diputados - Diario del Sur<\/title>\n<meta name=\"robots\" content=\"index, follow, max-snippet:-1, max-image-preview:large, max-video-preview:-1\" \/>\n<link rel=\"canonical\" href=\"https:\/\/diariodelsurdigital.com.ar\/?p=6883\" \/>\n<meta property=\"og:locale\" content=\"es_ES\" \/>\n<meta property=\"og:type\" content=\"article\" \/>\n<meta property=\"og:title\" content=\"El massismo apoyar\u00e1 la baja de la edad de imputabilidad y el peronismo quedar\u00e1 dividido en Diputados - Diario del Sur\" \/>\n<meta property=\"og:description\" content=\"El ex ministro de Econom\u00eda se reuni\u00f3 este jueves con algunos de los referentes de su espacio para unificar criterios. Aseguran que es la \u201cposici\u00f3n hist\u00f3rica\u201d del Frente Renovador y que no importa que sea el Gobierno quien impulse el proyecto. La sesi\u00f3n ser\u00e1 el pr\u00f3ximo jueves. La Libertad Avanza lleg\u00f3 a un acuerdo con [&hellip;]\" \/>\n<meta property=\"og:url\" content=\"https:\/\/diariodelsurdigital.com.ar\/?p=6883\" \/>\n<meta property=\"og:site_name\" content=\"Diario del Sur\" \/>\n<meta property=\"article:published_time\" content=\"2026-02-09T12:48:40+00:00\" \/>\n<meta property=\"article:modified_time\" content=\"2026-02-09T12:48:41+00:00\" \/>\n<meta property=\"og:image\" content=\"https:\/\/diariodelsurdigital.com.ar\/wp-content\/uploads\/2026\/02\/md-19.webp\" \/>\n\t<meta property=\"og:image:width\" content=\"992\" \/>\n\t<meta property=\"og:image:height\" content=\"609\" \/>\n\t<meta property=\"og:image:type\" content=\"image\/webp\" \/>\n<meta name=\"author\" content=\"Diario del Sur Digital\" \/>\n<meta name=\"twitter:card\" content=\"summary_large_image\" \/>\n<meta name=\"twitter:label1\" content=\"Escrito por\" \/>\n\t<meta name=\"twitter:data1\" content=\"Diario del Sur Digital\" \/>\n\t<meta name=\"twitter:label2\" content=\"Tiempo de lectura\" \/>\n\t<meta name=\"twitter:data2\" content=\"5 minutos\" \/>\n<script type=\"application\/ld+json\" class=\"yoast-schema-graph\">{\"@context\":\"https:\\\/\\\/schema.org\",\"@graph\":[{\"@type\":\"Article\",\"@id\":\"https:\\\/\\\/diariodelsurdigital.com.ar\\\/?p=6883#article\",\"isPartOf\":{\"@id\":\"https:\\\/\\\/diariodelsurdigital.com.ar\\\/?p=6883\"},\"author\":{\"name\":\"Diario del Sur Digital\",\"@id\":\"https:\\\/\\\/diariodelsurdigital.com.ar\\\/#\\\/schema\\\/person\\\/1a4992532ed62965c968031b49195c81\"},\"headline\":\"El massismo apoyar\u00e1 la baja de la edad de imputabilidad y el peronismo quedar\u00e1 dividido en Diputados\",\"datePublished\":\"2026-02-09T12:48:40+00:00\",\"dateModified\":\"2026-02-09T12:48:41+00:00\",\"mainEntityOfPage\":{\"@id\":\"https:\\\/\\\/diariodelsurdigital.com.ar\\\/?p=6883\"},\"wordCount\":1086,\"commentCount\":0,\"image\":{\"@id\":\"https:\\\/\\\/diariodelsurdigital.com.ar\\\/?p=6883#primaryimage\"},\"thumbnailUrl\":\"https:\\\/\\\/diariodelsurdigital.com.ar\\\/wp-content\\\/uploads\\\/2026\\\/02\\\/md-19.webp\",\"articleSection\":[\"Nacionales\",\"Pol\u00edtica\"],\"inLanguage\":\"es\",\"potentialAction\":[{\"@type\":\"CommentAction\",\"name\":\"Comment\",\"target\":[\"https:\\\/\\\/diariodelsurdigital.com.ar\\\/?p=6883#respond\"]}]},{\"@type\":\"WebPage\",\"@id\":\"https:\\\/\\\/diariodelsurdigital.com.ar\\\/?p=6883\",\"url\":\"https:\\\/\\\/diariodelsurdigital.com.ar\\\/?p=6883\",\"name\":\"El massismo apoyar\u00e1 la baja de la edad de imputabilidad y el peronismo quedar\u00e1 dividido en Diputados - Diario del Sur\",\"isPartOf\":{\"@id\":\"https:\\\/\\\/diariodelsurdigital.com.ar\\\/#website\"},\"primaryImageOfPage\":{\"@id\":\"https:\\\/\\\/diariodelsurdigital.com.ar\\\/?p=6883#primaryimage\"},\"image\":{\"@id\":\"https:\\\/\\\/diariodelsurdigital.com.ar\\\/?p=6883#primaryimage\"},\"thumbnailUrl\":\"https:\\\/\\\/diariodelsurdigital.com.ar\\\/wp-content\\\/uploads\\\/2026\\\/02\\\/md-19.webp\",\"datePublished\":\"2026-02-09T12:48:40+00:00\",\"dateModified\":\"2026-02-09T12:48:41+00:00\",\"author\":{\"@id\":\"https:\\\/\\\/diariodelsurdigital.com.ar\\\/#\\\/schema\\\/person\\\/1a4992532ed62965c968031b49195c81\"},\"breadcrumb\":{\"@id\":\"https:\\\/\\\/diariodelsurdigital.com.ar\\\/?p=6883#breadcrumb\"},\"inLanguage\":\"es\",\"potentialAction\":[{\"@type\":\"ReadAction\",\"target\":[\"https:\\\/\\\/diariodelsurdigital.com.ar\\\/?p=6883\"]}]},{\"@type\":\"ImageObject\",\"inLanguage\":\"es\",\"@id\":\"https:\\\/\\\/diariodelsurdigital.com.ar\\\/?p=6883#primaryimage\",\"url\":\"https:\\\/\\\/diariodelsurdigital.com.ar\\\/wp-content\\\/uploads\\\/2026\\\/02\\\/md-19.webp\",\"contentUrl\":\"https:\\\/\\\/diariodelsurdigital.com.ar\\\/wp-content\\\/uploads\\\/2026\\\/02\\\/md-19.webp\",\"width\":992,\"height\":609},{\"@type\":\"BreadcrumbList\",\"@id\":\"https:\\\/\\\/diariodelsurdigital.com.ar\\\/?p=6883#breadcrumb\",\"itemListElement\":[{\"@type\":\"ListItem\",\"position\":1,\"name\":\"Portada\",\"item\":\"https:\\\/\\\/diariodelsurdigital.com.ar\\\/\"},{\"@type\":\"ListItem\",\"position\":2,\"name\":\"El massismo apoyar\u00e1 la baja de la edad de imputabilidad y el peronismo quedar\u00e1 dividido en Diputados\"}]},{\"@type\":\"WebSite\",\"@id\":\"https:\\\/\\\/diariodelsurdigital.com.ar\\\/#website\",\"url\":\"https:\\\/\\\/diariodelsurdigital.com.ar\\\/\",\"name\":\"Diario del Sur\",\"description\":\"Digital\",\"potentialAction\":[{\"@type\":\"SearchAction\",\"target\":{\"@type\":\"EntryPoint\",\"urlTemplate\":\"https:\\\/\\\/diariodelsurdigital.com.ar\\\/?s={search_term_string}\"},\"query-input\":{\"@type\":\"PropertyValueSpecification\",\"valueRequired\":true,\"valueName\":\"search_term_string\"}}],\"inLanguage\":\"es\"},{\"@type\":\"Person\",\"@id\":\"https:\\\/\\\/diariodelsurdigital.com.ar\\\/#\\\/schema\\\/person\\\/1a4992532ed62965c968031b49195c81\",\"name\":\"Diario del Sur Digital\",\"image\":{\"@type\":\"ImageObject\",\"inLanguage\":\"es\",\"@id\":\"https:\\\/\\\/secure.gravatar.com\\\/avatar\\\/f0c7c47fc7146d19828273b9b8eda651c9c7ab583767e6338d3d3bee825adf76?s=96&d=mm&r=g\",\"url\":\"https:\\\/\\\/secure.gravatar.com\\\/avatar\\\/f0c7c47fc7146d19828273b9b8eda651c9c7ab583767e6338d3d3bee825adf76?s=96&d=mm&r=g\",\"contentUrl\":\"https:\\\/\\\/secure.gravatar.com\\\/avatar\\\/f0c7c47fc7146d19828273b9b8eda651c9c7ab583767e6338d3d3bee825adf76?s=96&d=mm&r=g\",\"caption\":\"Diario del Sur Digital\"},\"url\":\"https:\\\/\\\/diariodelsurdigital.com.ar\\\/?author=4\"}]}<\/script>\n<!-- \/ Yoast SEO plugin. -->","yoast_head_json":{"title":"El massismo apoyar\u00e1 la baja de la edad de imputabilidad y el peronismo quedar\u00e1 dividido en Diputados - Diario del Sur","robots":{"index":"index","follow":"follow","max-snippet":"max-snippet:-1","max-image-preview":"max-image-preview:large","max-video-preview":"max-video-preview:-1"},"canonical":"https:\/\/diariodelsurdigital.com.ar\/?p=6883","og_locale":"es_ES","og_type":"article","og_title":"El massismo apoyar\u00e1 la baja de la edad de imputabilidad y el peronismo quedar\u00e1 dividido en Diputados - Diario del Sur","og_description":"El ex ministro de Econom\u00eda se reuni\u00f3 este jueves con algunos de los referentes de su espacio para unificar criterios. Aseguran que es la \u201cposici\u00f3n hist\u00f3rica\u201d del Frente Renovador y que no importa que sea el Gobierno quien impulse el proyecto. La sesi\u00f3n ser\u00e1 el pr\u00f3ximo jueves. La Libertad Avanza lleg\u00f3 a un acuerdo con [&hellip;]","og_url":"https:\/\/diariodelsurdigital.com.ar\/?p=6883","og_site_name":"Diario del Sur","article_published_time":"2026-02-09T12:48:40+00:00","article_modified_time":"2026-02-09T12:48:41+00:00","og_image":[{"width":992,"height":609,"url":"https:\/\/diariodelsurdigital.com.ar\/wp-content\/uploads\/2026\/02\/md-19.webp","type":"image\/webp"}],"author":"Diario del Sur Digital","twitter_card":"summary_large_image","twitter_misc":{"Escrito por":"Diario del Sur Digital","Tiempo de lectura":"5 minutos"},"schema":{"@context":"https:\/\/schema.org","@graph":[{"@type":"Article","@id":"https:\/\/diariodelsurdigital.com.ar\/?p=6883#article","isPartOf":{"@id":"https:\/\/diariodelsurdigital.com.ar\/?p=6883"},"author":{"name":"Diario del Sur Digital","@id":"https:\/\/diariodelsurdigital.com.ar\/#\/schema\/person\/1a4992532ed62965c968031b49195c81"},"headline":"El massismo apoyar\u00e1 la baja de la edad de imputabilidad y el peronismo quedar\u00e1 dividido en Diputados","datePublished":"2026-02-09T12:48:40+00:00","dateModified":"2026-02-09T12:48:41+00:00","mainEntityOfPage":{"@id":"https:\/\/diariodelsurdigital.com.ar\/?p=6883"},"wordCount":1086,"commentCount":0,"image":{"@id":"https:\/\/diariodelsurdigital.com.ar\/?p=6883#primaryimage"},"thumbnailUrl":"https:\/\/diariodelsurdigital.com.ar\/wp-content\/uploads\/2026\/02\/md-19.webp","articleSection":["Nacionales","Pol\u00edtica"],"inLanguage":"es","potentialAction":[{"@type":"CommentAction","name":"Comment","target":["https:\/\/diariodelsurdigital.com.ar\/?p=6883#respond"]}]},{"@type":"WebPage","@id":"https:\/\/diariodelsurdigital.com.ar\/?p=6883","url":"https:\/\/diariodelsurdigital.com.ar\/?p=6883","name":"El massismo apoyar\u00e1 la baja de la edad de imputabilidad y el peronismo quedar\u00e1 dividido en Diputados - Diario del Sur","isPartOf":{"@id":"https:\/\/diariodelsurdigital.com.ar\/#website"},"primaryImageOfPage":{"@id":"https:\/\/diariodelsurdigital.com.ar\/?p=6883#primaryimage"},"image":{"@id":"https:\/\/diariodelsurdigital.com.ar\/?p=6883#primaryimage"},"thumbnailUrl":"https:\/\/diariodelsurdigital.com.ar\/wp-content\/uploads\/2026\/02\/md-19.webp","datePublished":"2026-02-09T12:48:40+00:00","dateModified":"2026-02-09T12:48:41+00:00","author":{"@id":"https:\/\/diariodelsurdigital.com.ar\/#\/schema\/person\/1a4992532ed62965c968031b49195c81"},"breadcrumb":{"@id":"https:\/\/diariodelsurdigital.com.ar\/?p=6883#breadcrumb"},"inLanguage":"es","potentialAction":[{"@type":"ReadAction","target":["https:\/\/diariodelsurdigital.com.ar\/?p=6883"]}]},{"@type":"ImageObject","inLanguage":"es","@id":"https:\/\/diariodelsurdigital.com.ar\/?p=6883#primaryimage","url":"https:\/\/diariodelsurdigital.com.ar\/wp-content\/uploads\/2026\/02\/md-19.webp","contentUrl":"https:\/\/diariodelsurdigital.com.ar\/wp-content\/uploads\/2026\/02\/md-19.webp","width":992,"height":609},{"@type":"BreadcrumbList","@id":"https:\/\/diariodelsurdigital.com.ar\/?p=6883#breadcrumb","itemListElement":[{"@type":"ListItem","position":1,"name":"Portada","item":"https:\/\/diariodelsurdigital.com.ar\/"},{"@type":"ListItem","position":2,"name":"El massismo apoyar\u00e1 la baja de la edad de imputabilidad y el peronismo quedar\u00e1 dividido en Diputados"}]},{"@type":"WebSite","@id":"https:\/\/diariodelsurdigital.com.ar\/#website","url":"https:\/\/diariodelsurdigital.com.ar\/","name":"Diario del Sur","description":"Digital","potentialAction":[{"@type":"SearchAction","target":{"@type":"EntryPoint","urlTemplate":"https:\/\/diariodelsurdigital.com.ar\/?s={search_term_string}"},"query-input":{"@type":"PropertyValueSpecification","valueRequired":true,"valueName":"search_term_string"}}],"inLanguage":"es"},{"@type":"Person","@id":"https:\/\/diariodelsurdigital.com.ar\/#\/schema\/person\/1a4992532ed62965c968031b49195c81","name":"Diario del Sur Digital","image":{"@type":"ImageObject","inLanguage":"es","@id":"https:\/\/secure.gravatar.com\/avatar\/f0c7c47fc7146d19828273b9b8eda651c9c7ab583767e6338d3d3bee825adf76?s=96&d=mm&r=g","url":"https:\/\/secure.gravatar.com\/avatar\/f0c7c47fc7146d19828273b9b8eda651c9c7ab583767e6338d3d3bee825adf76?s=96&d=mm&r=g","contentUrl":"https:\/\/secure.gravatar.com\/avatar\/f0c7c47fc7146d19828273b9b8eda651c9c7ab583767e6338d3d3bee825adf76?s=96&d=mm&r=g","caption":"Diario del Sur Digital"},"url":"https:\/\/diariodelsurdigital.com.ar\/?author=4"}]}},"_links":{"self":[{"href":"https:\/\/diariodelsurdigital.com.ar\/index.php?rest_route=\/wp\/v2\/posts\/6883","targetHints":{"allow":["GET"]}}],"collection":[{"href":"https:\/\/diariodelsurdigital.com.ar\/index.php?rest_route=\/wp\/v2\/posts"}],"about":[{"href":"https:\/\/diariodelsurdigital.com.ar\/index.php?rest_route=\/wp\/v2\/types\/post"}],"author":[{"embeddable":true,"href":"https:\/\/diariodelsurdigital.com.ar\/index.php?rest_route=\/wp\/v2\/users\/4"}],"replies":[{"embeddable":true,"href":"https:\/\/diariodelsurdigital.com.ar\/index.php?rest_route=%2Fwp%2Fv2%2Fcomments&post=6883"}],"version-history":[{"count":1,"href":"https:\/\/diariodelsurdigital.com.ar\/index.php?rest_route=\/wp\/v2\/posts\/6883\/revisions"}],"predecessor-version":[{"id":6885,"href":"https:\/\/diariodelsurdigital.com.ar\/index.php?rest_route=\/wp\/v2\/posts\/6883\/revisions\/6885"}],"wp:featuredmedia":[{"embeddable":true,"href":"https:\/\/diariodelsurdigital.com.ar\/index.php?rest_route=\/wp\/v2\/media\/6884"}],"wp:attachment":[{"href":"https:\/\/diariodelsurdigital.com.ar\/index.php?rest_route=%2Fwp%2Fv2%2Fmedia&parent=6883"}],"wp:term":[{"taxonomy":"category","embeddable":true,"href":"https:\/\/diariodelsurdigital.com.ar\/index.php?rest_route=%2Fwp%2Fv2%2Fcategories&post=6883"},{"taxonomy":"post_tag","embeddable":true,"href":"https:\/\/diariodelsurdigital.com.ar\/index.php?rest_route=%2Fwp%2Fv2%2Ftags&post=6883"}],"curies":[{"name":"wp","href":"https:\/\/api.w.org\/{rel}","templated":true}]}}