{"id":6886,"date":"2026-02-09T09:50:56","date_gmt":"2026-02-09T12:50:56","guid":{"rendered":"https:\/\/diariodelsurdigital.com.ar\/?p=6886"},"modified":"2026-02-09T09:50:57","modified_gmt":"2026-02-09T12:50:57","slug":"este-jueves-los-docentes-vuelven-a-las-escuelas","status":"publish","type":"post","link":"https:\/\/diariodelsurdigital.com.ar\/?p=6886","title":{"rendered":"Este jueves los docentes vuelven a las escuelas"},"content":{"rendered":"\n<p>Con la presentaci\u00f3n en sus lugares de trabajo de los directivos y supervisores, el mi\u00e9rcoles 11 de febrero se pondr\u00e1 en marcha el calendario escolar en Entre R\u00edos. El jueves retornan los docentes. Las clases en los niveles inicial, primario y secundario comenzar\u00e1n el 2 de marzo.<\/p>\n\n\n\n<p>La resoluci\u00f3n N\u00b03686 -aprobada en diciembre del 2025- establece la organizaci\u00f3n acad\u00e9mica y administrativa del sistema educativo entrerriano.<\/p>\n\n\n\n<p>Seg\u00fan lo dispuesto, el calendario escolar se pondr\u00e1 en marcha el 11 de febrero, con la presentaci\u00f3n de los equipos directivos y de supervisi\u00f3n.<\/p>\n\n\n\n<p>En tanto, el inicio de las actividades docentes est\u00e1 previsto para el 12 de febrero; mientras que las clases en los niveles inicial, primario y secundario comenzar\u00e1n el 2 de marzo.<\/p>\n\n\n\n<p>Entre las fechas relevantes, se destaca el receso escolar de invierno, que se desarrollar\u00e1 del 6 al 17 de julio; y la finalizaci\u00f3n del ciclo lectivo, prevista para el 18 de diciembre de 2026.<\/p>\n\n\n\n<p>El calendario se enmarca en el Plan Educativo Provincial 2023-2027 y contempla instancias de formaci\u00f3n docente, ejes pedag\u00f3gicos transversales y las particularidades de todas las modalidades del sistema educativo. En este sentido, el documento incluye adecuaciones espec\u00edficas para modalidades como Educaci\u00f3n Especial, Educaci\u00f3n T\u00e9cnico-Profesional, J\u00f3venes y Adultos, y Educaci\u00f3n Domiciliaria y Hospitalaria, garantizando respuestas acordes a la diversidad de contextos educativos de la provincia.<\/p>\n\n\n\n<p>En cuanto a la organizaci\u00f3n acad\u00e9mica, para los niveles inicial y primario se establecieron tres trimestres: el primero, del 2 de marzo al 22 de mayo; el segundo, del 26 de mayo al 28 de agosto, que incluye el receso invernal; y el tercero, del 31 de agosto al 18 de diciembre de 2026. Estas fechas podr\u00e1n ajustarse de acuerdo con el proyecto pedag\u00f3gico institucional y la normativa vigente.<\/p>\n\n\n\n<p>Para el nivel secundario, el calendario se organiza en tres trimestres. El primero se desarrollar\u00e1 del 2 de marzo al 22 de mayo; el segundo del 26 de mayo al 28 de agosto; y el tercero del 31 de agosto al 18 de diciembre, fecha que marca la finalizaci\u00f3n de las clases y el cierre de las trayectorias escolares, con las adecuaciones que cada nivel y modalidad requiera.<\/p>\n\n\n\n<p>Para el nivel superior, el calendario se organiza en dos cuatrimestres. El primero del 9 de marzo al 3 de julio. El segundo del 3 de agosto al 20 de noviembre.<\/p>\n\n\n\n<p>El Plan Educativo Provincial 2023-2027, que da marco a este calendario, pone en el centro a los estudiantes y sus trayectorias escolares. En este sentido, el calendario no solo constituye una agenda de fechas, sino que tambi\u00e9n promueve el desarrollo profesional docente a trav\u00e9s de diversas instancias de formaci\u00f3n.<\/p>\n\n\n\n<p>Para el a\u00f1o 2026 se prev\u00e9 la realizaci\u00f3n de cuatro tipos de jornadas educativas: Regionales, Interinstitucionales, Institucionales y de las \u00c1reas, orientadas a la construcci\u00f3n de consensos y al fortalecimiento de las pr\u00e1cticas de ense\u00f1anza en el aula.<\/p>\n\n\n\n<p>Asimismo, el calendario refuerza el abordaje de ejes transversales fundamentales, como la Educaci\u00f3n Sexual Integral, con semanas espec\u00edficas de trabajo en los meses de abril y septiembre; la alfabetizaci\u00f3n, a trav\u00e9s de la implementaci\u00f3n del Plan Provincial de Alfabetizaci\u00f3n en los niveles inicial y primario; la convivencia escolar, mediante la realizaci\u00f3n de asambleas durante el mes de marzo; y ciencia y tecnolog\u00eda, con la participaci\u00f3n en las Ferias de Educaci\u00f3n en sus instancias escolar, regional y nacional, entre los meses de junio y noviembre.<\/p>\n","protected":false},"excerpt":{"rendered":"<p>Con la presentaci\u00f3n en sus lugares de trabajo de los directivos y supervisores, el mi\u00e9rcoles 11 de febrero se pondr\u00e1 en marcha el calendario escolar en Entre R\u00edos. El jueves retornan los docentes. Las clases en los niveles inicial, primario y secundario comenzar\u00e1n el 2 de marzo. La resoluci\u00f3n N\u00b03686 -aprobada en diciembre del 2025- [&hellip;]<\/p>\n","protected":false},"author":4,"featured_media":6525,"comment_status":"open","ping_status":"open","sticky":false,"template":"","format":"standard","meta":{"footnotes":""},"categories":[19,17],"tags":[],"class_list":{"0":"post-6886","1":"post","2":"type-post","3":"status-publish","4":"format-standard","5":"has-post-thumbnail","7":"category-interes-general","8":"category-provinciales"},"yoast_head":"<!-- This site is optimized with the Yoast SEO plugin v27.4 - https:\/\/yoast.com\/product\/yoast-seo-wordpress\/ -->\n<title>Este jueves los docentes vuelven a las escuelas - Diario del Sur<\/title>\n<meta name=\"robots\" content=\"index, follow, max-snippet:-1, max-image-preview:large, max-video-preview:-1\" \/>\n<link rel=\"canonical\" href=\"https:\/\/diariodelsurdigital.com.ar\/?p=6886\" \/>\n<meta property=\"og:locale\" content=\"es_ES\" \/>\n<meta property=\"og:type\" content=\"article\" \/>\n<meta property=\"og:title\" content=\"Este jueves los docentes vuelven a las escuelas - Diario del Sur\" \/>\n<meta property=\"og:description\" content=\"Con la presentaci\u00f3n en sus lugares de trabajo de los directivos y supervisores, el mi\u00e9rcoles 11 de febrero se pondr\u00e1 en marcha el calendario escolar en Entre R\u00edos. El jueves retornan los docentes. Las clases en los niveles inicial, primario y secundario comenzar\u00e1n el 2 de marzo. La resoluci\u00f3n N\u00b03686 -aprobada en diciembre del 2025- [&hellip;]\" \/>\n<meta property=\"og:url\" content=\"https:\/\/diariodelsurdigital.com.ar\/?p=6886\" \/>\n<meta property=\"og:site_name\" content=\"Diario del Sur\" \/>\n<meta property=\"article:published_time\" content=\"2026-02-09T12:50:56+00:00\" \/>\n<meta property=\"article:modified_time\" content=\"2026-02-09T12:50:57+00:00\" \/>\n<meta property=\"og:image\" content=\"https:\/\/diariodelsurdigital.com.ar\/wp-content\/uploads\/2026\/01\/md-56.webp\" \/>\n\t<meta property=\"og:image:width\" content=\"992\" \/>\n\t<meta property=\"og:image:height\" content=\"661\" \/>\n\t<meta property=\"og:image:type\" content=\"image\/webp\" \/>\n<meta name=\"author\" content=\"Diario del Sur Digital\" \/>\n<meta name=\"twitter:card\" content=\"summary_large_image\" \/>\n<meta name=\"twitter:label1\" content=\"Escrito por\" \/>\n\t<meta name=\"twitter:data1\" content=\"Diario del Sur Digital\" \/>\n\t<meta name=\"twitter:label2\" content=\"Tiempo de lectura\" \/>\n\t<meta name=\"twitter:data2\" content=\"3 minutos\" \/>\n<script type=\"application\/ld+json\" class=\"yoast-schema-graph\">{\"@context\":\"https:\\\/\\\/schema.org\",\"@graph\":[{\"@type\":\"Article\",\"@id\":\"https:\\\/\\\/diariodelsurdigital.com.ar\\\/?p=6886#article\",\"isPartOf\":{\"@id\":\"https:\\\/\\\/diariodelsurdigital.com.ar\\\/?p=6886\"},\"author\":{\"name\":\"Diario del Sur Digital\",\"@id\":\"https:\\\/\\\/diariodelsurdigital.com.ar\\\/#\\\/schema\\\/person\\\/1a4992532ed62965c968031b49195c81\"},\"headline\":\"Este jueves los docentes vuelven a las escuelas\",\"datePublished\":\"2026-02-09T12:50:56+00:00\",\"dateModified\":\"2026-02-09T12:50:57+00:00\",\"mainEntityOfPage\":{\"@id\":\"https:\\\/\\\/diariodelsurdigital.com.ar\\\/?p=6886\"},\"wordCount\":581,\"commentCount\":0,\"image\":{\"@id\":\"https:\\\/\\\/diariodelsurdigital.com.ar\\\/?p=6886#primaryimage\"},\"thumbnailUrl\":\"https:\\\/\\\/diariodelsurdigital.com.ar\\\/wp-content\\\/uploads\\\/2026\\\/01\\\/md-56.webp\",\"articleSection\":[\"Inter\u00e9s General\",\"Provinciales\"],\"inLanguage\":\"es\",\"potentialAction\":[{\"@type\":\"CommentAction\",\"name\":\"Comment\",\"target\":[\"https:\\\/\\\/diariodelsurdigital.com.ar\\\/?p=6886#respond\"]}]},{\"@type\":\"WebPage\",\"@id\":\"https:\\\/\\\/diariodelsurdigital.com.ar\\\/?p=6886\",\"url\":\"https:\\\/\\\/diariodelsurdigital.com.ar\\\/?p=6886\",\"name\":\"Este jueves los docentes vuelven a las escuelas - Diario del Sur\",\"isPartOf\":{\"@id\":\"https:\\\/\\\/diariodelsurdigital.com.ar\\\/#website\"},\"primaryImageOfPage\":{\"@id\":\"https:\\\/\\\/diariodelsurdigital.com.ar\\\/?p=6886#primaryimage\"},\"image\":{\"@id\":\"https:\\\/\\\/diariodelsurdigital.com.ar\\\/?p=6886#primaryimage\"},\"thumbnailUrl\":\"https:\\\/\\\/diariodelsurdigital.com.ar\\\/wp-content\\\/uploads\\\/2026\\\/01\\\/md-56.webp\",\"datePublished\":\"2026-02-09T12:50:56+00:00\",\"dateModified\":\"2026-02-09T12:50:57+00:00\",\"author\":{\"@id\":\"https:\\\/\\\/diariodelsurdigital.com.ar\\\/#\\\/schema\\\/person\\\/1a4992532ed62965c968031b49195c81\"},\"breadcrumb\":{\"@id\":\"https:\\\/\\\/diariodelsurdigital.com.ar\\\/?p=6886#breadcrumb\"},\"inLanguage\":\"es\",\"potentialAction\":[{\"@type\":\"ReadAction\",\"target\":[\"https:\\\/\\\/diariodelsurdigital.com.ar\\\/?p=6886\"]}]},{\"@type\":\"ImageObject\",\"inLanguage\":\"es\",\"@id\":\"https:\\\/\\\/diariodelsurdigital.com.ar\\\/?p=6886#primaryimage\",\"url\":\"https:\\\/\\\/diariodelsurdigital.com.ar\\\/wp-content\\\/uploads\\\/2026\\\/01\\\/md-56.webp\",\"contentUrl\":\"https:\\\/\\\/diariodelsurdigital.com.ar\\\/wp-content\\\/uploads\\\/2026\\\/01\\\/md-56.webp\",\"width\":992,\"height\":661},{\"@type\":\"BreadcrumbList\",\"@id\":\"https:\\\/\\\/diariodelsurdigital.com.ar\\\/?p=6886#breadcrumb\",\"itemListElement\":[{\"@type\":\"ListItem\",\"position\":1,\"name\":\"Portada\",\"item\":\"https:\\\/\\\/diariodelsurdigital.com.ar\\\/\"},{\"@type\":\"ListItem\",\"position\":2,\"name\":\"Este jueves los docentes vuelven a las escuelas\"}]},{\"@type\":\"WebSite\",\"@id\":\"https:\\\/\\\/diariodelsurdigital.com.ar\\\/#website\",\"url\":\"https:\\\/\\\/diariodelsurdigital.com.ar\\\/\",\"name\":\"Diario del Sur\",\"description\":\"Digital\",\"potentialAction\":[{\"@type\":\"SearchAction\",\"target\":{\"@type\":\"EntryPoint\",\"urlTemplate\":\"https:\\\/\\\/diariodelsurdigital.com.ar\\\/?s={search_term_string}\"},\"query-input\":{\"@type\":\"PropertyValueSpecification\",\"valueRequired\":true,\"valueName\":\"search_term_string\"}}],\"inLanguage\":\"es\"},{\"@type\":\"Person\",\"@id\":\"https:\\\/\\\/diariodelsurdigital.com.ar\\\/#\\\/schema\\\/person\\\/1a4992532ed62965c968031b49195c81\",\"name\":\"Diario del Sur Digital\",\"image\":{\"@type\":\"ImageObject\",\"inLanguage\":\"es\",\"@id\":\"https:\\\/\\\/secure.gravatar.com\\\/avatar\\\/f0c7c47fc7146d19828273b9b8eda651c9c7ab583767e6338d3d3bee825adf76?s=96&d=mm&r=g\",\"url\":\"https:\\\/\\\/secure.gravatar.com\\\/avatar\\\/f0c7c47fc7146d19828273b9b8eda651c9c7ab583767e6338d3d3bee825adf76?s=96&d=mm&r=g\",\"contentUrl\":\"https:\\\/\\\/secure.gravatar.com\\\/avatar\\\/f0c7c47fc7146d19828273b9b8eda651c9c7ab583767e6338d3d3bee825adf76?s=96&d=mm&r=g\",\"caption\":\"Diario del Sur Digital\"},\"url\":\"https:\\\/\\\/diariodelsurdigital.com.ar\\\/?author=4\"}]}<\/script>\n<!-- \/ Yoast SEO plugin. -->","yoast_head_json":{"title":"Este jueves los docentes vuelven a las escuelas - Diario del Sur","robots":{"index":"index","follow":"follow","max-snippet":"max-snippet:-1","max-image-preview":"max-image-preview:large","max-video-preview":"max-video-preview:-1"},"canonical":"https:\/\/diariodelsurdigital.com.ar\/?p=6886","og_locale":"es_ES","og_type":"article","og_title":"Este jueves los docentes vuelven a las escuelas - Diario del Sur","og_description":"Con la presentaci\u00f3n en sus lugares de trabajo de los directivos y supervisores, el mi\u00e9rcoles 11 de febrero se pondr\u00e1 en marcha el calendario escolar en Entre R\u00edos. El jueves retornan los docentes. Las clases en los niveles inicial, primario y secundario comenzar\u00e1n el 2 de marzo. La resoluci\u00f3n N\u00b03686 -aprobada en diciembre del 2025- [&hellip;]","og_url":"https:\/\/diariodelsurdigital.com.ar\/?p=6886","og_site_name":"Diario del Sur","article_published_time":"2026-02-09T12:50:56+00:00","article_modified_time":"2026-02-09T12:50:57+00:00","og_image":[{"width":992,"height":661,"url":"https:\/\/diariodelsurdigital.com.ar\/wp-content\/uploads\/2026\/01\/md-56.webp","type":"image\/webp"}],"author":"Diario del Sur Digital","twitter_card":"summary_large_image","twitter_misc":{"Escrito por":"Diario del Sur Digital","Tiempo de lectura":"3 minutos"},"schema":{"@context":"https:\/\/schema.org","@graph":[{"@type":"Article","@id":"https:\/\/diariodelsurdigital.com.ar\/?p=6886#article","isPartOf":{"@id":"https:\/\/diariodelsurdigital.com.ar\/?p=6886"},"author":{"name":"Diario del Sur Digital","@id":"https:\/\/diariodelsurdigital.com.ar\/#\/schema\/person\/1a4992532ed62965c968031b49195c81"},"headline":"Este jueves los docentes vuelven a las escuelas","datePublished":"2026-02-09T12:50:56+00:00","dateModified":"2026-02-09T12:50:57+00:00","mainEntityOfPage":{"@id":"https:\/\/diariodelsurdigital.com.ar\/?p=6886"},"wordCount":581,"commentCount":0,"image":{"@id":"https:\/\/diariodelsurdigital.com.ar\/?p=6886#primaryimage"},"thumbnailUrl":"https:\/\/diariodelsurdigital.com.ar\/wp-content\/uploads\/2026\/01\/md-56.webp","articleSection":["Inter\u00e9s General","Provinciales"],"inLanguage":"es","potentialAction":[{"@type":"CommentAction","name":"Comment","target":["https:\/\/diariodelsurdigital.com.ar\/?p=6886#respond"]}]},{"@type":"WebPage","@id":"https:\/\/diariodelsurdigital.com.ar\/?p=6886","url":"https:\/\/diariodelsurdigital.com.ar\/?p=6886","name":"Este jueves los docentes vuelven a las escuelas - Diario del Sur","isPartOf":{"@id":"https:\/\/diariodelsurdigital.com.ar\/#website"},"primaryImageOfPage":{"@id":"https:\/\/diariodelsurdigital.com.ar\/?p=6886#primaryimage"},"image":{"@id":"https:\/\/diariodelsurdigital.com.ar\/?p=6886#primaryimage"},"thumbnailUrl":"https:\/\/diariodelsurdigital.com.ar\/wp-content\/uploads\/2026\/01\/md-56.webp","datePublished":"2026-02-09T12:50:56+00:00","dateModified":"2026-02-09T12:50:57+00:00","author":{"@id":"https:\/\/diariodelsurdigital.com.ar\/#\/schema\/person\/1a4992532ed62965c968031b49195c81"},"breadcrumb":{"@id":"https:\/\/diariodelsurdigital.com.ar\/?p=6886#breadcrumb"},"inLanguage":"es","potentialAction":[{"@type":"ReadAction","target":["https:\/\/diariodelsurdigital.com.ar\/?p=6886"]}]},{"@type":"ImageObject","inLanguage":"es","@id":"https:\/\/diariodelsurdigital.com.ar\/?p=6886#primaryimage","url":"https:\/\/diariodelsurdigital.com.ar\/wp-content\/uploads\/2026\/01\/md-56.webp","contentUrl":"https:\/\/diariodelsurdigital.com.ar\/wp-content\/uploads\/2026\/01\/md-56.webp","width":992,"height":661},{"@type":"BreadcrumbList","@id":"https:\/\/diariodelsurdigital.com.ar\/?p=6886#breadcrumb","itemListElement":[{"@type":"ListItem","position":1,"name":"Portada","item":"https:\/\/diariodelsurdigital.com.ar\/"},{"@type":"ListItem","position":2,"name":"Este jueves los docentes vuelven a las escuelas"}]},{"@type":"WebSite","@id":"https:\/\/diariodelsurdigital.com.ar\/#website","url":"https:\/\/diariodelsurdigital.com.ar\/","name":"Diario del Sur","description":"Digital","potentialAction":[{"@type":"SearchAction","target":{"@type":"EntryPoint","urlTemplate":"https:\/\/diariodelsurdigital.com.ar\/?s={search_term_string}"},"query-input":{"@type":"PropertyValueSpecification","valueRequired":true,"valueName":"search_term_string"}}],"inLanguage":"es"},{"@type":"Person","@id":"https:\/\/diariodelsurdigital.com.ar\/#\/schema\/person\/1a4992532ed62965c968031b49195c81","name":"Diario del Sur Digital","image":{"@type":"ImageObject","inLanguage":"es","@id":"https:\/\/secure.gravatar.com\/avatar\/f0c7c47fc7146d19828273b9b8eda651c9c7ab583767e6338d3d3bee825adf76?s=96&d=mm&r=g","url":"https:\/\/secure.gravatar.com\/avatar\/f0c7c47fc7146d19828273b9b8eda651c9c7ab583767e6338d3d3bee825adf76?s=96&d=mm&r=g","contentUrl":"https:\/\/secure.gravatar.com\/avatar\/f0c7c47fc7146d19828273b9b8eda651c9c7ab583767e6338d3d3bee825adf76?s=96&d=mm&r=g","caption":"Diario del Sur Digital"},"url":"https:\/\/diariodelsurdigital.com.ar\/?author=4"}]}},"_links":{"self":[{"href":"https:\/\/diariodelsurdigital.com.ar\/index.php?rest_route=\/wp\/v2\/posts\/6886","targetHints":{"allow":["GET"]}}],"collection":[{"href":"https:\/\/diariodelsurdigital.com.ar\/index.php?rest_route=\/wp\/v2\/posts"}],"about":[{"href":"https:\/\/diariodelsurdigital.com.ar\/index.php?rest_route=\/wp\/v2\/types\/post"}],"author":[{"embeddable":true,"href":"https:\/\/diariodelsurdigital.com.ar\/index.php?rest_route=\/wp\/v2\/users\/4"}],"replies":[{"embeddable":true,"href":"https:\/\/diariodelsurdigital.com.ar\/index.php?rest_route=%2Fwp%2Fv2%2Fcomments&post=6886"}],"version-history":[{"count":1,"href":"https:\/\/diariodelsurdigital.com.ar\/index.php?rest_route=\/wp\/v2\/posts\/6886\/revisions"}],"predecessor-version":[{"id":6887,"href":"https:\/\/diariodelsurdigital.com.ar\/index.php?rest_route=\/wp\/v2\/posts\/6886\/revisions\/6887"}],"wp:featuredmedia":[{"embeddable":true,"href":"https:\/\/diariodelsurdigital.com.ar\/index.php?rest_route=\/wp\/v2\/media\/6525"}],"wp:attachment":[{"href":"https:\/\/diariodelsurdigital.com.ar\/index.php?rest_route=%2Fwp%2Fv2%2Fmedia&parent=6886"}],"wp:term":[{"taxonomy":"category","embeddable":true,"href":"https:\/\/diariodelsurdigital.com.ar\/index.php?rest_route=%2Fwp%2Fv2%2Fcategories&post=6886"},{"taxonomy":"post_tag","embeddable":true,"href":"https:\/\/diariodelsurdigital.com.ar\/index.php?rest_route=%2Fwp%2Fv2%2Ftags&post=6886"}],"curies":[{"name":"wp","href":"https:\/\/api.w.org\/{rel}","templated":true}]}}