{"id":6888,"date":"2026-02-09T09:53:19","date_gmt":"2026-02-09T12:53:19","guid":{"rendered":"https:\/\/diariodelsurdigital.com.ar\/?p=6888"},"modified":"2026-02-09T09:53:20","modified_gmt":"2026-02-09T12:53:20","slug":"comenzo-hoy-el-juicio-a-dos-policias-paranaenses-por-presuntos-abusos-a-dos-menores","status":"publish","type":"post","link":"https:\/\/diariodelsurdigital.com.ar\/?p=6888","title":{"rendered":"Comenz\u00f3 hoy el juicio a dos polic\u00edas paranaenses por presuntos abusos a dos menores"},"content":{"rendered":"\n<p>Este lunes a las 8:30 comenz\u00f3 a lsustanciarse -a puertas cerradas y ante un jurado popular- el debate que tiene como imputados a dos polic\u00edas acusados de abusar de dos menores, que al momento de los presuntos hechos ten\u00edan 15 y 13 a\u00f1os, se inform\u00f3 a APFDigital. Los abusos habr\u00edan ocurrido en julio de 2016 en la ex Estaci\u00f3n de Trenes de Paran\u00e1, sobre calle Pascual Palma, entre Racedo y Pronunciamiento.<\/p>\n\n\n\n<p>Tras la audiencia de selecci\u00f3n de jurados que se realiz\u00f3 el jueves pasado, este el lunes a las 8:30 comenz\u00f3 el juicio contra dos polic\u00edas acusados de abusar de dos menores institucionalizadas que se hab\u00edan retirado de una instituci\u00f3n.<\/p>\n\n\n\n<p>Los supuestos abusos habr\u00edan ocurrido el 5 de julio de 2016 a la madrugada, en un vag\u00f3n de tren ubicado en la Secci\u00f3n Guardia Especial, en la ex Estaci\u00f3n de Trenes.<\/p>\n\n\n\n<p>Durante el proceso varios efectivos fueron resolviendo sus situaciones y solo quedaron dos sospechados.<\/p>\n\n\n\n<p>Quienes llegan a debate son el cabo Samuel Enrique Morel y el agente Ezequiel Alejandro Garc\u00eda. La acusaci\u00f3n p\u00fablica es responsabilidad de las fiscales Valeria Vilchez y Fernanda Rufatti. Las defensas est\u00e1n en manos de Iv\u00e1n Vernengo y Dami\u00e1n Petenatti, y Claudio Ber\u00f3n. La querella es ejercida por Guillermo Mulet y Leonardo Schoenfeld.<\/p>\n\n\n\n<p>La causa comenz\u00f3 a sustanciarse por una denuncia que present\u00f3 en julio de 2016 la Defensora Penal de Ni\u00f1os, Ni\u00f1as y Adolescentes N\u00b0 8 por el presunto delito de Abuso sexual con acceso carnal agravado en perjuicio de dos chicas que ten\u00edan 13 y 15 a\u00f1os al momento de los hechos. Los supuestos abusos habr\u00edan ocurrido el 5 de julio de 2016 a la madrugada, en un vag\u00f3n de tren ubicado en la Secci\u00f3n Guardia Especial, en la ex Estaci\u00f3n de Trenes de Paran\u00e1, sita en Pascual Palma, entre Racedo y Pronunciamiento.<\/p>\n\n\n\n<p>En un principio, la causa tuvo como imputados a cinco efectivos de la Polic\u00eda de Entre R\u00edos por dos hechos en los que habr\u00edan desplegaron distintos roles. Sobre las supuestas v\u00edctimas pesaban sendos pedidos de localizaci\u00f3n por haberse fugado de la Residencia Mujercitas del Consejo Provincial del Ni\u00f1o, el Adolescente y la Familia (Copnaf).<\/p>\n\n\n\n<p>Proceso<\/p>\n\n\n\n<p>Desde 2016 a la actualidad tres de los sospechados resolvieron sus situaciones procesales a fines de 2017 mediante juicios abreviados en los que se destac\u00f3 que no tuvieron nada que ver con los supuestos abusos.<\/p>\n\n\n\n<p>En primera instancia aquellos acuerdos fueron rechazados por el juez de Garant\u00edas N\u00b05, Mauricio Mayer, que el mismo jueves 7 de septiembre de 2017, fund\u00f3 su posici\u00f3n en disconformidad con la calificaci\u00f3n legal acordada entre las partes. En aquella audiencia, seg\u00fan precisaron fuentes judiciales, Vilchez \u201ccambi\u00f3 la calificaci\u00f3n legal porque entendi\u00f3 que se comprob\u00f3 que los tres efectivos desconoc\u00edan absolutamente las intenciones de sus colegas y lo que sucedi\u00f3 a la postre; lo \u00fanico que hicieron fue estar durante quince minutos en el mismo lugar con las chicas y que su \u00fanica responsabilidad es la de ser funcionarios policiales\u201d.<\/p>\n\n\n\n<p>El 21 de noviembre de 2017 la jueza Paola Firpo, ante la ausencia de uno de los querellantes, decidi\u00f3 pasar a un cuarto intermedio para resolver las propuestas de tr\u00e1mite abreviado. Posteriormente el acuerdo fue homologado en los t\u00e9rminos en que fue presentado.<\/p>\n","protected":false},"excerpt":{"rendered":"<p>Este lunes a las 8:30 comenz\u00f3 a lsustanciarse -a puertas cerradas y ante un jurado popular- el debate que tiene como imputados a dos polic\u00edas acusados de abusar de dos menores, que al momento de los presuntos hechos ten\u00edan 15 y 13 a\u00f1os, se inform\u00f3 a APFDigital. Los abusos habr\u00edan ocurrido en julio de 2016 [&hellip;]<\/p>\n","protected":false},"author":4,"featured_media":6889,"comment_status":"open","ping_status":"open","sticky":false,"template":"","format":"standard","meta":{"footnotes":""},"categories":[19,26],"tags":[],"class_list":{"0":"post-6888","1":"post","2":"type-post","3":"status-publish","4":"format-standard","5":"has-post-thumbnail","7":"category-interes-general","8":"category-judiciales"},"yoast_head":"<!-- This site is optimized with the Yoast SEO plugin v27.4 - https:\/\/yoast.com\/product\/yoast-seo-wordpress\/ -->\n<title>Comenz\u00f3 hoy el juicio a dos polic\u00edas paranaenses por presuntos abusos a dos menores - Diario del Sur<\/title>\n<meta name=\"robots\" content=\"index, follow, max-snippet:-1, max-image-preview:large, max-video-preview:-1\" \/>\n<link rel=\"canonical\" href=\"https:\/\/diariodelsurdigital.com.ar\/?p=6888\" \/>\n<meta property=\"og:locale\" content=\"es_ES\" \/>\n<meta property=\"og:type\" content=\"article\" \/>\n<meta property=\"og:title\" content=\"Comenz\u00f3 hoy el juicio a dos polic\u00edas paranaenses por presuntos abusos a dos menores - Diario del Sur\" \/>\n<meta property=\"og:description\" content=\"Este lunes a las 8:30 comenz\u00f3 a lsustanciarse -a puertas cerradas y ante un jurado popular- el debate que tiene como imputados a dos polic\u00edas acusados de abusar de dos menores, que al momento de los presuntos hechos ten\u00edan 15 y 13 a\u00f1os, se inform\u00f3 a APFDigital. Los abusos habr\u00edan ocurrido en julio de 2016 [&hellip;]\" \/>\n<meta property=\"og:url\" content=\"https:\/\/diariodelsurdigital.com.ar\/?p=6888\" \/>\n<meta property=\"og:site_name\" content=\"Diario del Sur\" \/>\n<meta property=\"article:published_time\" content=\"2026-02-09T12:53:19+00:00\" \/>\n<meta property=\"article:modified_time\" content=\"2026-02-09T12:53:20+00:00\" \/>\n<meta property=\"og:image\" content=\"https:\/\/diariodelsurdigital.com.ar\/wp-content\/uploads\/2026\/02\/md-20.webp\" \/>\n\t<meta property=\"og:image:width\" content=\"992\" \/>\n\t<meta property=\"og:image:height\" content=\"665\" \/>\n\t<meta property=\"og:image:type\" content=\"image\/webp\" \/>\n<meta name=\"author\" content=\"Diario del Sur Digital\" \/>\n<meta name=\"twitter:card\" content=\"summary_large_image\" \/>\n<meta name=\"twitter:label1\" content=\"Escrito por\" \/>\n\t<meta name=\"twitter:data1\" content=\"Diario del Sur Digital\" \/>\n\t<meta name=\"twitter:label2\" content=\"Tiempo de lectura\" \/>\n\t<meta name=\"twitter:data2\" content=\"3 minutos\" \/>\n<script type=\"application\/ld+json\" class=\"yoast-schema-graph\">{\"@context\":\"https:\\\/\\\/schema.org\",\"@graph\":[{\"@type\":\"Article\",\"@id\":\"https:\\\/\\\/diariodelsurdigital.com.ar\\\/?p=6888#article\",\"isPartOf\":{\"@id\":\"https:\\\/\\\/diariodelsurdigital.com.ar\\\/?p=6888\"},\"author\":{\"name\":\"Diario del Sur Digital\",\"@id\":\"https:\\\/\\\/diariodelsurdigital.com.ar\\\/#\\\/schema\\\/person\\\/1a4992532ed62965c968031b49195c81\"},\"headline\":\"Comenz\u00f3 hoy el juicio a dos polic\u00edas paranaenses por presuntos abusos a dos menores\",\"datePublished\":\"2026-02-09T12:53:19+00:00\",\"dateModified\":\"2026-02-09T12:53:20+00:00\",\"mainEntityOfPage\":{\"@id\":\"https:\\\/\\\/diariodelsurdigital.com.ar\\\/?p=6888\"},\"wordCount\":570,\"commentCount\":0,\"image\":{\"@id\":\"https:\\\/\\\/diariodelsurdigital.com.ar\\\/?p=6888#primaryimage\"},\"thumbnailUrl\":\"https:\\\/\\\/diariodelsurdigital.com.ar\\\/wp-content\\\/uploads\\\/2026\\\/02\\\/md-20.webp\",\"articleSection\":[\"Inter\u00e9s General\",\"Judiciales\"],\"inLanguage\":\"es\",\"potentialAction\":[{\"@type\":\"CommentAction\",\"name\":\"Comment\",\"target\":[\"https:\\\/\\\/diariodelsurdigital.com.ar\\\/?p=6888#respond\"]}]},{\"@type\":\"WebPage\",\"@id\":\"https:\\\/\\\/diariodelsurdigital.com.ar\\\/?p=6888\",\"url\":\"https:\\\/\\\/diariodelsurdigital.com.ar\\\/?p=6888\",\"name\":\"Comenz\u00f3 hoy el juicio a dos polic\u00edas paranaenses por presuntos abusos a dos menores - Diario del Sur\",\"isPartOf\":{\"@id\":\"https:\\\/\\\/diariodelsurdigital.com.ar\\\/#website\"},\"primaryImageOfPage\":{\"@id\":\"https:\\\/\\\/diariodelsurdigital.com.ar\\\/?p=6888#primaryimage\"},\"image\":{\"@id\":\"https:\\\/\\\/diariodelsurdigital.com.ar\\\/?p=6888#primaryimage\"},\"thumbnailUrl\":\"https:\\\/\\\/diariodelsurdigital.com.ar\\\/wp-content\\\/uploads\\\/2026\\\/02\\\/md-20.webp\",\"datePublished\":\"2026-02-09T12:53:19+00:00\",\"dateModified\":\"2026-02-09T12:53:20+00:00\",\"author\":{\"@id\":\"https:\\\/\\\/diariodelsurdigital.com.ar\\\/#\\\/schema\\\/person\\\/1a4992532ed62965c968031b49195c81\"},\"breadcrumb\":{\"@id\":\"https:\\\/\\\/diariodelsurdigital.com.ar\\\/?p=6888#breadcrumb\"},\"inLanguage\":\"es\",\"potentialAction\":[{\"@type\":\"ReadAction\",\"target\":[\"https:\\\/\\\/diariodelsurdigital.com.ar\\\/?p=6888\"]}]},{\"@type\":\"ImageObject\",\"inLanguage\":\"es\",\"@id\":\"https:\\\/\\\/diariodelsurdigital.com.ar\\\/?p=6888#primaryimage\",\"url\":\"https:\\\/\\\/diariodelsurdigital.com.ar\\\/wp-content\\\/uploads\\\/2026\\\/02\\\/md-20.webp\",\"contentUrl\":\"https:\\\/\\\/diariodelsurdigital.com.ar\\\/wp-content\\\/uploads\\\/2026\\\/02\\\/md-20.webp\",\"width\":992,\"height\":665},{\"@type\":\"BreadcrumbList\",\"@id\":\"https:\\\/\\\/diariodelsurdigital.com.ar\\\/?p=6888#breadcrumb\",\"itemListElement\":[{\"@type\":\"ListItem\",\"position\":1,\"name\":\"Portada\",\"item\":\"https:\\\/\\\/diariodelsurdigital.com.ar\\\/\"},{\"@type\":\"ListItem\",\"position\":2,\"name\":\"Comenz\u00f3 hoy el juicio a dos polic\u00edas paranaenses por presuntos abusos a dos menores\"}]},{\"@type\":\"WebSite\",\"@id\":\"https:\\\/\\\/diariodelsurdigital.com.ar\\\/#website\",\"url\":\"https:\\\/\\\/diariodelsurdigital.com.ar\\\/\",\"name\":\"Diario del Sur\",\"description\":\"Digital\",\"potentialAction\":[{\"@type\":\"SearchAction\",\"target\":{\"@type\":\"EntryPoint\",\"urlTemplate\":\"https:\\\/\\\/diariodelsurdigital.com.ar\\\/?s={search_term_string}\"},\"query-input\":{\"@type\":\"PropertyValueSpecification\",\"valueRequired\":true,\"valueName\":\"search_term_string\"}}],\"inLanguage\":\"es\"},{\"@type\":\"Person\",\"@id\":\"https:\\\/\\\/diariodelsurdigital.com.ar\\\/#\\\/schema\\\/person\\\/1a4992532ed62965c968031b49195c81\",\"name\":\"Diario del Sur Digital\",\"image\":{\"@type\":\"ImageObject\",\"inLanguage\":\"es\",\"@id\":\"https:\\\/\\\/secure.gravatar.com\\\/avatar\\\/f0c7c47fc7146d19828273b9b8eda651c9c7ab583767e6338d3d3bee825adf76?s=96&d=mm&r=g\",\"url\":\"https:\\\/\\\/secure.gravatar.com\\\/avatar\\\/f0c7c47fc7146d19828273b9b8eda651c9c7ab583767e6338d3d3bee825adf76?s=96&d=mm&r=g\",\"contentUrl\":\"https:\\\/\\\/secure.gravatar.com\\\/avatar\\\/f0c7c47fc7146d19828273b9b8eda651c9c7ab583767e6338d3d3bee825adf76?s=96&d=mm&r=g\",\"caption\":\"Diario del Sur Digital\"},\"url\":\"https:\\\/\\\/diariodelsurdigital.com.ar\\\/?author=4\"}]}<\/script>\n<!-- \/ Yoast SEO plugin. -->","yoast_head_json":{"title":"Comenz\u00f3 hoy el juicio a dos polic\u00edas paranaenses por presuntos abusos a dos menores - Diario del Sur","robots":{"index":"index","follow":"follow","max-snippet":"max-snippet:-1","max-image-preview":"max-image-preview:large","max-video-preview":"max-video-preview:-1"},"canonical":"https:\/\/diariodelsurdigital.com.ar\/?p=6888","og_locale":"es_ES","og_type":"article","og_title":"Comenz\u00f3 hoy el juicio a dos polic\u00edas paranaenses por presuntos abusos a dos menores - Diario del Sur","og_description":"Este lunes a las 8:30 comenz\u00f3 a lsustanciarse -a puertas cerradas y ante un jurado popular- el debate que tiene como imputados a dos polic\u00edas acusados de abusar de dos menores, que al momento de los presuntos hechos ten\u00edan 15 y 13 a\u00f1os, se inform\u00f3 a APFDigital. Los abusos habr\u00edan ocurrido en julio de 2016 [&hellip;]","og_url":"https:\/\/diariodelsurdigital.com.ar\/?p=6888","og_site_name":"Diario del Sur","article_published_time":"2026-02-09T12:53:19+00:00","article_modified_time":"2026-02-09T12:53:20+00:00","og_image":[{"width":992,"height":665,"url":"https:\/\/diariodelsurdigital.com.ar\/wp-content\/uploads\/2026\/02\/md-20.webp","type":"image\/webp"}],"author":"Diario del Sur Digital","twitter_card":"summary_large_image","twitter_misc":{"Escrito por":"Diario del Sur Digital","Tiempo de lectura":"3 minutos"},"schema":{"@context":"https:\/\/schema.org","@graph":[{"@type":"Article","@id":"https:\/\/diariodelsurdigital.com.ar\/?p=6888#article","isPartOf":{"@id":"https:\/\/diariodelsurdigital.com.ar\/?p=6888"},"author":{"name":"Diario del Sur Digital","@id":"https:\/\/diariodelsurdigital.com.ar\/#\/schema\/person\/1a4992532ed62965c968031b49195c81"},"headline":"Comenz\u00f3 hoy el juicio a dos polic\u00edas paranaenses por presuntos abusos a dos menores","datePublished":"2026-02-09T12:53:19+00:00","dateModified":"2026-02-09T12:53:20+00:00","mainEntityOfPage":{"@id":"https:\/\/diariodelsurdigital.com.ar\/?p=6888"},"wordCount":570,"commentCount":0,"image":{"@id":"https:\/\/diariodelsurdigital.com.ar\/?p=6888#primaryimage"},"thumbnailUrl":"https:\/\/diariodelsurdigital.com.ar\/wp-content\/uploads\/2026\/02\/md-20.webp","articleSection":["Inter\u00e9s General","Judiciales"],"inLanguage":"es","potentialAction":[{"@type":"CommentAction","name":"Comment","target":["https:\/\/diariodelsurdigital.com.ar\/?p=6888#respond"]}]},{"@type":"WebPage","@id":"https:\/\/diariodelsurdigital.com.ar\/?p=6888","url":"https:\/\/diariodelsurdigital.com.ar\/?p=6888","name":"Comenz\u00f3 hoy el juicio a dos polic\u00edas paranaenses por presuntos abusos a dos menores - Diario del Sur","isPartOf":{"@id":"https:\/\/diariodelsurdigital.com.ar\/#website"},"primaryImageOfPage":{"@id":"https:\/\/diariodelsurdigital.com.ar\/?p=6888#primaryimage"},"image":{"@id":"https:\/\/diariodelsurdigital.com.ar\/?p=6888#primaryimage"},"thumbnailUrl":"https:\/\/diariodelsurdigital.com.ar\/wp-content\/uploads\/2026\/02\/md-20.webp","datePublished":"2026-02-09T12:53:19+00:00","dateModified":"2026-02-09T12:53:20+00:00","author":{"@id":"https:\/\/diariodelsurdigital.com.ar\/#\/schema\/person\/1a4992532ed62965c968031b49195c81"},"breadcrumb":{"@id":"https:\/\/diariodelsurdigital.com.ar\/?p=6888#breadcrumb"},"inLanguage":"es","potentialAction":[{"@type":"ReadAction","target":["https:\/\/diariodelsurdigital.com.ar\/?p=6888"]}]},{"@type":"ImageObject","inLanguage":"es","@id":"https:\/\/diariodelsurdigital.com.ar\/?p=6888#primaryimage","url":"https:\/\/diariodelsurdigital.com.ar\/wp-content\/uploads\/2026\/02\/md-20.webp","contentUrl":"https:\/\/diariodelsurdigital.com.ar\/wp-content\/uploads\/2026\/02\/md-20.webp","width":992,"height":665},{"@type":"BreadcrumbList","@id":"https:\/\/diariodelsurdigital.com.ar\/?p=6888#breadcrumb","itemListElement":[{"@type":"ListItem","position":1,"name":"Portada","item":"https:\/\/diariodelsurdigital.com.ar\/"},{"@type":"ListItem","position":2,"name":"Comenz\u00f3 hoy el juicio a dos polic\u00edas paranaenses por presuntos abusos a dos menores"}]},{"@type":"WebSite","@id":"https:\/\/diariodelsurdigital.com.ar\/#website","url":"https:\/\/diariodelsurdigital.com.ar\/","name":"Diario del Sur","description":"Digital","potentialAction":[{"@type":"SearchAction","target":{"@type":"EntryPoint","urlTemplate":"https:\/\/diariodelsurdigital.com.ar\/?s={search_term_string}"},"query-input":{"@type":"PropertyValueSpecification","valueRequired":true,"valueName":"search_term_string"}}],"inLanguage":"es"},{"@type":"Person","@id":"https:\/\/diariodelsurdigital.com.ar\/#\/schema\/person\/1a4992532ed62965c968031b49195c81","name":"Diario del Sur Digital","image":{"@type":"ImageObject","inLanguage":"es","@id":"https:\/\/secure.gravatar.com\/avatar\/f0c7c47fc7146d19828273b9b8eda651c9c7ab583767e6338d3d3bee825adf76?s=96&d=mm&r=g","url":"https:\/\/secure.gravatar.com\/avatar\/f0c7c47fc7146d19828273b9b8eda651c9c7ab583767e6338d3d3bee825adf76?s=96&d=mm&r=g","contentUrl":"https:\/\/secure.gravatar.com\/avatar\/f0c7c47fc7146d19828273b9b8eda651c9c7ab583767e6338d3d3bee825adf76?s=96&d=mm&r=g","caption":"Diario del Sur Digital"},"url":"https:\/\/diariodelsurdigital.com.ar\/?author=4"}]}},"_links":{"self":[{"href":"https:\/\/diariodelsurdigital.com.ar\/index.php?rest_route=\/wp\/v2\/posts\/6888","targetHints":{"allow":["GET"]}}],"collection":[{"href":"https:\/\/diariodelsurdigital.com.ar\/index.php?rest_route=\/wp\/v2\/posts"}],"about":[{"href":"https:\/\/diariodelsurdigital.com.ar\/index.php?rest_route=\/wp\/v2\/types\/post"}],"author":[{"embeddable":true,"href":"https:\/\/diariodelsurdigital.com.ar\/index.php?rest_route=\/wp\/v2\/users\/4"}],"replies":[{"embeddable":true,"href":"https:\/\/diariodelsurdigital.com.ar\/index.php?rest_route=%2Fwp%2Fv2%2Fcomments&post=6888"}],"version-history":[{"count":1,"href":"https:\/\/diariodelsurdigital.com.ar\/index.php?rest_route=\/wp\/v2\/posts\/6888\/revisions"}],"predecessor-version":[{"id":6890,"href":"https:\/\/diariodelsurdigital.com.ar\/index.php?rest_route=\/wp\/v2\/posts\/6888\/revisions\/6890"}],"wp:featuredmedia":[{"embeddable":true,"href":"https:\/\/diariodelsurdigital.com.ar\/index.php?rest_route=\/wp\/v2\/media\/6889"}],"wp:attachment":[{"href":"https:\/\/diariodelsurdigital.com.ar\/index.php?rest_route=%2Fwp%2Fv2%2Fmedia&parent=6888"}],"wp:term":[{"taxonomy":"category","embeddable":true,"href":"https:\/\/diariodelsurdigital.com.ar\/index.php?rest_route=%2Fwp%2Fv2%2Fcategories&post=6888"},{"taxonomy":"post_tag","embeddable":true,"href":"https:\/\/diariodelsurdigital.com.ar\/index.php?rest_route=%2Fwp%2Fv2%2Ftags&post=6888"}],"curies":[{"name":"wp","href":"https:\/\/api.w.org\/{rel}","templated":true}]}}