{"id":689,"date":"2025-01-21T16:26:02","date_gmt":"2025-01-21T19:26:02","guid":{"rendered":"https:\/\/diariodelsurdigital.com.ar\/?p=689"},"modified":"2025-01-21T16:26:03","modified_gmt":"2025-01-21T19:26:03","slug":"denuncian-mas-de-200-despidos-en-pami-alertan-que-habra-servicios-que-quedaran-casi-vacios","status":"publish","type":"post","link":"https:\/\/diariodelsurdigital.com.ar\/?p=689","title":{"rendered":"Denuncian m\u00e1s de 200 despidos en PAMI: alertan que habr\u00e1 servicios que quedar\u00e1n casi vac\u00edos"},"content":{"rendered":"\n<p>Este lunes, el organismo a cargo de Esteban Legu\u00edzamo ech\u00f3 a centenares de personas de planta permanente del edificio central. Entre ellos, hay m\u00e9dicos, administrativos y psic\u00f3logos. Aseguran que tendr\u00e1 fuerte impacto en las prestaciones para los personas mayores.<\/p>\n\n\n\n<p><strong>Un grupo de profesionales<\/strong>&nbsp;-m\u00e9dicos, administrativos, trabajadores sociales, personal de recepci\u00f3n y psic\u00f3logos-&nbsp;<strong>permanecen en el hall de entrada del edificio central del Pami, ubicado en Avenida Corrientes 650, sin poder entrar.&nbsp;<\/strong>Si bien no recibieron telegrama, no los dejan ingresar a su lugar de trabajo donde ayer se conocieron los primeros despidos. Cerca del mediod\u00eda, empezaron a circular los nombres y los escritorios de algunas \u00e1reas comenzaron a quedar raleados.&nbsp;<strong>Las trabajadoras y los trabajadores incluso denuncian que hay servicios que pr\u00e1cticamente quedan vac\u00edos y se habla de unas 300 personas echadas -todas de planta permanente- por el Gobierno.&nbsp;<\/strong>\u201cEsta masacre nunca se vio\u201d, dice uno de los afectados, entre los que hay una madre con un hijo discapacitado.&nbsp;<\/p>\n\n\n\n<p>Los despidos tienen un factor com\u00fan:&nbsp;<strong>todos fueron definidos por aquellos n\u00fameros de legajos que corresponden al a\u00f1o 2020&nbsp;<\/strong>en adelante. No distinguen \u00e1reas ni sindicatos: entre los echados hay afiliados de UPCN, Sindicato Unido de Trabajadores y Empleados del PAMI (Sutepa), la Uni\u00f3n de Trabajadores del Instituto Nacional de Servicios Sociales para Jubilados y Pensionados (UTI) y de ATE.&nbsp;<\/p>\n\n\n\n<h2 class=\"wp-block-heading\">Vaciamiento profundo<\/h2>\n\n\n\n<p><br>Hasta ahora,\u00a0<strong>el Pami -con Esteban Legu\u00edzamo como director ejecutivo desde la llegada de Javier Milei a la Casa Rosada- ven\u00eda desarticulando programas<\/strong>, sufriendo recortes y ajustes en distintos servicios para las personas mayores como, por caso, la entrega al\u00a0<a href=\"https:\/\/www.tiempoar.com.ar\/ta_article\/pami-cobertura-100-medicamentos\/\">100 por ciento de medicamentos<\/a>. Pero los trabajadores aseguran que este vaciamiento\u00a0<strong>tendr\u00e1 un impacto todav\u00eda m\u00e1s fuerte entre los afiliados y afirman que el objetivo del gobierno para este a\u00f1o es reducir todo lo que pueda.\u00a0<\/strong><\/p>\n\n\n\n<p>La poda que comenz\u00f3 este lunes alcanz\u00f3 a todos los sectores. \u201cPAMI Escucha y Responde es un servicio de atenci\u00f3n telef\u00f3nica gratuito que est\u00e1 disponible las 24 horas del d\u00eda, los 365 d\u00edas del a\u00f1o\u201d, explica el propio organismo p\u00fablico creado en 1971&nbsp;<a href=\"https:\/\/www.pami.org.ar\/\" target=\"_blank\" rel=\"noreferrer noopener\">en su web<\/a>. Solo en ese sector, estiman que hubo 15 despidos.&nbsp;<\/p>\n\n\n\n<p><strong>\u201cNo sobra nadie. Basta de despidos en PAMI\u201d, denunci\u00f3 Sutepa a trav\u00e9s de las redes sociales. \u201cReincorporaci\u00f3n ya\u201d<\/strong>, exigieron desde la UTI despu\u00e9s de este lunes en el que notificaron m\u00e1s de 200 despidos de planta permanente. Un grupo de ellos resiste. Sin poder entrar a sus puestos de trabajo, permanecen en la puerta del edificio. \u201cEsto ni siquiera se vio durante el macrismo\u201d, describen. Y anticipan que el viernes podr\u00eda haber una nueva ola de cesant\u00edas.<\/p>\n","protected":false},"excerpt":{"rendered":"<p>Este lunes, el organismo a cargo de Esteban Legu\u00edzamo ech\u00f3 a centenares de personas de planta permanente del edificio central. Entre ellos, hay m\u00e9dicos, administrativos y psic\u00f3logos. Aseguran que tendr\u00e1 fuerte impacto en las prestaciones para los personas mayores. Un grupo de profesionales&nbsp;-m\u00e9dicos, administrativos, trabajadores sociales, personal de recepci\u00f3n y psic\u00f3logos-&nbsp;permanecen en el hall de [&hellip;]<\/p>\n","protected":false},"author":4,"featured_media":690,"comment_status":"open","ping_status":"open","sticky":false,"template":"","format":"standard","meta":{"footnotes":""},"categories":[19,18],"tags":[],"class_list":{"0":"post-689","1":"post","2":"type-post","3":"status-publish","4":"format-standard","5":"has-post-thumbnail","7":"category-interes-general","8":"category-nacionales"},"yoast_head":"<!-- This site is optimized with the Yoast SEO plugin v27.4 - https:\/\/yoast.com\/product\/yoast-seo-wordpress\/ -->\n<title>Denuncian m\u00e1s de 200 despidos en PAMI: alertan que habr\u00e1 servicios que quedar\u00e1n casi vac\u00edos - Diario del Sur<\/title>\n<meta name=\"robots\" content=\"index, follow, max-snippet:-1, max-image-preview:large, max-video-preview:-1\" \/>\n<link rel=\"canonical\" href=\"https:\/\/diariodelsurdigital.com.ar\/?p=689\" \/>\n<meta property=\"og:locale\" content=\"es_ES\" \/>\n<meta property=\"og:type\" content=\"article\" \/>\n<meta property=\"og:title\" content=\"Denuncian m\u00e1s de 200 despidos en PAMI: alertan que habr\u00e1 servicios que quedar\u00e1n casi vac\u00edos - Diario del Sur\" \/>\n<meta property=\"og:description\" content=\"Este lunes, el organismo a cargo de Esteban Legu\u00edzamo ech\u00f3 a centenares de personas de planta permanente del edificio central. Entre ellos, hay m\u00e9dicos, administrativos y psic\u00f3logos. Aseguran que tendr\u00e1 fuerte impacto en las prestaciones para los personas mayores. Un grupo de profesionales&nbsp;-m\u00e9dicos, administrativos, trabajadores sociales, personal de recepci\u00f3n y psic\u00f3logos-&nbsp;permanecen en el hall de [&hellip;]\" \/>\n<meta property=\"og:url\" content=\"https:\/\/diariodelsurdigital.com.ar\/?p=689\" \/>\n<meta property=\"og:site_name\" content=\"Diario del Sur\" \/>\n<meta property=\"article:published_time\" content=\"2025-01-21T19:26:02+00:00\" \/>\n<meta property=\"article:modified_time\" content=\"2025-01-21T19:26:03+00:00\" \/>\n<meta property=\"og:image\" content=\"https:\/\/diariodelsurdigital.com.ar\/wp-content\/uploads\/2025\/01\/OIP-1.jpg\" \/>\n\t<meta property=\"og:image:width\" content=\"474\" \/>\n\t<meta property=\"og:image:height\" content=\"266\" \/>\n\t<meta property=\"og:image:type\" content=\"image\/jpeg\" \/>\n<meta name=\"author\" content=\"Diario del Sur Digital\" \/>\n<meta name=\"twitter:card\" content=\"summary_large_image\" \/>\n<meta name=\"twitter:label1\" content=\"Escrito por\" \/>\n\t<meta name=\"twitter:data1\" content=\"Diario del Sur Digital\" \/>\n\t<meta name=\"twitter:label2\" content=\"Tiempo de lectura\" \/>\n\t<meta name=\"twitter:data2\" content=\"3 minutos\" \/>\n<script type=\"application\/ld+json\" class=\"yoast-schema-graph\">{\"@context\":\"https:\\\/\\\/schema.org\",\"@graph\":[{\"@type\":\"Article\",\"@id\":\"https:\\\/\\\/diariodelsurdigital.com.ar\\\/?p=689#article\",\"isPartOf\":{\"@id\":\"https:\\\/\\\/diariodelsurdigital.com.ar\\\/?p=689\"},\"author\":{\"name\":\"Diario del Sur Digital\",\"@id\":\"https:\\\/\\\/diariodelsurdigital.com.ar\\\/#\\\/schema\\\/person\\\/1a4992532ed62965c968031b49195c81\"},\"headline\":\"Denuncian m\u00e1s de 200 despidos en PAMI: alertan que habr\u00e1 servicios que quedar\u00e1n casi vac\u00edos\",\"datePublished\":\"2025-01-21T19:26:02+00:00\",\"dateModified\":\"2025-01-21T19:26:03+00:00\",\"mainEntityOfPage\":{\"@id\":\"https:\\\/\\\/diariodelsurdigital.com.ar\\\/?p=689\"},\"wordCount\":479,\"commentCount\":0,\"image\":{\"@id\":\"https:\\\/\\\/diariodelsurdigital.com.ar\\\/?p=689#primaryimage\"},\"thumbnailUrl\":\"https:\\\/\\\/diariodelsurdigital.com.ar\\\/wp-content\\\/uploads\\\/2025\\\/01\\\/OIP-1.jpg\",\"articleSection\":[\"Inter\u00e9s General\",\"Nacionales\"],\"inLanguage\":\"es\",\"potentialAction\":[{\"@type\":\"CommentAction\",\"name\":\"Comment\",\"target\":[\"https:\\\/\\\/diariodelsurdigital.com.ar\\\/?p=689#respond\"]}]},{\"@type\":\"WebPage\",\"@id\":\"https:\\\/\\\/diariodelsurdigital.com.ar\\\/?p=689\",\"url\":\"https:\\\/\\\/diariodelsurdigital.com.ar\\\/?p=689\",\"name\":\"Denuncian m\u00e1s de 200 despidos en PAMI: alertan que habr\u00e1 servicios que quedar\u00e1n casi vac\u00edos - Diario del Sur\",\"isPartOf\":{\"@id\":\"https:\\\/\\\/diariodelsurdigital.com.ar\\\/#website\"},\"primaryImageOfPage\":{\"@id\":\"https:\\\/\\\/diariodelsurdigital.com.ar\\\/?p=689#primaryimage\"},\"image\":{\"@id\":\"https:\\\/\\\/diariodelsurdigital.com.ar\\\/?p=689#primaryimage\"},\"thumbnailUrl\":\"https:\\\/\\\/diariodelsurdigital.com.ar\\\/wp-content\\\/uploads\\\/2025\\\/01\\\/OIP-1.jpg\",\"datePublished\":\"2025-01-21T19:26:02+00:00\",\"dateModified\":\"2025-01-21T19:26:03+00:00\",\"author\":{\"@id\":\"https:\\\/\\\/diariodelsurdigital.com.ar\\\/#\\\/schema\\\/person\\\/1a4992532ed62965c968031b49195c81\"},\"breadcrumb\":{\"@id\":\"https:\\\/\\\/diariodelsurdigital.com.ar\\\/?p=689#breadcrumb\"},\"inLanguage\":\"es\",\"potentialAction\":[{\"@type\":\"ReadAction\",\"target\":[\"https:\\\/\\\/diariodelsurdigital.com.ar\\\/?p=689\"]}]},{\"@type\":\"ImageObject\",\"inLanguage\":\"es\",\"@id\":\"https:\\\/\\\/diariodelsurdigital.com.ar\\\/?p=689#primaryimage\",\"url\":\"https:\\\/\\\/diariodelsurdigital.com.ar\\\/wp-content\\\/uploads\\\/2025\\\/01\\\/OIP-1.jpg\",\"contentUrl\":\"https:\\\/\\\/diariodelsurdigital.com.ar\\\/wp-content\\\/uploads\\\/2025\\\/01\\\/OIP-1.jpg\",\"width\":474,\"height\":266},{\"@type\":\"BreadcrumbList\",\"@id\":\"https:\\\/\\\/diariodelsurdigital.com.ar\\\/?p=689#breadcrumb\",\"itemListElement\":[{\"@type\":\"ListItem\",\"position\":1,\"name\":\"Portada\",\"item\":\"https:\\\/\\\/diariodelsurdigital.com.ar\\\/\"},{\"@type\":\"ListItem\",\"position\":2,\"name\":\"Denuncian m\u00e1s de 200 despidos en PAMI: alertan que habr\u00e1 servicios que quedar\u00e1n casi vac\u00edos\"}]},{\"@type\":\"WebSite\",\"@id\":\"https:\\\/\\\/diariodelsurdigital.com.ar\\\/#website\",\"url\":\"https:\\\/\\\/diariodelsurdigital.com.ar\\\/\",\"name\":\"Diario del Sur\",\"description\":\"Digital\",\"potentialAction\":[{\"@type\":\"SearchAction\",\"target\":{\"@type\":\"EntryPoint\",\"urlTemplate\":\"https:\\\/\\\/diariodelsurdigital.com.ar\\\/?s={search_term_string}\"},\"query-input\":{\"@type\":\"PropertyValueSpecification\",\"valueRequired\":true,\"valueName\":\"search_term_string\"}}],\"inLanguage\":\"es\"},{\"@type\":\"Person\",\"@id\":\"https:\\\/\\\/diariodelsurdigital.com.ar\\\/#\\\/schema\\\/person\\\/1a4992532ed62965c968031b49195c81\",\"name\":\"Diario del Sur Digital\",\"image\":{\"@type\":\"ImageObject\",\"inLanguage\":\"es\",\"@id\":\"https:\\\/\\\/secure.gravatar.com\\\/avatar\\\/f0c7c47fc7146d19828273b9b8eda651c9c7ab583767e6338d3d3bee825adf76?s=96&d=mm&r=g\",\"url\":\"https:\\\/\\\/secure.gravatar.com\\\/avatar\\\/f0c7c47fc7146d19828273b9b8eda651c9c7ab583767e6338d3d3bee825adf76?s=96&d=mm&r=g\",\"contentUrl\":\"https:\\\/\\\/secure.gravatar.com\\\/avatar\\\/f0c7c47fc7146d19828273b9b8eda651c9c7ab583767e6338d3d3bee825adf76?s=96&d=mm&r=g\",\"caption\":\"Diario del Sur Digital\"},\"url\":\"https:\\\/\\\/diariodelsurdigital.com.ar\\\/?author=4\"}]}<\/script>\n<!-- \/ Yoast SEO plugin. -->","yoast_head_json":{"title":"Denuncian m\u00e1s de 200 despidos en PAMI: alertan que habr\u00e1 servicios que quedar\u00e1n casi vac\u00edos - Diario del Sur","robots":{"index":"index","follow":"follow","max-snippet":"max-snippet:-1","max-image-preview":"max-image-preview:large","max-video-preview":"max-video-preview:-1"},"canonical":"https:\/\/diariodelsurdigital.com.ar\/?p=689","og_locale":"es_ES","og_type":"article","og_title":"Denuncian m\u00e1s de 200 despidos en PAMI: alertan que habr\u00e1 servicios que quedar\u00e1n casi vac\u00edos - Diario del Sur","og_description":"Este lunes, el organismo a cargo de Esteban Legu\u00edzamo ech\u00f3 a centenares de personas de planta permanente del edificio central. Entre ellos, hay m\u00e9dicos, administrativos y psic\u00f3logos. Aseguran que tendr\u00e1 fuerte impacto en las prestaciones para los personas mayores. Un grupo de profesionales&nbsp;-m\u00e9dicos, administrativos, trabajadores sociales, personal de recepci\u00f3n y psic\u00f3logos-&nbsp;permanecen en el hall de [&hellip;]","og_url":"https:\/\/diariodelsurdigital.com.ar\/?p=689","og_site_name":"Diario del Sur","article_published_time":"2025-01-21T19:26:02+00:00","article_modified_time":"2025-01-21T19:26:03+00:00","og_image":[{"width":474,"height":266,"url":"https:\/\/diariodelsurdigital.com.ar\/wp-content\/uploads\/2025\/01\/OIP-1.jpg","type":"image\/jpeg"}],"author":"Diario del Sur Digital","twitter_card":"summary_large_image","twitter_misc":{"Escrito por":"Diario del Sur Digital","Tiempo de lectura":"3 minutos"},"schema":{"@context":"https:\/\/schema.org","@graph":[{"@type":"Article","@id":"https:\/\/diariodelsurdigital.com.ar\/?p=689#article","isPartOf":{"@id":"https:\/\/diariodelsurdigital.com.ar\/?p=689"},"author":{"name":"Diario del Sur Digital","@id":"https:\/\/diariodelsurdigital.com.ar\/#\/schema\/person\/1a4992532ed62965c968031b49195c81"},"headline":"Denuncian m\u00e1s de 200 despidos en PAMI: alertan que habr\u00e1 servicios que quedar\u00e1n casi vac\u00edos","datePublished":"2025-01-21T19:26:02+00:00","dateModified":"2025-01-21T19:26:03+00:00","mainEntityOfPage":{"@id":"https:\/\/diariodelsurdigital.com.ar\/?p=689"},"wordCount":479,"commentCount":0,"image":{"@id":"https:\/\/diariodelsurdigital.com.ar\/?p=689#primaryimage"},"thumbnailUrl":"https:\/\/diariodelsurdigital.com.ar\/wp-content\/uploads\/2025\/01\/OIP-1.jpg","articleSection":["Inter\u00e9s General","Nacionales"],"inLanguage":"es","potentialAction":[{"@type":"CommentAction","name":"Comment","target":["https:\/\/diariodelsurdigital.com.ar\/?p=689#respond"]}]},{"@type":"WebPage","@id":"https:\/\/diariodelsurdigital.com.ar\/?p=689","url":"https:\/\/diariodelsurdigital.com.ar\/?p=689","name":"Denuncian m\u00e1s de 200 despidos en PAMI: alertan que habr\u00e1 servicios que quedar\u00e1n casi vac\u00edos - Diario del Sur","isPartOf":{"@id":"https:\/\/diariodelsurdigital.com.ar\/#website"},"primaryImageOfPage":{"@id":"https:\/\/diariodelsurdigital.com.ar\/?p=689#primaryimage"},"image":{"@id":"https:\/\/diariodelsurdigital.com.ar\/?p=689#primaryimage"},"thumbnailUrl":"https:\/\/diariodelsurdigital.com.ar\/wp-content\/uploads\/2025\/01\/OIP-1.jpg","datePublished":"2025-01-21T19:26:02+00:00","dateModified":"2025-01-21T19:26:03+00:00","author":{"@id":"https:\/\/diariodelsurdigital.com.ar\/#\/schema\/person\/1a4992532ed62965c968031b49195c81"},"breadcrumb":{"@id":"https:\/\/diariodelsurdigital.com.ar\/?p=689#breadcrumb"},"inLanguage":"es","potentialAction":[{"@type":"ReadAction","target":["https:\/\/diariodelsurdigital.com.ar\/?p=689"]}]},{"@type":"ImageObject","inLanguage":"es","@id":"https:\/\/diariodelsurdigital.com.ar\/?p=689#primaryimage","url":"https:\/\/diariodelsurdigital.com.ar\/wp-content\/uploads\/2025\/01\/OIP-1.jpg","contentUrl":"https:\/\/diariodelsurdigital.com.ar\/wp-content\/uploads\/2025\/01\/OIP-1.jpg","width":474,"height":266},{"@type":"BreadcrumbList","@id":"https:\/\/diariodelsurdigital.com.ar\/?p=689#breadcrumb","itemListElement":[{"@type":"ListItem","position":1,"name":"Portada","item":"https:\/\/diariodelsurdigital.com.ar\/"},{"@type":"ListItem","position":2,"name":"Denuncian m\u00e1s de 200 despidos en PAMI: alertan que habr\u00e1 servicios que quedar\u00e1n casi vac\u00edos"}]},{"@type":"WebSite","@id":"https:\/\/diariodelsurdigital.com.ar\/#website","url":"https:\/\/diariodelsurdigital.com.ar\/","name":"Diario del Sur","description":"Digital","potentialAction":[{"@type":"SearchAction","target":{"@type":"EntryPoint","urlTemplate":"https:\/\/diariodelsurdigital.com.ar\/?s={search_term_string}"},"query-input":{"@type":"PropertyValueSpecification","valueRequired":true,"valueName":"search_term_string"}}],"inLanguage":"es"},{"@type":"Person","@id":"https:\/\/diariodelsurdigital.com.ar\/#\/schema\/person\/1a4992532ed62965c968031b49195c81","name":"Diario del Sur Digital","image":{"@type":"ImageObject","inLanguage":"es","@id":"https:\/\/secure.gravatar.com\/avatar\/f0c7c47fc7146d19828273b9b8eda651c9c7ab583767e6338d3d3bee825adf76?s=96&d=mm&r=g","url":"https:\/\/secure.gravatar.com\/avatar\/f0c7c47fc7146d19828273b9b8eda651c9c7ab583767e6338d3d3bee825adf76?s=96&d=mm&r=g","contentUrl":"https:\/\/secure.gravatar.com\/avatar\/f0c7c47fc7146d19828273b9b8eda651c9c7ab583767e6338d3d3bee825adf76?s=96&d=mm&r=g","caption":"Diario del Sur Digital"},"url":"https:\/\/diariodelsurdigital.com.ar\/?author=4"}]}},"_links":{"self":[{"href":"https:\/\/diariodelsurdigital.com.ar\/index.php?rest_route=\/wp\/v2\/posts\/689","targetHints":{"allow":["GET"]}}],"collection":[{"href":"https:\/\/diariodelsurdigital.com.ar\/index.php?rest_route=\/wp\/v2\/posts"}],"about":[{"href":"https:\/\/diariodelsurdigital.com.ar\/index.php?rest_route=\/wp\/v2\/types\/post"}],"author":[{"embeddable":true,"href":"https:\/\/diariodelsurdigital.com.ar\/index.php?rest_route=\/wp\/v2\/users\/4"}],"replies":[{"embeddable":true,"href":"https:\/\/diariodelsurdigital.com.ar\/index.php?rest_route=%2Fwp%2Fv2%2Fcomments&post=689"}],"version-history":[{"count":1,"href":"https:\/\/diariodelsurdigital.com.ar\/index.php?rest_route=\/wp\/v2\/posts\/689\/revisions"}],"predecessor-version":[{"id":691,"href":"https:\/\/diariodelsurdigital.com.ar\/index.php?rest_route=\/wp\/v2\/posts\/689\/revisions\/691"}],"wp:featuredmedia":[{"embeddable":true,"href":"https:\/\/diariodelsurdigital.com.ar\/index.php?rest_route=\/wp\/v2\/media\/690"}],"wp:attachment":[{"href":"https:\/\/diariodelsurdigital.com.ar\/index.php?rest_route=%2Fwp%2Fv2%2Fmedia&parent=689"}],"wp:term":[{"taxonomy":"category","embeddable":true,"href":"https:\/\/diariodelsurdigital.com.ar\/index.php?rest_route=%2Fwp%2Fv2%2Fcategories&post=689"},{"taxonomy":"post_tag","embeddable":true,"href":"https:\/\/diariodelsurdigital.com.ar\/index.php?rest_route=%2Fwp%2Fv2%2Ftags&post=689"}],"curies":[{"name":"wp","href":"https:\/\/api.w.org\/{rel}","templated":true}]}}