{"id":6891,"date":"2026-02-09T09:55:31","date_gmt":"2026-02-09T12:55:31","guid":{"rendered":"https:\/\/diariodelsurdigital.com.ar\/?p=6891"},"modified":"2026-02-09T09:55:32","modified_gmt":"2026-02-09T12:55:32","slug":"alertan-que-las-muertes-por-siniestros-en-rutas-que-atraviesan-la-provincia-podrian-aumentar-un-70-este-ano","status":"publish","type":"post","link":"https:\/\/diariodelsurdigital.com.ar\/?p=6891","title":{"rendered":"Alertan que las muertes por siniestros en rutas que atraviesan la provincia podr\u00edan aumentar un 70% este a\u00f1o"},"content":{"rendered":"\n<p>Desde UCR Activa advirtieron que la proyecci\u00f3n de v\u00edctimas fatales en siniestros viales podr\u00eda aumentar un 70% si se mantiene la tendencia de enero. Denunciaron que el aumento de muertes no es azaroso, sino consecuencia del retiro de la inversi\u00f3n nacional y la \u00abpasividad\u00bb del Gobierno provincial. Exigieron reformar los pliegos de las concesiones de las rutas 12 y 14 y sostuvieron que la saturaci\u00f3n de camiones -fruto del desguace ferroviario- volvi\u00f3 el tr\u00e1nsito cada vez m\u00e1s peligroso.<\/p>\n\n\n\n<p><\/p>\n\n\n\n<p>\u201cEn Entre R\u00edos, la seguridad vial dej\u00f3 de ser un problema circunstancial para transformarse en una emergencia estructural. Los datos son contundentes y verificables. El a\u00f1o 2025 cerr\u00f3 con 133 v\u00edctimas fatales en siniestros viales. El arranque de 2026 fue todav\u00eda m\u00e1s grave: enero termin\u00f3 con 26 personas fallecidas. Si esa tendencia se mantiene, la proyecci\u00f3n anual superar\u00eda las 228 muertes, lo que implicar\u00eda un aumento de m\u00e1s del 70% respecto de a\u00f1os anteriores. No es una hip\u00f3tesis alarmista: es una advertencia basada en hechos\u201d, enfatizaron desde UCR Activa, el espacio interno que tiene al abogado Rub\u00e9n Pagliotto como a uno de sus referentes.<\/p>\n\n\n\n<p>\u201cNada de esto ocurre por azar. Entre R\u00edos ocupa una posici\u00f3n estrat\u00e9gica en el Mercosur. Es corredor obligado del comercio regional, con tres pasos internacionales hacia Uruguay, conexi\u00f3n directa con Santa Fe \u2014especialmente Rosario, nodo exportador\u2014 y v\u00ednculo permanente con la provincia de Buenos Aires. A ese tr\u00e1nsito estructural se suma la producci\u00f3n agr\u00edcola-ganadera, av\u00edcola y la cuenca lechera del centro provincial. En verano, adem\u00e1s, el turismo multiplica el flujo de veh\u00edculos. Las rutas entrerrianas soportan una carga que no admite abandono\u201d, alertaron.<\/p>\n\n\n\n<p>\u201cSin embargo, el Estado nacional decidi\u00f3 retirar la inversi\u00f3n en obra p\u00fablica y mantenimiento de rutas nacionales. Y el gobierno provincial acompa\u00f1\u00f3 esa decisi\u00f3n sin protestar, sin exigir lo que corresponde a Entre R\u00edos y sin un plan alternativo serio. El resultado es un sistema vial deteriorado, saturado y cada vez m\u00e1s peligroso\u201d, enfatizaron desde UCR Activa.<\/p>\n\n\n\n<p>Cambios urgentes en las concesiones de las rutas 12 y 14 para que<\/p>\n\n\n\n<p>En otro tramo del comunicado enviado a esta Agencia, expresaron la necesidad de que se modifiquen los pliegos de licitaci\u00f3n de las rutas nacionales 12 y 14.<\/p>\n\n\n\n<p>\u201cEl nuevo contrato de concesi\u00f3n de rutas vuelve a cometer errores graves. Entre las obligaciones de las concesionarias no se tuvo en cuenta a los bomberos voluntarios. Hoy, muchos cuarteles que intervienen a diario en siniestros sobre rutas concesionadas -porque tienen la obligaci\u00f3n legal y humanitaria de hacerlo- tienen deudas con estaciones de servicio y no saben c\u00f3mo afrontarlas. Los vecinos financian con aportes solidarios emergencias que deber\u00edan ser cubiertas por quienes recaudan millones en peajes. Tampoco se contempl\u00f3 entre las obligaciones, que aporten al sistema sanitario provincial porque utilizan su infraestructura y recursos p\u00fablicos de manera permanente y no contribuyen en nada; lo que constituye un subsidio encubierto del Estado entrerriano\u201d.<\/p>\n\n\n\n<p>Por eso, desde UCR Activa exhortamos a los legisladores nacionales entrerrianos a que trabajen para modificar los pliegos de licitaci\u00f3n de las rutas nacionales 12 y 14. Es imprescindible que se incluya la obligaci\u00f3n de que las concesionarias cuenten con servicios m\u00e9dicos permanentes, con salas fijas equipadas con shock room de mediana complejidad para la atenci\u00f3n de traumas que permitan estabilizar a las v\u00edctimas y luego derivarlas. Y que se establezca, de manera expl\u00edcita, un aporte econ\u00f3mico obligatorio para los cuarteles de bomberos voluntarios que operan en esos corredores viales\u201d.<\/p>\n\n\n\n<p>El impacto del desguace del ferrocarril<\/p>\n\n\n\n<p>\u201cHay una causa estructural que tambi\u00e9n debe decirse sin eufemismos: el desguace del ferrocarril en la d\u00e9cada de los \u201990 convirti\u00f3 a las rutas en la \u00fanica v\u00eda de transporte de cargas\u201d, afirmaron.<\/p>\n\n\n\n<p>En este marco, consideraron que \u201cla ausencia del tren satura las rutas con camiones de gran porte, las destruye y multiplica el riesgo. Mientras tanto, Brasil moderniza y expande su red ferroviaria, con m\u00e1s de 30.000 kil\u00f3metros de v\u00edas y corredores log\u00edsticos estrat\u00e9gicos que unir\u00e1n los dos oc\u00e9anos. Aqu\u00ed, pretendemos sostener todo sobre asfalto que no se puede mantener, solo para favorecer intereses sectoriales en detrimento de la seguridad y de la vida de los argentinos\u201d.<\/p>\n\n\n\n<p>\u201cMientras el mundo avanza hacia rutas inteligentes \u2014infraestructura con sensores, monitoreo en tiempo real, gesti\u00f3n de tr\u00e1nsito, asistencia autom\u00e1tica ante siniestros\u2014 en la Argentina los pliegos de licitaciones se siguen concentrando en: cobrar m\u00e1s, gastar menos, sin transformar la infraestructura f\u00edsica y sin contemplar la inversi\u00f3n en tecnolog\u00eda que salve vidas\u201d, criticaron.<\/p>\n\n\n\n<p>\u201cLa falta de mantenimiento de las rutas y la ausencia del ferrocarril en Entre R\u00edos se paga con vidas humanas. Y la ausencia del Estado, tambi\u00e9n\u201d, finalizaron.<\/p>\n","protected":false},"excerpt":{"rendered":"<p>Desde UCR Activa advirtieron que la proyecci\u00f3n de v\u00edctimas fatales en siniestros viales podr\u00eda aumentar un 70% si se mantiene la tendencia de enero. Denunciaron que el aumento de muertes no es azaroso, sino consecuencia del retiro de la inversi\u00f3n nacional y la \u00abpasividad\u00bb del Gobierno provincial. Exigieron reformar los pliegos de las concesiones de [&hellip;]<\/p>\n","protected":false},"author":4,"featured_media":6892,"comment_status":"open","ping_status":"open","sticky":false,"template":"","format":"standard","meta":{"footnotes":""},"categories":[19,17],"tags":[],"class_list":{"0":"post-6891","1":"post","2":"type-post","3":"status-publish","4":"format-standard","5":"has-post-thumbnail","7":"category-interes-general","8":"category-provinciales"},"yoast_head":"<!-- This site is optimized with the Yoast SEO plugin v27.4 - https:\/\/yoast.com\/product\/yoast-seo-wordpress\/ -->\n<title>Alertan que las muertes por siniestros en rutas que atraviesan la provincia podr\u00edan aumentar un 70% este a\u00f1o - Diario del Sur<\/title>\n<meta name=\"robots\" content=\"index, follow, max-snippet:-1, max-image-preview:large, max-video-preview:-1\" \/>\n<link rel=\"canonical\" href=\"https:\/\/diariodelsurdigital.com.ar\/?p=6891\" \/>\n<meta property=\"og:locale\" content=\"es_ES\" \/>\n<meta property=\"og:type\" content=\"article\" \/>\n<meta property=\"og:title\" content=\"Alertan que las muertes por siniestros en rutas que atraviesan la provincia podr\u00edan aumentar un 70% este a\u00f1o - Diario del Sur\" \/>\n<meta property=\"og:description\" content=\"Desde UCR Activa advirtieron que la proyecci\u00f3n de v\u00edctimas fatales en siniestros viales podr\u00eda aumentar un 70% si se mantiene la tendencia de enero. Denunciaron que el aumento de muertes no es azaroso, sino consecuencia del retiro de la inversi\u00f3n nacional y la \u00abpasividad\u00bb del Gobierno provincial. Exigieron reformar los pliegos de las concesiones de [&hellip;]\" \/>\n<meta property=\"og:url\" content=\"https:\/\/diariodelsurdigital.com.ar\/?p=6891\" \/>\n<meta property=\"og:site_name\" content=\"Diario del Sur\" \/>\n<meta property=\"article:published_time\" content=\"2026-02-09T12:55:31+00:00\" \/>\n<meta property=\"article:modified_time\" content=\"2026-02-09T12:55:32+00:00\" \/>\n<meta property=\"og:image\" content=\"https:\/\/diariodelsurdigital.com.ar\/wp-content\/uploads\/2026\/02\/md-21.webp\" \/>\n\t<meta property=\"og:image:width\" content=\"992\" \/>\n\t<meta property=\"og:image:height\" content=\"661\" \/>\n\t<meta property=\"og:image:type\" content=\"image\/webp\" \/>\n<meta name=\"author\" content=\"Diario del Sur Digital\" \/>\n<meta name=\"twitter:card\" content=\"summary_large_image\" \/>\n<meta name=\"twitter:label1\" content=\"Escrito por\" \/>\n\t<meta name=\"twitter:data1\" content=\"Diario del Sur Digital\" \/>\n\t<meta name=\"twitter:label2\" content=\"Tiempo de lectura\" \/>\n\t<meta name=\"twitter:data2\" content=\"4 minutos\" \/>\n<script type=\"application\/ld+json\" class=\"yoast-schema-graph\">{\"@context\":\"https:\\\/\\\/schema.org\",\"@graph\":[{\"@type\":\"Article\",\"@id\":\"https:\\\/\\\/diariodelsurdigital.com.ar\\\/?p=6891#article\",\"isPartOf\":{\"@id\":\"https:\\\/\\\/diariodelsurdigital.com.ar\\\/?p=6891\"},\"author\":{\"name\":\"Diario del Sur Digital\",\"@id\":\"https:\\\/\\\/diariodelsurdigital.com.ar\\\/#\\\/schema\\\/person\\\/1a4992532ed62965c968031b49195c81\"},\"headline\":\"Alertan que las muertes por siniestros en rutas que atraviesan la provincia podr\u00edan aumentar un 70% este a\u00f1o\",\"datePublished\":\"2026-02-09T12:55:31+00:00\",\"dateModified\":\"2026-02-09T12:55:32+00:00\",\"mainEntityOfPage\":{\"@id\":\"https:\\\/\\\/diariodelsurdigital.com.ar\\\/?p=6891\"},\"wordCount\":827,\"commentCount\":0,\"image\":{\"@id\":\"https:\\\/\\\/diariodelsurdigital.com.ar\\\/?p=6891#primaryimage\"},\"thumbnailUrl\":\"https:\\\/\\\/diariodelsurdigital.com.ar\\\/wp-content\\\/uploads\\\/2026\\\/02\\\/md-21.webp\",\"articleSection\":[\"Inter\u00e9s General\",\"Provinciales\"],\"inLanguage\":\"es\",\"potentialAction\":[{\"@type\":\"CommentAction\",\"name\":\"Comment\",\"target\":[\"https:\\\/\\\/diariodelsurdigital.com.ar\\\/?p=6891#respond\"]}]},{\"@type\":\"WebPage\",\"@id\":\"https:\\\/\\\/diariodelsurdigital.com.ar\\\/?p=6891\",\"url\":\"https:\\\/\\\/diariodelsurdigital.com.ar\\\/?p=6891\",\"name\":\"Alertan que las muertes por siniestros en rutas que atraviesan la provincia podr\u00edan aumentar un 70% este a\u00f1o - Diario del Sur\",\"isPartOf\":{\"@id\":\"https:\\\/\\\/diariodelsurdigital.com.ar\\\/#website\"},\"primaryImageOfPage\":{\"@id\":\"https:\\\/\\\/diariodelsurdigital.com.ar\\\/?p=6891#primaryimage\"},\"image\":{\"@id\":\"https:\\\/\\\/diariodelsurdigital.com.ar\\\/?p=6891#primaryimage\"},\"thumbnailUrl\":\"https:\\\/\\\/diariodelsurdigital.com.ar\\\/wp-content\\\/uploads\\\/2026\\\/02\\\/md-21.webp\",\"datePublished\":\"2026-02-09T12:55:31+00:00\",\"dateModified\":\"2026-02-09T12:55:32+00:00\",\"author\":{\"@id\":\"https:\\\/\\\/diariodelsurdigital.com.ar\\\/#\\\/schema\\\/person\\\/1a4992532ed62965c968031b49195c81\"},\"breadcrumb\":{\"@id\":\"https:\\\/\\\/diariodelsurdigital.com.ar\\\/?p=6891#breadcrumb\"},\"inLanguage\":\"es\",\"potentialAction\":[{\"@type\":\"ReadAction\",\"target\":[\"https:\\\/\\\/diariodelsurdigital.com.ar\\\/?p=6891\"]}]},{\"@type\":\"ImageObject\",\"inLanguage\":\"es\",\"@id\":\"https:\\\/\\\/diariodelsurdigital.com.ar\\\/?p=6891#primaryimage\",\"url\":\"https:\\\/\\\/diariodelsurdigital.com.ar\\\/wp-content\\\/uploads\\\/2026\\\/02\\\/md-21.webp\",\"contentUrl\":\"https:\\\/\\\/diariodelsurdigital.com.ar\\\/wp-content\\\/uploads\\\/2026\\\/02\\\/md-21.webp\",\"width\":992,\"height\":661},{\"@type\":\"BreadcrumbList\",\"@id\":\"https:\\\/\\\/diariodelsurdigital.com.ar\\\/?p=6891#breadcrumb\",\"itemListElement\":[{\"@type\":\"ListItem\",\"position\":1,\"name\":\"Portada\",\"item\":\"https:\\\/\\\/diariodelsurdigital.com.ar\\\/\"},{\"@type\":\"ListItem\",\"position\":2,\"name\":\"Alertan que las muertes por siniestros en rutas que atraviesan la provincia podr\u00edan aumentar un 70% este a\u00f1o\"}]},{\"@type\":\"WebSite\",\"@id\":\"https:\\\/\\\/diariodelsurdigital.com.ar\\\/#website\",\"url\":\"https:\\\/\\\/diariodelsurdigital.com.ar\\\/\",\"name\":\"Diario del Sur\",\"description\":\"Digital\",\"potentialAction\":[{\"@type\":\"SearchAction\",\"target\":{\"@type\":\"EntryPoint\",\"urlTemplate\":\"https:\\\/\\\/diariodelsurdigital.com.ar\\\/?s={search_term_string}\"},\"query-input\":{\"@type\":\"PropertyValueSpecification\",\"valueRequired\":true,\"valueName\":\"search_term_string\"}}],\"inLanguage\":\"es\"},{\"@type\":\"Person\",\"@id\":\"https:\\\/\\\/diariodelsurdigital.com.ar\\\/#\\\/schema\\\/person\\\/1a4992532ed62965c968031b49195c81\",\"name\":\"Diario del Sur Digital\",\"image\":{\"@type\":\"ImageObject\",\"inLanguage\":\"es\",\"@id\":\"https:\\\/\\\/secure.gravatar.com\\\/avatar\\\/f0c7c47fc7146d19828273b9b8eda651c9c7ab583767e6338d3d3bee825adf76?s=96&d=mm&r=g\",\"url\":\"https:\\\/\\\/secure.gravatar.com\\\/avatar\\\/f0c7c47fc7146d19828273b9b8eda651c9c7ab583767e6338d3d3bee825adf76?s=96&d=mm&r=g\",\"contentUrl\":\"https:\\\/\\\/secure.gravatar.com\\\/avatar\\\/f0c7c47fc7146d19828273b9b8eda651c9c7ab583767e6338d3d3bee825adf76?s=96&d=mm&r=g\",\"caption\":\"Diario del Sur Digital\"},\"url\":\"https:\\\/\\\/diariodelsurdigital.com.ar\\\/?author=4\"}]}<\/script>\n<!-- \/ Yoast SEO plugin. -->","yoast_head_json":{"title":"Alertan que las muertes por siniestros en rutas que atraviesan la provincia podr\u00edan aumentar un 70% este a\u00f1o - Diario del Sur","robots":{"index":"index","follow":"follow","max-snippet":"max-snippet:-1","max-image-preview":"max-image-preview:large","max-video-preview":"max-video-preview:-1"},"canonical":"https:\/\/diariodelsurdigital.com.ar\/?p=6891","og_locale":"es_ES","og_type":"article","og_title":"Alertan que las muertes por siniestros en rutas que atraviesan la provincia podr\u00edan aumentar un 70% este a\u00f1o - Diario del Sur","og_description":"Desde UCR Activa advirtieron que la proyecci\u00f3n de v\u00edctimas fatales en siniestros viales podr\u00eda aumentar un 70% si se mantiene la tendencia de enero. Denunciaron que el aumento de muertes no es azaroso, sino consecuencia del retiro de la inversi\u00f3n nacional y la \u00abpasividad\u00bb del Gobierno provincial. Exigieron reformar los pliegos de las concesiones de [&hellip;]","og_url":"https:\/\/diariodelsurdigital.com.ar\/?p=6891","og_site_name":"Diario del Sur","article_published_time":"2026-02-09T12:55:31+00:00","article_modified_time":"2026-02-09T12:55:32+00:00","og_image":[{"width":992,"height":661,"url":"https:\/\/diariodelsurdigital.com.ar\/wp-content\/uploads\/2026\/02\/md-21.webp","type":"image\/webp"}],"author":"Diario del Sur Digital","twitter_card":"summary_large_image","twitter_misc":{"Escrito por":"Diario del Sur Digital","Tiempo de lectura":"4 minutos"},"schema":{"@context":"https:\/\/schema.org","@graph":[{"@type":"Article","@id":"https:\/\/diariodelsurdigital.com.ar\/?p=6891#article","isPartOf":{"@id":"https:\/\/diariodelsurdigital.com.ar\/?p=6891"},"author":{"name":"Diario del Sur Digital","@id":"https:\/\/diariodelsurdigital.com.ar\/#\/schema\/person\/1a4992532ed62965c968031b49195c81"},"headline":"Alertan que las muertes por siniestros en rutas que atraviesan la provincia podr\u00edan aumentar un 70% este a\u00f1o","datePublished":"2026-02-09T12:55:31+00:00","dateModified":"2026-02-09T12:55:32+00:00","mainEntityOfPage":{"@id":"https:\/\/diariodelsurdigital.com.ar\/?p=6891"},"wordCount":827,"commentCount":0,"image":{"@id":"https:\/\/diariodelsurdigital.com.ar\/?p=6891#primaryimage"},"thumbnailUrl":"https:\/\/diariodelsurdigital.com.ar\/wp-content\/uploads\/2026\/02\/md-21.webp","articleSection":["Inter\u00e9s General","Provinciales"],"inLanguage":"es","potentialAction":[{"@type":"CommentAction","name":"Comment","target":["https:\/\/diariodelsurdigital.com.ar\/?p=6891#respond"]}]},{"@type":"WebPage","@id":"https:\/\/diariodelsurdigital.com.ar\/?p=6891","url":"https:\/\/diariodelsurdigital.com.ar\/?p=6891","name":"Alertan que las muertes por siniestros en rutas que atraviesan la provincia podr\u00edan aumentar un 70% este a\u00f1o - Diario del Sur","isPartOf":{"@id":"https:\/\/diariodelsurdigital.com.ar\/#website"},"primaryImageOfPage":{"@id":"https:\/\/diariodelsurdigital.com.ar\/?p=6891#primaryimage"},"image":{"@id":"https:\/\/diariodelsurdigital.com.ar\/?p=6891#primaryimage"},"thumbnailUrl":"https:\/\/diariodelsurdigital.com.ar\/wp-content\/uploads\/2026\/02\/md-21.webp","datePublished":"2026-02-09T12:55:31+00:00","dateModified":"2026-02-09T12:55:32+00:00","author":{"@id":"https:\/\/diariodelsurdigital.com.ar\/#\/schema\/person\/1a4992532ed62965c968031b49195c81"},"breadcrumb":{"@id":"https:\/\/diariodelsurdigital.com.ar\/?p=6891#breadcrumb"},"inLanguage":"es","potentialAction":[{"@type":"ReadAction","target":["https:\/\/diariodelsurdigital.com.ar\/?p=6891"]}]},{"@type":"ImageObject","inLanguage":"es","@id":"https:\/\/diariodelsurdigital.com.ar\/?p=6891#primaryimage","url":"https:\/\/diariodelsurdigital.com.ar\/wp-content\/uploads\/2026\/02\/md-21.webp","contentUrl":"https:\/\/diariodelsurdigital.com.ar\/wp-content\/uploads\/2026\/02\/md-21.webp","width":992,"height":661},{"@type":"BreadcrumbList","@id":"https:\/\/diariodelsurdigital.com.ar\/?p=6891#breadcrumb","itemListElement":[{"@type":"ListItem","position":1,"name":"Portada","item":"https:\/\/diariodelsurdigital.com.ar\/"},{"@type":"ListItem","position":2,"name":"Alertan que las muertes por siniestros en rutas que atraviesan la provincia podr\u00edan aumentar un 70% este a\u00f1o"}]},{"@type":"WebSite","@id":"https:\/\/diariodelsurdigital.com.ar\/#website","url":"https:\/\/diariodelsurdigital.com.ar\/","name":"Diario del Sur","description":"Digital","potentialAction":[{"@type":"SearchAction","target":{"@type":"EntryPoint","urlTemplate":"https:\/\/diariodelsurdigital.com.ar\/?s={search_term_string}"},"query-input":{"@type":"PropertyValueSpecification","valueRequired":true,"valueName":"search_term_string"}}],"inLanguage":"es"},{"@type":"Person","@id":"https:\/\/diariodelsurdigital.com.ar\/#\/schema\/person\/1a4992532ed62965c968031b49195c81","name":"Diario del Sur Digital","image":{"@type":"ImageObject","inLanguage":"es","@id":"https:\/\/secure.gravatar.com\/avatar\/f0c7c47fc7146d19828273b9b8eda651c9c7ab583767e6338d3d3bee825adf76?s=96&d=mm&r=g","url":"https:\/\/secure.gravatar.com\/avatar\/f0c7c47fc7146d19828273b9b8eda651c9c7ab583767e6338d3d3bee825adf76?s=96&d=mm&r=g","contentUrl":"https:\/\/secure.gravatar.com\/avatar\/f0c7c47fc7146d19828273b9b8eda651c9c7ab583767e6338d3d3bee825adf76?s=96&d=mm&r=g","caption":"Diario del Sur Digital"},"url":"https:\/\/diariodelsurdigital.com.ar\/?author=4"}]}},"_links":{"self":[{"href":"https:\/\/diariodelsurdigital.com.ar\/index.php?rest_route=\/wp\/v2\/posts\/6891","targetHints":{"allow":["GET"]}}],"collection":[{"href":"https:\/\/diariodelsurdigital.com.ar\/index.php?rest_route=\/wp\/v2\/posts"}],"about":[{"href":"https:\/\/diariodelsurdigital.com.ar\/index.php?rest_route=\/wp\/v2\/types\/post"}],"author":[{"embeddable":true,"href":"https:\/\/diariodelsurdigital.com.ar\/index.php?rest_route=\/wp\/v2\/users\/4"}],"replies":[{"embeddable":true,"href":"https:\/\/diariodelsurdigital.com.ar\/index.php?rest_route=%2Fwp%2Fv2%2Fcomments&post=6891"}],"version-history":[{"count":1,"href":"https:\/\/diariodelsurdigital.com.ar\/index.php?rest_route=\/wp\/v2\/posts\/6891\/revisions"}],"predecessor-version":[{"id":6893,"href":"https:\/\/diariodelsurdigital.com.ar\/index.php?rest_route=\/wp\/v2\/posts\/6891\/revisions\/6893"}],"wp:featuredmedia":[{"embeddable":true,"href":"https:\/\/diariodelsurdigital.com.ar\/index.php?rest_route=\/wp\/v2\/media\/6892"}],"wp:attachment":[{"href":"https:\/\/diariodelsurdigital.com.ar\/index.php?rest_route=%2Fwp%2Fv2%2Fmedia&parent=6891"}],"wp:term":[{"taxonomy":"category","embeddable":true,"href":"https:\/\/diariodelsurdigital.com.ar\/index.php?rest_route=%2Fwp%2Fv2%2Fcategories&post=6891"},{"taxonomy":"post_tag","embeddable":true,"href":"https:\/\/diariodelsurdigital.com.ar\/index.php?rest_route=%2Fwp%2Fv2%2Ftags&post=6891"}],"curies":[{"name":"wp","href":"https:\/\/api.w.org\/{rel}","templated":true}]}}