{"id":6894,"date":"2026-02-09T20:55:01","date_gmt":"2026-02-09T23:55:01","guid":{"rendered":"https:\/\/diariodelsurdigital.com.ar\/?p=6894"},"modified":"2026-02-09T20:55:02","modified_gmt":"2026-02-09T23:55:02","slug":"intendente-o-presidente-la-escandalosa-brecha-de-sueldos-que-sacude-a-santa-ana","status":"publish","type":"post","link":"https:\/\/diariodelsurdigital.com.ar\/?p=6894","title":{"rendered":"\u00bfINTENDENTE O PRESIDENTE?: La escandalosa brecha de sueldos que sacude a Santa Ana"},"content":{"rendered":"\n<p>Un pormenorizado an\u00e1lisis de la \u00abcaja pol\u00edtica\u00bb en Santa Ana, peque\u00f1a localidad a pocos kil\u00f3metros de Chajar\u00ed,  ha revelado cifras que superan cualquier l\u00f3gica de austeridad. Seg\u00fan datos obtenidos a trav\u00e9s de los aportes a la Caja de Jubilaciones y decretos municipales, el sueldo del Ejecutivo local ha alcanzado niveles que lo posicionan en la cima de la pir\u00e1mide salarial de la provincia e incluso del pa\u00eds.<\/p>\n\n\n\n<p><strong>Aumentos por decreto y falta de transparencia<\/strong><\/p>\n\n\n\n<p>La investigaci\u00f3n arroja que, mediante la aplicaci\u00f3n de los decretos 50\/2025, 93\/2025 y 164\/2025, el salario del Intendente se dispar\u00f3 hasta los<strong> $4.091.919,89 en diciembre de 2025<\/strong>. Lo m\u00e1s alarmante, seg\u00fan denuncia el referente Federico Zapata, es la opacidad absoluta en la liquidaci\u00f3n: no existen recibos de sueldo publicados ni claridad sobre los <strong>\u00abgastos de representaci\u00f3n\u00bb<\/strong> que podr\u00edan engrosar a\u00fan m\u00e1s esa cifra.<\/p>\n\n\n\n<figure class=\"wp-block-image size-large\"><img loading=\"lazy\" decoding=\"async\" width=\"1024\" height=\"574\" src=\"https:\/\/diariodelsurdigital.com.ar\/wp-content\/uploads\/2026\/02\/WhatsApp-Image-2026-02-09-at-12.56.25-1024x574.jpeg\" alt=\"\" class=\"wp-image-6895\" srcset=\"https:\/\/diariodelsurdigital.com.ar\/wp-content\/uploads\/2026\/02\/WhatsApp-Image-2026-02-09-at-12.56.25-1024x574.jpeg 1024w, https:\/\/diariodelsurdigital.com.ar\/wp-content\/uploads\/2026\/02\/WhatsApp-Image-2026-02-09-at-12.56.25-300x168.jpeg 300w, https:\/\/diariodelsurdigital.com.ar\/wp-content\/uploads\/2026\/02\/WhatsApp-Image-2026-02-09-at-12.56.25-768x430.jpeg 768w, https:\/\/diariodelsurdigital.com.ar\/wp-content\/uploads\/2026\/02\/WhatsApp-Image-2026-02-09-at-12.56.25-750x420.jpeg 750w, https:\/\/diariodelsurdigital.com.ar\/wp-content\/uploads\/2026\/02\/WhatsApp-Image-2026-02-09-at-12.56.25-696x390.jpeg 696w, https:\/\/diariodelsurdigital.com.ar\/wp-content\/uploads\/2026\/02\/WhatsApp-Image-2026-02-09-at-12.56.25-1068x598.jpeg 1068w, https:\/\/diariodelsurdigital.com.ar\/wp-content\/uploads\/2026\/02\/WhatsApp-Image-2026-02-09-at-12.56.25.jpeg 1080w\" sizes=\"auto, (max-width: 1024px) 100vw, 1024px\" \/><\/figure>\n\n\n\n<p><strong>Las comparaciones que indignan<\/strong><\/p>\n\n\n\n<p>El informe destaca dos puntos de contraste demoledores que dejan en evidencia la desproporci\u00f3n salarial:<\/p>\n\n\n\n<p><strong>Con el Presidente de la Naci\u00f3n:<\/strong> El Intendente de un pueblo de apenas <strong>3.000 habitantes<\/strong>, percibe una remuneraci\u00f3n pr\u00e1cticamente id\u00e9ntica a la del Jefe de Estado Nacional, quien tiene la responsabilidad sobre 47 millones de argentinos.<br>Mientras el Intendente de Col\u00f3n gestiona una ciudad de 30.000 habitantes con un sueldo de aproximadamente<strong> $3.866.005<\/strong>, el Ejecutivo de Santa Ana supera esa cifra con una base poblacional diez veces menor.<\/p>\n\n\n\n<p><br>Mientras se sostiene esta estructura de privilegios, se confirm\u00f3 que en enero de 2026 el municipio recibi\u00f3 m\u00e1s de $227 millones en concepto de coparticipaci\u00f3n. La pregunta que hoy se hace la comunidad, y que el video adjunto analiza punto por punto, es clara: <strong>\u00bfPor qu\u00e9 la prioridad es el blindaje de los sueldos pol\u00edticos mientras el pueblo debe conformarse con gestiones deficientes?.<\/strong> La transparencia ya no es una opci\u00f3n, es una exigencia. Santa Ana ha roto el cerco informativo.<\/p>\n\n\n\n<figure class=\"wp-block-image size-large\"><img loading=\"lazy\" decoding=\"async\" width=\"724\" height=\"1024\" src=\"https:\/\/diariodelsurdigital.com.ar\/wp-content\/uploads\/2026\/02\/WhatsApp-Image-2026-02-09-at-12.56.26-724x1024.jpeg\" alt=\"\" class=\"wp-image-6896\" srcset=\"https:\/\/diariodelsurdigital.com.ar\/wp-content\/uploads\/2026\/02\/WhatsApp-Image-2026-02-09-at-12.56.26-724x1024.jpeg 724w, https:\/\/diariodelsurdigital.com.ar\/wp-content\/uploads\/2026\/02\/WhatsApp-Image-2026-02-09-at-12.56.26-212x300.jpeg 212w, https:\/\/diariodelsurdigital.com.ar\/wp-content\/uploads\/2026\/02\/WhatsApp-Image-2026-02-09-at-12.56.26-768x1087.jpeg 768w, https:\/\/diariodelsurdigital.com.ar\/wp-content\/uploads\/2026\/02\/WhatsApp-Image-2026-02-09-at-12.56.26-297x420.jpeg 297w, https:\/\/diariodelsurdigital.com.ar\/wp-content\/uploads\/2026\/02\/WhatsApp-Image-2026-02-09-at-12.56.26-696x985.jpeg 696w, https:\/\/diariodelsurdigital.com.ar\/wp-content\/uploads\/2026\/02\/WhatsApp-Image-2026-02-09-at-12.56.26-1068x1511.jpeg 1068w, https:\/\/diariodelsurdigital.com.ar\/wp-content\/uploads\/2026\/02\/WhatsApp-Image-2026-02-09-at-12.56.26.jpeg 1080w\" sizes=\"auto, (max-width: 724px) 100vw, 724px\" \/><\/figure>\n\n\n\n<p>VIDEO: <a href=\"https:\/\/www.youtube.com\/shorts\/u-9BcCQWpwo\">Denuncian que intendente entrerriano gana m\u00e1s que el Presidente de la Naci\u00f3n<\/a><\/p>\n\n\n\n<p><strong>Puerto Yeru\u00e1, otro caso paradigm\u00e1tico<\/strong><\/p>\n\n\n\n<p>El Intendente de Puerto Yeru\u00e1, Daniel Ben\u00edtez, tambi\u00e9n es otro presidente Municipal de Entre R\u00edos, que lleva 6 a\u00f1os de mandato en una ciudad de poco m\u00e1s de 2000 habitantes, con salarios de hambre para los trabajadores municipales, mientras que \u00e9l percibe todav\u00eda m\u00e1s que el intendente de Santa Ana; es decir, unos $ 4.500.000,00, (cuatro millones con quinientos mil pesos)<\/p>\n\n\n\n<p>Los concejales de la oposici\u00f3n solicitaron que el intendente y sus funcionarios den a conocer sus abultados sueldos en forma p\u00fablica como lo dicta la Ley de Transparencia provincial, pero no quieren que se sepa. Tomaron la Municipalidad de Puerto Yeru\u00e1 como una caja de cobro mensual, en donde hay muchas parejas enquistadas, que suman la friolera de unos 8 millones por mes.<\/p>\n\n\n\n<p>Pasaron ya m\u00e1s de 90 d\u00edas de la solicitud de los concejales de la oposici\u00f3n para que el Intendente Ben\u00edtez y sus funcionarios publiquen sus sueldos, por lo que les deja habilitado a los concejales opositores de recurrir ahora a la Justicia Ordinaria provincial, para hacer cumplir la Ley y que se sepa de una vez por todas cu\u00e1nto perciben. \u00abSon dineros p\u00fablicos lo que ganan y los ciudadanos tenemos el pleno derecho de saber cu\u00e1nto se les paga y en qu\u00e9 se gastan esos dineros\u00bb, se\u00f1al\u00f3 un comerciante a<strong> Diario del SUR Digital<\/strong>.<\/p>\n\n\n\n<figure class=\"wp-block-image size-full\"><img loading=\"lazy\" decoding=\"async\" width=\"432\" height=\"253\" src=\"https:\/\/diariodelsurdigital.com.ar\/wp-content\/uploads\/2026\/02\/lista-de-candidatos-en-puerto-yerua-2-libreentrerios-1024x575-1.jpeg\" alt=\"\" class=\"wp-image-6898\" srcset=\"https:\/\/diariodelsurdigital.com.ar\/wp-content\/uploads\/2026\/02\/lista-de-candidatos-en-puerto-yerua-2-libreentrerios-1024x575-1.jpeg 432w, https:\/\/diariodelsurdigital.com.ar\/wp-content\/uploads\/2026\/02\/lista-de-candidatos-en-puerto-yerua-2-libreentrerios-1024x575-1-300x176.jpeg 300w\" sizes=\"auto, (max-width: 432px) 100vw, 432px\" \/><\/figure>\n\n\n\n<p><\/p>\n","protected":false},"excerpt":{"rendered":"<p>Un pormenorizado an\u00e1lisis de la \u00abcaja pol\u00edtica\u00bb en Santa Ana, peque\u00f1a localidad a pocos kil\u00f3metros de Chajar\u00ed, ha revelado cifras que superan cualquier l\u00f3gica de austeridad. Seg\u00fan datos obtenidos a trav\u00e9s de los aportes a la Caja de Jubilaciones y decretos municipales, el sueldo del Ejecutivo local ha alcanzado niveles que lo posicionan en la [&hellip;]<\/p>\n","protected":false},"author":2,"featured_media":6897,"comment_status":"open","ping_status":"open","sticky":false,"template":"","format":"standard","meta":{"footnotes":""},"categories":[1],"tags":[],"class_list":{"0":"post-6894","1":"post","2":"type-post","3":"status-publish","4":"format-standard","5":"has-post-thumbnail","7":"category-uncategorized"},"yoast_head":"<!-- This site is optimized with the Yoast SEO plugin v27.4 - https:\/\/yoast.com\/product\/yoast-seo-wordpress\/ -->\n<title>\u00bfINTENDENTE O PRESIDENTE?: La escandalosa brecha de sueldos que sacude a Santa Ana - Diario del Sur<\/title>\n<meta name=\"robots\" content=\"index, follow, max-snippet:-1, max-image-preview:large, max-video-preview:-1\" \/>\n<link rel=\"canonical\" href=\"https:\/\/diariodelsurdigital.com.ar\/?p=6894\" \/>\n<meta property=\"og:locale\" content=\"es_ES\" \/>\n<meta property=\"og:type\" content=\"article\" \/>\n<meta property=\"og:title\" content=\"\u00bfINTENDENTE O PRESIDENTE?: La escandalosa brecha de sueldos que sacude a Santa Ana - Diario del Sur\" \/>\n<meta property=\"og:description\" content=\"Un pormenorizado an\u00e1lisis de la \u00abcaja pol\u00edtica\u00bb en Santa Ana, peque\u00f1a localidad a pocos kil\u00f3metros de Chajar\u00ed, ha revelado cifras que superan cualquier l\u00f3gica de austeridad. Seg\u00fan datos obtenidos a trav\u00e9s de los aportes a la Caja de Jubilaciones y decretos municipales, el sueldo del Ejecutivo local ha alcanzado niveles que lo posicionan en la [&hellip;]\" \/>\n<meta property=\"og:url\" content=\"https:\/\/diariodelsurdigital.com.ar\/?p=6894\" \/>\n<meta property=\"og:site_name\" content=\"Diario del Sur\" \/>\n<meta property=\"article:published_time\" content=\"2026-02-09T23:55:01+00:00\" \/>\n<meta property=\"article:modified_time\" content=\"2026-02-09T23:55:02+00:00\" \/>\n<meta property=\"og:image\" content=\"https:\/\/diariodelsurdigital.com.ar\/wp-content\/uploads\/2026\/02\/0c2de5.jpg\" \/>\n\t<meta property=\"og:image:width\" content=\"478\" \/>\n\t<meta property=\"og:image:height\" content=\"252\" \/>\n\t<meta property=\"og:image:type\" content=\"image\/jpeg\" \/>\n<meta name=\"author\" content=\"Diario del Sur Digital\" \/>\n<meta name=\"twitter:card\" content=\"summary_large_image\" \/>\n<meta name=\"twitter:label1\" content=\"Escrito por\" \/>\n\t<meta name=\"twitter:data1\" content=\"Diario del Sur Digital\" \/>\n\t<meta name=\"twitter:label2\" content=\"Tiempo de lectura\" \/>\n\t<meta name=\"twitter:data2\" content=\"4 minutos\" \/>\n<script type=\"application\/ld+json\" class=\"yoast-schema-graph\">{\"@context\":\"https:\\\/\\\/schema.org\",\"@graph\":[{\"@type\":\"Article\",\"@id\":\"https:\\\/\\\/diariodelsurdigital.com.ar\\\/?p=6894#article\",\"isPartOf\":{\"@id\":\"https:\\\/\\\/diariodelsurdigital.com.ar\\\/?p=6894\"},\"author\":{\"name\":\"Diario del Sur Digital\",\"@id\":\"https:\\\/\\\/diariodelsurdigital.com.ar\\\/#\\\/schema\\\/person\\\/6136a32571657f7dba980b88b04c5465\"},\"headline\":\"\u00bfINTENDENTE O PRESIDENTE?: La escandalosa brecha de sueldos que sacude a Santa Ana\",\"datePublished\":\"2026-02-09T23:55:01+00:00\",\"dateModified\":\"2026-02-09T23:55:02+00:00\",\"mainEntityOfPage\":{\"@id\":\"https:\\\/\\\/diariodelsurdigital.com.ar\\\/?p=6894\"},\"wordCount\":584,\"commentCount\":1,\"image\":{\"@id\":\"https:\\\/\\\/diariodelsurdigital.com.ar\\\/?p=6894#primaryimage\"},\"thumbnailUrl\":\"https:\\\/\\\/diariodelsurdigital.com.ar\\\/wp-content\\\/uploads\\\/2026\\\/02\\\/0c2de5.jpg\",\"articleSection\":[\"Uncategorized\"],\"inLanguage\":\"es\",\"potentialAction\":[{\"@type\":\"CommentAction\",\"name\":\"Comment\",\"target\":[\"https:\\\/\\\/diariodelsurdigital.com.ar\\\/?p=6894#respond\"]}]},{\"@type\":\"WebPage\",\"@id\":\"https:\\\/\\\/diariodelsurdigital.com.ar\\\/?p=6894\",\"url\":\"https:\\\/\\\/diariodelsurdigital.com.ar\\\/?p=6894\",\"name\":\"\u00bfINTENDENTE O PRESIDENTE?: La escandalosa brecha de sueldos que sacude a Santa Ana - Diario del Sur\",\"isPartOf\":{\"@id\":\"https:\\\/\\\/diariodelsurdigital.com.ar\\\/#website\"},\"primaryImageOfPage\":{\"@id\":\"https:\\\/\\\/diariodelsurdigital.com.ar\\\/?p=6894#primaryimage\"},\"image\":{\"@id\":\"https:\\\/\\\/diariodelsurdigital.com.ar\\\/?p=6894#primaryimage\"},\"thumbnailUrl\":\"https:\\\/\\\/diariodelsurdigital.com.ar\\\/wp-content\\\/uploads\\\/2026\\\/02\\\/0c2de5.jpg\",\"datePublished\":\"2026-02-09T23:55:01+00:00\",\"dateModified\":\"2026-02-09T23:55:02+00:00\",\"author\":{\"@id\":\"https:\\\/\\\/diariodelsurdigital.com.ar\\\/#\\\/schema\\\/person\\\/6136a32571657f7dba980b88b04c5465\"},\"breadcrumb\":{\"@id\":\"https:\\\/\\\/diariodelsurdigital.com.ar\\\/?p=6894#breadcrumb\"},\"inLanguage\":\"es\",\"potentialAction\":[{\"@type\":\"ReadAction\",\"target\":[\"https:\\\/\\\/diariodelsurdigital.com.ar\\\/?p=6894\"]}]},{\"@type\":\"ImageObject\",\"inLanguage\":\"es\",\"@id\":\"https:\\\/\\\/diariodelsurdigital.com.ar\\\/?p=6894#primaryimage\",\"url\":\"https:\\\/\\\/diariodelsurdigital.com.ar\\\/wp-content\\\/uploads\\\/2026\\\/02\\\/0c2de5.jpg\",\"contentUrl\":\"https:\\\/\\\/diariodelsurdigital.com.ar\\\/wp-content\\\/uploads\\\/2026\\\/02\\\/0c2de5.jpg\",\"width\":478,\"height\":252},{\"@type\":\"BreadcrumbList\",\"@id\":\"https:\\\/\\\/diariodelsurdigital.com.ar\\\/?p=6894#breadcrumb\",\"itemListElement\":[{\"@type\":\"ListItem\",\"position\":1,\"name\":\"Portada\",\"item\":\"https:\\\/\\\/diariodelsurdigital.com.ar\\\/\"},{\"@type\":\"ListItem\",\"position\":2,\"name\":\"\u00bfINTENDENTE O PRESIDENTE?: La escandalosa brecha de sueldos que sacude a Santa Ana\"}]},{\"@type\":\"WebSite\",\"@id\":\"https:\\\/\\\/diariodelsurdigital.com.ar\\\/#website\",\"url\":\"https:\\\/\\\/diariodelsurdigital.com.ar\\\/\",\"name\":\"Diario del Sur\",\"description\":\"Digital\",\"potentialAction\":[{\"@type\":\"SearchAction\",\"target\":{\"@type\":\"EntryPoint\",\"urlTemplate\":\"https:\\\/\\\/diariodelsurdigital.com.ar\\\/?s={search_term_string}\"},\"query-input\":{\"@type\":\"PropertyValueSpecification\",\"valueRequired\":true,\"valueName\":\"search_term_string\"}}],\"inLanguage\":\"es\"},{\"@type\":\"Person\",\"@id\":\"https:\\\/\\\/diariodelsurdigital.com.ar\\\/#\\\/schema\\\/person\\\/6136a32571657f7dba980b88b04c5465\",\"name\":\"Diario del Sur Digital\",\"image\":{\"@type\":\"ImageObject\",\"inLanguage\":\"es\",\"@id\":\"https:\\\/\\\/secure.gravatar.com\\\/avatar\\\/4c29ceac98541dd42460b2474aaa5dd37594d6ce6cb3cf2c101d09b48ee287ba?s=96&d=mm&r=g\",\"url\":\"https:\\\/\\\/secure.gravatar.com\\\/avatar\\\/4c29ceac98541dd42460b2474aaa5dd37594d6ce6cb3cf2c101d09b48ee287ba?s=96&d=mm&r=g\",\"contentUrl\":\"https:\\\/\\\/secure.gravatar.com\\\/avatar\\\/4c29ceac98541dd42460b2474aaa5dd37594d6ce6cb3cf2c101d09b48ee287ba?s=96&d=mm&r=g\",\"caption\":\"Diario del Sur Digital\"},\"url\":\"https:\\\/\\\/diariodelsurdigital.com.ar\\\/?author=2\"}]}<\/script>\n<!-- \/ Yoast SEO plugin. -->","yoast_head_json":{"title":"\u00bfINTENDENTE O PRESIDENTE?: La escandalosa brecha de sueldos que sacude a Santa Ana - Diario del Sur","robots":{"index":"index","follow":"follow","max-snippet":"max-snippet:-1","max-image-preview":"max-image-preview:large","max-video-preview":"max-video-preview:-1"},"canonical":"https:\/\/diariodelsurdigital.com.ar\/?p=6894","og_locale":"es_ES","og_type":"article","og_title":"\u00bfINTENDENTE O PRESIDENTE?: La escandalosa brecha de sueldos que sacude a Santa Ana - Diario del Sur","og_description":"Un pormenorizado an\u00e1lisis de la \u00abcaja pol\u00edtica\u00bb en Santa Ana, peque\u00f1a localidad a pocos kil\u00f3metros de Chajar\u00ed, ha revelado cifras que superan cualquier l\u00f3gica de austeridad. Seg\u00fan datos obtenidos a trav\u00e9s de los aportes a la Caja de Jubilaciones y decretos municipales, el sueldo del Ejecutivo local ha alcanzado niveles que lo posicionan en la [&hellip;]","og_url":"https:\/\/diariodelsurdigital.com.ar\/?p=6894","og_site_name":"Diario del Sur","article_published_time":"2026-02-09T23:55:01+00:00","article_modified_time":"2026-02-09T23:55:02+00:00","og_image":[{"width":478,"height":252,"url":"https:\/\/diariodelsurdigital.com.ar\/wp-content\/uploads\/2026\/02\/0c2de5.jpg","type":"image\/jpeg"}],"author":"Diario del Sur Digital","twitter_card":"summary_large_image","twitter_misc":{"Escrito por":"Diario del Sur Digital","Tiempo de lectura":"4 minutos"},"schema":{"@context":"https:\/\/schema.org","@graph":[{"@type":"Article","@id":"https:\/\/diariodelsurdigital.com.ar\/?p=6894#article","isPartOf":{"@id":"https:\/\/diariodelsurdigital.com.ar\/?p=6894"},"author":{"name":"Diario del Sur Digital","@id":"https:\/\/diariodelsurdigital.com.ar\/#\/schema\/person\/6136a32571657f7dba980b88b04c5465"},"headline":"\u00bfINTENDENTE O PRESIDENTE?: La escandalosa brecha de sueldos que sacude a Santa Ana","datePublished":"2026-02-09T23:55:01+00:00","dateModified":"2026-02-09T23:55:02+00:00","mainEntityOfPage":{"@id":"https:\/\/diariodelsurdigital.com.ar\/?p=6894"},"wordCount":584,"commentCount":1,"image":{"@id":"https:\/\/diariodelsurdigital.com.ar\/?p=6894#primaryimage"},"thumbnailUrl":"https:\/\/diariodelsurdigital.com.ar\/wp-content\/uploads\/2026\/02\/0c2de5.jpg","articleSection":["Uncategorized"],"inLanguage":"es","potentialAction":[{"@type":"CommentAction","name":"Comment","target":["https:\/\/diariodelsurdigital.com.ar\/?p=6894#respond"]}]},{"@type":"WebPage","@id":"https:\/\/diariodelsurdigital.com.ar\/?p=6894","url":"https:\/\/diariodelsurdigital.com.ar\/?p=6894","name":"\u00bfINTENDENTE O PRESIDENTE?: La escandalosa brecha de sueldos que sacude a Santa Ana - Diario del Sur","isPartOf":{"@id":"https:\/\/diariodelsurdigital.com.ar\/#website"},"primaryImageOfPage":{"@id":"https:\/\/diariodelsurdigital.com.ar\/?p=6894#primaryimage"},"image":{"@id":"https:\/\/diariodelsurdigital.com.ar\/?p=6894#primaryimage"},"thumbnailUrl":"https:\/\/diariodelsurdigital.com.ar\/wp-content\/uploads\/2026\/02\/0c2de5.jpg","datePublished":"2026-02-09T23:55:01+00:00","dateModified":"2026-02-09T23:55:02+00:00","author":{"@id":"https:\/\/diariodelsurdigital.com.ar\/#\/schema\/person\/6136a32571657f7dba980b88b04c5465"},"breadcrumb":{"@id":"https:\/\/diariodelsurdigital.com.ar\/?p=6894#breadcrumb"},"inLanguage":"es","potentialAction":[{"@type":"ReadAction","target":["https:\/\/diariodelsurdigital.com.ar\/?p=6894"]}]},{"@type":"ImageObject","inLanguage":"es","@id":"https:\/\/diariodelsurdigital.com.ar\/?p=6894#primaryimage","url":"https:\/\/diariodelsurdigital.com.ar\/wp-content\/uploads\/2026\/02\/0c2de5.jpg","contentUrl":"https:\/\/diariodelsurdigital.com.ar\/wp-content\/uploads\/2026\/02\/0c2de5.jpg","width":478,"height":252},{"@type":"BreadcrumbList","@id":"https:\/\/diariodelsurdigital.com.ar\/?p=6894#breadcrumb","itemListElement":[{"@type":"ListItem","position":1,"name":"Portada","item":"https:\/\/diariodelsurdigital.com.ar\/"},{"@type":"ListItem","position":2,"name":"\u00bfINTENDENTE O PRESIDENTE?: La escandalosa brecha de sueldos que sacude a Santa Ana"}]},{"@type":"WebSite","@id":"https:\/\/diariodelsurdigital.com.ar\/#website","url":"https:\/\/diariodelsurdigital.com.ar\/","name":"Diario del Sur","description":"Digital","potentialAction":[{"@type":"SearchAction","target":{"@type":"EntryPoint","urlTemplate":"https:\/\/diariodelsurdigital.com.ar\/?s={search_term_string}"},"query-input":{"@type":"PropertyValueSpecification","valueRequired":true,"valueName":"search_term_string"}}],"inLanguage":"es"},{"@type":"Person","@id":"https:\/\/diariodelsurdigital.com.ar\/#\/schema\/person\/6136a32571657f7dba980b88b04c5465","name":"Diario del Sur Digital","image":{"@type":"ImageObject","inLanguage":"es","@id":"https:\/\/secure.gravatar.com\/avatar\/4c29ceac98541dd42460b2474aaa5dd37594d6ce6cb3cf2c101d09b48ee287ba?s=96&d=mm&r=g","url":"https:\/\/secure.gravatar.com\/avatar\/4c29ceac98541dd42460b2474aaa5dd37594d6ce6cb3cf2c101d09b48ee287ba?s=96&d=mm&r=g","contentUrl":"https:\/\/secure.gravatar.com\/avatar\/4c29ceac98541dd42460b2474aaa5dd37594d6ce6cb3cf2c101d09b48ee287ba?s=96&d=mm&r=g","caption":"Diario del Sur Digital"},"url":"https:\/\/diariodelsurdigital.com.ar\/?author=2"}]}},"_links":{"self":[{"href":"https:\/\/diariodelsurdigital.com.ar\/index.php?rest_route=\/wp\/v2\/posts\/6894","targetHints":{"allow":["GET"]}}],"collection":[{"href":"https:\/\/diariodelsurdigital.com.ar\/index.php?rest_route=\/wp\/v2\/posts"}],"about":[{"href":"https:\/\/diariodelsurdigital.com.ar\/index.php?rest_route=\/wp\/v2\/types\/post"}],"author":[{"embeddable":true,"href":"https:\/\/diariodelsurdigital.com.ar\/index.php?rest_route=\/wp\/v2\/users\/2"}],"replies":[{"embeddable":true,"href":"https:\/\/diariodelsurdigital.com.ar\/index.php?rest_route=%2Fwp%2Fv2%2Fcomments&post=6894"}],"version-history":[{"count":1,"href":"https:\/\/diariodelsurdigital.com.ar\/index.php?rest_route=\/wp\/v2\/posts\/6894\/revisions"}],"predecessor-version":[{"id":6899,"href":"https:\/\/diariodelsurdigital.com.ar\/index.php?rest_route=\/wp\/v2\/posts\/6894\/revisions\/6899"}],"wp:featuredmedia":[{"embeddable":true,"href":"https:\/\/diariodelsurdigital.com.ar\/index.php?rest_route=\/wp\/v2\/media\/6897"}],"wp:attachment":[{"href":"https:\/\/diariodelsurdigital.com.ar\/index.php?rest_route=%2Fwp%2Fv2%2Fmedia&parent=6894"}],"wp:term":[{"taxonomy":"category","embeddable":true,"href":"https:\/\/diariodelsurdigital.com.ar\/index.php?rest_route=%2Fwp%2Fv2%2Fcategories&post=6894"},{"taxonomy":"post_tag","embeddable":true,"href":"https:\/\/diariodelsurdigital.com.ar\/index.php?rest_route=%2Fwp%2Fv2%2Ftags&post=6894"}],"curies":[{"name":"wp","href":"https:\/\/api.w.org\/{rel}","templated":true}]}}