{"id":6903,"date":"2026-02-10T10:01:14","date_gmt":"2026-02-10T13:01:14","guid":{"rendered":"https:\/\/diariodelsurdigital.com.ar\/?p=6903"},"modified":"2026-02-10T10:01:15","modified_gmt":"2026-02-10T13:01:15","slug":"mas-de-600-corredores-participaron-de-la-maraton-de-la-fiesta-nacional-de-la-artesania-2026","status":"publish","type":"post","link":"https:\/\/diariodelsurdigital.com.ar\/?p=6903","title":{"rendered":"M\u00e1s de 600 corredores participaron de la Marat\u00f3n de la Fiesta Nacional de la Artesan\u00eda 2026"},"content":{"rendered":"\n<p>La competencia, organizada por la Direcci\u00f3n de Deportes de la Municipalidad de Col\u00f3n, form\u00f3 parte de la agenda deportiva de Artesan\u00eda 2026 y volvi\u00f3 a reunir a atletas de distintas edades y procedencias, con un recorrido que tuvo al Parque Quir\u00f3s como epicentro.<\/p>\n\n\n\n<p>La ciudad de Col\u00f3n vivi\u00f3 una nueva edici\u00f3n de la Marat\u00f3n de la Fiesta Nacional de la Artesan\u00eda 2026, que convoc\u00f3 a m\u00e1s de 600 participantes entre j\u00f3venes, adultos y personas mayores, consolid\u00e1ndose como una de las propuestas deportivas m\u00e1s destacadas dentro de la agenda de la Fiesta.<\/p>\n\n\n\n<p>La actividad, organizada por la Direcci\u00f3n de Deportes de la Municipalidad de Col\u00f3n, permiti\u00f3 recorrer nuevamente sectores emblem\u00e1ticos de la ciudad, con un circuito que combin\u00f3 paisaje costero y espacios tradicionales, y que tuvo al Parque Quir\u00f3s como punto central de la jornada.<\/p>\n\n\n\n<p>La Marat\u00f3n de Artesan\u00eda volvi\u00f3 a reunir a deportistas locales y visitantes, generando un espacio de participaci\u00f3n y encuentro que acompa\u00f1a el calendario cultural de la Fiesta Nacional de la Artesan\u00eda. La competencia fue valorada por participantes y p\u00fablico por el trazado y el marco natural en el que se desarroll\u00f3.<\/p>\n\n\n\n<p>Ganadores de la general<br>En la clasificaci\u00f3n general, Soledad Qui\u00f1ones (Col\u00f3n) se impuso en la general de damas, mientras que Silvio Altamirano (Concordia) obtuvo el primer puesto en la general de caballeros, en una jornada de alta exigencia deportiva.<\/p>\n\n\n\n<p>Resultados destacados por distancias y categor\u00edas<br>En la distancia de 5 kil\u00f3metros, la colonense Natalia M\u00e9ndez fue la primera entre las damas, y Gadiel Vallejos (Concordia) se qued\u00f3 con el triunfo entre los caballeros.<\/p>\n\n\n\n<p>Adem\u00e1s, se destacaron actuaciones individuales en diferentes categor\u00edas, con participaci\u00f3n de atletas de la regi\u00f3n y de otras localidades. La prueba tambi\u00e9n permiti\u00f3 visibilizar el desempe\u00f1o de representantes locales en el marco de una competencia multitudinaria.<\/p>\n\n\n\n<p>Parte de la agenda deportiva de Artesan\u00eda 2026<br>La Marat\u00f3n se enmarca dentro de la agenda deportiva de Artesan\u00eda 2026, que propone actividades en distintos puntos de la ciudad, sumando deporte, recreaci\u00f3n y bienestar como parte de la experiencia para vecinos y visitantes.<\/p>\n\n\n\n<p>Desde la Municipalidad de Col\u00f3n se agradeci\u00f3 a quienes participaron, acompa\u00f1aron y colaboraron en la organizaci\u00f3n, destacando el valor de estas iniciativas para promover h\u00e1bitos saludables y fortalecer el turismo deportivo. (APFDigital)<\/p>\n","protected":false},"excerpt":{"rendered":"<p>La competencia, organizada por la Direcci\u00f3n de Deportes de la Municipalidad de Col\u00f3n, form\u00f3 parte de la agenda deportiva de Artesan\u00eda 2026 y volvi\u00f3 a reunir a atletas de distintas edades y procedencias, con un recorrido que tuvo al Parque Quir\u00f3s como epicentro. La ciudad de Col\u00f3n vivi\u00f3 una nueva edici\u00f3n de la Marat\u00f3n de [&hellip;]<\/p>\n","protected":false},"author":4,"featured_media":6904,"comment_status":"open","ping_status":"open","sticky":false,"template":"","format":"standard","meta":{"footnotes":""},"categories":[19,17],"tags":[],"class_list":{"0":"post-6903","1":"post","2":"type-post","3":"status-publish","4":"format-standard","5":"has-post-thumbnail","7":"category-interes-general","8":"category-provinciales"},"yoast_head":"<!-- This site is optimized with the Yoast SEO plugin v27.4 - https:\/\/yoast.com\/product\/yoast-seo-wordpress\/ -->\n<title>M\u00e1s de 600 corredores participaron de la Marat\u00f3n de la Fiesta Nacional de la Artesan\u00eda 2026 - Diario del Sur<\/title>\n<meta name=\"robots\" content=\"index, follow, max-snippet:-1, max-image-preview:large, max-video-preview:-1\" \/>\n<link rel=\"canonical\" href=\"https:\/\/diariodelsurdigital.com.ar\/?p=6903\" \/>\n<meta property=\"og:locale\" content=\"es_ES\" \/>\n<meta property=\"og:type\" content=\"article\" \/>\n<meta property=\"og:title\" content=\"M\u00e1s de 600 corredores participaron de la Marat\u00f3n de la Fiesta Nacional de la Artesan\u00eda 2026 - Diario del Sur\" \/>\n<meta property=\"og:description\" content=\"La competencia, organizada por la Direcci\u00f3n de Deportes de la Municipalidad de Col\u00f3n, form\u00f3 parte de la agenda deportiva de Artesan\u00eda 2026 y volvi\u00f3 a reunir a atletas de distintas edades y procedencias, con un recorrido que tuvo al Parque Quir\u00f3s como epicentro. La ciudad de Col\u00f3n vivi\u00f3 una nueva edici\u00f3n de la Marat\u00f3n de [&hellip;]\" \/>\n<meta property=\"og:url\" content=\"https:\/\/diariodelsurdigital.com.ar\/?p=6903\" \/>\n<meta property=\"og:site_name\" content=\"Diario del Sur\" \/>\n<meta property=\"article:published_time\" content=\"2026-02-10T13:01:14+00:00\" \/>\n<meta property=\"article:modified_time\" content=\"2026-02-10T13:01:15+00:00\" \/>\n<meta property=\"og:image\" content=\"https:\/\/diariodelsurdigital.com.ar\/wp-content\/uploads\/2026\/02\/md-22.webp\" \/>\n\t<meta property=\"og:image:width\" content=\"992\" \/>\n\t<meta property=\"og:image:height\" content=\"660\" \/>\n\t<meta property=\"og:image:type\" content=\"image\/webp\" \/>\n<meta name=\"author\" content=\"Diario del Sur Digital\" \/>\n<meta name=\"twitter:card\" content=\"summary_large_image\" \/>\n<meta name=\"twitter:label1\" content=\"Escrito por\" \/>\n\t<meta name=\"twitter:data1\" content=\"Diario del Sur Digital\" \/>\n\t<meta name=\"twitter:label2\" content=\"Tiempo de lectura\" \/>\n\t<meta name=\"twitter:data2\" content=\"2 minutos\" \/>\n<script type=\"application\/ld+json\" class=\"yoast-schema-graph\">{\"@context\":\"https:\\\/\\\/schema.org\",\"@graph\":[{\"@type\":\"Article\",\"@id\":\"https:\\\/\\\/diariodelsurdigital.com.ar\\\/?p=6903#article\",\"isPartOf\":{\"@id\":\"https:\\\/\\\/diariodelsurdigital.com.ar\\\/?p=6903\"},\"author\":{\"name\":\"Diario del Sur Digital\",\"@id\":\"https:\\\/\\\/diariodelsurdigital.com.ar\\\/#\\\/schema\\\/person\\\/1a4992532ed62965c968031b49195c81\"},\"headline\":\"M\u00e1s de 600 corredores participaron de la Marat\u00f3n de la Fiesta Nacional de la Artesan\u00eda 2026\",\"datePublished\":\"2026-02-10T13:01:14+00:00\",\"dateModified\":\"2026-02-10T13:01:15+00:00\",\"mainEntityOfPage\":{\"@id\":\"https:\\\/\\\/diariodelsurdigital.com.ar\\\/?p=6903\"},\"wordCount\":420,\"commentCount\":0,\"image\":{\"@id\":\"https:\\\/\\\/diariodelsurdigital.com.ar\\\/?p=6903#primaryimage\"},\"thumbnailUrl\":\"https:\\\/\\\/diariodelsurdigital.com.ar\\\/wp-content\\\/uploads\\\/2026\\\/02\\\/md-22.webp\",\"articleSection\":[\"Inter\u00e9s General\",\"Provinciales\"],\"inLanguage\":\"es\",\"potentialAction\":[{\"@type\":\"CommentAction\",\"name\":\"Comment\",\"target\":[\"https:\\\/\\\/diariodelsurdigital.com.ar\\\/?p=6903#respond\"]}]},{\"@type\":\"WebPage\",\"@id\":\"https:\\\/\\\/diariodelsurdigital.com.ar\\\/?p=6903\",\"url\":\"https:\\\/\\\/diariodelsurdigital.com.ar\\\/?p=6903\",\"name\":\"M\u00e1s de 600 corredores participaron de la Marat\u00f3n de la Fiesta Nacional de la Artesan\u00eda 2026 - Diario del Sur\",\"isPartOf\":{\"@id\":\"https:\\\/\\\/diariodelsurdigital.com.ar\\\/#website\"},\"primaryImageOfPage\":{\"@id\":\"https:\\\/\\\/diariodelsurdigital.com.ar\\\/?p=6903#primaryimage\"},\"image\":{\"@id\":\"https:\\\/\\\/diariodelsurdigital.com.ar\\\/?p=6903#primaryimage\"},\"thumbnailUrl\":\"https:\\\/\\\/diariodelsurdigital.com.ar\\\/wp-content\\\/uploads\\\/2026\\\/02\\\/md-22.webp\",\"datePublished\":\"2026-02-10T13:01:14+00:00\",\"dateModified\":\"2026-02-10T13:01:15+00:00\",\"author\":{\"@id\":\"https:\\\/\\\/diariodelsurdigital.com.ar\\\/#\\\/schema\\\/person\\\/1a4992532ed62965c968031b49195c81\"},\"breadcrumb\":{\"@id\":\"https:\\\/\\\/diariodelsurdigital.com.ar\\\/?p=6903#breadcrumb\"},\"inLanguage\":\"es\",\"potentialAction\":[{\"@type\":\"ReadAction\",\"target\":[\"https:\\\/\\\/diariodelsurdigital.com.ar\\\/?p=6903\"]}]},{\"@type\":\"ImageObject\",\"inLanguage\":\"es\",\"@id\":\"https:\\\/\\\/diariodelsurdigital.com.ar\\\/?p=6903#primaryimage\",\"url\":\"https:\\\/\\\/diariodelsurdigital.com.ar\\\/wp-content\\\/uploads\\\/2026\\\/02\\\/md-22.webp\",\"contentUrl\":\"https:\\\/\\\/diariodelsurdigital.com.ar\\\/wp-content\\\/uploads\\\/2026\\\/02\\\/md-22.webp\",\"width\":992,\"height\":660},{\"@type\":\"BreadcrumbList\",\"@id\":\"https:\\\/\\\/diariodelsurdigital.com.ar\\\/?p=6903#breadcrumb\",\"itemListElement\":[{\"@type\":\"ListItem\",\"position\":1,\"name\":\"Portada\",\"item\":\"https:\\\/\\\/diariodelsurdigital.com.ar\\\/\"},{\"@type\":\"ListItem\",\"position\":2,\"name\":\"M\u00e1s de 600 corredores participaron de la Marat\u00f3n de la Fiesta Nacional de la Artesan\u00eda 2026\"}]},{\"@type\":\"WebSite\",\"@id\":\"https:\\\/\\\/diariodelsurdigital.com.ar\\\/#website\",\"url\":\"https:\\\/\\\/diariodelsurdigital.com.ar\\\/\",\"name\":\"Diario del Sur\",\"description\":\"Digital\",\"potentialAction\":[{\"@type\":\"SearchAction\",\"target\":{\"@type\":\"EntryPoint\",\"urlTemplate\":\"https:\\\/\\\/diariodelsurdigital.com.ar\\\/?s={search_term_string}\"},\"query-input\":{\"@type\":\"PropertyValueSpecification\",\"valueRequired\":true,\"valueName\":\"search_term_string\"}}],\"inLanguage\":\"es\"},{\"@type\":\"Person\",\"@id\":\"https:\\\/\\\/diariodelsurdigital.com.ar\\\/#\\\/schema\\\/person\\\/1a4992532ed62965c968031b49195c81\",\"name\":\"Diario del Sur Digital\",\"image\":{\"@type\":\"ImageObject\",\"inLanguage\":\"es\",\"@id\":\"https:\\\/\\\/secure.gravatar.com\\\/avatar\\\/f0c7c47fc7146d19828273b9b8eda651c9c7ab583767e6338d3d3bee825adf76?s=96&d=mm&r=g\",\"url\":\"https:\\\/\\\/secure.gravatar.com\\\/avatar\\\/f0c7c47fc7146d19828273b9b8eda651c9c7ab583767e6338d3d3bee825adf76?s=96&d=mm&r=g\",\"contentUrl\":\"https:\\\/\\\/secure.gravatar.com\\\/avatar\\\/f0c7c47fc7146d19828273b9b8eda651c9c7ab583767e6338d3d3bee825adf76?s=96&d=mm&r=g\",\"caption\":\"Diario del Sur Digital\"},\"url\":\"https:\\\/\\\/diariodelsurdigital.com.ar\\\/?author=4\"}]}<\/script>\n<!-- \/ Yoast SEO plugin. -->","yoast_head_json":{"title":"M\u00e1s de 600 corredores participaron de la Marat\u00f3n de la Fiesta Nacional de la Artesan\u00eda 2026 - Diario del Sur","robots":{"index":"index","follow":"follow","max-snippet":"max-snippet:-1","max-image-preview":"max-image-preview:large","max-video-preview":"max-video-preview:-1"},"canonical":"https:\/\/diariodelsurdigital.com.ar\/?p=6903","og_locale":"es_ES","og_type":"article","og_title":"M\u00e1s de 600 corredores participaron de la Marat\u00f3n de la Fiesta Nacional de la Artesan\u00eda 2026 - Diario del Sur","og_description":"La competencia, organizada por la Direcci\u00f3n de Deportes de la Municipalidad de Col\u00f3n, form\u00f3 parte de la agenda deportiva de Artesan\u00eda 2026 y volvi\u00f3 a reunir a atletas de distintas edades y procedencias, con un recorrido que tuvo al Parque Quir\u00f3s como epicentro. La ciudad de Col\u00f3n vivi\u00f3 una nueva edici\u00f3n de la Marat\u00f3n de [&hellip;]","og_url":"https:\/\/diariodelsurdigital.com.ar\/?p=6903","og_site_name":"Diario del Sur","article_published_time":"2026-02-10T13:01:14+00:00","article_modified_time":"2026-02-10T13:01:15+00:00","og_image":[{"width":992,"height":660,"url":"https:\/\/diariodelsurdigital.com.ar\/wp-content\/uploads\/2026\/02\/md-22.webp","type":"image\/webp"}],"author":"Diario del Sur Digital","twitter_card":"summary_large_image","twitter_misc":{"Escrito por":"Diario del Sur Digital","Tiempo de lectura":"2 minutos"},"schema":{"@context":"https:\/\/schema.org","@graph":[{"@type":"Article","@id":"https:\/\/diariodelsurdigital.com.ar\/?p=6903#article","isPartOf":{"@id":"https:\/\/diariodelsurdigital.com.ar\/?p=6903"},"author":{"name":"Diario del Sur Digital","@id":"https:\/\/diariodelsurdigital.com.ar\/#\/schema\/person\/1a4992532ed62965c968031b49195c81"},"headline":"M\u00e1s de 600 corredores participaron de la Marat\u00f3n de la Fiesta Nacional de la Artesan\u00eda 2026","datePublished":"2026-02-10T13:01:14+00:00","dateModified":"2026-02-10T13:01:15+00:00","mainEntityOfPage":{"@id":"https:\/\/diariodelsurdigital.com.ar\/?p=6903"},"wordCount":420,"commentCount":0,"image":{"@id":"https:\/\/diariodelsurdigital.com.ar\/?p=6903#primaryimage"},"thumbnailUrl":"https:\/\/diariodelsurdigital.com.ar\/wp-content\/uploads\/2026\/02\/md-22.webp","articleSection":["Inter\u00e9s General","Provinciales"],"inLanguage":"es","potentialAction":[{"@type":"CommentAction","name":"Comment","target":["https:\/\/diariodelsurdigital.com.ar\/?p=6903#respond"]}]},{"@type":"WebPage","@id":"https:\/\/diariodelsurdigital.com.ar\/?p=6903","url":"https:\/\/diariodelsurdigital.com.ar\/?p=6903","name":"M\u00e1s de 600 corredores participaron de la Marat\u00f3n de la Fiesta Nacional de la Artesan\u00eda 2026 - Diario del Sur","isPartOf":{"@id":"https:\/\/diariodelsurdigital.com.ar\/#website"},"primaryImageOfPage":{"@id":"https:\/\/diariodelsurdigital.com.ar\/?p=6903#primaryimage"},"image":{"@id":"https:\/\/diariodelsurdigital.com.ar\/?p=6903#primaryimage"},"thumbnailUrl":"https:\/\/diariodelsurdigital.com.ar\/wp-content\/uploads\/2026\/02\/md-22.webp","datePublished":"2026-02-10T13:01:14+00:00","dateModified":"2026-02-10T13:01:15+00:00","author":{"@id":"https:\/\/diariodelsurdigital.com.ar\/#\/schema\/person\/1a4992532ed62965c968031b49195c81"},"breadcrumb":{"@id":"https:\/\/diariodelsurdigital.com.ar\/?p=6903#breadcrumb"},"inLanguage":"es","potentialAction":[{"@type":"ReadAction","target":["https:\/\/diariodelsurdigital.com.ar\/?p=6903"]}]},{"@type":"ImageObject","inLanguage":"es","@id":"https:\/\/diariodelsurdigital.com.ar\/?p=6903#primaryimage","url":"https:\/\/diariodelsurdigital.com.ar\/wp-content\/uploads\/2026\/02\/md-22.webp","contentUrl":"https:\/\/diariodelsurdigital.com.ar\/wp-content\/uploads\/2026\/02\/md-22.webp","width":992,"height":660},{"@type":"BreadcrumbList","@id":"https:\/\/diariodelsurdigital.com.ar\/?p=6903#breadcrumb","itemListElement":[{"@type":"ListItem","position":1,"name":"Portada","item":"https:\/\/diariodelsurdigital.com.ar\/"},{"@type":"ListItem","position":2,"name":"M\u00e1s de 600 corredores participaron de la Marat\u00f3n de la Fiesta Nacional de la Artesan\u00eda 2026"}]},{"@type":"WebSite","@id":"https:\/\/diariodelsurdigital.com.ar\/#website","url":"https:\/\/diariodelsurdigital.com.ar\/","name":"Diario del Sur","description":"Digital","potentialAction":[{"@type":"SearchAction","target":{"@type":"EntryPoint","urlTemplate":"https:\/\/diariodelsurdigital.com.ar\/?s={search_term_string}"},"query-input":{"@type":"PropertyValueSpecification","valueRequired":true,"valueName":"search_term_string"}}],"inLanguage":"es"},{"@type":"Person","@id":"https:\/\/diariodelsurdigital.com.ar\/#\/schema\/person\/1a4992532ed62965c968031b49195c81","name":"Diario del Sur Digital","image":{"@type":"ImageObject","inLanguage":"es","@id":"https:\/\/secure.gravatar.com\/avatar\/f0c7c47fc7146d19828273b9b8eda651c9c7ab583767e6338d3d3bee825adf76?s=96&d=mm&r=g","url":"https:\/\/secure.gravatar.com\/avatar\/f0c7c47fc7146d19828273b9b8eda651c9c7ab583767e6338d3d3bee825adf76?s=96&d=mm&r=g","contentUrl":"https:\/\/secure.gravatar.com\/avatar\/f0c7c47fc7146d19828273b9b8eda651c9c7ab583767e6338d3d3bee825adf76?s=96&d=mm&r=g","caption":"Diario del Sur Digital"},"url":"https:\/\/diariodelsurdigital.com.ar\/?author=4"}]}},"_links":{"self":[{"href":"https:\/\/diariodelsurdigital.com.ar\/index.php?rest_route=\/wp\/v2\/posts\/6903","targetHints":{"allow":["GET"]}}],"collection":[{"href":"https:\/\/diariodelsurdigital.com.ar\/index.php?rest_route=\/wp\/v2\/posts"}],"about":[{"href":"https:\/\/diariodelsurdigital.com.ar\/index.php?rest_route=\/wp\/v2\/types\/post"}],"author":[{"embeddable":true,"href":"https:\/\/diariodelsurdigital.com.ar\/index.php?rest_route=\/wp\/v2\/users\/4"}],"replies":[{"embeddable":true,"href":"https:\/\/diariodelsurdigital.com.ar\/index.php?rest_route=%2Fwp%2Fv2%2Fcomments&post=6903"}],"version-history":[{"count":1,"href":"https:\/\/diariodelsurdigital.com.ar\/index.php?rest_route=\/wp\/v2\/posts\/6903\/revisions"}],"predecessor-version":[{"id":6905,"href":"https:\/\/diariodelsurdigital.com.ar\/index.php?rest_route=\/wp\/v2\/posts\/6903\/revisions\/6905"}],"wp:featuredmedia":[{"embeddable":true,"href":"https:\/\/diariodelsurdigital.com.ar\/index.php?rest_route=\/wp\/v2\/media\/6904"}],"wp:attachment":[{"href":"https:\/\/diariodelsurdigital.com.ar\/index.php?rest_route=%2Fwp%2Fv2%2Fmedia&parent=6903"}],"wp:term":[{"taxonomy":"category","embeddable":true,"href":"https:\/\/diariodelsurdigital.com.ar\/index.php?rest_route=%2Fwp%2Fv2%2Fcategories&post=6903"},{"taxonomy":"post_tag","embeddable":true,"href":"https:\/\/diariodelsurdigital.com.ar\/index.php?rest_route=%2Fwp%2Fv2%2Ftags&post=6903"}],"curies":[{"name":"wp","href":"https:\/\/api.w.org\/{rel}","templated":true}]}}