{"id":6909,"date":"2026-02-10T10:10:41","date_gmt":"2026-02-10T13:10:41","guid":{"rendered":"https:\/\/diariodelsurdigital.com.ar\/?p=6909"},"modified":"2026-02-10T10:11:13","modified_gmt":"2026-02-10T13:11:13","slug":"ordenan-a-la-oser-a-aceptar-como-adherente-a-la-pareja-conviviente-de-una-afiliada","status":"publish","type":"post","link":"https:\/\/diariodelsurdigital.com.ar\/?p=6909","title":{"rendered":"Ordenan a la OSER a aceptar como adherente a la pareja conviviente de una afiliada"},"content":{"rendered":"\n<p>La C\u00e1mara Laboral de Paran\u00e1 orden\u00f3 a la Obra Social de Entre R\u00edos (OSER) a incorporar como adherente a la pareja de una afiliada que debe atender un problema oftalmol\u00f3gico. La OSER fundament\u00f3  el rechazo en que el concubino es monotributista. El fallo destac\u00f3 que el Superior Tribunal provincial ya rechaz\u00f3 el argumento y a\u00f1adi\u00f3 que no se puede invocar como justificante para incumplir con la obligaci\u00f3n legal que tiene a su cargo de dar cobertura del grupo familiar primario de la afiliada titular.<\/p>\n\n\n\n<p><\/p>\n\n\n\n<p>La jueza de la C\u00e1mara Laboral de Paran\u00e1, Fabiola Bogado Ibarra, orden\u00f3 a la Obra Social de Entre R\u00edos (OSER) a que en plazo de cinco d\u00edas de notificada incorpore como afiliados adherente a la pareja conviviente de una m\u00e9dica afiliada titular, que debe enfrentar un tratamiento por un problema oftalmol\u00f3gico. Bogado Ibarra hizo lugar a la acci\u00f3n de amparo promovida por la m\u00e9dica el mi\u00e9rcoles 4 y le impuso las \u201ccostas a la accionada vencida\u201d.<\/p>\n\n\n\n<p>Rechazo por WhatsApp<\/p>\n\n\n\n<p>La jueza analiz\u00f3 que la amparista refiri\u00f3 que el 9 de diciembre de 2026 la OSER \u201cle notific\u00f3 mediante nota remitida v\u00eda WhatsApp un previo de fecha 22 de diciembre de 2025, donde se le requer\u00eda que complete nuevamente la ficha de afiliaci\u00f3n, lo que cumpliment\u00f3 el 13 de enero de 2026\u201d y agreg\u00f3 que \u201cel 26 de enero se le notific\u00f3, nuevamente por WhatsApp, la resoluci\u00f3n del 19 de enero, por la cual se deneg\u00f3 su pedido por el simple hecho de -seg\u00fan OSER- registrar su concubino, antecedentes de constancia de inscripci\u00f3n, opci\u00f3n monotributo y actividad econ\u00f3mica en ARCA, cuesti\u00f3n que -seg\u00fan afirma- es incomprobada e impertinente puesto que la actividad que desempe\u00f1a no guarda relaci\u00f3n alguna con el pedido de cobertura, que no posee\u201d.<\/p>\n\n\n\n<p>La amparista indic\u00f3 que \u201csurge patente la necesidad humanitaria, actual y urgente de que su conviviente sea afiliado al ente demandado como socio adherente de la amparista y que ante la negativa, la presente se alza como la \u00fanica v\u00eda judicial id\u00f3nea y eficaz de lograr la afiliaci\u00f3n que interesa\u201d.<\/p>\n\n\n\n<p>La jueza sopes\u00f3 que la obra social no neg\u00f3 el car\u00e1cter de conviviente del adherente, como as\u00ed tampoco la condici\u00f3n de afiliada titular obligatoria de la ampartista, ni la documentaci\u00f3n acompa\u00f1ada a la demanda, entre la cual se encuentra el acta de uni\u00f3n convivencial, la certificaci\u00f3n negativa de la ANSES y la consulta de Obra Social que consigna \u00abLa consulta no arroj\u00f3 resultado\u00bb dando cuenta que el adherente no posee afiliaci\u00f3n activa a ninguna obra social.<\/p>\n\n\n\n<p>La jueza analiz\u00f3 que \u201cel argumento central que plantea la OSER en su responde para instar el rechazo de la acci\u00f3n intentada, refiere a la inadmisibilidad e improcedencia de la v\u00eda de amparo, por falta de urgencia y de lesi\u00f3n al derecho a la salud del adherente, en tanto alega que lo que est\u00e1 en discusi\u00f3n es el derecho de afiliaci\u00f3n, sin que exista una necesidad inminente de cobertura\u201d.<\/p>\n\n\n\n<p>Defensa infructuosa<\/p>\n\n\n\n<p>As\u00ed, consider\u00f3 que \u201cdicha defensa resulta infructuosa dado que se da de bruces con el criterio sostenido por el STJER\u201d, que transcribi\u00f3 porque los comparte. As\u00ed, cit\u00f3 que el Alto Cuerpo afirm\u00f3 que \u00abla necesidad de incorporaci\u00f3n al IOSPER no puede estar condicionada a la acreditaci\u00f3n de una situaci\u00f3n de salud que amerite urgente atenci\u00f3n. Ello no influye sobre el deber legal que pesa sobre la Obra Social de brindar sus servicios al grupo familiar de quien es afiliado titular obligatorio\u00bb.<\/p>\n\n\n\n<p>La jueza comparti\u00f3 tambi\u00e9n que el Alto Cuerpo entendi\u00f3 que \u00ablas vicisitudes de salud son circunstancias que pueden presentarse de manera imprevista, y cuyo alcance y duraci\u00f3n resulta desconocido e incierto, por lo que el hecho de que la se\u00f1ora\u2026. no se encuentre en una situaci\u00f3n de concreta \u2018urgencia\u2019 o \u2018riesgo\u2019, no es una raz\u00f3n v\u00e1lida para denegar la afiliaci\u00f3n, a la que, como integrante del grupo familiar del afiliado titular, tiene derecho\u201d.<\/p>\n\n\n\n<p>En el mismo sentido coincidi\u00f3 con el argumento que sostuvo que \u00abeste Superior Tribunal de Justicia tiene dicho que no es posible supeditar la afiliaci\u00f3n a la acreditaci\u00f3n de una situaci\u00f3n de salud que amerite urgente atenci\u00f3n -lo cual en modo alguno puede condicionar la afiliaci\u00f3n de quien ostente derecho a ello-, siendo una verdad irrefutable que las situaciones de salud pueden presentarse (con diferente e impredecible magnitud) de forma imprevista\u2026\u201d.<\/p>\n\n\n\n<p>Surge en autos<\/p>\n\n\n\n<p>Bogado Ibarra abord\u00f3 que \u201cpor otra parte, surge de la documentaci\u00f3n acompa\u00f1ada a autos, que la OSER rechaza el pedido de afiliaci\u00f3n del convivente de la amparista en el hecho de que el mismo contin\u00faa registrando inscripci\u00f3n con Actividad Econ\u00f3mica vigente desde 11-2013 en ARCA\u201d. As\u00ed, sostuvo que \u201ceste fundamento tambi\u00e9n ha sido invalidado por nuestro m\u00e1ximo Tribunal provincial y no puede ser invocado por la obra social como motivo justificante para incumplir con la obligaci\u00f3n legal que tiene a su cargo de dar cobertura del grupo familiar primario de la afiliada titular, el cual, indiscutiblemente integra su conviviente\u201d.<\/p>\n\n\n\n<p>As\u00ed, sostuvo que \u201cen conclusi\u00f3n, por todo lo expresado, considero que la actitud de la demandada resulta manifiestamente ileg\u00edtima, en los t\u00e9rminos de los art\u00edculos 1 y 2 de la LPC, siendo procedente la acci\u00f3n de amparo incoada\u201d.<\/p>\n\n\n\n<p>Rechazo con costas<\/p>\n\n\n\n<p>OSER, por intermedio de su apoderado, Aureliano Parkinson, solicit\u00f3 el rechazo de la demanda con costas a la contraria sosteniendo \u201cla inadmisibilidad de la v\u00eda intentada, en cuanto alega que no existe acto u omisi\u00f3n ileg\u00edtima, arbitraria ni manifiesta atribuible a la obra social, ni lesi\u00f3n actual o inminente a derechos constitucionales, en particular al derecho a la salud\u201d de la pareja de la afiliada.<\/p>\n\n\n\n<p>Afirm\u00f3 que \u201cno se encuentra acreditada una situaci\u00f3n de urgencia m\u00e9dica, ni riesgo cierto la vida o salud de la pareja de la afiliada, destacando la ausencia de constancias m\u00e9dicas que avalen tal extremo\u201d. Argument\u00f3 que \u201cla pretensi\u00f3n no reviste car\u00e1cter urgente, que el actor no prob\u00f3 carecer de cobertura m\u00e9dica, ni integrar un grupo de riesgo que justifique la tutela excepcional del amparo\u201d.<\/p>\n\n\n\n<p>Entendi\u00f3 que \u201clas cuestiones relativas a afiliaci\u00f3n y cobertura de obra social requieren mayor amplitud de debate y prueba, resultando impropias de la v\u00eda sumar\u00edsima intentada\u201d, se\u00f1al\u00f3 que \u201cexisten otras v\u00edas administrativas y judiciales id\u00f3neas, que no fueron agotadas por la actora, lo que torna improcedente el amparo conforme al art\u00edculo 3 de la Ley 8369\u201d. Cit\u00f3 jurisprudencia del Superior Tribunal de Justicia de Entre R\u00edos en apoyo a su postura, neg\u00f3 los hechos, ofreci\u00f3 prueba, formul\u00f3 reserva del Caso Federal y solicit\u00f3 que \u201cse rechace \u00edntegramente la acci\u00f3n de amparo, con imposici\u00f3n de costas a la parte actora\u201d. (APFDigital)<\/p>\n\n\n\n<p><\/p>\n","protected":false},"excerpt":{"rendered":"<p>La C\u00e1mara Laboral de Paran\u00e1 orden\u00f3 a la Obra Social de Entre R\u00edos (OSER) a incorporar como adherente a la pareja de una afiliada que debe atender un problema oftalmol\u00f3gico. La OSER fundament\u00f3 el rechazo en que el concubino es monotributista. El fallo destac\u00f3 que el Superior Tribunal provincial ya rechaz\u00f3 el argumento y a\u00f1adi\u00f3 [&hellip;]<\/p>\n","protected":false},"author":4,"featured_media":6910,"comment_status":"open","ping_status":"open","sticky":false,"template":"","format":"standard","meta":{"footnotes":""},"categories":[19,17],"tags":[],"class_list":{"0":"post-6909","1":"post","2":"type-post","3":"status-publish","4":"format-standard","5":"has-post-thumbnail","7":"category-interes-general","8":"category-provinciales"},"yoast_head":"<!-- This site is optimized with the Yoast SEO plugin v27.4 - https:\/\/yoast.com\/product\/yoast-seo-wordpress\/ -->\n<title>Ordenan a la OSER a aceptar como adherente a la pareja conviviente de una afiliada - Diario del Sur<\/title>\n<meta name=\"robots\" content=\"index, follow, max-snippet:-1, max-image-preview:large, max-video-preview:-1\" \/>\n<link rel=\"canonical\" href=\"https:\/\/diariodelsurdigital.com.ar\/?p=6909\" \/>\n<meta property=\"og:locale\" content=\"es_ES\" \/>\n<meta property=\"og:type\" content=\"article\" \/>\n<meta property=\"og:title\" content=\"Ordenan a la OSER a aceptar como adherente a la pareja conviviente de una afiliada - Diario del Sur\" \/>\n<meta property=\"og:description\" content=\"La C\u00e1mara Laboral de Paran\u00e1 orden\u00f3 a la Obra Social de Entre R\u00edos (OSER) a incorporar como adherente a la pareja de una afiliada que debe atender un problema oftalmol\u00f3gico. La OSER fundament\u00f3 el rechazo en que el concubino es monotributista. El fallo destac\u00f3 que el Superior Tribunal provincial ya rechaz\u00f3 el argumento y a\u00f1adi\u00f3 [&hellip;]\" \/>\n<meta property=\"og:url\" content=\"https:\/\/diariodelsurdigital.com.ar\/?p=6909\" \/>\n<meta property=\"og:site_name\" content=\"Diario del Sur\" \/>\n<meta property=\"article:published_time\" content=\"2026-02-10T13:10:41+00:00\" \/>\n<meta property=\"article:modified_time\" content=\"2026-02-10T13:11:13+00:00\" \/>\n<meta property=\"og:image\" content=\"https:\/\/diariodelsurdigital.com.ar\/wp-content\/uploads\/2026\/02\/md-25.webp\" \/>\n\t<meta property=\"og:image:width\" content=\"992\" \/>\n\t<meta property=\"og:image:height\" content=\"718\" \/>\n\t<meta property=\"og:image:type\" content=\"image\/webp\" \/>\n<meta name=\"author\" content=\"Diario del Sur Digital\" \/>\n<meta name=\"twitter:card\" content=\"summary_large_image\" \/>\n<meta name=\"twitter:label1\" content=\"Escrito por\" \/>\n\t<meta name=\"twitter:data1\" content=\"Diario del Sur Digital\" \/>\n\t<meta name=\"twitter:label2\" content=\"Tiempo de lectura\" \/>\n\t<meta name=\"twitter:data2\" content=\"6 minutos\" \/>\n<script type=\"application\/ld+json\" class=\"yoast-schema-graph\">{\"@context\":\"https:\\\/\\\/schema.org\",\"@graph\":[{\"@type\":\"Article\",\"@id\":\"https:\\\/\\\/diariodelsurdigital.com.ar\\\/?p=6909#article\",\"isPartOf\":{\"@id\":\"https:\\\/\\\/diariodelsurdigital.com.ar\\\/?p=6909\"},\"author\":{\"name\":\"Diario del Sur Digital\",\"@id\":\"https:\\\/\\\/diariodelsurdigital.com.ar\\\/#\\\/schema\\\/person\\\/1a4992532ed62965c968031b49195c81\"},\"headline\":\"Ordenan a la OSER a aceptar como adherente a la pareja conviviente de una afiliada\",\"datePublished\":\"2026-02-10T13:10:41+00:00\",\"dateModified\":\"2026-02-10T13:11:13+00:00\",\"mainEntityOfPage\":{\"@id\":\"https:\\\/\\\/diariodelsurdigital.com.ar\\\/?p=6909\"},\"wordCount\":1175,\"commentCount\":0,\"image\":{\"@id\":\"https:\\\/\\\/diariodelsurdigital.com.ar\\\/?p=6909#primaryimage\"},\"thumbnailUrl\":\"https:\\\/\\\/diariodelsurdigital.com.ar\\\/wp-content\\\/uploads\\\/2026\\\/02\\\/md-25.webp\",\"articleSection\":[\"Inter\u00e9s General\",\"Provinciales\"],\"inLanguage\":\"es\",\"potentialAction\":[{\"@type\":\"CommentAction\",\"name\":\"Comment\",\"target\":[\"https:\\\/\\\/diariodelsurdigital.com.ar\\\/?p=6909#respond\"]}]},{\"@type\":\"WebPage\",\"@id\":\"https:\\\/\\\/diariodelsurdigital.com.ar\\\/?p=6909\",\"url\":\"https:\\\/\\\/diariodelsurdigital.com.ar\\\/?p=6909\",\"name\":\"Ordenan a la OSER a aceptar como adherente a la pareja conviviente de una afiliada - Diario del Sur\",\"isPartOf\":{\"@id\":\"https:\\\/\\\/diariodelsurdigital.com.ar\\\/#website\"},\"primaryImageOfPage\":{\"@id\":\"https:\\\/\\\/diariodelsurdigital.com.ar\\\/?p=6909#primaryimage\"},\"image\":{\"@id\":\"https:\\\/\\\/diariodelsurdigital.com.ar\\\/?p=6909#primaryimage\"},\"thumbnailUrl\":\"https:\\\/\\\/diariodelsurdigital.com.ar\\\/wp-content\\\/uploads\\\/2026\\\/02\\\/md-25.webp\",\"datePublished\":\"2026-02-10T13:10:41+00:00\",\"dateModified\":\"2026-02-10T13:11:13+00:00\",\"author\":{\"@id\":\"https:\\\/\\\/diariodelsurdigital.com.ar\\\/#\\\/schema\\\/person\\\/1a4992532ed62965c968031b49195c81\"},\"breadcrumb\":{\"@id\":\"https:\\\/\\\/diariodelsurdigital.com.ar\\\/?p=6909#breadcrumb\"},\"inLanguage\":\"es\",\"potentialAction\":[{\"@type\":\"ReadAction\",\"target\":[\"https:\\\/\\\/diariodelsurdigital.com.ar\\\/?p=6909\"]}]},{\"@type\":\"ImageObject\",\"inLanguage\":\"es\",\"@id\":\"https:\\\/\\\/diariodelsurdigital.com.ar\\\/?p=6909#primaryimage\",\"url\":\"https:\\\/\\\/diariodelsurdigital.com.ar\\\/wp-content\\\/uploads\\\/2026\\\/02\\\/md-25.webp\",\"contentUrl\":\"https:\\\/\\\/diariodelsurdigital.com.ar\\\/wp-content\\\/uploads\\\/2026\\\/02\\\/md-25.webp\",\"width\":992,\"height\":718},{\"@type\":\"BreadcrumbList\",\"@id\":\"https:\\\/\\\/diariodelsurdigital.com.ar\\\/?p=6909#breadcrumb\",\"itemListElement\":[{\"@type\":\"ListItem\",\"position\":1,\"name\":\"Portada\",\"item\":\"https:\\\/\\\/diariodelsurdigital.com.ar\\\/\"},{\"@type\":\"ListItem\",\"position\":2,\"name\":\"Ordenan a la OSER a aceptar como adherente a la pareja conviviente de una afiliada\"}]},{\"@type\":\"WebSite\",\"@id\":\"https:\\\/\\\/diariodelsurdigital.com.ar\\\/#website\",\"url\":\"https:\\\/\\\/diariodelsurdigital.com.ar\\\/\",\"name\":\"Diario del Sur\",\"description\":\"Digital\",\"potentialAction\":[{\"@type\":\"SearchAction\",\"target\":{\"@type\":\"EntryPoint\",\"urlTemplate\":\"https:\\\/\\\/diariodelsurdigital.com.ar\\\/?s={search_term_string}\"},\"query-input\":{\"@type\":\"PropertyValueSpecification\",\"valueRequired\":true,\"valueName\":\"search_term_string\"}}],\"inLanguage\":\"es\"},{\"@type\":\"Person\",\"@id\":\"https:\\\/\\\/diariodelsurdigital.com.ar\\\/#\\\/schema\\\/person\\\/1a4992532ed62965c968031b49195c81\",\"name\":\"Diario del Sur Digital\",\"image\":{\"@type\":\"ImageObject\",\"inLanguage\":\"es\",\"@id\":\"https:\\\/\\\/secure.gravatar.com\\\/avatar\\\/f0c7c47fc7146d19828273b9b8eda651c9c7ab583767e6338d3d3bee825adf76?s=96&d=mm&r=g\",\"url\":\"https:\\\/\\\/secure.gravatar.com\\\/avatar\\\/f0c7c47fc7146d19828273b9b8eda651c9c7ab583767e6338d3d3bee825adf76?s=96&d=mm&r=g\",\"contentUrl\":\"https:\\\/\\\/secure.gravatar.com\\\/avatar\\\/f0c7c47fc7146d19828273b9b8eda651c9c7ab583767e6338d3d3bee825adf76?s=96&d=mm&r=g\",\"caption\":\"Diario del Sur Digital\"},\"url\":\"https:\\\/\\\/diariodelsurdigital.com.ar\\\/?author=4\"}]}<\/script>\n<!-- \/ Yoast SEO plugin. -->","yoast_head_json":{"title":"Ordenan a la OSER a aceptar como adherente a la pareja conviviente de una afiliada - Diario del Sur","robots":{"index":"index","follow":"follow","max-snippet":"max-snippet:-1","max-image-preview":"max-image-preview:large","max-video-preview":"max-video-preview:-1"},"canonical":"https:\/\/diariodelsurdigital.com.ar\/?p=6909","og_locale":"es_ES","og_type":"article","og_title":"Ordenan a la OSER a aceptar como adherente a la pareja conviviente de una afiliada - Diario del Sur","og_description":"La C\u00e1mara Laboral de Paran\u00e1 orden\u00f3 a la Obra Social de Entre R\u00edos (OSER) a incorporar como adherente a la pareja de una afiliada que debe atender un problema oftalmol\u00f3gico. La OSER fundament\u00f3 el rechazo en que el concubino es monotributista. El fallo destac\u00f3 que el Superior Tribunal provincial ya rechaz\u00f3 el argumento y a\u00f1adi\u00f3 [&hellip;]","og_url":"https:\/\/diariodelsurdigital.com.ar\/?p=6909","og_site_name":"Diario del Sur","article_published_time":"2026-02-10T13:10:41+00:00","article_modified_time":"2026-02-10T13:11:13+00:00","og_image":[{"width":992,"height":718,"url":"https:\/\/diariodelsurdigital.com.ar\/wp-content\/uploads\/2026\/02\/md-25.webp","type":"image\/webp"}],"author":"Diario del Sur Digital","twitter_card":"summary_large_image","twitter_misc":{"Escrito por":"Diario del Sur Digital","Tiempo de lectura":"6 minutos"},"schema":{"@context":"https:\/\/schema.org","@graph":[{"@type":"Article","@id":"https:\/\/diariodelsurdigital.com.ar\/?p=6909#article","isPartOf":{"@id":"https:\/\/diariodelsurdigital.com.ar\/?p=6909"},"author":{"name":"Diario del Sur Digital","@id":"https:\/\/diariodelsurdigital.com.ar\/#\/schema\/person\/1a4992532ed62965c968031b49195c81"},"headline":"Ordenan a la OSER a aceptar como adherente a la pareja conviviente de una afiliada","datePublished":"2026-02-10T13:10:41+00:00","dateModified":"2026-02-10T13:11:13+00:00","mainEntityOfPage":{"@id":"https:\/\/diariodelsurdigital.com.ar\/?p=6909"},"wordCount":1175,"commentCount":0,"image":{"@id":"https:\/\/diariodelsurdigital.com.ar\/?p=6909#primaryimage"},"thumbnailUrl":"https:\/\/diariodelsurdigital.com.ar\/wp-content\/uploads\/2026\/02\/md-25.webp","articleSection":["Inter\u00e9s General","Provinciales"],"inLanguage":"es","potentialAction":[{"@type":"CommentAction","name":"Comment","target":["https:\/\/diariodelsurdigital.com.ar\/?p=6909#respond"]}]},{"@type":"WebPage","@id":"https:\/\/diariodelsurdigital.com.ar\/?p=6909","url":"https:\/\/diariodelsurdigital.com.ar\/?p=6909","name":"Ordenan a la OSER a aceptar como adherente a la pareja conviviente de una afiliada - Diario del Sur","isPartOf":{"@id":"https:\/\/diariodelsurdigital.com.ar\/#website"},"primaryImageOfPage":{"@id":"https:\/\/diariodelsurdigital.com.ar\/?p=6909#primaryimage"},"image":{"@id":"https:\/\/diariodelsurdigital.com.ar\/?p=6909#primaryimage"},"thumbnailUrl":"https:\/\/diariodelsurdigital.com.ar\/wp-content\/uploads\/2026\/02\/md-25.webp","datePublished":"2026-02-10T13:10:41+00:00","dateModified":"2026-02-10T13:11:13+00:00","author":{"@id":"https:\/\/diariodelsurdigital.com.ar\/#\/schema\/person\/1a4992532ed62965c968031b49195c81"},"breadcrumb":{"@id":"https:\/\/diariodelsurdigital.com.ar\/?p=6909#breadcrumb"},"inLanguage":"es","potentialAction":[{"@type":"ReadAction","target":["https:\/\/diariodelsurdigital.com.ar\/?p=6909"]}]},{"@type":"ImageObject","inLanguage":"es","@id":"https:\/\/diariodelsurdigital.com.ar\/?p=6909#primaryimage","url":"https:\/\/diariodelsurdigital.com.ar\/wp-content\/uploads\/2026\/02\/md-25.webp","contentUrl":"https:\/\/diariodelsurdigital.com.ar\/wp-content\/uploads\/2026\/02\/md-25.webp","width":992,"height":718},{"@type":"BreadcrumbList","@id":"https:\/\/diariodelsurdigital.com.ar\/?p=6909#breadcrumb","itemListElement":[{"@type":"ListItem","position":1,"name":"Portada","item":"https:\/\/diariodelsurdigital.com.ar\/"},{"@type":"ListItem","position":2,"name":"Ordenan a la OSER a aceptar como adherente a la pareja conviviente de una afiliada"}]},{"@type":"WebSite","@id":"https:\/\/diariodelsurdigital.com.ar\/#website","url":"https:\/\/diariodelsurdigital.com.ar\/","name":"Diario del Sur","description":"Digital","potentialAction":[{"@type":"SearchAction","target":{"@type":"EntryPoint","urlTemplate":"https:\/\/diariodelsurdigital.com.ar\/?s={search_term_string}"},"query-input":{"@type":"PropertyValueSpecification","valueRequired":true,"valueName":"search_term_string"}}],"inLanguage":"es"},{"@type":"Person","@id":"https:\/\/diariodelsurdigital.com.ar\/#\/schema\/person\/1a4992532ed62965c968031b49195c81","name":"Diario del Sur Digital","image":{"@type":"ImageObject","inLanguage":"es","@id":"https:\/\/secure.gravatar.com\/avatar\/f0c7c47fc7146d19828273b9b8eda651c9c7ab583767e6338d3d3bee825adf76?s=96&d=mm&r=g","url":"https:\/\/secure.gravatar.com\/avatar\/f0c7c47fc7146d19828273b9b8eda651c9c7ab583767e6338d3d3bee825adf76?s=96&d=mm&r=g","contentUrl":"https:\/\/secure.gravatar.com\/avatar\/f0c7c47fc7146d19828273b9b8eda651c9c7ab583767e6338d3d3bee825adf76?s=96&d=mm&r=g","caption":"Diario del Sur Digital"},"url":"https:\/\/diariodelsurdigital.com.ar\/?author=4"}]}},"_links":{"self":[{"href":"https:\/\/diariodelsurdigital.com.ar\/index.php?rest_route=\/wp\/v2\/posts\/6909","targetHints":{"allow":["GET"]}}],"collection":[{"href":"https:\/\/diariodelsurdigital.com.ar\/index.php?rest_route=\/wp\/v2\/posts"}],"about":[{"href":"https:\/\/diariodelsurdigital.com.ar\/index.php?rest_route=\/wp\/v2\/types\/post"}],"author":[{"embeddable":true,"href":"https:\/\/diariodelsurdigital.com.ar\/index.php?rest_route=\/wp\/v2\/users\/4"}],"replies":[{"embeddable":true,"href":"https:\/\/diariodelsurdigital.com.ar\/index.php?rest_route=%2Fwp%2Fv2%2Fcomments&post=6909"}],"version-history":[{"count":2,"href":"https:\/\/diariodelsurdigital.com.ar\/index.php?rest_route=\/wp\/v2\/posts\/6909\/revisions"}],"predecessor-version":[{"id":6912,"href":"https:\/\/diariodelsurdigital.com.ar\/index.php?rest_route=\/wp\/v2\/posts\/6909\/revisions\/6912"}],"wp:featuredmedia":[{"embeddable":true,"href":"https:\/\/diariodelsurdigital.com.ar\/index.php?rest_route=\/wp\/v2\/media\/6910"}],"wp:attachment":[{"href":"https:\/\/diariodelsurdigital.com.ar\/index.php?rest_route=%2Fwp%2Fv2%2Fmedia&parent=6909"}],"wp:term":[{"taxonomy":"category","embeddable":true,"href":"https:\/\/diariodelsurdigital.com.ar\/index.php?rest_route=%2Fwp%2Fv2%2Fcategories&post=6909"},{"taxonomy":"post_tag","embeddable":true,"href":"https:\/\/diariodelsurdigital.com.ar\/index.php?rest_route=%2Fwp%2Fv2%2Ftags&post=6909"}],"curies":[{"name":"wp","href":"https:\/\/api.w.org\/{rel}","templated":true}]}}