{"id":6913,"date":"2026-02-10T10:13:26","date_gmt":"2026-02-10T13:13:26","guid":{"rendered":"https:\/\/diariodelsurdigital.com.ar\/?p=6913"},"modified":"2026-02-10T10:13:27","modified_gmt":"2026-02-10T13:13:27","slug":"tras-la-polemica-el-indec-dara-a-conocer-la-inflacion-de-enero-los-analistas-estiman-que-rondara-el-25","status":"publish","type":"post","link":"https:\/\/diariodelsurdigital.com.ar\/?p=6913","title":{"rendered":"Tras la pol\u00e9mica, el Indec dar\u00e1 a conocer la inflaci\u00f3n de enero: los analistas estiman que rondar\u00e1 el 2,5%"},"content":{"rendered":"\n<p>Luego de la postergaci\u00f3n del nuevo \u00edndice actualizado para medir los precios, el organismo estad\u00edstico difundir\u00e1 el IPC a las 16. Las consultoras creen que los aumentos en los servicios regulados y en la carne impulsaron indicador al alza.<\/p>\n\n\n\n<p><\/p>\n\n\n\n<p>En medio de la pol\u00e9mica por la salida de Marco Lavagna, el Instituto Nacional de Estad\u00edstica y Censos (Indec) dar\u00e1 a conocer este martes el \u00cdndice de Precios al Consumidor (IPC) de enero. Seg\u00fan estimaciones privadas, la inflaci\u00f3n se ubicar\u00e1 por encima de 2,5% en el primer mes del 2026.<\/p>\n\n\n\n<p>El Gobierno cree que la cifra ser\u00e1 similar a la del mes pasado, que fue de 2,8%. \u00abNo creo que enero sea mucho m\u00e1s bajo que diciembre, seguramente est\u00e9 en torno al 2,5%\u201c, expres\u00f3 d\u00edas atr\u00e1s el ministro de Econom\u00eda, Luis Caputo.<\/p>\n\n\n\n<p>En el \u00faltimo Relevamiento de Expectativas de Mercado, los analistas corrigieron sus proyecciones e indicaron que el \u00cdndice de Precios al Consumidor (IPC) ser\u00e1 del 2,4%.<\/p>\n\n\n\n<p>En coincidencia, la consultora Equilibra calcul\u00f3 que la inflaci\u00f3n nacional ser\u00e1 2,4%, un descenso de 0,4 puntos porcentuales contra diciembre y con Alimentos y bebidas no alcoh\u00f3licas como el rubro que m\u00e1s influy\u00f3 en el mes.<\/p>\n\n\n\n<p>Otras firmas relevadas por TN se\u00f1alaron que el dato podr\u00eda ser un poco m\u00e1s alto, como Libertad y Progreso que registr\u00f3 un incremento del 2,6% mensual en enero.<\/p>\n\n\n\n<p>\u201cCon este resultado el avance de los precios se desaceler\u00eda respecto del mes pasado, en el cu\u00e1l corrieron al 2,8% seg\u00fan el dato oficial provisto por el Indec. Por su parte, la variaci\u00f3n interanual se colocar\u00eda en 32,1%, consolid\u00e1ndose como el segundo dato de menor cuant\u00eda en los \u00faltimos veintid\u00f3s meses\u201d, analizaron.<\/p>\n\n\n\n<p>En esa l\u00ednea, explicaron: \u201cSi desglosamos con detenimiento el dato general del 2,6% mensual, veremos que las distintas categor\u00edas que conforman el IPC tuvieron incidencias dispares. El rubro que m\u00e1s contribuy\u00f3 a llegar al dato final fue Alimentos y bebidas no alcoh\u00f3licas, que tuvo una fuerte variaci\u00f3n del 7,3% a lo largo del mes, impulsado por productos como las carnes y sus derivados, pescados y mariscos y productos estacionales como verduras y legumbres\u00bb.<\/p>\n\n\n\n<p>\u201cPor otro lado, el aumento de los servicios regulados tuvo una importante incidencia sobre el IPC de enero. Hubo una gran contribuci\u00f3n de todas las tarifas del transporte p\u00fablico que empezaron a viajar por encima del aumento de la inflaci\u00f3n. Por \u00faltimo, observamos subas en rubros relevantes con menos impacto sobre el \u00edndice en cuesti\u00f3n, como es el caso de medicina, vivienda y restaurantes y hoteles\u00bb, precisaron.<\/p>\n\n\n\n<p>Juli\u00e1n Leandro Neufeld, economista de la firma, coment\u00f3: \u201cSi el gobierno se respalda en su modelo de estimaci\u00f3n de la demanda de dinero y emite en consecuencia deber\u00eda poder menguar el ritmo de la inflaci\u00f3n. En este aspecto, todo depender\u00e1 del objetivo que se proponga el BCRA, si busca bajar los tipos de inter\u00e9s descontrolando la oferta de dinero, ser\u00e1 dif\u00edcil contener la inflaci\u00f3n en los pr\u00f3ximos meses\u201d.<\/p>\n\n\n\n<p>En el caso del relevamiento de Invecq, en la \u00faltima semana los precios aumentaron un 1,5%, impulsados principalmente por la suba de los sectores Educaci\u00f3n y Transporte. \u00abDe esta manera, la inflaci\u00f3n promedio m\u00f3vil de cuatro semanas se ubic\u00f3 en 2,7%\u201c, afirmaron.<\/p>\n\n\n\n<p>La publicaci\u00f3n de la inflaci\u00f3n este mes qued\u00f3 envuelta en una pol\u00e9mica tras la salida de Lavagna como titular del organismo. El exfuncionario ten\u00eda lista la nueva metodolog\u00eda para medir el IPC desde enero, pero el Gobierno decidi\u00f3 aplazarla y gener\u00f3 tensiones que lo llevaron a renunciar. \u201cVamos a mantenerlo hasta el proceso de desinflaci\u00f3n est\u00e9 consolidado. Por ahora sigue como est\u00e1\u201c, justific\u00f3 Caputo.<\/p>\n\n\n\n<p>La inflaci\u00f3n en CABA fue de 3,1% en enero<\/p>\n\n\n\n<p>La inflaci\u00f3n de enero fue de 3,1% en la Ciudad de Buenos Aires y acumul\u00f3 31,7% en los \u00faltimos 12 meses.<\/p>\n\n\n\n<p>Contra diciembre, el IPC de CABA registr\u00f3 una aceleraci\u00f3n de 0,4 puntos porcentuales. As\u00ed lo inform\u00f3 este lunes el Instituto de Estad\u00edsticas y Censos porte\u00f1o.<\/p>\n\n\n\n<p>La variaci\u00f3n de los precios porte\u00f1os en el primer mes del a\u00f1o estuvo impulsada por aumentos en: recreaci\u00f3n y cultura; restaurantes y hoteles; alimentos y bebidas no alcoh\u00f3licas; transporte, y vivienda, agua, electricidad, gas y otros combustibles. (APFDigital)<\/p>\n","protected":false},"excerpt":{"rendered":"<p>Luego de la postergaci\u00f3n del nuevo \u00edndice actualizado para medir los precios, el organismo estad\u00edstico difundir\u00e1 el IPC a las 16. Las consultoras creen que los aumentos en los servicios regulados y en la carne impulsaron indicador al alza. En medio de la pol\u00e9mica por la salida de Marco Lavagna, el Instituto Nacional de Estad\u00edstica [&hellip;]<\/p>\n","protected":false},"author":4,"featured_media":6914,"comment_status":"open","ping_status":"open","sticky":false,"template":"","format":"standard","meta":{"footnotes":""},"categories":[18],"tags":[],"class_list":{"0":"post-6913","1":"post","2":"type-post","3":"status-publish","4":"format-standard","5":"has-post-thumbnail","7":"category-nacionales"},"yoast_head":"<!-- This site is optimized with the Yoast SEO plugin v27.4 - https:\/\/yoast.com\/product\/yoast-seo-wordpress\/ -->\n<title>Tras la pol\u00e9mica, el Indec dar\u00e1 a conocer la inflaci\u00f3n de enero: los analistas estiman que rondar\u00e1 el 2,5% - Diario del Sur<\/title>\n<meta name=\"robots\" content=\"index, follow, max-snippet:-1, max-image-preview:large, max-video-preview:-1\" \/>\n<link rel=\"canonical\" href=\"https:\/\/diariodelsurdigital.com.ar\/?p=6913\" \/>\n<meta property=\"og:locale\" content=\"es_ES\" \/>\n<meta property=\"og:type\" content=\"article\" \/>\n<meta property=\"og:title\" content=\"Tras la pol\u00e9mica, el Indec dar\u00e1 a conocer la inflaci\u00f3n de enero: los analistas estiman que rondar\u00e1 el 2,5% - Diario del Sur\" \/>\n<meta property=\"og:description\" content=\"Luego de la postergaci\u00f3n del nuevo \u00edndice actualizado para medir los precios, el organismo estad\u00edstico difundir\u00e1 el IPC a las 16. Las consultoras creen que los aumentos en los servicios regulados y en la carne impulsaron indicador al alza. En medio de la pol\u00e9mica por la salida de Marco Lavagna, el Instituto Nacional de Estad\u00edstica [&hellip;]\" \/>\n<meta property=\"og:url\" content=\"https:\/\/diariodelsurdigital.com.ar\/?p=6913\" \/>\n<meta property=\"og:site_name\" content=\"Diario del Sur\" \/>\n<meta property=\"article:published_time\" content=\"2026-02-10T13:13:26+00:00\" \/>\n<meta property=\"article:modified_time\" content=\"2026-02-10T13:13:27+00:00\" \/>\n<meta property=\"og:image\" content=\"https:\/\/diariodelsurdigital.com.ar\/wp-content\/uploads\/2026\/02\/md-26.webp\" \/>\n\t<meta property=\"og:image:width\" content=\"992\" \/>\n\t<meta property=\"og:image:height\" content=\"558\" \/>\n\t<meta property=\"og:image:type\" content=\"image\/webp\" \/>\n<meta name=\"author\" content=\"Diario del Sur Digital\" \/>\n<meta name=\"twitter:card\" content=\"summary_large_image\" \/>\n<meta name=\"twitter:label1\" content=\"Escrito por\" \/>\n\t<meta name=\"twitter:data1\" content=\"Diario del Sur Digital\" \/>\n\t<meta name=\"twitter:label2\" content=\"Tiempo de lectura\" \/>\n\t<meta name=\"twitter:data2\" content=\"4 minutos\" \/>\n<script type=\"application\/ld+json\" class=\"yoast-schema-graph\">{\"@context\":\"https:\\\/\\\/schema.org\",\"@graph\":[{\"@type\":\"Article\",\"@id\":\"https:\\\/\\\/diariodelsurdigital.com.ar\\\/?p=6913#article\",\"isPartOf\":{\"@id\":\"https:\\\/\\\/diariodelsurdigital.com.ar\\\/?p=6913\"},\"author\":{\"name\":\"Diario del Sur Digital\",\"@id\":\"https:\\\/\\\/diariodelsurdigital.com.ar\\\/#\\\/schema\\\/person\\\/1a4992532ed62965c968031b49195c81\"},\"headline\":\"Tras la pol\u00e9mica, el Indec dar\u00e1 a conocer la inflaci\u00f3n de enero: los analistas estiman que rondar\u00e1 el 2,5%\",\"datePublished\":\"2026-02-10T13:13:26+00:00\",\"dateModified\":\"2026-02-10T13:13:27+00:00\",\"mainEntityOfPage\":{\"@id\":\"https:\\\/\\\/diariodelsurdigital.com.ar\\\/?p=6913\"},\"wordCount\":740,\"commentCount\":0,\"image\":{\"@id\":\"https:\\\/\\\/diariodelsurdigital.com.ar\\\/?p=6913#primaryimage\"},\"thumbnailUrl\":\"https:\\\/\\\/diariodelsurdigital.com.ar\\\/wp-content\\\/uploads\\\/2026\\\/02\\\/md-26.webp\",\"articleSection\":[\"Nacionales\"],\"inLanguage\":\"es\",\"potentialAction\":[{\"@type\":\"CommentAction\",\"name\":\"Comment\",\"target\":[\"https:\\\/\\\/diariodelsurdigital.com.ar\\\/?p=6913#respond\"]}]},{\"@type\":\"WebPage\",\"@id\":\"https:\\\/\\\/diariodelsurdigital.com.ar\\\/?p=6913\",\"url\":\"https:\\\/\\\/diariodelsurdigital.com.ar\\\/?p=6913\",\"name\":\"Tras la pol\u00e9mica, el Indec dar\u00e1 a conocer la inflaci\u00f3n de enero: los analistas estiman que rondar\u00e1 el 2,5% - Diario del Sur\",\"isPartOf\":{\"@id\":\"https:\\\/\\\/diariodelsurdigital.com.ar\\\/#website\"},\"primaryImageOfPage\":{\"@id\":\"https:\\\/\\\/diariodelsurdigital.com.ar\\\/?p=6913#primaryimage\"},\"image\":{\"@id\":\"https:\\\/\\\/diariodelsurdigital.com.ar\\\/?p=6913#primaryimage\"},\"thumbnailUrl\":\"https:\\\/\\\/diariodelsurdigital.com.ar\\\/wp-content\\\/uploads\\\/2026\\\/02\\\/md-26.webp\",\"datePublished\":\"2026-02-10T13:13:26+00:00\",\"dateModified\":\"2026-02-10T13:13:27+00:00\",\"author\":{\"@id\":\"https:\\\/\\\/diariodelsurdigital.com.ar\\\/#\\\/schema\\\/person\\\/1a4992532ed62965c968031b49195c81\"},\"breadcrumb\":{\"@id\":\"https:\\\/\\\/diariodelsurdigital.com.ar\\\/?p=6913#breadcrumb\"},\"inLanguage\":\"es\",\"potentialAction\":[{\"@type\":\"ReadAction\",\"target\":[\"https:\\\/\\\/diariodelsurdigital.com.ar\\\/?p=6913\"]}]},{\"@type\":\"ImageObject\",\"inLanguage\":\"es\",\"@id\":\"https:\\\/\\\/diariodelsurdigital.com.ar\\\/?p=6913#primaryimage\",\"url\":\"https:\\\/\\\/diariodelsurdigital.com.ar\\\/wp-content\\\/uploads\\\/2026\\\/02\\\/md-26.webp\",\"contentUrl\":\"https:\\\/\\\/diariodelsurdigital.com.ar\\\/wp-content\\\/uploads\\\/2026\\\/02\\\/md-26.webp\",\"width\":992,\"height\":558},{\"@type\":\"BreadcrumbList\",\"@id\":\"https:\\\/\\\/diariodelsurdigital.com.ar\\\/?p=6913#breadcrumb\",\"itemListElement\":[{\"@type\":\"ListItem\",\"position\":1,\"name\":\"Portada\",\"item\":\"https:\\\/\\\/diariodelsurdigital.com.ar\\\/\"},{\"@type\":\"ListItem\",\"position\":2,\"name\":\"Tras la pol\u00e9mica, el Indec dar\u00e1 a conocer la inflaci\u00f3n de enero: los analistas estiman que rondar\u00e1 el 2,5%\"}]},{\"@type\":\"WebSite\",\"@id\":\"https:\\\/\\\/diariodelsurdigital.com.ar\\\/#website\",\"url\":\"https:\\\/\\\/diariodelsurdigital.com.ar\\\/\",\"name\":\"Diario del Sur\",\"description\":\"Digital\",\"potentialAction\":[{\"@type\":\"SearchAction\",\"target\":{\"@type\":\"EntryPoint\",\"urlTemplate\":\"https:\\\/\\\/diariodelsurdigital.com.ar\\\/?s={search_term_string}\"},\"query-input\":{\"@type\":\"PropertyValueSpecification\",\"valueRequired\":true,\"valueName\":\"search_term_string\"}}],\"inLanguage\":\"es\"},{\"@type\":\"Person\",\"@id\":\"https:\\\/\\\/diariodelsurdigital.com.ar\\\/#\\\/schema\\\/person\\\/1a4992532ed62965c968031b49195c81\",\"name\":\"Diario del Sur Digital\",\"image\":{\"@type\":\"ImageObject\",\"inLanguage\":\"es\",\"@id\":\"https:\\\/\\\/secure.gravatar.com\\\/avatar\\\/f0c7c47fc7146d19828273b9b8eda651c9c7ab583767e6338d3d3bee825adf76?s=96&d=mm&r=g\",\"url\":\"https:\\\/\\\/secure.gravatar.com\\\/avatar\\\/f0c7c47fc7146d19828273b9b8eda651c9c7ab583767e6338d3d3bee825adf76?s=96&d=mm&r=g\",\"contentUrl\":\"https:\\\/\\\/secure.gravatar.com\\\/avatar\\\/f0c7c47fc7146d19828273b9b8eda651c9c7ab583767e6338d3d3bee825adf76?s=96&d=mm&r=g\",\"caption\":\"Diario del Sur Digital\"},\"url\":\"https:\\\/\\\/diariodelsurdigital.com.ar\\\/?author=4\"}]}<\/script>\n<!-- \/ Yoast SEO plugin. -->","yoast_head_json":{"title":"Tras la pol\u00e9mica, el Indec dar\u00e1 a conocer la inflaci\u00f3n de enero: los analistas estiman que rondar\u00e1 el 2,5% - Diario del Sur","robots":{"index":"index","follow":"follow","max-snippet":"max-snippet:-1","max-image-preview":"max-image-preview:large","max-video-preview":"max-video-preview:-1"},"canonical":"https:\/\/diariodelsurdigital.com.ar\/?p=6913","og_locale":"es_ES","og_type":"article","og_title":"Tras la pol\u00e9mica, el Indec dar\u00e1 a conocer la inflaci\u00f3n de enero: los analistas estiman que rondar\u00e1 el 2,5% - Diario del Sur","og_description":"Luego de la postergaci\u00f3n del nuevo \u00edndice actualizado para medir los precios, el organismo estad\u00edstico difundir\u00e1 el IPC a las 16. Las consultoras creen que los aumentos en los servicios regulados y en la carne impulsaron indicador al alza. En medio de la pol\u00e9mica por la salida de Marco Lavagna, el Instituto Nacional de Estad\u00edstica [&hellip;]","og_url":"https:\/\/diariodelsurdigital.com.ar\/?p=6913","og_site_name":"Diario del Sur","article_published_time":"2026-02-10T13:13:26+00:00","article_modified_time":"2026-02-10T13:13:27+00:00","og_image":[{"width":992,"height":558,"url":"https:\/\/diariodelsurdigital.com.ar\/wp-content\/uploads\/2026\/02\/md-26.webp","type":"image\/webp"}],"author":"Diario del Sur Digital","twitter_card":"summary_large_image","twitter_misc":{"Escrito por":"Diario del Sur Digital","Tiempo de lectura":"4 minutos"},"schema":{"@context":"https:\/\/schema.org","@graph":[{"@type":"Article","@id":"https:\/\/diariodelsurdigital.com.ar\/?p=6913#article","isPartOf":{"@id":"https:\/\/diariodelsurdigital.com.ar\/?p=6913"},"author":{"name":"Diario del Sur Digital","@id":"https:\/\/diariodelsurdigital.com.ar\/#\/schema\/person\/1a4992532ed62965c968031b49195c81"},"headline":"Tras la pol\u00e9mica, el Indec dar\u00e1 a conocer la inflaci\u00f3n de enero: los analistas estiman que rondar\u00e1 el 2,5%","datePublished":"2026-02-10T13:13:26+00:00","dateModified":"2026-02-10T13:13:27+00:00","mainEntityOfPage":{"@id":"https:\/\/diariodelsurdigital.com.ar\/?p=6913"},"wordCount":740,"commentCount":0,"image":{"@id":"https:\/\/diariodelsurdigital.com.ar\/?p=6913#primaryimage"},"thumbnailUrl":"https:\/\/diariodelsurdigital.com.ar\/wp-content\/uploads\/2026\/02\/md-26.webp","articleSection":["Nacionales"],"inLanguage":"es","potentialAction":[{"@type":"CommentAction","name":"Comment","target":["https:\/\/diariodelsurdigital.com.ar\/?p=6913#respond"]}]},{"@type":"WebPage","@id":"https:\/\/diariodelsurdigital.com.ar\/?p=6913","url":"https:\/\/diariodelsurdigital.com.ar\/?p=6913","name":"Tras la pol\u00e9mica, el Indec dar\u00e1 a conocer la inflaci\u00f3n de enero: los analistas estiman que rondar\u00e1 el 2,5% - Diario del Sur","isPartOf":{"@id":"https:\/\/diariodelsurdigital.com.ar\/#website"},"primaryImageOfPage":{"@id":"https:\/\/diariodelsurdigital.com.ar\/?p=6913#primaryimage"},"image":{"@id":"https:\/\/diariodelsurdigital.com.ar\/?p=6913#primaryimage"},"thumbnailUrl":"https:\/\/diariodelsurdigital.com.ar\/wp-content\/uploads\/2026\/02\/md-26.webp","datePublished":"2026-02-10T13:13:26+00:00","dateModified":"2026-02-10T13:13:27+00:00","author":{"@id":"https:\/\/diariodelsurdigital.com.ar\/#\/schema\/person\/1a4992532ed62965c968031b49195c81"},"breadcrumb":{"@id":"https:\/\/diariodelsurdigital.com.ar\/?p=6913#breadcrumb"},"inLanguage":"es","potentialAction":[{"@type":"ReadAction","target":["https:\/\/diariodelsurdigital.com.ar\/?p=6913"]}]},{"@type":"ImageObject","inLanguage":"es","@id":"https:\/\/diariodelsurdigital.com.ar\/?p=6913#primaryimage","url":"https:\/\/diariodelsurdigital.com.ar\/wp-content\/uploads\/2026\/02\/md-26.webp","contentUrl":"https:\/\/diariodelsurdigital.com.ar\/wp-content\/uploads\/2026\/02\/md-26.webp","width":992,"height":558},{"@type":"BreadcrumbList","@id":"https:\/\/diariodelsurdigital.com.ar\/?p=6913#breadcrumb","itemListElement":[{"@type":"ListItem","position":1,"name":"Portada","item":"https:\/\/diariodelsurdigital.com.ar\/"},{"@type":"ListItem","position":2,"name":"Tras la pol\u00e9mica, el Indec dar\u00e1 a conocer la inflaci\u00f3n de enero: los analistas estiman que rondar\u00e1 el 2,5%"}]},{"@type":"WebSite","@id":"https:\/\/diariodelsurdigital.com.ar\/#website","url":"https:\/\/diariodelsurdigital.com.ar\/","name":"Diario del Sur","description":"Digital","potentialAction":[{"@type":"SearchAction","target":{"@type":"EntryPoint","urlTemplate":"https:\/\/diariodelsurdigital.com.ar\/?s={search_term_string}"},"query-input":{"@type":"PropertyValueSpecification","valueRequired":true,"valueName":"search_term_string"}}],"inLanguage":"es"},{"@type":"Person","@id":"https:\/\/diariodelsurdigital.com.ar\/#\/schema\/person\/1a4992532ed62965c968031b49195c81","name":"Diario del Sur Digital","image":{"@type":"ImageObject","inLanguage":"es","@id":"https:\/\/secure.gravatar.com\/avatar\/f0c7c47fc7146d19828273b9b8eda651c9c7ab583767e6338d3d3bee825adf76?s=96&d=mm&r=g","url":"https:\/\/secure.gravatar.com\/avatar\/f0c7c47fc7146d19828273b9b8eda651c9c7ab583767e6338d3d3bee825adf76?s=96&d=mm&r=g","contentUrl":"https:\/\/secure.gravatar.com\/avatar\/f0c7c47fc7146d19828273b9b8eda651c9c7ab583767e6338d3d3bee825adf76?s=96&d=mm&r=g","caption":"Diario del Sur Digital"},"url":"https:\/\/diariodelsurdigital.com.ar\/?author=4"}]}},"_links":{"self":[{"href":"https:\/\/diariodelsurdigital.com.ar\/index.php?rest_route=\/wp\/v2\/posts\/6913","targetHints":{"allow":["GET"]}}],"collection":[{"href":"https:\/\/diariodelsurdigital.com.ar\/index.php?rest_route=\/wp\/v2\/posts"}],"about":[{"href":"https:\/\/diariodelsurdigital.com.ar\/index.php?rest_route=\/wp\/v2\/types\/post"}],"author":[{"embeddable":true,"href":"https:\/\/diariodelsurdigital.com.ar\/index.php?rest_route=\/wp\/v2\/users\/4"}],"replies":[{"embeddable":true,"href":"https:\/\/diariodelsurdigital.com.ar\/index.php?rest_route=%2Fwp%2Fv2%2Fcomments&post=6913"}],"version-history":[{"count":1,"href":"https:\/\/diariodelsurdigital.com.ar\/index.php?rest_route=\/wp\/v2\/posts\/6913\/revisions"}],"predecessor-version":[{"id":6915,"href":"https:\/\/diariodelsurdigital.com.ar\/index.php?rest_route=\/wp\/v2\/posts\/6913\/revisions\/6915"}],"wp:featuredmedia":[{"embeddable":true,"href":"https:\/\/diariodelsurdigital.com.ar\/index.php?rest_route=\/wp\/v2\/media\/6914"}],"wp:attachment":[{"href":"https:\/\/diariodelsurdigital.com.ar\/index.php?rest_route=%2Fwp%2Fv2%2Fmedia&parent=6913"}],"wp:term":[{"taxonomy":"category","embeddable":true,"href":"https:\/\/diariodelsurdigital.com.ar\/index.php?rest_route=%2Fwp%2Fv2%2Fcategories&post=6913"},{"taxonomy":"post_tag","embeddable":true,"href":"https:\/\/diariodelsurdigital.com.ar\/index.php?rest_route=%2Fwp%2Fv2%2Ftags&post=6913"}],"curies":[{"name":"wp","href":"https:\/\/api.w.org\/{rel}","templated":true}]}}