{"id":6916,"date":"2026-02-10T13:12:48","date_gmt":"2026-02-10T16:12:48","guid":{"rendered":"https:\/\/diariodelsurdigital.com.ar\/?p=6916"},"modified":"2026-02-10T13:16:19","modified_gmt":"2026-02-10T16:16:19","slug":"ex-intendente-de-puerto-yerua-propone-que-se-alquile-una-propiedad-en-concordia-para-estudiantes","status":"publish","type":"post","link":"https:\/\/diariodelsurdigital.com.ar\/?p=6916","title":{"rendered":"Ex intendente de Puerto Yeru\u00e1 propone que se alquile una propiedad en Concordia para estudiantes"},"content":{"rendered":"\n<p>Padres de alumnos de la localidad de Puerto Yeru\u00e1, pospusieron una reuni\u00f3n que estaba convocada para ayer lunes, para este mi\u00e9rcoles en la Plaza \u00abQuirno Costa\u00bb con el fin de tratar un tema de suma importancia para j\u00f3venes que son de Puerto Yeru\u00e1 y que estudian en la ciudad de Concordia y que por razones de presupuesto la Municipalidad dej\u00f3 de asistirlos en la actual gesti\u00f3n de Daniel Ben\u00edtez.<\/p>\n\n\n\n<p>El tema en cuesti\u00f3n fue conocido a trav\u00e9s de las redes sociales durante esta semana. El ex intendente Fabi\u00e1n Cevey no estuvo ajeno a la inquietud planteada por los padres y realiz\u00f3 una propuesta en un grupo de whatsapp denominado \u00abVecinos en Alerta Puerto\u00bb.<\/p>\n\n\n\n<p>Su propuesta plantea que, si un transporte tiene un costo de aproximadamente la suma de 250 mil pesos por d\u00eda, en 20 d\u00edas h\u00e1biles sumar\u00edan unos 5 millones por mes. En cambio, si se alquila una propiedad en Concordia, el costo ser\u00eda de unos 2 millones de pesos por mes, con la diferencia que esa propiedad podr\u00eda albergar a unos 30 j\u00f3venes, sin tener que viajar todos los d\u00edas de la semana.<\/p>\n\n\n\n<p>Texto de la propuesta:<\/p>\n\n\n\n<p><strong>PROPUESTA PARA ESTUDIANTES DE PUERTO YERUA<\/strong><\/p>\n\n\n\n<p>TRANSPORTE:<br>$250 mil por d\u00eda<br>20 dias ser\u00edan<br>$ 5.000.000 por mes.<\/p>\n\n\n\n<p>CASA:<br>Capacidad para m\u00e1s de 30 chicos<br>El costo ser\u00eda de<br>$ 2.000.000 por mes.<\/p>\n\n\n\n<p>CONCLUSION:<br>C\u00f3mo existe en todos lados ser\u00eda la casa para estudiantes y hasta podr\u00eda disponerse de una habitaci\u00f3n de las 7 que tiene para familiares con enfermos internados.<br>(Esto a t\u00edtulo de comentario)<br>Ojal\u00e1 pueda haber aportado algo que ser\u00eda una Propuesta para solucionar a nuestros gurises y vecinos.<br>Muchas gracias. AFC. (Alejandro Fabi\u00e1n Cevey)<\/p>\n","protected":false},"excerpt":{"rendered":"<p>Padres de alumnos de la localidad de Puerto Yeru\u00e1, pospusieron una reuni\u00f3n que estaba convocada para ayer lunes, para este mi\u00e9rcoles en la Plaza \u00abQuirno Costa\u00bb con el fin de tratar un tema de suma importancia para j\u00f3venes que son de Puerto Yeru\u00e1 y que estudian en la ciudad de Concordia y que por razones [&hellip;]<\/p>\n","protected":false},"author":2,"featured_media":6917,"comment_status":"open","ping_status":"open","sticky":false,"template":"","format":"standard","meta":{"footnotes":""},"categories":[19,16],"tags":[],"class_list":{"0":"post-6916","1":"post","2":"type-post","3":"status-publish","4":"format-standard","5":"has-post-thumbnail","7":"category-interes-general","8":"category-locales"},"yoast_head":"<!-- This site is optimized with the Yoast SEO plugin v27.4 - https:\/\/yoast.com\/product\/yoast-seo-wordpress\/ -->\n<title>Ex intendente de Puerto Yeru\u00e1 propone que se alquile una propiedad en Concordia para estudiantes - Diario del Sur<\/title>\n<meta name=\"robots\" content=\"index, follow, max-snippet:-1, max-image-preview:large, max-video-preview:-1\" \/>\n<link rel=\"canonical\" href=\"https:\/\/diariodelsurdigital.com.ar\/?p=6916\" \/>\n<meta property=\"og:locale\" content=\"es_ES\" \/>\n<meta property=\"og:type\" content=\"article\" \/>\n<meta property=\"og:title\" content=\"Ex intendente de Puerto Yeru\u00e1 propone que se alquile una propiedad en Concordia para estudiantes - Diario del Sur\" \/>\n<meta property=\"og:description\" content=\"Padres de alumnos de la localidad de Puerto Yeru\u00e1, pospusieron una reuni\u00f3n que estaba convocada para ayer lunes, para este mi\u00e9rcoles en la Plaza \u00abQuirno Costa\u00bb con el fin de tratar un tema de suma importancia para j\u00f3venes que son de Puerto Yeru\u00e1 y que estudian en la ciudad de Concordia y que por razones [&hellip;]\" \/>\n<meta property=\"og:url\" content=\"https:\/\/diariodelsurdigital.com.ar\/?p=6916\" \/>\n<meta property=\"og:site_name\" content=\"Diario del Sur\" \/>\n<meta property=\"article:published_time\" content=\"2026-02-10T16:12:48+00:00\" \/>\n<meta property=\"article:modified_time\" content=\"2026-02-10T16:16:19+00:00\" \/>\n<meta property=\"og:image\" content=\"https:\/\/diariodelsurdigital.com.ar\/wp-content\/uploads\/2026\/02\/puerto-yerua-escapada-riospng-1.png\" \/>\n\t<meta property=\"og:image:width\" content=\"480\" \/>\n\t<meta property=\"og:image:height\" content=\"270\" \/>\n\t<meta property=\"og:image:type\" content=\"image\/png\" \/>\n<meta name=\"author\" content=\"Diario del Sur Digital\" \/>\n<meta name=\"twitter:card\" content=\"summary_large_image\" \/>\n<meta name=\"twitter:label1\" content=\"Escrito por\" \/>\n\t<meta name=\"twitter:data1\" content=\"Diario del Sur Digital\" \/>\n\t<meta name=\"twitter:label2\" content=\"Tiempo de lectura\" \/>\n\t<meta name=\"twitter:data2\" content=\"2 minutos\" \/>\n<script type=\"application\/ld+json\" class=\"yoast-schema-graph\">{\"@context\":\"https:\\\/\\\/schema.org\",\"@graph\":[{\"@type\":\"Article\",\"@id\":\"https:\\\/\\\/diariodelsurdigital.com.ar\\\/?p=6916#article\",\"isPartOf\":{\"@id\":\"https:\\\/\\\/diariodelsurdigital.com.ar\\\/?p=6916\"},\"author\":{\"name\":\"Diario del Sur Digital\",\"@id\":\"https:\\\/\\\/diariodelsurdigital.com.ar\\\/#\\\/schema\\\/person\\\/6136a32571657f7dba980b88b04c5465\"},\"headline\":\"Ex intendente de Puerto Yeru\u00e1 propone que se alquile una propiedad en Concordia para estudiantes\",\"datePublished\":\"2026-02-10T16:12:48+00:00\",\"dateModified\":\"2026-02-10T16:16:19+00:00\",\"mainEntityOfPage\":{\"@id\":\"https:\\\/\\\/diariodelsurdigital.com.ar\\\/?p=6916\"},\"wordCount\":305,\"commentCount\":0,\"image\":{\"@id\":\"https:\\\/\\\/diariodelsurdigital.com.ar\\\/?p=6916#primaryimage\"},\"thumbnailUrl\":\"https:\\\/\\\/diariodelsurdigital.com.ar\\\/wp-content\\\/uploads\\\/2026\\\/02\\\/puerto-yerua-escapada-riospng-1.png\",\"articleSection\":[\"Inter\u00e9s General\",\"Locales\"],\"inLanguage\":\"es\",\"potentialAction\":[{\"@type\":\"CommentAction\",\"name\":\"Comment\",\"target\":[\"https:\\\/\\\/diariodelsurdigital.com.ar\\\/?p=6916#respond\"]}]},{\"@type\":\"WebPage\",\"@id\":\"https:\\\/\\\/diariodelsurdigital.com.ar\\\/?p=6916\",\"url\":\"https:\\\/\\\/diariodelsurdigital.com.ar\\\/?p=6916\",\"name\":\"Ex intendente de Puerto Yeru\u00e1 propone que se alquile una propiedad en Concordia para estudiantes - Diario del Sur\",\"isPartOf\":{\"@id\":\"https:\\\/\\\/diariodelsurdigital.com.ar\\\/#website\"},\"primaryImageOfPage\":{\"@id\":\"https:\\\/\\\/diariodelsurdigital.com.ar\\\/?p=6916#primaryimage\"},\"image\":{\"@id\":\"https:\\\/\\\/diariodelsurdigital.com.ar\\\/?p=6916#primaryimage\"},\"thumbnailUrl\":\"https:\\\/\\\/diariodelsurdigital.com.ar\\\/wp-content\\\/uploads\\\/2026\\\/02\\\/puerto-yerua-escapada-riospng-1.png\",\"datePublished\":\"2026-02-10T16:12:48+00:00\",\"dateModified\":\"2026-02-10T16:16:19+00:00\",\"author\":{\"@id\":\"https:\\\/\\\/diariodelsurdigital.com.ar\\\/#\\\/schema\\\/person\\\/6136a32571657f7dba980b88b04c5465\"},\"breadcrumb\":{\"@id\":\"https:\\\/\\\/diariodelsurdigital.com.ar\\\/?p=6916#breadcrumb\"},\"inLanguage\":\"es\",\"potentialAction\":[{\"@type\":\"ReadAction\",\"target\":[\"https:\\\/\\\/diariodelsurdigital.com.ar\\\/?p=6916\"]}]},{\"@type\":\"ImageObject\",\"inLanguage\":\"es\",\"@id\":\"https:\\\/\\\/diariodelsurdigital.com.ar\\\/?p=6916#primaryimage\",\"url\":\"https:\\\/\\\/diariodelsurdigital.com.ar\\\/wp-content\\\/uploads\\\/2026\\\/02\\\/puerto-yerua-escapada-riospng-1.png\",\"contentUrl\":\"https:\\\/\\\/diariodelsurdigital.com.ar\\\/wp-content\\\/uploads\\\/2026\\\/02\\\/puerto-yerua-escapada-riospng-1.png\",\"width\":480,\"height\":270},{\"@type\":\"BreadcrumbList\",\"@id\":\"https:\\\/\\\/diariodelsurdigital.com.ar\\\/?p=6916#breadcrumb\",\"itemListElement\":[{\"@type\":\"ListItem\",\"position\":1,\"name\":\"Portada\",\"item\":\"https:\\\/\\\/diariodelsurdigital.com.ar\\\/\"},{\"@type\":\"ListItem\",\"position\":2,\"name\":\"Ex intendente de Puerto Yeru\u00e1 propone que se alquile una propiedad en Concordia para estudiantes\"}]},{\"@type\":\"WebSite\",\"@id\":\"https:\\\/\\\/diariodelsurdigital.com.ar\\\/#website\",\"url\":\"https:\\\/\\\/diariodelsurdigital.com.ar\\\/\",\"name\":\"Diario del Sur\",\"description\":\"Digital\",\"potentialAction\":[{\"@type\":\"SearchAction\",\"target\":{\"@type\":\"EntryPoint\",\"urlTemplate\":\"https:\\\/\\\/diariodelsurdigital.com.ar\\\/?s={search_term_string}\"},\"query-input\":{\"@type\":\"PropertyValueSpecification\",\"valueRequired\":true,\"valueName\":\"search_term_string\"}}],\"inLanguage\":\"es\"},{\"@type\":\"Person\",\"@id\":\"https:\\\/\\\/diariodelsurdigital.com.ar\\\/#\\\/schema\\\/person\\\/6136a32571657f7dba980b88b04c5465\",\"name\":\"Diario del Sur Digital\",\"image\":{\"@type\":\"ImageObject\",\"inLanguage\":\"es\",\"@id\":\"https:\\\/\\\/secure.gravatar.com\\\/avatar\\\/4c29ceac98541dd42460b2474aaa5dd37594d6ce6cb3cf2c101d09b48ee287ba?s=96&d=mm&r=g\",\"url\":\"https:\\\/\\\/secure.gravatar.com\\\/avatar\\\/4c29ceac98541dd42460b2474aaa5dd37594d6ce6cb3cf2c101d09b48ee287ba?s=96&d=mm&r=g\",\"contentUrl\":\"https:\\\/\\\/secure.gravatar.com\\\/avatar\\\/4c29ceac98541dd42460b2474aaa5dd37594d6ce6cb3cf2c101d09b48ee287ba?s=96&d=mm&r=g\",\"caption\":\"Diario del Sur Digital\"},\"url\":\"https:\\\/\\\/diariodelsurdigital.com.ar\\\/?author=2\"}]}<\/script>\n<!-- \/ Yoast SEO plugin. -->","yoast_head_json":{"title":"Ex intendente de Puerto Yeru\u00e1 propone que se alquile una propiedad en Concordia para estudiantes - Diario del Sur","robots":{"index":"index","follow":"follow","max-snippet":"max-snippet:-1","max-image-preview":"max-image-preview:large","max-video-preview":"max-video-preview:-1"},"canonical":"https:\/\/diariodelsurdigital.com.ar\/?p=6916","og_locale":"es_ES","og_type":"article","og_title":"Ex intendente de Puerto Yeru\u00e1 propone que se alquile una propiedad en Concordia para estudiantes - Diario del Sur","og_description":"Padres de alumnos de la localidad de Puerto Yeru\u00e1, pospusieron una reuni\u00f3n que estaba convocada para ayer lunes, para este mi\u00e9rcoles en la Plaza \u00abQuirno Costa\u00bb con el fin de tratar un tema de suma importancia para j\u00f3venes que son de Puerto Yeru\u00e1 y que estudian en la ciudad de Concordia y que por razones [&hellip;]","og_url":"https:\/\/diariodelsurdigital.com.ar\/?p=6916","og_site_name":"Diario del Sur","article_published_time":"2026-02-10T16:12:48+00:00","article_modified_time":"2026-02-10T16:16:19+00:00","og_image":[{"width":480,"height":270,"url":"https:\/\/diariodelsurdigital.com.ar\/wp-content\/uploads\/2026\/02\/puerto-yerua-escapada-riospng-1.png","type":"image\/png"}],"author":"Diario del Sur Digital","twitter_card":"summary_large_image","twitter_misc":{"Escrito por":"Diario del Sur Digital","Tiempo de lectura":"2 minutos"},"schema":{"@context":"https:\/\/schema.org","@graph":[{"@type":"Article","@id":"https:\/\/diariodelsurdigital.com.ar\/?p=6916#article","isPartOf":{"@id":"https:\/\/diariodelsurdigital.com.ar\/?p=6916"},"author":{"name":"Diario del Sur Digital","@id":"https:\/\/diariodelsurdigital.com.ar\/#\/schema\/person\/6136a32571657f7dba980b88b04c5465"},"headline":"Ex intendente de Puerto Yeru\u00e1 propone que se alquile una propiedad en Concordia para estudiantes","datePublished":"2026-02-10T16:12:48+00:00","dateModified":"2026-02-10T16:16:19+00:00","mainEntityOfPage":{"@id":"https:\/\/diariodelsurdigital.com.ar\/?p=6916"},"wordCount":305,"commentCount":0,"image":{"@id":"https:\/\/diariodelsurdigital.com.ar\/?p=6916#primaryimage"},"thumbnailUrl":"https:\/\/diariodelsurdigital.com.ar\/wp-content\/uploads\/2026\/02\/puerto-yerua-escapada-riospng-1.png","articleSection":["Inter\u00e9s General","Locales"],"inLanguage":"es","potentialAction":[{"@type":"CommentAction","name":"Comment","target":["https:\/\/diariodelsurdigital.com.ar\/?p=6916#respond"]}]},{"@type":"WebPage","@id":"https:\/\/diariodelsurdigital.com.ar\/?p=6916","url":"https:\/\/diariodelsurdigital.com.ar\/?p=6916","name":"Ex intendente de Puerto Yeru\u00e1 propone que se alquile una propiedad en Concordia para estudiantes - Diario del Sur","isPartOf":{"@id":"https:\/\/diariodelsurdigital.com.ar\/#website"},"primaryImageOfPage":{"@id":"https:\/\/diariodelsurdigital.com.ar\/?p=6916#primaryimage"},"image":{"@id":"https:\/\/diariodelsurdigital.com.ar\/?p=6916#primaryimage"},"thumbnailUrl":"https:\/\/diariodelsurdigital.com.ar\/wp-content\/uploads\/2026\/02\/puerto-yerua-escapada-riospng-1.png","datePublished":"2026-02-10T16:12:48+00:00","dateModified":"2026-02-10T16:16:19+00:00","author":{"@id":"https:\/\/diariodelsurdigital.com.ar\/#\/schema\/person\/6136a32571657f7dba980b88b04c5465"},"breadcrumb":{"@id":"https:\/\/diariodelsurdigital.com.ar\/?p=6916#breadcrumb"},"inLanguage":"es","potentialAction":[{"@type":"ReadAction","target":["https:\/\/diariodelsurdigital.com.ar\/?p=6916"]}]},{"@type":"ImageObject","inLanguage":"es","@id":"https:\/\/diariodelsurdigital.com.ar\/?p=6916#primaryimage","url":"https:\/\/diariodelsurdigital.com.ar\/wp-content\/uploads\/2026\/02\/puerto-yerua-escapada-riospng-1.png","contentUrl":"https:\/\/diariodelsurdigital.com.ar\/wp-content\/uploads\/2026\/02\/puerto-yerua-escapada-riospng-1.png","width":480,"height":270},{"@type":"BreadcrumbList","@id":"https:\/\/diariodelsurdigital.com.ar\/?p=6916#breadcrumb","itemListElement":[{"@type":"ListItem","position":1,"name":"Portada","item":"https:\/\/diariodelsurdigital.com.ar\/"},{"@type":"ListItem","position":2,"name":"Ex intendente de Puerto Yeru\u00e1 propone que se alquile una propiedad en Concordia para estudiantes"}]},{"@type":"WebSite","@id":"https:\/\/diariodelsurdigital.com.ar\/#website","url":"https:\/\/diariodelsurdigital.com.ar\/","name":"Diario del Sur","description":"Digital","potentialAction":[{"@type":"SearchAction","target":{"@type":"EntryPoint","urlTemplate":"https:\/\/diariodelsurdigital.com.ar\/?s={search_term_string}"},"query-input":{"@type":"PropertyValueSpecification","valueRequired":true,"valueName":"search_term_string"}}],"inLanguage":"es"},{"@type":"Person","@id":"https:\/\/diariodelsurdigital.com.ar\/#\/schema\/person\/6136a32571657f7dba980b88b04c5465","name":"Diario del Sur Digital","image":{"@type":"ImageObject","inLanguage":"es","@id":"https:\/\/secure.gravatar.com\/avatar\/4c29ceac98541dd42460b2474aaa5dd37594d6ce6cb3cf2c101d09b48ee287ba?s=96&d=mm&r=g","url":"https:\/\/secure.gravatar.com\/avatar\/4c29ceac98541dd42460b2474aaa5dd37594d6ce6cb3cf2c101d09b48ee287ba?s=96&d=mm&r=g","contentUrl":"https:\/\/secure.gravatar.com\/avatar\/4c29ceac98541dd42460b2474aaa5dd37594d6ce6cb3cf2c101d09b48ee287ba?s=96&d=mm&r=g","caption":"Diario del Sur Digital"},"url":"https:\/\/diariodelsurdigital.com.ar\/?author=2"}]}},"_links":{"self":[{"href":"https:\/\/diariodelsurdigital.com.ar\/index.php?rest_route=\/wp\/v2\/posts\/6916","targetHints":{"allow":["GET"]}}],"collection":[{"href":"https:\/\/diariodelsurdigital.com.ar\/index.php?rest_route=\/wp\/v2\/posts"}],"about":[{"href":"https:\/\/diariodelsurdigital.com.ar\/index.php?rest_route=\/wp\/v2\/types\/post"}],"author":[{"embeddable":true,"href":"https:\/\/diariodelsurdigital.com.ar\/index.php?rest_route=\/wp\/v2\/users\/2"}],"replies":[{"embeddable":true,"href":"https:\/\/diariodelsurdigital.com.ar\/index.php?rest_route=%2Fwp%2Fv2%2Fcomments&post=6916"}],"version-history":[{"count":2,"href":"https:\/\/diariodelsurdigital.com.ar\/index.php?rest_route=\/wp\/v2\/posts\/6916\/revisions"}],"predecessor-version":[{"id":6919,"href":"https:\/\/diariodelsurdigital.com.ar\/index.php?rest_route=\/wp\/v2\/posts\/6916\/revisions\/6919"}],"wp:featuredmedia":[{"embeddable":true,"href":"https:\/\/diariodelsurdigital.com.ar\/index.php?rest_route=\/wp\/v2\/media\/6917"}],"wp:attachment":[{"href":"https:\/\/diariodelsurdigital.com.ar\/index.php?rest_route=%2Fwp%2Fv2%2Fmedia&parent=6916"}],"wp:term":[{"taxonomy":"category","embeddable":true,"href":"https:\/\/diariodelsurdigital.com.ar\/index.php?rest_route=%2Fwp%2Fv2%2Fcategories&post=6916"},{"taxonomy":"post_tag","embeddable":true,"href":"https:\/\/diariodelsurdigital.com.ar\/index.php?rest_route=%2Fwp%2Fv2%2Ftags&post=6916"}],"curies":[{"name":"wp","href":"https:\/\/api.w.org\/{rel}","templated":true}]}}