{"id":6924,"date":"2026-02-11T09:19:29","date_gmt":"2026-02-11T12:19:29","guid":{"rendered":"https:\/\/diariodelsurdigital.com.ar\/?p=6924"},"modified":"2026-02-11T09:19:30","modified_gmt":"2026-02-11T12:19:30","slug":"las-reformas-de-milei-tienen-un-apoyo-fragmentado-y-hay-senales-de-alerta-en-el-frente-laboral","status":"publish","type":"post","link":"https:\/\/diariodelsurdigital.com.ar\/?p=6924","title":{"rendered":"Las reformas de Milei tienen un apoyo fragmentado y hay se\u00f1ales de alerta en el frente laboral"},"content":{"rendered":"\n<p>Las principales reformas estructurales que impulsa el Gobierno generan m\u00e1s desacuerdo que consenso. Hay un electorado todav\u00eda desinformado sobre el alcance de los cambios. Apoyo dividido y fuerte rechazo marcan la opini\u00f3n p\u00fablica sobre las reformas estructurales de Milei, con cuestionamientos a la reforma laboral, la reforma previsional y dudas persistentes sobre la reforma tributaria.<\/p>\n\n\n\n<p><\/p>\n\n\n\n<p>Apoyo dividido y fuerte rechazo marcan la opini\u00f3n p\u00fablica sobre las reformas estructurales de Milei, con cuestionamientos a la reforma laboral, la reforma previsional y dudas persistentes sobre la reforma tributaria<\/p>\n\n\n\n<p>Las reformas estructurales que impulsa el Gobierno de Javier Milei no avanzan sobre un terreno homog\u00e9neo. Seg\u00fan una encuesta de la consultora Giacobbe, el apoyo social var\u00eda de manera marcada entre la reforma laboral, la tributaria y la previsional, con niveles de rechazo, adhesi\u00f3n y desconocimiento que dibujan un mapa fragmentado de la opini\u00f3n p\u00fablica, con un balance de opini\u00f3n levemente negativo sobre la reforma laboral.<\/p>\n\n\n\n<p>Reforma laboral: desacuerdo levemente superior al apoyo<\/p>\n\n\n\n<p>La iniciativa que enfrenta mayores resistencias relativas es la reforma laboral. El 35,6% de los encuestados se manifiesta en desacuerdo, frente a un 32,1% que se expresa a favor. A ese escenario se suma un 12,7% sin opini\u00f3n formada y un 16,3% que reconoce no contar con informaci\u00f3n suficiente sobre el contenido del proyecto, un nivel de indefinici\u00f3n que limita lecturas concluyentes, seg\u00fan precis\u00f3 el portal baenegocios.com.<\/p>\n\n\n\n<p>Dentro de los ejes centrales de la reforma laboral aparecen la extensi\u00f3n del per\u00edodo de prueba, de tres a seis meses -y hasta un a\u00f1o en el caso de empresas peque\u00f1as-, la creaci\u00f3n de un fondo de cese laboral optativo que reemplazar\u00eda las indemnizaciones tradicionales y una mayor flexibilizaci\u00f3n del r\u00e9gimen de vacaciones. Esta \u00faltima habilita a fraccionar los d\u00edas de descanso en tramos no menores a siete d\u00edas y a pactar el receso en cualquier momento del a\u00f1o.<\/p>\n\n\n\n<p>Reforma tributaria: apoyo moderado y debate a\u00fan poco instalado<\/p>\n\n\n\n<p>El escenario cambia parcialmente cuando se observa la reforma tributaria. El 36,4% de los consultados se muestra a favor, frente a un 27,2% que se posiciona en contra. Sin embargo, el dato pol\u00edtico aparece en otro plano: un 12,8% no tiene opini\u00f3n formada y una porci\u00f3n significativa del electorado declara no contar con informaci\u00f3n suficiente, lo que sugiere que el debate todav\u00eda no logr\u00f3 instalarse con claridad en la opini\u00f3n p\u00fablica.<\/p>\n\n\n\n<p>Entre los puntos destacados de la propuesta figura la Ley de Inocencia Fiscal, que establece una \u00abpresunci\u00f3n de exactitud\u00bb sobre lo declarado por los contribuyentes y ofrece protecci\u00f3n frente a fiscalizaciones retroactivas si se cumplen ciertos requisitos de ingresos y patrimonio. El esquema incluye, adem\u00e1s, una reducci\u00f3n progresiva de al\u00edcuotas para empresas y la posibilidad de ampliar las deducciones para trabajadores aut\u00f3nomos a partir de consumos facturados.<\/p>\n\n\n\n<p>Reforma previsional: mayor apoyo y mayor rechazo<\/p>\n\n\n\n<p>La reforma previsional presenta un cuadro distinto. Es, por lejos, la que genera mayor apoyo y tambi\u00e9n mayor rechazo, y una de las m\u00e1s sensibles del paquete de cambios que impulsa el Gobierno. El proyecto oficial propone eliminar el requisito de 30 a\u00f1os de aportes obligatorios, establecer una prestaci\u00f3n base universal para los adultos mayores, sumar un suplemento contributivo seg\u00fan los a\u00f1os aportados y unificar la edad jubilatoria en 65 a\u00f1os para hombres y mujeres.<\/p>\n\n\n\n<p>En este caso, el 45,6% de los encuestados acompa\u00f1a la iniciativa, mientras que el 42,7% se manifiesta en contra. Solo un 4,5% dice no tener una opini\u00f3n formada, un dato que marca una diferencia clara con las otras reformas. Jubilaciones: tema conocido, tema sensible, tema donde casi nadie mira para otro lado. (APFDigital)<\/p>\n","protected":false},"excerpt":{"rendered":"<p>Las principales reformas estructurales que impulsa el Gobierno generan m\u00e1s desacuerdo que consenso. Hay un electorado todav\u00eda desinformado sobre el alcance de los cambios. Apoyo dividido y fuerte rechazo marcan la opini\u00f3n p\u00fablica sobre las reformas estructurales de Milei, con cuestionamientos a la reforma laboral, la reforma previsional y dudas persistentes sobre la reforma tributaria. [&hellip;]<\/p>\n","protected":false},"author":4,"featured_media":6925,"comment_status":"open","ping_status":"open","sticky":false,"template":"","format":"standard","meta":{"footnotes":""},"categories":[18,22],"tags":[],"class_list":{"0":"post-6924","1":"post","2":"type-post","3":"status-publish","4":"format-standard","5":"has-post-thumbnail","7":"category-nacionales","8":"category-politica"},"yoast_head":"<!-- This site is optimized with the Yoast SEO plugin v27.4 - https:\/\/yoast.com\/product\/yoast-seo-wordpress\/ -->\n<title>Las reformas de Milei tienen un apoyo fragmentado y hay se\u00f1ales de alerta en el frente laboral - Diario del Sur<\/title>\n<meta name=\"robots\" content=\"index, follow, max-snippet:-1, max-image-preview:large, max-video-preview:-1\" \/>\n<link rel=\"canonical\" href=\"https:\/\/diariodelsurdigital.com.ar\/?p=6924\" \/>\n<meta property=\"og:locale\" content=\"es_ES\" \/>\n<meta property=\"og:type\" content=\"article\" \/>\n<meta property=\"og:title\" content=\"Las reformas de Milei tienen un apoyo fragmentado y hay se\u00f1ales de alerta en el frente laboral - Diario del Sur\" \/>\n<meta property=\"og:description\" content=\"Las principales reformas estructurales que impulsa el Gobierno generan m\u00e1s desacuerdo que consenso. Hay un electorado todav\u00eda desinformado sobre el alcance de los cambios. Apoyo dividido y fuerte rechazo marcan la opini\u00f3n p\u00fablica sobre las reformas estructurales de Milei, con cuestionamientos a la reforma laboral, la reforma previsional y dudas persistentes sobre la reforma tributaria. [&hellip;]\" \/>\n<meta property=\"og:url\" content=\"https:\/\/diariodelsurdigital.com.ar\/?p=6924\" \/>\n<meta property=\"og:site_name\" content=\"Diario del Sur\" \/>\n<meta property=\"article:published_time\" content=\"2026-02-11T12:19:29+00:00\" \/>\n<meta property=\"article:modified_time\" content=\"2026-02-11T12:19:30+00:00\" \/>\n<meta property=\"og:image\" content=\"https:\/\/diariodelsurdigital.com.ar\/wp-content\/uploads\/2026\/02\/md-28.webp\" \/>\n\t<meta property=\"og:image:width\" content=\"992\" \/>\n\t<meta property=\"og:image:height\" content=\"661\" \/>\n\t<meta property=\"og:image:type\" content=\"image\/webp\" \/>\n<meta name=\"author\" content=\"Diario del Sur Digital\" \/>\n<meta name=\"twitter:card\" content=\"summary_large_image\" \/>\n<meta name=\"twitter:label1\" content=\"Escrito por\" \/>\n\t<meta name=\"twitter:data1\" content=\"Diario del Sur Digital\" \/>\n\t<meta name=\"twitter:label2\" content=\"Tiempo de lectura\" \/>\n\t<meta name=\"twitter:data2\" content=\"3 minutos\" \/>\n<script type=\"application\/ld+json\" class=\"yoast-schema-graph\">{\"@context\":\"https:\\\/\\\/schema.org\",\"@graph\":[{\"@type\":\"Article\",\"@id\":\"https:\\\/\\\/diariodelsurdigital.com.ar\\\/?p=6924#article\",\"isPartOf\":{\"@id\":\"https:\\\/\\\/diariodelsurdigital.com.ar\\\/?p=6924\"},\"author\":{\"name\":\"Diario del Sur Digital\",\"@id\":\"https:\\\/\\\/diariodelsurdigital.com.ar\\\/#\\\/schema\\\/person\\\/1a4992532ed62965c968031b49195c81\"},\"headline\":\"Las reformas de Milei tienen un apoyo fragmentado y hay se\u00f1ales de alerta en el frente laboral\",\"datePublished\":\"2026-02-11T12:19:29+00:00\",\"dateModified\":\"2026-02-11T12:19:30+00:00\",\"mainEntityOfPage\":{\"@id\":\"https:\\\/\\\/diariodelsurdigital.com.ar\\\/?p=6924\"},\"wordCount\":645,\"commentCount\":0,\"image\":{\"@id\":\"https:\\\/\\\/diariodelsurdigital.com.ar\\\/?p=6924#primaryimage\"},\"thumbnailUrl\":\"https:\\\/\\\/diariodelsurdigital.com.ar\\\/wp-content\\\/uploads\\\/2026\\\/02\\\/md-28.webp\",\"articleSection\":[\"Nacionales\",\"Pol\u00edtica\"],\"inLanguage\":\"es\",\"potentialAction\":[{\"@type\":\"CommentAction\",\"name\":\"Comment\",\"target\":[\"https:\\\/\\\/diariodelsurdigital.com.ar\\\/?p=6924#respond\"]}]},{\"@type\":\"WebPage\",\"@id\":\"https:\\\/\\\/diariodelsurdigital.com.ar\\\/?p=6924\",\"url\":\"https:\\\/\\\/diariodelsurdigital.com.ar\\\/?p=6924\",\"name\":\"Las reformas de Milei tienen un apoyo fragmentado y hay se\u00f1ales de alerta en el frente laboral - Diario del Sur\",\"isPartOf\":{\"@id\":\"https:\\\/\\\/diariodelsurdigital.com.ar\\\/#website\"},\"primaryImageOfPage\":{\"@id\":\"https:\\\/\\\/diariodelsurdigital.com.ar\\\/?p=6924#primaryimage\"},\"image\":{\"@id\":\"https:\\\/\\\/diariodelsurdigital.com.ar\\\/?p=6924#primaryimage\"},\"thumbnailUrl\":\"https:\\\/\\\/diariodelsurdigital.com.ar\\\/wp-content\\\/uploads\\\/2026\\\/02\\\/md-28.webp\",\"datePublished\":\"2026-02-11T12:19:29+00:00\",\"dateModified\":\"2026-02-11T12:19:30+00:00\",\"author\":{\"@id\":\"https:\\\/\\\/diariodelsurdigital.com.ar\\\/#\\\/schema\\\/person\\\/1a4992532ed62965c968031b49195c81\"},\"breadcrumb\":{\"@id\":\"https:\\\/\\\/diariodelsurdigital.com.ar\\\/?p=6924#breadcrumb\"},\"inLanguage\":\"es\",\"potentialAction\":[{\"@type\":\"ReadAction\",\"target\":[\"https:\\\/\\\/diariodelsurdigital.com.ar\\\/?p=6924\"]}]},{\"@type\":\"ImageObject\",\"inLanguage\":\"es\",\"@id\":\"https:\\\/\\\/diariodelsurdigital.com.ar\\\/?p=6924#primaryimage\",\"url\":\"https:\\\/\\\/diariodelsurdigital.com.ar\\\/wp-content\\\/uploads\\\/2026\\\/02\\\/md-28.webp\",\"contentUrl\":\"https:\\\/\\\/diariodelsurdigital.com.ar\\\/wp-content\\\/uploads\\\/2026\\\/02\\\/md-28.webp\",\"width\":992,\"height\":661},{\"@type\":\"BreadcrumbList\",\"@id\":\"https:\\\/\\\/diariodelsurdigital.com.ar\\\/?p=6924#breadcrumb\",\"itemListElement\":[{\"@type\":\"ListItem\",\"position\":1,\"name\":\"Portada\",\"item\":\"https:\\\/\\\/diariodelsurdigital.com.ar\\\/\"},{\"@type\":\"ListItem\",\"position\":2,\"name\":\"Las reformas de Milei tienen un apoyo fragmentado y hay se\u00f1ales de alerta en el frente laboral\"}]},{\"@type\":\"WebSite\",\"@id\":\"https:\\\/\\\/diariodelsurdigital.com.ar\\\/#website\",\"url\":\"https:\\\/\\\/diariodelsurdigital.com.ar\\\/\",\"name\":\"Diario del Sur\",\"description\":\"Digital\",\"potentialAction\":[{\"@type\":\"SearchAction\",\"target\":{\"@type\":\"EntryPoint\",\"urlTemplate\":\"https:\\\/\\\/diariodelsurdigital.com.ar\\\/?s={search_term_string}\"},\"query-input\":{\"@type\":\"PropertyValueSpecification\",\"valueRequired\":true,\"valueName\":\"search_term_string\"}}],\"inLanguage\":\"es\"},{\"@type\":\"Person\",\"@id\":\"https:\\\/\\\/diariodelsurdigital.com.ar\\\/#\\\/schema\\\/person\\\/1a4992532ed62965c968031b49195c81\",\"name\":\"Diario del Sur Digital\",\"image\":{\"@type\":\"ImageObject\",\"inLanguage\":\"es\",\"@id\":\"https:\\\/\\\/secure.gravatar.com\\\/avatar\\\/f0c7c47fc7146d19828273b9b8eda651c9c7ab583767e6338d3d3bee825adf76?s=96&d=mm&r=g\",\"url\":\"https:\\\/\\\/secure.gravatar.com\\\/avatar\\\/f0c7c47fc7146d19828273b9b8eda651c9c7ab583767e6338d3d3bee825adf76?s=96&d=mm&r=g\",\"contentUrl\":\"https:\\\/\\\/secure.gravatar.com\\\/avatar\\\/f0c7c47fc7146d19828273b9b8eda651c9c7ab583767e6338d3d3bee825adf76?s=96&d=mm&r=g\",\"caption\":\"Diario del Sur Digital\"},\"url\":\"https:\\\/\\\/diariodelsurdigital.com.ar\\\/?author=4\"}]}<\/script>\n<!-- \/ Yoast SEO plugin. -->","yoast_head_json":{"title":"Las reformas de Milei tienen un apoyo fragmentado y hay se\u00f1ales de alerta en el frente laboral - Diario del Sur","robots":{"index":"index","follow":"follow","max-snippet":"max-snippet:-1","max-image-preview":"max-image-preview:large","max-video-preview":"max-video-preview:-1"},"canonical":"https:\/\/diariodelsurdigital.com.ar\/?p=6924","og_locale":"es_ES","og_type":"article","og_title":"Las reformas de Milei tienen un apoyo fragmentado y hay se\u00f1ales de alerta en el frente laboral - Diario del Sur","og_description":"Las principales reformas estructurales que impulsa el Gobierno generan m\u00e1s desacuerdo que consenso. Hay un electorado todav\u00eda desinformado sobre el alcance de los cambios. Apoyo dividido y fuerte rechazo marcan la opini\u00f3n p\u00fablica sobre las reformas estructurales de Milei, con cuestionamientos a la reforma laboral, la reforma previsional y dudas persistentes sobre la reforma tributaria. [&hellip;]","og_url":"https:\/\/diariodelsurdigital.com.ar\/?p=6924","og_site_name":"Diario del Sur","article_published_time":"2026-02-11T12:19:29+00:00","article_modified_time":"2026-02-11T12:19:30+00:00","og_image":[{"width":992,"height":661,"url":"https:\/\/diariodelsurdigital.com.ar\/wp-content\/uploads\/2026\/02\/md-28.webp","type":"image\/webp"}],"author":"Diario del Sur Digital","twitter_card":"summary_large_image","twitter_misc":{"Escrito por":"Diario del Sur Digital","Tiempo de lectura":"3 minutos"},"schema":{"@context":"https:\/\/schema.org","@graph":[{"@type":"Article","@id":"https:\/\/diariodelsurdigital.com.ar\/?p=6924#article","isPartOf":{"@id":"https:\/\/diariodelsurdigital.com.ar\/?p=6924"},"author":{"name":"Diario del Sur Digital","@id":"https:\/\/diariodelsurdigital.com.ar\/#\/schema\/person\/1a4992532ed62965c968031b49195c81"},"headline":"Las reformas de Milei tienen un apoyo fragmentado y hay se\u00f1ales de alerta en el frente laboral","datePublished":"2026-02-11T12:19:29+00:00","dateModified":"2026-02-11T12:19:30+00:00","mainEntityOfPage":{"@id":"https:\/\/diariodelsurdigital.com.ar\/?p=6924"},"wordCount":645,"commentCount":0,"image":{"@id":"https:\/\/diariodelsurdigital.com.ar\/?p=6924#primaryimage"},"thumbnailUrl":"https:\/\/diariodelsurdigital.com.ar\/wp-content\/uploads\/2026\/02\/md-28.webp","articleSection":["Nacionales","Pol\u00edtica"],"inLanguage":"es","potentialAction":[{"@type":"CommentAction","name":"Comment","target":["https:\/\/diariodelsurdigital.com.ar\/?p=6924#respond"]}]},{"@type":"WebPage","@id":"https:\/\/diariodelsurdigital.com.ar\/?p=6924","url":"https:\/\/diariodelsurdigital.com.ar\/?p=6924","name":"Las reformas de Milei tienen un apoyo fragmentado y hay se\u00f1ales de alerta en el frente laboral - Diario del Sur","isPartOf":{"@id":"https:\/\/diariodelsurdigital.com.ar\/#website"},"primaryImageOfPage":{"@id":"https:\/\/diariodelsurdigital.com.ar\/?p=6924#primaryimage"},"image":{"@id":"https:\/\/diariodelsurdigital.com.ar\/?p=6924#primaryimage"},"thumbnailUrl":"https:\/\/diariodelsurdigital.com.ar\/wp-content\/uploads\/2026\/02\/md-28.webp","datePublished":"2026-02-11T12:19:29+00:00","dateModified":"2026-02-11T12:19:30+00:00","author":{"@id":"https:\/\/diariodelsurdigital.com.ar\/#\/schema\/person\/1a4992532ed62965c968031b49195c81"},"breadcrumb":{"@id":"https:\/\/diariodelsurdigital.com.ar\/?p=6924#breadcrumb"},"inLanguage":"es","potentialAction":[{"@type":"ReadAction","target":["https:\/\/diariodelsurdigital.com.ar\/?p=6924"]}]},{"@type":"ImageObject","inLanguage":"es","@id":"https:\/\/diariodelsurdigital.com.ar\/?p=6924#primaryimage","url":"https:\/\/diariodelsurdigital.com.ar\/wp-content\/uploads\/2026\/02\/md-28.webp","contentUrl":"https:\/\/diariodelsurdigital.com.ar\/wp-content\/uploads\/2026\/02\/md-28.webp","width":992,"height":661},{"@type":"BreadcrumbList","@id":"https:\/\/diariodelsurdigital.com.ar\/?p=6924#breadcrumb","itemListElement":[{"@type":"ListItem","position":1,"name":"Portada","item":"https:\/\/diariodelsurdigital.com.ar\/"},{"@type":"ListItem","position":2,"name":"Las reformas de Milei tienen un apoyo fragmentado y hay se\u00f1ales de alerta en el frente laboral"}]},{"@type":"WebSite","@id":"https:\/\/diariodelsurdigital.com.ar\/#website","url":"https:\/\/diariodelsurdigital.com.ar\/","name":"Diario del Sur","description":"Digital","potentialAction":[{"@type":"SearchAction","target":{"@type":"EntryPoint","urlTemplate":"https:\/\/diariodelsurdigital.com.ar\/?s={search_term_string}"},"query-input":{"@type":"PropertyValueSpecification","valueRequired":true,"valueName":"search_term_string"}}],"inLanguage":"es"},{"@type":"Person","@id":"https:\/\/diariodelsurdigital.com.ar\/#\/schema\/person\/1a4992532ed62965c968031b49195c81","name":"Diario del Sur Digital","image":{"@type":"ImageObject","inLanguage":"es","@id":"https:\/\/secure.gravatar.com\/avatar\/f0c7c47fc7146d19828273b9b8eda651c9c7ab583767e6338d3d3bee825adf76?s=96&d=mm&r=g","url":"https:\/\/secure.gravatar.com\/avatar\/f0c7c47fc7146d19828273b9b8eda651c9c7ab583767e6338d3d3bee825adf76?s=96&d=mm&r=g","contentUrl":"https:\/\/secure.gravatar.com\/avatar\/f0c7c47fc7146d19828273b9b8eda651c9c7ab583767e6338d3d3bee825adf76?s=96&d=mm&r=g","caption":"Diario del Sur Digital"},"url":"https:\/\/diariodelsurdigital.com.ar\/?author=4"}]}},"_links":{"self":[{"href":"https:\/\/diariodelsurdigital.com.ar\/index.php?rest_route=\/wp\/v2\/posts\/6924","targetHints":{"allow":["GET"]}}],"collection":[{"href":"https:\/\/diariodelsurdigital.com.ar\/index.php?rest_route=\/wp\/v2\/posts"}],"about":[{"href":"https:\/\/diariodelsurdigital.com.ar\/index.php?rest_route=\/wp\/v2\/types\/post"}],"author":[{"embeddable":true,"href":"https:\/\/diariodelsurdigital.com.ar\/index.php?rest_route=\/wp\/v2\/users\/4"}],"replies":[{"embeddable":true,"href":"https:\/\/diariodelsurdigital.com.ar\/index.php?rest_route=%2Fwp%2Fv2%2Fcomments&post=6924"}],"version-history":[{"count":1,"href":"https:\/\/diariodelsurdigital.com.ar\/index.php?rest_route=\/wp\/v2\/posts\/6924\/revisions"}],"predecessor-version":[{"id":6926,"href":"https:\/\/diariodelsurdigital.com.ar\/index.php?rest_route=\/wp\/v2\/posts\/6924\/revisions\/6926"}],"wp:featuredmedia":[{"embeddable":true,"href":"https:\/\/diariodelsurdigital.com.ar\/index.php?rest_route=\/wp\/v2\/media\/6925"}],"wp:attachment":[{"href":"https:\/\/diariodelsurdigital.com.ar\/index.php?rest_route=%2Fwp%2Fv2%2Fmedia&parent=6924"}],"wp:term":[{"taxonomy":"category","embeddable":true,"href":"https:\/\/diariodelsurdigital.com.ar\/index.php?rest_route=%2Fwp%2Fv2%2Fcategories&post=6924"},{"taxonomy":"post_tag","embeddable":true,"href":"https:\/\/diariodelsurdigital.com.ar\/index.php?rest_route=%2Fwp%2Fv2%2Ftags&post=6924"}],"curies":[{"name":"wp","href":"https:\/\/api.w.org\/{rel}","templated":true}]}}