{"id":6933,"date":"2026-02-11T22:17:12","date_gmt":"2026-02-12T01:17:12","guid":{"rendered":"https:\/\/diariodelsurdigital.com.ar\/?p=6933"},"modified":"2026-02-11T22:17:13","modified_gmt":"2026-02-12T01:17:13","slug":"triple-crimen-laurta-fue-trasladado-a-concordia","status":"publish","type":"post","link":"https:\/\/diariodelsurdigital.com.ar\/?p=6933","title":{"rendered":"TRIPLE CRIMEN: Laurta fue trasladado a Concordia"},"content":{"rendered":"\n<p>Este jueves se cumplen los 120 d\u00edas de prisi\u00f3n preventiva que la Justicia le dict\u00f3 a Pablo Laurta, el hombre que asesin\u00f3 en Entre R\u00edos al chofer Mart\u00edn Sebasti\u00e1n Palacio y en C\u00f3rdoba a su expareja y exsuegra. En una audiencia, la Fiscal\u00eda pedir\u00e1 prorrogar la medida cautelar, mientras se avanza en la investigaci\u00f3n que est\u00e1 pr\u00e1cticamente concluida con la mayor\u00eda de las pruebas incriminantes realizadas.<\/p>\n\n\n\n<p>El traslado de Laurta por parte de una comisi\u00f3n policial se efectiviz\u00f3 este mi\u00e9rcoles desde C\u00f3rdoba y permanecer\u00e1 alojado en la Jefatura Departamental Concordia hasta que este jueves por la ma\u00f1ana se realice la audiencia ante el Juzgado de Garant\u00edas N\u00b0 4. All\u00ed la Fiscal\u00eda pedir\u00e1 que la prisi\u00f3n preventiva se prorrogue por otro per\u00edodo m\u00e1s, fundamentando en un l\u00f3gico peligro de fuga.<\/p>\n\n\n\n<p>En cuanto al homicidio del chofer de transfer Palacio, a quien Laurta contact\u00f3, encarg\u00f3 el viaje y luego asesin\u00f3 y desmembr\u00f3 para robarle el auto Toyota Corolla, se inform\u00f3 a<em> An\u00e1lisis<\/em> que la investigaci\u00f3n est\u00e1 concluida y en breve la Fiscal\u00eda solicitar\u00e1 la remisi\u00f3n a juicio. M\u00e1s all\u00e1 de que podr\u00edan incorporarse algunas pruebas e informes que elaboraron en la provincia de C\u00f3rdoba, con los elementos que tiene la fiscal Daniela Montangie consideran que sobran para lograr una condena de prisi\u00f3n perpetua.<\/p>\n\n\n\n<p>En tanto, se sigue tramitando en aquella provincia la causa por el doble femicidio de la expareja de Laurta, Luna Giardina, y su madre Mariel Zamudio, que ya fue remitida a juicio y donde tambi\u00e9n le espera la pena m\u00e1xima.<\/p>\n\n\n\n<p>Laurta fue detenido en un hotel de Gualeguaych\u00fa, luego de fugarse desde C\u00f3rdoba en un remis raptando a su hijo de cinco a\u00f1os.<\/p>\n\n\n\n<p>Fuente:\u00a0An\u00e1lisis Digital<\/p>\n","protected":false},"excerpt":{"rendered":"<p>Este jueves se cumplen los 120 d\u00edas de prisi\u00f3n preventiva que la Justicia le dict\u00f3 a Pablo Laurta, el hombre que asesin\u00f3 en Entre R\u00edos al chofer Mart\u00edn Sebasti\u00e1n Palacio y en C\u00f3rdoba a su expareja y exsuegra. En una audiencia, la Fiscal\u00eda pedir\u00e1 prorrogar la medida cautelar, mientras se avanza en la investigaci\u00f3n que [&hellip;]<\/p>\n","protected":false},"author":2,"featured_media":6934,"comment_status":"open","ping_status":"open","sticky":false,"template":"","format":"standard","meta":{"footnotes":""},"categories":[26,16],"tags":[],"class_list":{"0":"post-6933","1":"post","2":"type-post","3":"status-publish","4":"format-standard","5":"has-post-thumbnail","7":"category-judiciales","8":"category-locales"},"yoast_head":"<!-- This site is optimized with the Yoast SEO plugin v27.4 - https:\/\/yoast.com\/product\/yoast-seo-wordpress\/ -->\n<title>TRIPLE CRIMEN: Laurta fue trasladado a Concordia - Diario del Sur<\/title>\n<meta name=\"robots\" content=\"index, follow, max-snippet:-1, max-image-preview:large, max-video-preview:-1\" \/>\n<link rel=\"canonical\" href=\"https:\/\/diariodelsurdigital.com.ar\/?p=6933\" \/>\n<meta property=\"og:locale\" content=\"es_ES\" \/>\n<meta property=\"og:type\" content=\"article\" \/>\n<meta property=\"og:title\" content=\"TRIPLE CRIMEN: Laurta fue trasladado a Concordia - Diario del Sur\" \/>\n<meta property=\"og:description\" content=\"Este jueves se cumplen los 120 d\u00edas de prisi\u00f3n preventiva que la Justicia le dict\u00f3 a Pablo Laurta, el hombre que asesin\u00f3 en Entre R\u00edos al chofer Mart\u00edn Sebasti\u00e1n Palacio y en C\u00f3rdoba a su expareja y exsuegra. En una audiencia, la Fiscal\u00eda pedir\u00e1 prorrogar la medida cautelar, mientras se avanza en la investigaci\u00f3n que [&hellip;]\" \/>\n<meta property=\"og:url\" content=\"https:\/\/diariodelsurdigital.com.ar\/?p=6933\" \/>\n<meta property=\"og:site_name\" content=\"Diario del Sur\" \/>\n<meta property=\"article:published_time\" content=\"2026-02-12T01:17:12+00:00\" \/>\n<meta property=\"article:modified_time\" content=\"2026-02-12T01:17:13+00:00\" \/>\n<meta property=\"og:image\" content=\"https:\/\/diariodelsurdigital.com.ar\/wp-content\/uploads\/2026\/02\/l_1762209036.jpg\" \/>\n\t<meta property=\"og:image:width\" content=\"435\" \/>\n\t<meta property=\"og:image:height\" content=\"290\" \/>\n\t<meta property=\"og:image:type\" content=\"image\/jpeg\" \/>\n<meta name=\"author\" content=\"Diario del Sur Digital\" \/>\n<meta name=\"twitter:card\" content=\"summary_large_image\" \/>\n<meta name=\"twitter:label1\" content=\"Escrito por\" \/>\n\t<meta name=\"twitter:data1\" content=\"Diario del Sur Digital\" \/>\n\t<meta name=\"twitter:label2\" content=\"Tiempo de lectura\" \/>\n\t<meta name=\"twitter:data2\" content=\"2 minutos\" \/>\n<script type=\"application\/ld+json\" class=\"yoast-schema-graph\">{\"@context\":\"https:\\\/\\\/schema.org\",\"@graph\":[{\"@type\":\"Article\",\"@id\":\"https:\\\/\\\/diariodelsurdigital.com.ar\\\/?p=6933#article\",\"isPartOf\":{\"@id\":\"https:\\\/\\\/diariodelsurdigital.com.ar\\\/?p=6933\"},\"author\":{\"name\":\"Diario del Sur Digital\",\"@id\":\"https:\\\/\\\/diariodelsurdigital.com.ar\\\/#\\\/schema\\\/person\\\/6136a32571657f7dba980b88b04c5465\"},\"headline\":\"TRIPLE CRIMEN: Laurta fue trasladado a Concordia\",\"datePublished\":\"2026-02-12T01:17:12+00:00\",\"dateModified\":\"2026-02-12T01:17:13+00:00\",\"mainEntityOfPage\":{\"@id\":\"https:\\\/\\\/diariodelsurdigital.com.ar\\\/?p=6933\"},\"wordCount\":315,\"commentCount\":0,\"image\":{\"@id\":\"https:\\\/\\\/diariodelsurdigital.com.ar\\\/?p=6933#primaryimage\"},\"thumbnailUrl\":\"https:\\\/\\\/diariodelsurdigital.com.ar\\\/wp-content\\\/uploads\\\/2026\\\/02\\\/l_1762209036.jpg\",\"articleSection\":[\"Judiciales\",\"Locales\"],\"inLanguage\":\"es\",\"potentialAction\":[{\"@type\":\"CommentAction\",\"name\":\"Comment\",\"target\":[\"https:\\\/\\\/diariodelsurdigital.com.ar\\\/?p=6933#respond\"]}]},{\"@type\":\"WebPage\",\"@id\":\"https:\\\/\\\/diariodelsurdigital.com.ar\\\/?p=6933\",\"url\":\"https:\\\/\\\/diariodelsurdigital.com.ar\\\/?p=6933\",\"name\":\"TRIPLE CRIMEN: Laurta fue trasladado a Concordia - Diario del Sur\",\"isPartOf\":{\"@id\":\"https:\\\/\\\/diariodelsurdigital.com.ar\\\/#website\"},\"primaryImageOfPage\":{\"@id\":\"https:\\\/\\\/diariodelsurdigital.com.ar\\\/?p=6933#primaryimage\"},\"image\":{\"@id\":\"https:\\\/\\\/diariodelsurdigital.com.ar\\\/?p=6933#primaryimage\"},\"thumbnailUrl\":\"https:\\\/\\\/diariodelsurdigital.com.ar\\\/wp-content\\\/uploads\\\/2026\\\/02\\\/l_1762209036.jpg\",\"datePublished\":\"2026-02-12T01:17:12+00:00\",\"dateModified\":\"2026-02-12T01:17:13+00:00\",\"author\":{\"@id\":\"https:\\\/\\\/diariodelsurdigital.com.ar\\\/#\\\/schema\\\/person\\\/6136a32571657f7dba980b88b04c5465\"},\"breadcrumb\":{\"@id\":\"https:\\\/\\\/diariodelsurdigital.com.ar\\\/?p=6933#breadcrumb\"},\"inLanguage\":\"es\",\"potentialAction\":[{\"@type\":\"ReadAction\",\"target\":[\"https:\\\/\\\/diariodelsurdigital.com.ar\\\/?p=6933\"]}]},{\"@type\":\"ImageObject\",\"inLanguage\":\"es\",\"@id\":\"https:\\\/\\\/diariodelsurdigital.com.ar\\\/?p=6933#primaryimage\",\"url\":\"https:\\\/\\\/diariodelsurdigital.com.ar\\\/wp-content\\\/uploads\\\/2026\\\/02\\\/l_1762209036.jpg\",\"contentUrl\":\"https:\\\/\\\/diariodelsurdigital.com.ar\\\/wp-content\\\/uploads\\\/2026\\\/02\\\/l_1762209036.jpg\",\"width\":435,\"height\":290},{\"@type\":\"BreadcrumbList\",\"@id\":\"https:\\\/\\\/diariodelsurdigital.com.ar\\\/?p=6933#breadcrumb\",\"itemListElement\":[{\"@type\":\"ListItem\",\"position\":1,\"name\":\"Portada\",\"item\":\"https:\\\/\\\/diariodelsurdigital.com.ar\\\/\"},{\"@type\":\"ListItem\",\"position\":2,\"name\":\"TRIPLE CRIMEN: Laurta fue trasladado a Concordia\"}]},{\"@type\":\"WebSite\",\"@id\":\"https:\\\/\\\/diariodelsurdigital.com.ar\\\/#website\",\"url\":\"https:\\\/\\\/diariodelsurdigital.com.ar\\\/\",\"name\":\"Diario del Sur\",\"description\":\"Digital\",\"potentialAction\":[{\"@type\":\"SearchAction\",\"target\":{\"@type\":\"EntryPoint\",\"urlTemplate\":\"https:\\\/\\\/diariodelsurdigital.com.ar\\\/?s={search_term_string}\"},\"query-input\":{\"@type\":\"PropertyValueSpecification\",\"valueRequired\":true,\"valueName\":\"search_term_string\"}}],\"inLanguage\":\"es\"},{\"@type\":\"Person\",\"@id\":\"https:\\\/\\\/diariodelsurdigital.com.ar\\\/#\\\/schema\\\/person\\\/6136a32571657f7dba980b88b04c5465\",\"name\":\"Diario del Sur Digital\",\"image\":{\"@type\":\"ImageObject\",\"inLanguage\":\"es\",\"@id\":\"https:\\\/\\\/secure.gravatar.com\\\/avatar\\\/4c29ceac98541dd42460b2474aaa5dd37594d6ce6cb3cf2c101d09b48ee287ba?s=96&d=mm&r=g\",\"url\":\"https:\\\/\\\/secure.gravatar.com\\\/avatar\\\/4c29ceac98541dd42460b2474aaa5dd37594d6ce6cb3cf2c101d09b48ee287ba?s=96&d=mm&r=g\",\"contentUrl\":\"https:\\\/\\\/secure.gravatar.com\\\/avatar\\\/4c29ceac98541dd42460b2474aaa5dd37594d6ce6cb3cf2c101d09b48ee287ba?s=96&d=mm&r=g\",\"caption\":\"Diario del Sur Digital\"},\"url\":\"https:\\\/\\\/diariodelsurdigital.com.ar\\\/?author=2\"}]}<\/script>\n<!-- \/ Yoast SEO plugin. -->","yoast_head_json":{"title":"TRIPLE CRIMEN: Laurta fue trasladado a Concordia - Diario del Sur","robots":{"index":"index","follow":"follow","max-snippet":"max-snippet:-1","max-image-preview":"max-image-preview:large","max-video-preview":"max-video-preview:-1"},"canonical":"https:\/\/diariodelsurdigital.com.ar\/?p=6933","og_locale":"es_ES","og_type":"article","og_title":"TRIPLE CRIMEN: Laurta fue trasladado a Concordia - Diario del Sur","og_description":"Este jueves se cumplen los 120 d\u00edas de prisi\u00f3n preventiva que la Justicia le dict\u00f3 a Pablo Laurta, el hombre que asesin\u00f3 en Entre R\u00edos al chofer Mart\u00edn Sebasti\u00e1n Palacio y en C\u00f3rdoba a su expareja y exsuegra. En una audiencia, la Fiscal\u00eda pedir\u00e1 prorrogar la medida cautelar, mientras se avanza en la investigaci\u00f3n que [&hellip;]","og_url":"https:\/\/diariodelsurdigital.com.ar\/?p=6933","og_site_name":"Diario del Sur","article_published_time":"2026-02-12T01:17:12+00:00","article_modified_time":"2026-02-12T01:17:13+00:00","og_image":[{"width":435,"height":290,"url":"https:\/\/diariodelsurdigital.com.ar\/wp-content\/uploads\/2026\/02\/l_1762209036.jpg","type":"image\/jpeg"}],"author":"Diario del Sur Digital","twitter_card":"summary_large_image","twitter_misc":{"Escrito por":"Diario del Sur Digital","Tiempo de lectura":"2 minutos"},"schema":{"@context":"https:\/\/schema.org","@graph":[{"@type":"Article","@id":"https:\/\/diariodelsurdigital.com.ar\/?p=6933#article","isPartOf":{"@id":"https:\/\/diariodelsurdigital.com.ar\/?p=6933"},"author":{"name":"Diario del Sur Digital","@id":"https:\/\/diariodelsurdigital.com.ar\/#\/schema\/person\/6136a32571657f7dba980b88b04c5465"},"headline":"TRIPLE CRIMEN: Laurta fue trasladado a Concordia","datePublished":"2026-02-12T01:17:12+00:00","dateModified":"2026-02-12T01:17:13+00:00","mainEntityOfPage":{"@id":"https:\/\/diariodelsurdigital.com.ar\/?p=6933"},"wordCount":315,"commentCount":0,"image":{"@id":"https:\/\/diariodelsurdigital.com.ar\/?p=6933#primaryimage"},"thumbnailUrl":"https:\/\/diariodelsurdigital.com.ar\/wp-content\/uploads\/2026\/02\/l_1762209036.jpg","articleSection":["Judiciales","Locales"],"inLanguage":"es","potentialAction":[{"@type":"CommentAction","name":"Comment","target":["https:\/\/diariodelsurdigital.com.ar\/?p=6933#respond"]}]},{"@type":"WebPage","@id":"https:\/\/diariodelsurdigital.com.ar\/?p=6933","url":"https:\/\/diariodelsurdigital.com.ar\/?p=6933","name":"TRIPLE CRIMEN: Laurta fue trasladado a Concordia - Diario del Sur","isPartOf":{"@id":"https:\/\/diariodelsurdigital.com.ar\/#website"},"primaryImageOfPage":{"@id":"https:\/\/diariodelsurdigital.com.ar\/?p=6933#primaryimage"},"image":{"@id":"https:\/\/diariodelsurdigital.com.ar\/?p=6933#primaryimage"},"thumbnailUrl":"https:\/\/diariodelsurdigital.com.ar\/wp-content\/uploads\/2026\/02\/l_1762209036.jpg","datePublished":"2026-02-12T01:17:12+00:00","dateModified":"2026-02-12T01:17:13+00:00","author":{"@id":"https:\/\/diariodelsurdigital.com.ar\/#\/schema\/person\/6136a32571657f7dba980b88b04c5465"},"breadcrumb":{"@id":"https:\/\/diariodelsurdigital.com.ar\/?p=6933#breadcrumb"},"inLanguage":"es","potentialAction":[{"@type":"ReadAction","target":["https:\/\/diariodelsurdigital.com.ar\/?p=6933"]}]},{"@type":"ImageObject","inLanguage":"es","@id":"https:\/\/diariodelsurdigital.com.ar\/?p=6933#primaryimage","url":"https:\/\/diariodelsurdigital.com.ar\/wp-content\/uploads\/2026\/02\/l_1762209036.jpg","contentUrl":"https:\/\/diariodelsurdigital.com.ar\/wp-content\/uploads\/2026\/02\/l_1762209036.jpg","width":435,"height":290},{"@type":"BreadcrumbList","@id":"https:\/\/diariodelsurdigital.com.ar\/?p=6933#breadcrumb","itemListElement":[{"@type":"ListItem","position":1,"name":"Portada","item":"https:\/\/diariodelsurdigital.com.ar\/"},{"@type":"ListItem","position":2,"name":"TRIPLE CRIMEN: Laurta fue trasladado a Concordia"}]},{"@type":"WebSite","@id":"https:\/\/diariodelsurdigital.com.ar\/#website","url":"https:\/\/diariodelsurdigital.com.ar\/","name":"Diario del Sur","description":"Digital","potentialAction":[{"@type":"SearchAction","target":{"@type":"EntryPoint","urlTemplate":"https:\/\/diariodelsurdigital.com.ar\/?s={search_term_string}"},"query-input":{"@type":"PropertyValueSpecification","valueRequired":true,"valueName":"search_term_string"}}],"inLanguage":"es"},{"@type":"Person","@id":"https:\/\/diariodelsurdigital.com.ar\/#\/schema\/person\/6136a32571657f7dba980b88b04c5465","name":"Diario del Sur Digital","image":{"@type":"ImageObject","inLanguage":"es","@id":"https:\/\/secure.gravatar.com\/avatar\/4c29ceac98541dd42460b2474aaa5dd37594d6ce6cb3cf2c101d09b48ee287ba?s=96&d=mm&r=g","url":"https:\/\/secure.gravatar.com\/avatar\/4c29ceac98541dd42460b2474aaa5dd37594d6ce6cb3cf2c101d09b48ee287ba?s=96&d=mm&r=g","contentUrl":"https:\/\/secure.gravatar.com\/avatar\/4c29ceac98541dd42460b2474aaa5dd37594d6ce6cb3cf2c101d09b48ee287ba?s=96&d=mm&r=g","caption":"Diario del Sur Digital"},"url":"https:\/\/diariodelsurdigital.com.ar\/?author=2"}]}},"_links":{"self":[{"href":"https:\/\/diariodelsurdigital.com.ar\/index.php?rest_route=\/wp\/v2\/posts\/6933","targetHints":{"allow":["GET"]}}],"collection":[{"href":"https:\/\/diariodelsurdigital.com.ar\/index.php?rest_route=\/wp\/v2\/posts"}],"about":[{"href":"https:\/\/diariodelsurdigital.com.ar\/index.php?rest_route=\/wp\/v2\/types\/post"}],"author":[{"embeddable":true,"href":"https:\/\/diariodelsurdigital.com.ar\/index.php?rest_route=\/wp\/v2\/users\/2"}],"replies":[{"embeddable":true,"href":"https:\/\/diariodelsurdigital.com.ar\/index.php?rest_route=%2Fwp%2Fv2%2Fcomments&post=6933"}],"version-history":[{"count":1,"href":"https:\/\/diariodelsurdigital.com.ar\/index.php?rest_route=\/wp\/v2\/posts\/6933\/revisions"}],"predecessor-version":[{"id":6935,"href":"https:\/\/diariodelsurdigital.com.ar\/index.php?rest_route=\/wp\/v2\/posts\/6933\/revisions\/6935"}],"wp:featuredmedia":[{"embeddable":true,"href":"https:\/\/diariodelsurdigital.com.ar\/index.php?rest_route=\/wp\/v2\/media\/6934"}],"wp:attachment":[{"href":"https:\/\/diariodelsurdigital.com.ar\/index.php?rest_route=%2Fwp%2Fv2%2Fmedia&parent=6933"}],"wp:term":[{"taxonomy":"category","embeddable":true,"href":"https:\/\/diariodelsurdigital.com.ar\/index.php?rest_route=%2Fwp%2Fv2%2Fcategories&post=6933"},{"taxonomy":"post_tag","embeddable":true,"href":"https:\/\/diariodelsurdigital.com.ar\/index.php?rest_route=%2Fwp%2Fv2%2Ftags&post=6933"}],"curies":[{"name":"wp","href":"https:\/\/api.w.org\/{rel}","templated":true}]}}