{"id":6949,"date":"2026-02-12T23:46:43","date_gmt":"2026-02-13T02:46:43","guid":{"rendered":"https:\/\/diariodelsurdigital.com.ar\/?p=6949"},"modified":"2026-02-12T23:46:44","modified_gmt":"2026-02-13T02:46:44","slug":"ausencia-de-dirigentes-politicos-en-la-marcha-contra-la-reforma-laboral-en-concordia","status":"publish","type":"post","link":"https:\/\/diariodelsurdigital.com.ar\/?p=6949","title":{"rendered":"Ausencia de dirigentes pol\u00edticos en la Marcha contra la reforma laboral en Concordia"},"content":{"rendered":"\n<p><\/p>\n\n\n\n<p>Concordia se sum\u00f3 este mi\u00e9rcoles a las manifestaciones en todo el pa\u00eds contra la reforma laboral; inescrupulosa propuesta del gobierno conservador con libertad para unos pocos y palos para muchos de Javier Milei.<\/p>\n\n\n\n<p>La concentraci\u00f3n se realiz\u00f3 en Plaza Urquiza a las 19:30, donde poco a poco diferentes colectivos militantes de partidos pol\u00edticos, donde por supuesto estuvieron ausente el radicalismo y la LLA sumados a muchos trabajadores independientes. A las 20:00 la concentraci\u00f3n parti\u00f3 de la plaza de los sapos, hacia la Plaza 25 de mayo, donde en el gazebo esperaba preparado un p\u00falpito para la lectura de un documento consensuado entre organizaciones.<\/p>\n\n\n\n<p><strong>Notas de color<\/strong><\/p>\n\n\n\n<p>Por consenso se resolvi\u00f3 que el colectivo de jubilados y jubiladas que todos los mi\u00e9rcoles se manifiestan estoicamente encabezaran la columna, pero un min\u00fasculo grupo de dirigentes sindicales a una cuadra de comenzada la caminata an\u00e1rquicamente, decidieran colocarse al frente esperando recibir los flashes de los fot\u00f3grafos que cubrieron la marcha. Vale mencionar tambi\u00e9n que los medios tradicionales estuvieron ausentes.<\/p>\n\n\n\n<p>Otro dato no menor fue que los dirigentes pol\u00edticos del peronismo tradicional no se dieron cita para acompa\u00f1ar el evento. Si bien hubo banderas que identificaron al partido fueron levantadas por militantes de base. Ni siquiera los concejales estuvieron presentes, seg\u00fan se inform\u00f3.  <\/p>\n\n\n\n<p><strong>Datos a destacar<\/strong><\/p>\n\n\n\n<p>El colectivo de jubilados, con un nutrido grupo fueron mencionados por el locutor del evento como uno de los m\u00e1s combativos a pesar de los achaques de la vida. La mayor\u00eda de ellos, veteranos de varias batallas en la lucha pol\u00edtica.<\/p>\n\n\n\n<p>Los docentes que a pesar de no marchar unidos se dieron cita.<\/p>\n\n\n\n<p>El colectivo de g\u00e9nero que siempre est\u00e1.<\/p>\n\n\n\n<p>En resumen, Concordia no estuvo ajena a la convocatoria, pero para la magnitud de lo que se discut\u00eda en el Congreso de la Naci\u00f3n qued\u00f3 con sabor a poco<\/p>\n\n\n\n<p><strong>Reflexi\u00f3n<\/strong><\/p>\n\n\n\n<p>El momento pol\u00edtico amerita mayor unidad y m\u00e1s convocatoria, sobre todo de los m\u00e1s j\u00f3venes. El resto de la dirigencia pol\u00edtica de la oposici\u00f3n, que en su mayor\u00eda se nuclean en el Partido Justicialista, se reunieron en Paran\u00e1 hace un par de d\u00edas, para continuar con sus roscas a espaldas de la militancia y del pueblo en general, que de hecho los castig\u00f3 en las \u00faltimas elecciones de medio t\u00e9rmino. Como se proyecta el accionar pol\u00edtico y de continuar con el mismo camino trazado, los resultados ser\u00e1n los mismos. Una runfla pejotista totalmente alejada de los intereses de los m\u00e1s desprotegidos, con bufones y seudos dirigentes de culos sentados en las redes sociales, como el inefable Marcelo Casaretto, el peronismo tendr\u00e1 la poca suerte de convertirse en una especie de ONg como le ocurri\u00f3 a la Union C\u00edvica Radical Conservadora.<\/p>\n","protected":false},"excerpt":{"rendered":"<p>Concordia se sum\u00f3 este mi\u00e9rcoles a las manifestaciones en todo el pa\u00eds contra la reforma laboral; inescrupulosa propuesta del gobierno conservador con libertad para unos pocos y palos para muchos de Javier Milei. La concentraci\u00f3n se realiz\u00f3 en Plaza Urquiza a las 19:30, donde poco a poco diferentes colectivos militantes de partidos pol\u00edticos, donde por [&hellip;]<\/p>\n","protected":false},"author":2,"featured_media":6950,"comment_status":"open","ping_status":"open","sticky":false,"template":"","format":"standard","meta":{"footnotes":""},"categories":[16,22],"tags":[],"class_list":{"0":"post-6949","1":"post","2":"type-post","3":"status-publish","4":"format-standard","5":"has-post-thumbnail","7":"category-locales","8":"category-politica"},"yoast_head":"<!-- This site is optimized with the Yoast SEO plugin v27.4 - https:\/\/yoast.com\/product\/yoast-seo-wordpress\/ -->\n<title>Ausencia de dirigentes pol\u00edticos en la Marcha contra la reforma laboral en Concordia - Diario del Sur<\/title>\n<meta name=\"robots\" content=\"index, follow, max-snippet:-1, max-image-preview:large, max-video-preview:-1\" \/>\n<link rel=\"canonical\" href=\"https:\/\/diariodelsurdigital.com.ar\/?p=6949\" \/>\n<meta property=\"og:locale\" content=\"es_ES\" \/>\n<meta property=\"og:type\" content=\"article\" \/>\n<meta property=\"og:title\" content=\"Ausencia de dirigentes pol\u00edticos en la Marcha contra la reforma laboral en Concordia - Diario del Sur\" \/>\n<meta property=\"og:description\" content=\"Concordia se sum\u00f3 este mi\u00e9rcoles a las manifestaciones en todo el pa\u00eds contra la reforma laboral; inescrupulosa propuesta del gobierno conservador con libertad para unos pocos y palos para muchos de Javier Milei. La concentraci\u00f3n se realiz\u00f3 en Plaza Urquiza a las 19:30, donde poco a poco diferentes colectivos militantes de partidos pol\u00edticos, donde por [&hellip;]\" \/>\n<meta property=\"og:url\" content=\"https:\/\/diariodelsurdigital.com.ar\/?p=6949\" \/>\n<meta property=\"og:site_name\" content=\"Diario del Sur\" \/>\n<meta property=\"article:published_time\" content=\"2026-02-13T02:46:43+00:00\" \/>\n<meta property=\"article:modified_time\" content=\"2026-02-13T02:46:44+00:00\" \/>\n<meta property=\"og:image\" content=\"https:\/\/diariodelsurdigital.com.ar\/wp-content\/uploads\/2026\/02\/WhatsApp-Image-2026-02-12-at-22.40.18.jpeg\" \/>\n\t<meta property=\"og:image:width\" content=\"404\" \/>\n\t<meta property=\"og:image:height\" content=\"249\" \/>\n\t<meta property=\"og:image:type\" content=\"image\/jpeg\" \/>\n<meta name=\"author\" content=\"Diario del Sur Digital\" \/>\n<meta name=\"twitter:card\" content=\"summary_large_image\" \/>\n<meta name=\"twitter:label1\" content=\"Escrito por\" \/>\n\t<meta name=\"twitter:data1\" content=\"Diario del Sur Digital\" \/>\n\t<meta name=\"twitter:label2\" content=\"Tiempo de lectura\" \/>\n\t<meta name=\"twitter:data2\" content=\"3 minutos\" \/>\n<script type=\"application\/ld+json\" class=\"yoast-schema-graph\">{\"@context\":\"https:\\\/\\\/schema.org\",\"@graph\":[{\"@type\":\"Article\",\"@id\":\"https:\\\/\\\/diariodelsurdigital.com.ar\\\/?p=6949#article\",\"isPartOf\":{\"@id\":\"https:\\\/\\\/diariodelsurdigital.com.ar\\\/?p=6949\"},\"author\":{\"name\":\"Diario del Sur Digital\",\"@id\":\"https:\\\/\\\/diariodelsurdigital.com.ar\\\/#\\\/schema\\\/person\\\/6136a32571657f7dba980b88b04c5465\"},\"headline\":\"Ausencia de dirigentes pol\u00edticos en la Marcha contra la reforma laboral en Concordia\",\"datePublished\":\"2026-02-13T02:46:43+00:00\",\"dateModified\":\"2026-02-13T02:46:44+00:00\",\"mainEntityOfPage\":{\"@id\":\"https:\\\/\\\/diariodelsurdigital.com.ar\\\/?p=6949\"},\"wordCount\":487,\"commentCount\":1,\"image\":{\"@id\":\"https:\\\/\\\/diariodelsurdigital.com.ar\\\/?p=6949#primaryimage\"},\"thumbnailUrl\":\"https:\\\/\\\/diariodelsurdigital.com.ar\\\/wp-content\\\/uploads\\\/2026\\\/02\\\/WhatsApp-Image-2026-02-12-at-22.40.18.jpeg\",\"articleSection\":[\"Locales\",\"Pol\u00edtica\"],\"inLanguage\":\"es\",\"potentialAction\":[{\"@type\":\"CommentAction\",\"name\":\"Comment\",\"target\":[\"https:\\\/\\\/diariodelsurdigital.com.ar\\\/?p=6949#respond\"]}]},{\"@type\":\"WebPage\",\"@id\":\"https:\\\/\\\/diariodelsurdigital.com.ar\\\/?p=6949\",\"url\":\"https:\\\/\\\/diariodelsurdigital.com.ar\\\/?p=6949\",\"name\":\"Ausencia de dirigentes pol\u00edticos en la Marcha contra la reforma laboral en Concordia - Diario del Sur\",\"isPartOf\":{\"@id\":\"https:\\\/\\\/diariodelsurdigital.com.ar\\\/#website\"},\"primaryImageOfPage\":{\"@id\":\"https:\\\/\\\/diariodelsurdigital.com.ar\\\/?p=6949#primaryimage\"},\"image\":{\"@id\":\"https:\\\/\\\/diariodelsurdigital.com.ar\\\/?p=6949#primaryimage\"},\"thumbnailUrl\":\"https:\\\/\\\/diariodelsurdigital.com.ar\\\/wp-content\\\/uploads\\\/2026\\\/02\\\/WhatsApp-Image-2026-02-12-at-22.40.18.jpeg\",\"datePublished\":\"2026-02-13T02:46:43+00:00\",\"dateModified\":\"2026-02-13T02:46:44+00:00\",\"author\":{\"@id\":\"https:\\\/\\\/diariodelsurdigital.com.ar\\\/#\\\/schema\\\/person\\\/6136a32571657f7dba980b88b04c5465\"},\"breadcrumb\":{\"@id\":\"https:\\\/\\\/diariodelsurdigital.com.ar\\\/?p=6949#breadcrumb\"},\"inLanguage\":\"es\",\"potentialAction\":[{\"@type\":\"ReadAction\",\"target\":[\"https:\\\/\\\/diariodelsurdigital.com.ar\\\/?p=6949\"]}]},{\"@type\":\"ImageObject\",\"inLanguage\":\"es\",\"@id\":\"https:\\\/\\\/diariodelsurdigital.com.ar\\\/?p=6949#primaryimage\",\"url\":\"https:\\\/\\\/diariodelsurdigital.com.ar\\\/wp-content\\\/uploads\\\/2026\\\/02\\\/WhatsApp-Image-2026-02-12-at-22.40.18.jpeg\",\"contentUrl\":\"https:\\\/\\\/diariodelsurdigital.com.ar\\\/wp-content\\\/uploads\\\/2026\\\/02\\\/WhatsApp-Image-2026-02-12-at-22.40.18.jpeg\",\"width\":404,\"height\":249},{\"@type\":\"BreadcrumbList\",\"@id\":\"https:\\\/\\\/diariodelsurdigital.com.ar\\\/?p=6949#breadcrumb\",\"itemListElement\":[{\"@type\":\"ListItem\",\"position\":1,\"name\":\"Portada\",\"item\":\"https:\\\/\\\/diariodelsurdigital.com.ar\\\/\"},{\"@type\":\"ListItem\",\"position\":2,\"name\":\"Ausencia de dirigentes pol\u00edticos en la Marcha contra la reforma laboral en Concordia\"}]},{\"@type\":\"WebSite\",\"@id\":\"https:\\\/\\\/diariodelsurdigital.com.ar\\\/#website\",\"url\":\"https:\\\/\\\/diariodelsurdigital.com.ar\\\/\",\"name\":\"Diario del Sur\",\"description\":\"Digital\",\"potentialAction\":[{\"@type\":\"SearchAction\",\"target\":{\"@type\":\"EntryPoint\",\"urlTemplate\":\"https:\\\/\\\/diariodelsurdigital.com.ar\\\/?s={search_term_string}\"},\"query-input\":{\"@type\":\"PropertyValueSpecification\",\"valueRequired\":true,\"valueName\":\"search_term_string\"}}],\"inLanguage\":\"es\"},{\"@type\":\"Person\",\"@id\":\"https:\\\/\\\/diariodelsurdigital.com.ar\\\/#\\\/schema\\\/person\\\/6136a32571657f7dba980b88b04c5465\",\"name\":\"Diario del Sur Digital\",\"image\":{\"@type\":\"ImageObject\",\"inLanguage\":\"es\",\"@id\":\"https:\\\/\\\/secure.gravatar.com\\\/avatar\\\/4c29ceac98541dd42460b2474aaa5dd37594d6ce6cb3cf2c101d09b48ee287ba?s=96&d=mm&r=g\",\"url\":\"https:\\\/\\\/secure.gravatar.com\\\/avatar\\\/4c29ceac98541dd42460b2474aaa5dd37594d6ce6cb3cf2c101d09b48ee287ba?s=96&d=mm&r=g\",\"contentUrl\":\"https:\\\/\\\/secure.gravatar.com\\\/avatar\\\/4c29ceac98541dd42460b2474aaa5dd37594d6ce6cb3cf2c101d09b48ee287ba?s=96&d=mm&r=g\",\"caption\":\"Diario del Sur Digital\"},\"url\":\"https:\\\/\\\/diariodelsurdigital.com.ar\\\/?author=2\"}]}<\/script>\n<!-- \/ Yoast SEO plugin. -->","yoast_head_json":{"title":"Ausencia de dirigentes pol\u00edticos en la Marcha contra la reforma laboral en Concordia - Diario del Sur","robots":{"index":"index","follow":"follow","max-snippet":"max-snippet:-1","max-image-preview":"max-image-preview:large","max-video-preview":"max-video-preview:-1"},"canonical":"https:\/\/diariodelsurdigital.com.ar\/?p=6949","og_locale":"es_ES","og_type":"article","og_title":"Ausencia de dirigentes pol\u00edticos en la Marcha contra la reforma laboral en Concordia - Diario del Sur","og_description":"Concordia se sum\u00f3 este mi\u00e9rcoles a las manifestaciones en todo el pa\u00eds contra la reforma laboral; inescrupulosa propuesta del gobierno conservador con libertad para unos pocos y palos para muchos de Javier Milei. La concentraci\u00f3n se realiz\u00f3 en Plaza Urquiza a las 19:30, donde poco a poco diferentes colectivos militantes de partidos pol\u00edticos, donde por [&hellip;]","og_url":"https:\/\/diariodelsurdigital.com.ar\/?p=6949","og_site_name":"Diario del Sur","article_published_time":"2026-02-13T02:46:43+00:00","article_modified_time":"2026-02-13T02:46:44+00:00","og_image":[{"width":404,"height":249,"url":"https:\/\/diariodelsurdigital.com.ar\/wp-content\/uploads\/2026\/02\/WhatsApp-Image-2026-02-12-at-22.40.18.jpeg","type":"image\/jpeg"}],"author":"Diario del Sur Digital","twitter_card":"summary_large_image","twitter_misc":{"Escrito por":"Diario del Sur Digital","Tiempo de lectura":"3 minutos"},"schema":{"@context":"https:\/\/schema.org","@graph":[{"@type":"Article","@id":"https:\/\/diariodelsurdigital.com.ar\/?p=6949#article","isPartOf":{"@id":"https:\/\/diariodelsurdigital.com.ar\/?p=6949"},"author":{"name":"Diario del Sur Digital","@id":"https:\/\/diariodelsurdigital.com.ar\/#\/schema\/person\/6136a32571657f7dba980b88b04c5465"},"headline":"Ausencia de dirigentes pol\u00edticos en la Marcha contra la reforma laboral en Concordia","datePublished":"2026-02-13T02:46:43+00:00","dateModified":"2026-02-13T02:46:44+00:00","mainEntityOfPage":{"@id":"https:\/\/diariodelsurdigital.com.ar\/?p=6949"},"wordCount":487,"commentCount":1,"image":{"@id":"https:\/\/diariodelsurdigital.com.ar\/?p=6949#primaryimage"},"thumbnailUrl":"https:\/\/diariodelsurdigital.com.ar\/wp-content\/uploads\/2026\/02\/WhatsApp-Image-2026-02-12-at-22.40.18.jpeg","articleSection":["Locales","Pol\u00edtica"],"inLanguage":"es","potentialAction":[{"@type":"CommentAction","name":"Comment","target":["https:\/\/diariodelsurdigital.com.ar\/?p=6949#respond"]}]},{"@type":"WebPage","@id":"https:\/\/diariodelsurdigital.com.ar\/?p=6949","url":"https:\/\/diariodelsurdigital.com.ar\/?p=6949","name":"Ausencia de dirigentes pol\u00edticos en la Marcha contra la reforma laboral en Concordia - Diario del Sur","isPartOf":{"@id":"https:\/\/diariodelsurdigital.com.ar\/#website"},"primaryImageOfPage":{"@id":"https:\/\/diariodelsurdigital.com.ar\/?p=6949#primaryimage"},"image":{"@id":"https:\/\/diariodelsurdigital.com.ar\/?p=6949#primaryimage"},"thumbnailUrl":"https:\/\/diariodelsurdigital.com.ar\/wp-content\/uploads\/2026\/02\/WhatsApp-Image-2026-02-12-at-22.40.18.jpeg","datePublished":"2026-02-13T02:46:43+00:00","dateModified":"2026-02-13T02:46:44+00:00","author":{"@id":"https:\/\/diariodelsurdigital.com.ar\/#\/schema\/person\/6136a32571657f7dba980b88b04c5465"},"breadcrumb":{"@id":"https:\/\/diariodelsurdigital.com.ar\/?p=6949#breadcrumb"},"inLanguage":"es","potentialAction":[{"@type":"ReadAction","target":["https:\/\/diariodelsurdigital.com.ar\/?p=6949"]}]},{"@type":"ImageObject","inLanguage":"es","@id":"https:\/\/diariodelsurdigital.com.ar\/?p=6949#primaryimage","url":"https:\/\/diariodelsurdigital.com.ar\/wp-content\/uploads\/2026\/02\/WhatsApp-Image-2026-02-12-at-22.40.18.jpeg","contentUrl":"https:\/\/diariodelsurdigital.com.ar\/wp-content\/uploads\/2026\/02\/WhatsApp-Image-2026-02-12-at-22.40.18.jpeg","width":404,"height":249},{"@type":"BreadcrumbList","@id":"https:\/\/diariodelsurdigital.com.ar\/?p=6949#breadcrumb","itemListElement":[{"@type":"ListItem","position":1,"name":"Portada","item":"https:\/\/diariodelsurdigital.com.ar\/"},{"@type":"ListItem","position":2,"name":"Ausencia de dirigentes pol\u00edticos en la Marcha contra la reforma laboral en Concordia"}]},{"@type":"WebSite","@id":"https:\/\/diariodelsurdigital.com.ar\/#website","url":"https:\/\/diariodelsurdigital.com.ar\/","name":"Diario del Sur","description":"Digital","potentialAction":[{"@type":"SearchAction","target":{"@type":"EntryPoint","urlTemplate":"https:\/\/diariodelsurdigital.com.ar\/?s={search_term_string}"},"query-input":{"@type":"PropertyValueSpecification","valueRequired":true,"valueName":"search_term_string"}}],"inLanguage":"es"},{"@type":"Person","@id":"https:\/\/diariodelsurdigital.com.ar\/#\/schema\/person\/6136a32571657f7dba980b88b04c5465","name":"Diario del Sur Digital","image":{"@type":"ImageObject","inLanguage":"es","@id":"https:\/\/secure.gravatar.com\/avatar\/4c29ceac98541dd42460b2474aaa5dd37594d6ce6cb3cf2c101d09b48ee287ba?s=96&d=mm&r=g","url":"https:\/\/secure.gravatar.com\/avatar\/4c29ceac98541dd42460b2474aaa5dd37594d6ce6cb3cf2c101d09b48ee287ba?s=96&d=mm&r=g","contentUrl":"https:\/\/secure.gravatar.com\/avatar\/4c29ceac98541dd42460b2474aaa5dd37594d6ce6cb3cf2c101d09b48ee287ba?s=96&d=mm&r=g","caption":"Diario del Sur Digital"},"url":"https:\/\/diariodelsurdigital.com.ar\/?author=2"}]}},"_links":{"self":[{"href":"https:\/\/diariodelsurdigital.com.ar\/index.php?rest_route=\/wp\/v2\/posts\/6949","targetHints":{"allow":["GET"]}}],"collection":[{"href":"https:\/\/diariodelsurdigital.com.ar\/index.php?rest_route=\/wp\/v2\/posts"}],"about":[{"href":"https:\/\/diariodelsurdigital.com.ar\/index.php?rest_route=\/wp\/v2\/types\/post"}],"author":[{"embeddable":true,"href":"https:\/\/diariodelsurdigital.com.ar\/index.php?rest_route=\/wp\/v2\/users\/2"}],"replies":[{"embeddable":true,"href":"https:\/\/diariodelsurdigital.com.ar\/index.php?rest_route=%2Fwp%2Fv2%2Fcomments&post=6949"}],"version-history":[{"count":1,"href":"https:\/\/diariodelsurdigital.com.ar\/index.php?rest_route=\/wp\/v2\/posts\/6949\/revisions"}],"predecessor-version":[{"id":6951,"href":"https:\/\/diariodelsurdigital.com.ar\/index.php?rest_route=\/wp\/v2\/posts\/6949\/revisions\/6951"}],"wp:featuredmedia":[{"embeddable":true,"href":"https:\/\/diariodelsurdigital.com.ar\/index.php?rest_route=\/wp\/v2\/media\/6950"}],"wp:attachment":[{"href":"https:\/\/diariodelsurdigital.com.ar\/index.php?rest_route=%2Fwp%2Fv2%2Fmedia&parent=6949"}],"wp:term":[{"taxonomy":"category","embeddable":true,"href":"https:\/\/diariodelsurdigital.com.ar\/index.php?rest_route=%2Fwp%2Fv2%2Fcategories&post=6949"},{"taxonomy":"post_tag","embeddable":true,"href":"https:\/\/diariodelsurdigital.com.ar\/index.php?rest_route=%2Fwp%2Fv2%2Ftags&post=6949"}],"curies":[{"name":"wp","href":"https:\/\/api.w.org\/{rel}","templated":true}]}}