{"id":7024,"date":"2026-02-17T17:15:51","date_gmt":"2026-02-17T20:15:51","guid":{"rendered":"https:\/\/diariodelsurdigital.com.ar\/?p=7024"},"modified":"2026-02-17T17:15:51","modified_gmt":"2026-02-17T20:15:51","slug":"fue-a-discutir-a-un-choque-de-otros-vehiculos-y-le-secuestraron-su-auto-por-presunta-alcoholemia","status":"publish","type":"post","link":"https:\/\/diariodelsurdigital.com.ar\/?p=7024","title":{"rendered":"Fue a discutir a un choque de otros veh\u00edculos y le secuestraron su auto por presunta alcoholemia"},"content":{"rendered":"\n<h4 class=\"wp-block-heading\">El conductor de un autom\u00f3vil se present\u00f3 en representaci\u00f3n de uno de los involucrados. Al advertir aparentes signos de ebriedad y negarse al control, personal de Tr\u00e1nsito Municipal procedi\u00f3 a la retenci\u00f3n del rodado y de su licencia.<a href=\"https:\/\/api.whatsapp.com\/send?text=Fue%20a%20discutir%20a%20un%20choque%20de%20otros%20veh%C3%ADculos%20y%20le%20secuestraron%20su%20auto%20por%20presunta%20alcoholemia%20-%20https:\/\/diarioriouruguay.com\/interes-general\/\/fue-a-discutir-a-un-choque-de-otros-vehiculos-y-le-secuestraron-su-auto-por-presunta-alcoholemia.htm\" target=\"_blank\" rel=\"noreferrer noopener\"><\/a><a href=\"https:\/\/diarioriouruguay.com\/interes-general\/fue-a-discutir-a-un-choque-de-otros-vehiculos-y-le-secuestraron-su-auto-por-presunta-alcoholemia.htm#\"><\/a><a href=\"javascript:copyLink('aviso', 'URL Copiada');\"><\/a><a href=\"https:\/\/diarioriouruguay.com\/interes-general\/fue-a-discutir-a-un-choque-de-otros-vehiculos-y-le-secuestraron-su-auto-por-presunta-alcoholemia.htm#\"><\/a><a href=\"tg:\/\/msg?text=Fue%20a%20discutir%20a%20un%20choque%20de%20otros%20veh%C3%ADculos%20y%20le%20secuestraron%20su%20auto%20por%20presunta%20alcoholemia-https:\/\/diarioriouruguay.com\/interes-general\/\/fue-a-discutir-a-un-choque-de-otros-vehiculos-y-le-secuestraron-su-auto-por-presunta-alcoholemia.htm\" target=\"_blank\" rel=\"noreferrer noopener\"><\/a><a href=\"https:\/\/diarioriouruguay.com\/interes-general\/fue-a-discutir-a-un-choque-de-otros-vehiculos-y-le-secuestraron-su-auto-por-presunta-alcoholemia.htm#comentarios\"><\/a><\/h4>\n\n\n\n<p>El choque que origin\u00f3 toda la secuencia se registr\u00f3 este martes de carnaval, alrededor de las 9:45, en la intersecci\u00f3n de calles Mendiburu y Feliciano, donde colisionaron una camioneta Toyota Hilux y una motocicleta Zanella Due de 110 cc.<\/p>\n\n\n\n<p>De acuerdo a las primeras actuaciones, la camioneta circulaba en sentido Este\u2013Oeste por calle Mendiburu, mientras que la moto lo hac\u00eda en sentido Sur\u2013Norte por Feliciano. Por causas que se tratan de establecer, ambos rodados impactaron en la intersecci\u00f3n.<\/p>\n\n\n\n<p>Como consecuencia del choque, el conductor de la motocicleta, un hombre de 28 a\u00f1os, result\u00f3 lesionado, aguard\u00e1ndose el informe m\u00e9dico para determinar el car\u00e1cter de las heridas.<\/p>\n\n\n\n<h3 class=\"wp-block-heading\">Intervenci\u00f3n de Tr\u00e1nsito<\/h3>\n\n\n\n<p>Mientras personal policial realizaba las diligencias de rigor en el lugar, se present\u00f3 un autom\u00f3vil Chevrolet Agile, cuyo conductor manifest\u00f3 hacerlo en representaci\u00f3n del motociclista involucrado en el siniestro.<\/p>\n\n\n\n<p>Seg\u00fan se inform\u00f3, el hombre se encontraba exaltado, estacion\u00f3 el veh\u00edculo en contramano y presentaba aparentes signos de ebriedad. Ante esta situaci\u00f3n, se solicit\u00f3 la intervenci\u00f3n del personal de Tr\u00e1nsito Municipal.<\/p>\n\n\n\n<p>El conductor se neg\u00f3 a someterse al test de alcoholemia, por lo que, conforme a lo establecido en el art\u00edculo 72 de la Ley Nacional de Tr\u00e1nsito N\u00b0 24.449, se presume resultado positivo. En consecuencia, se procedi\u00f3 a la retenci\u00f3n del autom\u00f3vil y de la licencia de conducir, labr\u00e1ndose el Acta N\u00b0 00927159.<\/p>\n\n\n\n<p>Fuente: Diario R\u00edo Uruguay<\/p>\n","protected":false},"excerpt":{"rendered":"<p>El conductor de un autom\u00f3vil se present\u00f3 en representaci\u00f3n de uno de los involucrados. Al advertir aparentes signos de ebriedad y negarse al control, personal de Tr\u00e1nsito Municipal procedi\u00f3 a la retenci\u00f3n del rodado y de su licencia. El choque que origin\u00f3 toda la secuencia se registr\u00f3 este martes de carnaval, alrededor de las 9:45, [&hellip;]<\/p>\n","protected":false},"author":2,"featured_media":7025,"comment_status":"open","ping_status":"open","sticky":false,"template":"","format":"standard","meta":{"footnotes":""},"categories":[16,21],"tags":[],"class_list":{"0":"post-7024","1":"post","2":"type-post","3":"status-publish","4":"format-standard","5":"has-post-thumbnail","7":"category-locales","8":"category-policiales"},"yoast_head":"<!-- This site is optimized with the Yoast SEO plugin v27.4 - https:\/\/yoast.com\/product\/yoast-seo-wordpress\/ -->\n<title>Fue a discutir a un choque de otros veh\u00edculos y le secuestraron su auto por presunta alcoholemia - Diario del Sur<\/title>\n<meta name=\"robots\" content=\"index, follow, max-snippet:-1, max-image-preview:large, max-video-preview:-1\" \/>\n<link rel=\"canonical\" href=\"https:\/\/diariodelsurdigital.com.ar\/?p=7024\" \/>\n<meta property=\"og:locale\" content=\"es_ES\" \/>\n<meta property=\"og:type\" content=\"article\" \/>\n<meta property=\"og:title\" content=\"Fue a discutir a un choque de otros veh\u00edculos y le secuestraron su auto por presunta alcoholemia - Diario del Sur\" \/>\n<meta property=\"og:description\" content=\"El conductor de un autom\u00f3vil se present\u00f3 en representaci\u00f3n de uno de los involucrados. Al advertir aparentes signos de ebriedad y negarse al control, personal de Tr\u00e1nsito Municipal procedi\u00f3 a la retenci\u00f3n del rodado y de su licencia. El choque que origin\u00f3 toda la secuencia se registr\u00f3 este martes de carnaval, alrededor de las 9:45, [&hellip;]\" \/>\n<meta property=\"og:url\" content=\"https:\/\/diariodelsurdigital.com.ar\/?p=7024\" \/>\n<meta property=\"og:site_name\" content=\"Diario del Sur\" \/>\n<meta property=\"article:published_time\" content=\"2026-02-17T20:15:51+00:00\" \/>\n<meta property=\"og:image\" content=\"https:\/\/diariodelsurdigital.com.ar\/wp-content\/uploads\/2026\/02\/Transito_2.jpg\" \/>\n\t<meta property=\"og:image:width\" content=\"400\" \/>\n\t<meta property=\"og:image:height\" content=\"220\" \/>\n\t<meta property=\"og:image:type\" content=\"image\/jpeg\" \/>\n<meta name=\"author\" content=\"Diario del Sur Digital\" \/>\n<meta name=\"twitter:card\" content=\"summary_large_image\" \/>\n<meta name=\"twitter:label1\" content=\"Escrito por\" \/>\n\t<meta name=\"twitter:data1\" content=\"Diario del Sur Digital\" \/>\n\t<meta name=\"twitter:label2\" content=\"Tiempo de lectura\" \/>\n\t<meta name=\"twitter:data2\" content=\"2 minutos\" \/>\n<script type=\"application\/ld+json\" class=\"yoast-schema-graph\">{\"@context\":\"https:\\\/\\\/schema.org\",\"@graph\":[{\"@type\":\"Article\",\"@id\":\"https:\\\/\\\/diariodelsurdigital.com.ar\\\/?p=7024#article\",\"isPartOf\":{\"@id\":\"https:\\\/\\\/diariodelsurdigital.com.ar\\\/?p=7024\"},\"author\":{\"name\":\"Diario del Sur Digital\",\"@id\":\"https:\\\/\\\/diariodelsurdigital.com.ar\\\/#\\\/schema\\\/person\\\/6136a32571657f7dba980b88b04c5465\"},\"headline\":\"Fue a discutir a un choque de otros veh\u00edculos y le secuestraron su auto por presunta alcoholemia\",\"datePublished\":\"2026-02-17T20:15:51+00:00\",\"mainEntityOfPage\":{\"@id\":\"https:\\\/\\\/diariodelsurdigital.com.ar\\\/?p=7024\"},\"wordCount\":303,\"commentCount\":0,\"image\":{\"@id\":\"https:\\\/\\\/diariodelsurdigital.com.ar\\\/?p=7024#primaryimage\"},\"thumbnailUrl\":\"https:\\\/\\\/diariodelsurdigital.com.ar\\\/wp-content\\\/uploads\\\/2026\\\/02\\\/Transito_2.jpg\",\"articleSection\":[\"Locales\",\"Policiales\"],\"inLanguage\":\"es\",\"potentialAction\":[{\"@type\":\"CommentAction\",\"name\":\"Comment\",\"target\":[\"https:\\\/\\\/diariodelsurdigital.com.ar\\\/?p=7024#respond\"]}]},{\"@type\":\"WebPage\",\"@id\":\"https:\\\/\\\/diariodelsurdigital.com.ar\\\/?p=7024\",\"url\":\"https:\\\/\\\/diariodelsurdigital.com.ar\\\/?p=7024\",\"name\":\"Fue a discutir a un choque de otros veh\u00edculos y le secuestraron su auto por presunta alcoholemia - Diario del Sur\",\"isPartOf\":{\"@id\":\"https:\\\/\\\/diariodelsurdigital.com.ar\\\/#website\"},\"primaryImageOfPage\":{\"@id\":\"https:\\\/\\\/diariodelsurdigital.com.ar\\\/?p=7024#primaryimage\"},\"image\":{\"@id\":\"https:\\\/\\\/diariodelsurdigital.com.ar\\\/?p=7024#primaryimage\"},\"thumbnailUrl\":\"https:\\\/\\\/diariodelsurdigital.com.ar\\\/wp-content\\\/uploads\\\/2026\\\/02\\\/Transito_2.jpg\",\"datePublished\":\"2026-02-17T20:15:51+00:00\",\"author\":{\"@id\":\"https:\\\/\\\/diariodelsurdigital.com.ar\\\/#\\\/schema\\\/person\\\/6136a32571657f7dba980b88b04c5465\"},\"breadcrumb\":{\"@id\":\"https:\\\/\\\/diariodelsurdigital.com.ar\\\/?p=7024#breadcrumb\"},\"inLanguage\":\"es\",\"potentialAction\":[{\"@type\":\"ReadAction\",\"target\":[\"https:\\\/\\\/diariodelsurdigital.com.ar\\\/?p=7024\"]}]},{\"@type\":\"ImageObject\",\"inLanguage\":\"es\",\"@id\":\"https:\\\/\\\/diariodelsurdigital.com.ar\\\/?p=7024#primaryimage\",\"url\":\"https:\\\/\\\/diariodelsurdigital.com.ar\\\/wp-content\\\/uploads\\\/2026\\\/02\\\/Transito_2.jpg\",\"contentUrl\":\"https:\\\/\\\/diariodelsurdigital.com.ar\\\/wp-content\\\/uploads\\\/2026\\\/02\\\/Transito_2.jpg\",\"width\":400,\"height\":220},{\"@type\":\"BreadcrumbList\",\"@id\":\"https:\\\/\\\/diariodelsurdigital.com.ar\\\/?p=7024#breadcrumb\",\"itemListElement\":[{\"@type\":\"ListItem\",\"position\":1,\"name\":\"Portada\",\"item\":\"https:\\\/\\\/diariodelsurdigital.com.ar\\\/\"},{\"@type\":\"ListItem\",\"position\":2,\"name\":\"Fue a discutir a un choque de otros veh\u00edculos y le secuestraron su auto por presunta alcoholemia\"}]},{\"@type\":\"WebSite\",\"@id\":\"https:\\\/\\\/diariodelsurdigital.com.ar\\\/#website\",\"url\":\"https:\\\/\\\/diariodelsurdigital.com.ar\\\/\",\"name\":\"Diario del Sur\",\"description\":\"Digital\",\"potentialAction\":[{\"@type\":\"SearchAction\",\"target\":{\"@type\":\"EntryPoint\",\"urlTemplate\":\"https:\\\/\\\/diariodelsurdigital.com.ar\\\/?s={search_term_string}\"},\"query-input\":{\"@type\":\"PropertyValueSpecification\",\"valueRequired\":true,\"valueName\":\"search_term_string\"}}],\"inLanguage\":\"es\"},{\"@type\":\"Person\",\"@id\":\"https:\\\/\\\/diariodelsurdigital.com.ar\\\/#\\\/schema\\\/person\\\/6136a32571657f7dba980b88b04c5465\",\"name\":\"Diario del Sur Digital\",\"image\":{\"@type\":\"ImageObject\",\"inLanguage\":\"es\",\"@id\":\"https:\\\/\\\/secure.gravatar.com\\\/avatar\\\/4c29ceac98541dd42460b2474aaa5dd37594d6ce6cb3cf2c101d09b48ee287ba?s=96&d=mm&r=g\",\"url\":\"https:\\\/\\\/secure.gravatar.com\\\/avatar\\\/4c29ceac98541dd42460b2474aaa5dd37594d6ce6cb3cf2c101d09b48ee287ba?s=96&d=mm&r=g\",\"contentUrl\":\"https:\\\/\\\/secure.gravatar.com\\\/avatar\\\/4c29ceac98541dd42460b2474aaa5dd37594d6ce6cb3cf2c101d09b48ee287ba?s=96&d=mm&r=g\",\"caption\":\"Diario del Sur Digital\"},\"url\":\"https:\\\/\\\/diariodelsurdigital.com.ar\\\/?author=2\"}]}<\/script>\n<!-- \/ Yoast SEO plugin. -->","yoast_head_json":{"title":"Fue a discutir a un choque de otros veh\u00edculos y le secuestraron su auto por presunta alcoholemia - Diario del Sur","robots":{"index":"index","follow":"follow","max-snippet":"max-snippet:-1","max-image-preview":"max-image-preview:large","max-video-preview":"max-video-preview:-1"},"canonical":"https:\/\/diariodelsurdigital.com.ar\/?p=7024","og_locale":"es_ES","og_type":"article","og_title":"Fue a discutir a un choque de otros veh\u00edculos y le secuestraron su auto por presunta alcoholemia - Diario del Sur","og_description":"El conductor de un autom\u00f3vil se present\u00f3 en representaci\u00f3n de uno de los involucrados. Al advertir aparentes signos de ebriedad y negarse al control, personal de Tr\u00e1nsito Municipal procedi\u00f3 a la retenci\u00f3n del rodado y de su licencia. El choque que origin\u00f3 toda la secuencia se registr\u00f3 este martes de carnaval, alrededor de las 9:45, [&hellip;]","og_url":"https:\/\/diariodelsurdigital.com.ar\/?p=7024","og_site_name":"Diario del Sur","article_published_time":"2026-02-17T20:15:51+00:00","og_image":[{"width":400,"height":220,"url":"https:\/\/diariodelsurdigital.com.ar\/wp-content\/uploads\/2026\/02\/Transito_2.jpg","type":"image\/jpeg"}],"author":"Diario del Sur Digital","twitter_card":"summary_large_image","twitter_misc":{"Escrito por":"Diario del Sur Digital","Tiempo de lectura":"2 minutos"},"schema":{"@context":"https:\/\/schema.org","@graph":[{"@type":"Article","@id":"https:\/\/diariodelsurdigital.com.ar\/?p=7024#article","isPartOf":{"@id":"https:\/\/diariodelsurdigital.com.ar\/?p=7024"},"author":{"name":"Diario del Sur Digital","@id":"https:\/\/diariodelsurdigital.com.ar\/#\/schema\/person\/6136a32571657f7dba980b88b04c5465"},"headline":"Fue a discutir a un choque de otros veh\u00edculos y le secuestraron su auto por presunta alcoholemia","datePublished":"2026-02-17T20:15:51+00:00","mainEntityOfPage":{"@id":"https:\/\/diariodelsurdigital.com.ar\/?p=7024"},"wordCount":303,"commentCount":0,"image":{"@id":"https:\/\/diariodelsurdigital.com.ar\/?p=7024#primaryimage"},"thumbnailUrl":"https:\/\/diariodelsurdigital.com.ar\/wp-content\/uploads\/2026\/02\/Transito_2.jpg","articleSection":["Locales","Policiales"],"inLanguage":"es","potentialAction":[{"@type":"CommentAction","name":"Comment","target":["https:\/\/diariodelsurdigital.com.ar\/?p=7024#respond"]}]},{"@type":"WebPage","@id":"https:\/\/diariodelsurdigital.com.ar\/?p=7024","url":"https:\/\/diariodelsurdigital.com.ar\/?p=7024","name":"Fue a discutir a un choque de otros veh\u00edculos y le secuestraron su auto por presunta alcoholemia - Diario del Sur","isPartOf":{"@id":"https:\/\/diariodelsurdigital.com.ar\/#website"},"primaryImageOfPage":{"@id":"https:\/\/diariodelsurdigital.com.ar\/?p=7024#primaryimage"},"image":{"@id":"https:\/\/diariodelsurdigital.com.ar\/?p=7024#primaryimage"},"thumbnailUrl":"https:\/\/diariodelsurdigital.com.ar\/wp-content\/uploads\/2026\/02\/Transito_2.jpg","datePublished":"2026-02-17T20:15:51+00:00","author":{"@id":"https:\/\/diariodelsurdigital.com.ar\/#\/schema\/person\/6136a32571657f7dba980b88b04c5465"},"breadcrumb":{"@id":"https:\/\/diariodelsurdigital.com.ar\/?p=7024#breadcrumb"},"inLanguage":"es","potentialAction":[{"@type":"ReadAction","target":["https:\/\/diariodelsurdigital.com.ar\/?p=7024"]}]},{"@type":"ImageObject","inLanguage":"es","@id":"https:\/\/diariodelsurdigital.com.ar\/?p=7024#primaryimage","url":"https:\/\/diariodelsurdigital.com.ar\/wp-content\/uploads\/2026\/02\/Transito_2.jpg","contentUrl":"https:\/\/diariodelsurdigital.com.ar\/wp-content\/uploads\/2026\/02\/Transito_2.jpg","width":400,"height":220},{"@type":"BreadcrumbList","@id":"https:\/\/diariodelsurdigital.com.ar\/?p=7024#breadcrumb","itemListElement":[{"@type":"ListItem","position":1,"name":"Portada","item":"https:\/\/diariodelsurdigital.com.ar\/"},{"@type":"ListItem","position":2,"name":"Fue a discutir a un choque de otros veh\u00edculos y le secuestraron su auto por presunta alcoholemia"}]},{"@type":"WebSite","@id":"https:\/\/diariodelsurdigital.com.ar\/#website","url":"https:\/\/diariodelsurdigital.com.ar\/","name":"Diario del Sur","description":"Digital","potentialAction":[{"@type":"SearchAction","target":{"@type":"EntryPoint","urlTemplate":"https:\/\/diariodelsurdigital.com.ar\/?s={search_term_string}"},"query-input":{"@type":"PropertyValueSpecification","valueRequired":true,"valueName":"search_term_string"}}],"inLanguage":"es"},{"@type":"Person","@id":"https:\/\/diariodelsurdigital.com.ar\/#\/schema\/person\/6136a32571657f7dba980b88b04c5465","name":"Diario del Sur Digital","image":{"@type":"ImageObject","inLanguage":"es","@id":"https:\/\/secure.gravatar.com\/avatar\/4c29ceac98541dd42460b2474aaa5dd37594d6ce6cb3cf2c101d09b48ee287ba?s=96&d=mm&r=g","url":"https:\/\/secure.gravatar.com\/avatar\/4c29ceac98541dd42460b2474aaa5dd37594d6ce6cb3cf2c101d09b48ee287ba?s=96&d=mm&r=g","contentUrl":"https:\/\/secure.gravatar.com\/avatar\/4c29ceac98541dd42460b2474aaa5dd37594d6ce6cb3cf2c101d09b48ee287ba?s=96&d=mm&r=g","caption":"Diario del Sur Digital"},"url":"https:\/\/diariodelsurdigital.com.ar\/?author=2"}]}},"_links":{"self":[{"href":"https:\/\/diariodelsurdigital.com.ar\/index.php?rest_route=\/wp\/v2\/posts\/7024","targetHints":{"allow":["GET"]}}],"collection":[{"href":"https:\/\/diariodelsurdigital.com.ar\/index.php?rest_route=\/wp\/v2\/posts"}],"about":[{"href":"https:\/\/diariodelsurdigital.com.ar\/index.php?rest_route=\/wp\/v2\/types\/post"}],"author":[{"embeddable":true,"href":"https:\/\/diariodelsurdigital.com.ar\/index.php?rest_route=\/wp\/v2\/users\/2"}],"replies":[{"embeddable":true,"href":"https:\/\/diariodelsurdigital.com.ar\/index.php?rest_route=%2Fwp%2Fv2%2Fcomments&post=7024"}],"version-history":[{"count":1,"href":"https:\/\/diariodelsurdigital.com.ar\/index.php?rest_route=\/wp\/v2\/posts\/7024\/revisions"}],"predecessor-version":[{"id":7026,"href":"https:\/\/diariodelsurdigital.com.ar\/index.php?rest_route=\/wp\/v2\/posts\/7024\/revisions\/7026"}],"wp:featuredmedia":[{"embeddable":true,"href":"https:\/\/diariodelsurdigital.com.ar\/index.php?rest_route=\/wp\/v2\/media\/7025"}],"wp:attachment":[{"href":"https:\/\/diariodelsurdigital.com.ar\/index.php?rest_route=%2Fwp%2Fv2%2Fmedia&parent=7024"}],"wp:term":[{"taxonomy":"category","embeddable":true,"href":"https:\/\/diariodelsurdigital.com.ar\/index.php?rest_route=%2Fwp%2Fv2%2Fcategories&post=7024"},{"taxonomy":"post_tag","embeddable":true,"href":"https:\/\/diariodelsurdigital.com.ar\/index.php?rest_route=%2Fwp%2Fv2%2Ftags&post=7024"}],"curies":[{"name":"wp","href":"https:\/\/api.w.org\/{rel}","templated":true}]}}