{"id":7038,"date":"2026-02-18T10:33:24","date_gmt":"2026-02-18T13:33:24","guid":{"rendered":"https:\/\/diariodelsurdigital.com.ar\/?p=7038"},"modified":"2026-02-18T10:33:25","modified_gmt":"2026-02-18T13:33:25","slug":"uruguay-ultima-detalles-para-comenzar-a-implementar-la-ley-de-eutanasia","status":"publish","type":"post","link":"https:\/\/diariodelsurdigital.com.ar\/?p=7038","title":{"rendered":"Uruguay ultima detalles para comenzar a implementar la ley de eutanasia"},"content":{"rendered":"\n<p>El Ministerio de Salud P\u00fablica (MSP) ultima detalles de la reglamentaci\u00f3n de la eutanasia en Uruguay, luego de su aprobaci\u00f3n en el Parlamento en octubre pasado, y apunta a comenzar su implementaci\u00f3n en abril.<\/p>\n\n\n\n<p><\/p>\n\n\n\n<p>Con la aprobaci\u00f3n del proyecto en el Parlamento en octubre, gracias al apoyo de legisladores de los tres principales partidos, Uruguay se convirti\u00f3 en el primer pa\u00eds de la regi\u00f3n en sancionar una ley respecto de la regulaci\u00f3n del acceso a una \u00abmuerte digna\u00bb. El Poder Ejecutivo no tard\u00f3 en promulgarla, pero, desde entonces, no hubo mayores novedades respecto de cu\u00e1ndo podr\u00eda comenzar a implementarse la normativa que permitir\u00e1 a personas mayores de edad y cursando una enfermedad terminal incurable o irreversible elegir la eutanasia.<\/p>\n\n\n\n<p>Ahora, desde el gobierno afirmaron que una comisi\u00f3n trabaja en los detalles t\u00e9cnicos y administrativos para dicha implementaci\u00f3n. Seg\u00fan explic\u00f3 el diputado del Frente Amplio (FA), Federico Preve, a Telenoche, uno de los objetivos es definir el procedimiento y los formularios que estar\u00e1n incluidos en el mismo. Otro aspecto que se analiza es el lugar en el que podr\u00e1 llevarse a cabo la \u00abmuerte digna\u00bb \u2014por ejemplo, entre el centro hospitalario o el hogar\u2014, que podr\u00eda ser elegido por el paciente, siempre y cuando se cumplan las condiciones previstas y sea coordinado con el sistema mutualista y con la Administraci\u00f3n de Servicios de Salud del Estado (ASSE).<\/p>\n\n\n\n<p>Asimismo, tambi\u00e9n se busca detallar los f\u00e1rmacos y las v\u00edas de administraci\u00f3n que se utilizar\u00e1n para los procesos de eutanasia. \u201cLo primero que queremos dejar en claro es la tranquilidad que los f\u00e1rmacos que se utilizan son ampliamente conocidos por el cuerpo m\u00e9dico, son f\u00e1rmacos que si bien las combinaciones de ellos se utilizan para la letalidad que esto implica\u201d, afirm\u00f3 Preve.<\/p>\n\n\n\n<p>El protocolo, que estar\u00eda listo para reglamentar la ley en abril, incluir\u00e1 los pasos del procedimiento, mecanismos de seguridad y la conformaci\u00f3n de los equipos de salud que participar\u00e1n en la aplicaci\u00f3n. En ese sentido, la reglamentaci\u00f3n buscar\u00e1 brindar garant\u00edas tanto a los pacientes como a los prestadores de salud.<\/p>\n\n\n\n<p>\u00bfQu\u00e9 establece la ley de eutanasia?<\/p>\n\n\n\n<p>El art\u00edculo 3 de la ley de eutanasia define este procedimiento como aquel \u00abrealizado por un m\u00e9dico o por su orden, para provocar la muerte\u201d de una persona en determinadas condiciones de salud.<\/p>\n\n\n\n<p>La normativa establece que podr\u00e1 acceder toda persona mayor de edad \u201cps\u00edquicamente apta\u201d que est\u00e9 cursando \u201cla etapa terminal de una patolog\u00eda incurable e irreversible o que, como consecuencia de patolog\u00edas o condiciones de salud incurables e irreversibles, padezca sufrimientos que le resulten insoportables, en todos los casos con grave y progresivo deterioro de su calidad de vida\u201d.<\/p>\n\n\n\n<p>El paciente deber\u00e1 entregar una solicitud \u201cpersonalmente a un m\u00e9dico, por escrito, que firmar\u00e1 en su presencia\u201d; o a trav\u00e9s de otra persona mayor de edad, en un acto en el que deben estar todas las partes presentes. El personal de salud proporcionar\u00e1 toda la informaci\u00f3n sobre tratamientos disponibles alternativos y corroborar que la voluntad de acceder a la eutanasia sea \u00ablibre, seria y firme\u00bb, en un plazo m\u00e1ximo de hasta tres d\u00edas. Luego, corresponder\u00e1 la confirmaci\u00f3n de un segundo profesional y la eventual ratificaci\u00f3n del paciente respecto de su decisi\u00f3n ante dos testigos que no puedan beneficiarse econ\u00f3micamente a causa de su muerte.<\/p>\n\n\n\n<p>La ley tambi\u00e9n establece que los m\u00e9dicos pueden rechazar el procedimiento por diferentes razones, como \u201cla objeci\u00f3n de conciencia\u201d, aunque la instituci\u00f3n debe siempre garantizar la prestaci\u00f3n del servicio. En ese caso, la persona solicitante puede avanzar con un nuevo pedido a otro profesional y, si este rechazara (en un lapso no mayor a tres d\u00edas), se convocar\u00e1 a una junta m\u00e9dica para evaluar el caso en los pr\u00f3ximos cinco d\u00edas. Dicha junta debe conformarse con un psiquiatra, un especialista en la patolog\u00eda en cuesti\u00f3n y un tercer m\u00e9dico a definir, public\u00f3 \u00c1mbito.<\/p>\n","protected":false},"excerpt":{"rendered":"<p>El Ministerio de Salud P\u00fablica (MSP) ultima detalles de la reglamentaci\u00f3n de la eutanasia en Uruguay, luego de su aprobaci\u00f3n en el Parlamento en octubre pasado, y apunta a comenzar su implementaci\u00f3n en abril. Con la aprobaci\u00f3n del proyecto en el Parlamento en octubre, gracias al apoyo de legisladores de los tres principales partidos, Uruguay [&hellip;]<\/p>\n","protected":false},"author":4,"featured_media":7039,"comment_status":"open","ping_status":"open","sticky":false,"template":"","format":"standard","meta":{"footnotes":""},"categories":[20],"tags":[],"class_list":{"0":"post-7038","1":"post","2":"type-post","3":"status-publish","4":"format-standard","5":"has-post-thumbnail","7":"category-internacionales"},"yoast_head":"<!-- This site is optimized with the Yoast SEO plugin v27.4 - https:\/\/yoast.com\/product\/yoast-seo-wordpress\/ -->\n<title>Uruguay ultima detalles para comenzar a implementar la ley de eutanasia - Diario del Sur<\/title>\n<meta name=\"robots\" content=\"index, follow, max-snippet:-1, max-image-preview:large, max-video-preview:-1\" \/>\n<link rel=\"canonical\" href=\"https:\/\/diariodelsurdigital.com.ar\/?p=7038\" \/>\n<meta property=\"og:locale\" content=\"es_ES\" \/>\n<meta property=\"og:type\" content=\"article\" \/>\n<meta property=\"og:title\" content=\"Uruguay ultima detalles para comenzar a implementar la ley de eutanasia - Diario del Sur\" \/>\n<meta property=\"og:description\" content=\"El Ministerio de Salud P\u00fablica (MSP) ultima detalles de la reglamentaci\u00f3n de la eutanasia en Uruguay, luego de su aprobaci\u00f3n en el Parlamento en octubre pasado, y apunta a comenzar su implementaci\u00f3n en abril. Con la aprobaci\u00f3n del proyecto en el Parlamento en octubre, gracias al apoyo de legisladores de los tres principales partidos, Uruguay [&hellip;]\" \/>\n<meta property=\"og:url\" content=\"https:\/\/diariodelsurdigital.com.ar\/?p=7038\" \/>\n<meta property=\"og:site_name\" content=\"Diario del Sur\" \/>\n<meta property=\"article:published_time\" content=\"2026-02-18T13:33:24+00:00\" \/>\n<meta property=\"article:modified_time\" content=\"2026-02-18T13:33:25+00:00\" \/>\n<meta property=\"og:image\" content=\"https:\/\/diariodelsurdigital.com.ar\/wp-content\/uploads\/2026\/02\/md-34.webp\" \/>\n\t<meta property=\"og:image:width\" content=\"992\" \/>\n\t<meta property=\"og:image:height\" content=\"557\" \/>\n\t<meta property=\"og:image:type\" content=\"image\/webp\" \/>\n<meta name=\"author\" content=\"Diario del Sur Digital\" \/>\n<meta name=\"twitter:card\" content=\"summary_large_image\" \/>\n<meta name=\"twitter:label1\" content=\"Escrito por\" \/>\n\t<meta name=\"twitter:data1\" content=\"Diario del Sur Digital\" \/>\n\t<meta name=\"twitter:label2\" content=\"Tiempo de lectura\" \/>\n\t<meta name=\"twitter:data2\" content=\"4 minutos\" \/>\n<script type=\"application\/ld+json\" class=\"yoast-schema-graph\">{\"@context\":\"https:\\\/\\\/schema.org\",\"@graph\":[{\"@type\":\"Article\",\"@id\":\"https:\\\/\\\/diariodelsurdigital.com.ar\\\/?p=7038#article\",\"isPartOf\":{\"@id\":\"https:\\\/\\\/diariodelsurdigital.com.ar\\\/?p=7038\"},\"author\":{\"name\":\"Diario del Sur Digital\",\"@id\":\"https:\\\/\\\/diariodelsurdigital.com.ar\\\/#\\\/schema\\\/person\\\/1a4992532ed62965c968031b49195c81\"},\"headline\":\"Uruguay ultima detalles para comenzar a implementar la ley de eutanasia\",\"datePublished\":\"2026-02-18T13:33:24+00:00\",\"dateModified\":\"2026-02-18T13:33:25+00:00\",\"mainEntityOfPage\":{\"@id\":\"https:\\\/\\\/diariodelsurdigital.com.ar\\\/?p=7038\"},\"wordCount\":699,\"commentCount\":0,\"image\":{\"@id\":\"https:\\\/\\\/diariodelsurdigital.com.ar\\\/?p=7038#primaryimage\"},\"thumbnailUrl\":\"https:\\\/\\\/diariodelsurdigital.com.ar\\\/wp-content\\\/uploads\\\/2026\\\/02\\\/md-34.webp\",\"articleSection\":[\"Internacionales\"],\"inLanguage\":\"es\",\"potentialAction\":[{\"@type\":\"CommentAction\",\"name\":\"Comment\",\"target\":[\"https:\\\/\\\/diariodelsurdigital.com.ar\\\/?p=7038#respond\"]}]},{\"@type\":\"WebPage\",\"@id\":\"https:\\\/\\\/diariodelsurdigital.com.ar\\\/?p=7038\",\"url\":\"https:\\\/\\\/diariodelsurdigital.com.ar\\\/?p=7038\",\"name\":\"Uruguay ultima detalles para comenzar a implementar la ley de eutanasia - Diario del Sur\",\"isPartOf\":{\"@id\":\"https:\\\/\\\/diariodelsurdigital.com.ar\\\/#website\"},\"primaryImageOfPage\":{\"@id\":\"https:\\\/\\\/diariodelsurdigital.com.ar\\\/?p=7038#primaryimage\"},\"image\":{\"@id\":\"https:\\\/\\\/diariodelsurdigital.com.ar\\\/?p=7038#primaryimage\"},\"thumbnailUrl\":\"https:\\\/\\\/diariodelsurdigital.com.ar\\\/wp-content\\\/uploads\\\/2026\\\/02\\\/md-34.webp\",\"datePublished\":\"2026-02-18T13:33:24+00:00\",\"dateModified\":\"2026-02-18T13:33:25+00:00\",\"author\":{\"@id\":\"https:\\\/\\\/diariodelsurdigital.com.ar\\\/#\\\/schema\\\/person\\\/1a4992532ed62965c968031b49195c81\"},\"breadcrumb\":{\"@id\":\"https:\\\/\\\/diariodelsurdigital.com.ar\\\/?p=7038#breadcrumb\"},\"inLanguage\":\"es\",\"potentialAction\":[{\"@type\":\"ReadAction\",\"target\":[\"https:\\\/\\\/diariodelsurdigital.com.ar\\\/?p=7038\"]}]},{\"@type\":\"ImageObject\",\"inLanguage\":\"es\",\"@id\":\"https:\\\/\\\/diariodelsurdigital.com.ar\\\/?p=7038#primaryimage\",\"url\":\"https:\\\/\\\/diariodelsurdigital.com.ar\\\/wp-content\\\/uploads\\\/2026\\\/02\\\/md-34.webp\",\"contentUrl\":\"https:\\\/\\\/diariodelsurdigital.com.ar\\\/wp-content\\\/uploads\\\/2026\\\/02\\\/md-34.webp\",\"width\":992,\"height\":557},{\"@type\":\"BreadcrumbList\",\"@id\":\"https:\\\/\\\/diariodelsurdigital.com.ar\\\/?p=7038#breadcrumb\",\"itemListElement\":[{\"@type\":\"ListItem\",\"position\":1,\"name\":\"Portada\",\"item\":\"https:\\\/\\\/diariodelsurdigital.com.ar\\\/\"},{\"@type\":\"ListItem\",\"position\":2,\"name\":\"Uruguay ultima detalles para comenzar a implementar la ley de eutanasia\"}]},{\"@type\":\"WebSite\",\"@id\":\"https:\\\/\\\/diariodelsurdigital.com.ar\\\/#website\",\"url\":\"https:\\\/\\\/diariodelsurdigital.com.ar\\\/\",\"name\":\"Diario del Sur\",\"description\":\"Digital\",\"potentialAction\":[{\"@type\":\"SearchAction\",\"target\":{\"@type\":\"EntryPoint\",\"urlTemplate\":\"https:\\\/\\\/diariodelsurdigital.com.ar\\\/?s={search_term_string}\"},\"query-input\":{\"@type\":\"PropertyValueSpecification\",\"valueRequired\":true,\"valueName\":\"search_term_string\"}}],\"inLanguage\":\"es\"},{\"@type\":\"Person\",\"@id\":\"https:\\\/\\\/diariodelsurdigital.com.ar\\\/#\\\/schema\\\/person\\\/1a4992532ed62965c968031b49195c81\",\"name\":\"Diario del Sur Digital\",\"image\":{\"@type\":\"ImageObject\",\"inLanguage\":\"es\",\"@id\":\"https:\\\/\\\/secure.gravatar.com\\\/avatar\\\/f0c7c47fc7146d19828273b9b8eda651c9c7ab583767e6338d3d3bee825adf76?s=96&d=mm&r=g\",\"url\":\"https:\\\/\\\/secure.gravatar.com\\\/avatar\\\/f0c7c47fc7146d19828273b9b8eda651c9c7ab583767e6338d3d3bee825adf76?s=96&d=mm&r=g\",\"contentUrl\":\"https:\\\/\\\/secure.gravatar.com\\\/avatar\\\/f0c7c47fc7146d19828273b9b8eda651c9c7ab583767e6338d3d3bee825adf76?s=96&d=mm&r=g\",\"caption\":\"Diario del Sur Digital\"},\"url\":\"https:\\\/\\\/diariodelsurdigital.com.ar\\\/?author=4\"}]}<\/script>\n<!-- \/ Yoast SEO plugin. -->","yoast_head_json":{"title":"Uruguay ultima detalles para comenzar a implementar la ley de eutanasia - Diario del Sur","robots":{"index":"index","follow":"follow","max-snippet":"max-snippet:-1","max-image-preview":"max-image-preview:large","max-video-preview":"max-video-preview:-1"},"canonical":"https:\/\/diariodelsurdigital.com.ar\/?p=7038","og_locale":"es_ES","og_type":"article","og_title":"Uruguay ultima detalles para comenzar a implementar la ley de eutanasia - Diario del Sur","og_description":"El Ministerio de Salud P\u00fablica (MSP) ultima detalles de la reglamentaci\u00f3n de la eutanasia en Uruguay, luego de su aprobaci\u00f3n en el Parlamento en octubre pasado, y apunta a comenzar su implementaci\u00f3n en abril. Con la aprobaci\u00f3n del proyecto en el Parlamento en octubre, gracias al apoyo de legisladores de los tres principales partidos, Uruguay [&hellip;]","og_url":"https:\/\/diariodelsurdigital.com.ar\/?p=7038","og_site_name":"Diario del Sur","article_published_time":"2026-02-18T13:33:24+00:00","article_modified_time":"2026-02-18T13:33:25+00:00","og_image":[{"width":992,"height":557,"url":"https:\/\/diariodelsurdigital.com.ar\/wp-content\/uploads\/2026\/02\/md-34.webp","type":"image\/webp"}],"author":"Diario del Sur Digital","twitter_card":"summary_large_image","twitter_misc":{"Escrito por":"Diario del Sur Digital","Tiempo de lectura":"4 minutos"},"schema":{"@context":"https:\/\/schema.org","@graph":[{"@type":"Article","@id":"https:\/\/diariodelsurdigital.com.ar\/?p=7038#article","isPartOf":{"@id":"https:\/\/diariodelsurdigital.com.ar\/?p=7038"},"author":{"name":"Diario del Sur Digital","@id":"https:\/\/diariodelsurdigital.com.ar\/#\/schema\/person\/1a4992532ed62965c968031b49195c81"},"headline":"Uruguay ultima detalles para comenzar a implementar la ley de eutanasia","datePublished":"2026-02-18T13:33:24+00:00","dateModified":"2026-02-18T13:33:25+00:00","mainEntityOfPage":{"@id":"https:\/\/diariodelsurdigital.com.ar\/?p=7038"},"wordCount":699,"commentCount":0,"image":{"@id":"https:\/\/diariodelsurdigital.com.ar\/?p=7038#primaryimage"},"thumbnailUrl":"https:\/\/diariodelsurdigital.com.ar\/wp-content\/uploads\/2026\/02\/md-34.webp","articleSection":["Internacionales"],"inLanguage":"es","potentialAction":[{"@type":"CommentAction","name":"Comment","target":["https:\/\/diariodelsurdigital.com.ar\/?p=7038#respond"]}]},{"@type":"WebPage","@id":"https:\/\/diariodelsurdigital.com.ar\/?p=7038","url":"https:\/\/diariodelsurdigital.com.ar\/?p=7038","name":"Uruguay ultima detalles para comenzar a implementar la ley de eutanasia - Diario del Sur","isPartOf":{"@id":"https:\/\/diariodelsurdigital.com.ar\/#website"},"primaryImageOfPage":{"@id":"https:\/\/diariodelsurdigital.com.ar\/?p=7038#primaryimage"},"image":{"@id":"https:\/\/diariodelsurdigital.com.ar\/?p=7038#primaryimage"},"thumbnailUrl":"https:\/\/diariodelsurdigital.com.ar\/wp-content\/uploads\/2026\/02\/md-34.webp","datePublished":"2026-02-18T13:33:24+00:00","dateModified":"2026-02-18T13:33:25+00:00","author":{"@id":"https:\/\/diariodelsurdigital.com.ar\/#\/schema\/person\/1a4992532ed62965c968031b49195c81"},"breadcrumb":{"@id":"https:\/\/diariodelsurdigital.com.ar\/?p=7038#breadcrumb"},"inLanguage":"es","potentialAction":[{"@type":"ReadAction","target":["https:\/\/diariodelsurdigital.com.ar\/?p=7038"]}]},{"@type":"ImageObject","inLanguage":"es","@id":"https:\/\/diariodelsurdigital.com.ar\/?p=7038#primaryimage","url":"https:\/\/diariodelsurdigital.com.ar\/wp-content\/uploads\/2026\/02\/md-34.webp","contentUrl":"https:\/\/diariodelsurdigital.com.ar\/wp-content\/uploads\/2026\/02\/md-34.webp","width":992,"height":557},{"@type":"BreadcrumbList","@id":"https:\/\/diariodelsurdigital.com.ar\/?p=7038#breadcrumb","itemListElement":[{"@type":"ListItem","position":1,"name":"Portada","item":"https:\/\/diariodelsurdigital.com.ar\/"},{"@type":"ListItem","position":2,"name":"Uruguay ultima detalles para comenzar a implementar la ley de eutanasia"}]},{"@type":"WebSite","@id":"https:\/\/diariodelsurdigital.com.ar\/#website","url":"https:\/\/diariodelsurdigital.com.ar\/","name":"Diario del Sur","description":"Digital","potentialAction":[{"@type":"SearchAction","target":{"@type":"EntryPoint","urlTemplate":"https:\/\/diariodelsurdigital.com.ar\/?s={search_term_string}"},"query-input":{"@type":"PropertyValueSpecification","valueRequired":true,"valueName":"search_term_string"}}],"inLanguage":"es"},{"@type":"Person","@id":"https:\/\/diariodelsurdigital.com.ar\/#\/schema\/person\/1a4992532ed62965c968031b49195c81","name":"Diario del Sur Digital","image":{"@type":"ImageObject","inLanguage":"es","@id":"https:\/\/secure.gravatar.com\/avatar\/f0c7c47fc7146d19828273b9b8eda651c9c7ab583767e6338d3d3bee825adf76?s=96&d=mm&r=g","url":"https:\/\/secure.gravatar.com\/avatar\/f0c7c47fc7146d19828273b9b8eda651c9c7ab583767e6338d3d3bee825adf76?s=96&d=mm&r=g","contentUrl":"https:\/\/secure.gravatar.com\/avatar\/f0c7c47fc7146d19828273b9b8eda651c9c7ab583767e6338d3d3bee825adf76?s=96&d=mm&r=g","caption":"Diario del Sur Digital"},"url":"https:\/\/diariodelsurdigital.com.ar\/?author=4"}]}},"_links":{"self":[{"href":"https:\/\/diariodelsurdigital.com.ar\/index.php?rest_route=\/wp\/v2\/posts\/7038","targetHints":{"allow":["GET"]}}],"collection":[{"href":"https:\/\/diariodelsurdigital.com.ar\/index.php?rest_route=\/wp\/v2\/posts"}],"about":[{"href":"https:\/\/diariodelsurdigital.com.ar\/index.php?rest_route=\/wp\/v2\/types\/post"}],"author":[{"embeddable":true,"href":"https:\/\/diariodelsurdigital.com.ar\/index.php?rest_route=\/wp\/v2\/users\/4"}],"replies":[{"embeddable":true,"href":"https:\/\/diariodelsurdigital.com.ar\/index.php?rest_route=%2Fwp%2Fv2%2Fcomments&post=7038"}],"version-history":[{"count":1,"href":"https:\/\/diariodelsurdigital.com.ar\/index.php?rest_route=\/wp\/v2\/posts\/7038\/revisions"}],"predecessor-version":[{"id":7040,"href":"https:\/\/diariodelsurdigital.com.ar\/index.php?rest_route=\/wp\/v2\/posts\/7038\/revisions\/7040"}],"wp:featuredmedia":[{"embeddable":true,"href":"https:\/\/diariodelsurdigital.com.ar\/index.php?rest_route=\/wp\/v2\/media\/7039"}],"wp:attachment":[{"href":"https:\/\/diariodelsurdigital.com.ar\/index.php?rest_route=%2Fwp%2Fv2%2Fmedia&parent=7038"}],"wp:term":[{"taxonomy":"category","embeddable":true,"href":"https:\/\/diariodelsurdigital.com.ar\/index.php?rest_route=%2Fwp%2Fv2%2Fcategories&post=7038"},{"taxonomy":"post_tag","embeddable":true,"href":"https:\/\/diariodelsurdigital.com.ar\/index.php?rest_route=%2Fwp%2Fv2%2Ftags&post=7038"}],"curies":[{"name":"wp","href":"https:\/\/api.w.org\/{rel}","templated":true}]}}