{"id":7044,"date":"2026-02-18T10:37:49","date_gmt":"2026-02-18T13:37:49","guid":{"rendered":"https:\/\/diariodelsurdigital.com.ar\/?p=7044"},"modified":"2026-02-18T10:37:50","modified_gmt":"2026-02-18T13:37:50","slug":"fate-anuncio-su-cierre-definitivo-despedira-a-sus-920-empleados-y-deja-de-producir","status":"publish","type":"post","link":"https:\/\/diariodelsurdigital.com.ar\/?p=7044","title":{"rendered":"Fate anunci\u00f3 su cierre definitivo: despedir\u00e1 a sus 920 empleados y deja de producir"},"content":{"rendered":"\n<p>La marca argentina de la familia Madanes Quintanilla tiene 80 a\u00f1os de vida. Es la primera compa\u00f1\u00eda grande que abandona su actividad en los \u00faltimos a\u00f1os. Seg\u00fan allegados, todos los trabajadores ser\u00e1n indemnizados.<\/p>\n\n\n\n<p><\/p>\n\n\n\n<p>Fate anunci\u00f3 el cierre definitivo de su actividad como fabricante de neum\u00e1ticos. La empresa argentina, propiedad de la familia Madanes Quintanilla y con m\u00e1s de ocho d\u00e9cadas de trayectoria, despedir\u00e1 a la totalidad de sus 920 empleados, liquidar\u00e1 su negocio y clausurar\u00e1 su planta industrial de la localidad de Virreyes, en el partido bonaerense de San Fernando.<\/p>\n\n\n\n<p>No se trata de un concurso de acreedores ni de un proceso preventivo, figura legal a la que la firma que dirige Javier Madanes \u2013tambi\u00e9n due\u00f1o de Aluar\u2013 ya adhiri\u00f3 en 2019.<\/p>\n\n\n\n<p>Un allegado precis\u00f3 a Infobae: \u201cEs un cierre definitivo y se le paga a todo el mundo lo que corresponde. A empleados, proveedores, bancos. Se liquida todo y se baja la persiana\u201d. La noticia llega en un contexto de creciente crisis para el sector industrial local en general, con fuerte impacto por la apertura econ\u00f3mica y el ingreso de productos importados al pa\u00eds. Uno de ellos, los neum\u00e1ticos. \u201cHace 30 a\u00f1os que la empresa pierde plata, pero la invasi\u00f3n de cubiertas chinas cambi\u00f3 todo\u201d, agreg\u00f3 la fuente.<\/p>\n\n\n\n<p>As\u00ed, en principio, la empresa, que naci\u00f3 en 1940, indemnizar\u00e1 a todos sus trabajadores seg\u00fan las condiciones de la ley vigente.<\/p>\n\n\n\n<p>En un breve comunicado, la empresa explic\u00f3 que \u201clos cambios en las condiciones de mercado nos obligan a encarar los desaf\u00edos futuros desde un enfoque diferente, sin dejar de valorar la vocaci\u00f3n industrial que nos ha definido siempre durante todo este tiempo\u201d. Es la \u00fanica referencia que se realiz\u00f3 sobre los motivos del dr\u00e1stico cierre.<\/p>\n\n\n\n<p>En ese texto, firmado por \u201cel Directorio\u201d y fechado hoy, la empresa subray\u00f3 su liderazgo industrial, cimentado en \u201cla inversi\u00f3n permanente, el desarrollo tecnol\u00f3gico de avanzada y un compromiso inquebrantable con la calidad\u201d. Indic\u00f3 tambi\u00e9n que fueron pioneros en abastecer el mercado de neum\u00e1ticos radiales y que supieron mantener una fuerte presencia exportadora en mercados como Europa, Estados Unidos y Am\u00e9rica Latina.<\/p>\n\n\n\n<p>\u201cFate es una empresa de capitales argentinos que durante m\u00e1s de ochenta a\u00f1os gener\u00f3 empleo de calidad, desarroll\u00f3 proveedores locales, export\u00f3 tecnolog\u00eda y contribuy\u00f3 al entramado productivo del pa\u00eds. Esa identidad nos define y nos acompa\u00f1ar\u00e1 en los desaf\u00edos que se presenten hacia adelante, expresaron.<\/p>\n\n\n\n<p>El comunicado no incluy\u00f3 declaraciones de Madanes Quintanilla, nieto de Leiser Madanes, un inmigrante polaco que lleg\u00f3 al pa\u00eds a comienzos del siglo XX y comenz\u00f3 su negocio como vendedor ambulante de pilotines de hule en Once.<\/p>\n\n\n\n<p>Seg\u00fan datos de Forbes Argentina y su ranking de 2024, el patrimonio personal de Madanes asciende a unos USD 1.500 millones. Una fuente cercana revel\u00f3: \u201cJavier est\u00e1 destrozado, hoy es un d\u00eda de luto\u201d.<\/p>\n\n\n\n<p>Crisis<br>S\u00ed hubo m\u00e1s detalles sobre el contexto que afectaba a la compa\u00f1\u00eda en un comunicado emitido en mayo de 2024, cuando la empresa despidi\u00f3 a 97 trabajadores por una \u201csostenida p\u00e9rdida de competitividad exportadora\u201d.<\/p>\n\n\n\n<p>Fate \u2013que es acr\u00f3nimo de F\u00e1brica Argentina de Telas Engomadas\u2013 se\u00f1al\u00f3 en ese momento que su actividad estaba expuesta a factores muy negativos que incrementan severamente el costo de su producci\u00f3n. Mencion\u00f3 \u201cabusiva sobrecarga impositiva, restricciones cambiarias para el pago de insumos del exterior, deficiente infraestructura, sobrecostos derivados de la legislaci\u00f3n del trabajo, baja productividad laboral, ausentismo, elevada conflictividad gremial\u201d.<\/p>\n\n\n\n<p>La empresa denunci\u00f3 tambi\u00e9n \u201cescandalosas asimetr\u00edas\u201d en el comercio exterior. Seg\u00fan comunic\u00f3: \u201cComo efecto de estas asimetr\u00edas, el costo final de los productos que manufactura la empresa es muy superior al de neum\u00e1ticos fabricados en otros pa\u00edses. La consecuencia es una brecha de competitividad insalvable que torna imposible continuar exportando los productos que la empresa fabrica en la Argentina a mercados en los que nuestra marca est\u00e1 presente desde hace d\u00e9cadas\u201d.<\/p>\n\n\n\n<p>En 2022, el sector estuvo envuelto en un prolongado conflicto con el Sindicato \u00fanico de Trabajadores del Neum\u00e1tico de la Argentina (Sutna). Se detuvieron las plantas de las tres empresas fabricantes del pa\u00eds \u2014Fate, Pirelli y Bridgestone\u2014 y Madanes calific\u00f3 la situaci\u00f3n como \u201cneo-anarquismo que impide producir\u201d, responsabiliz\u00f3 al gremio y apunt\u00f3 contra el Partido Obrero.<\/p>\n\n\n\n<p>El a\u00f1o pasado, en La f\u00e1brica podcast, anticip\u00f3 que el cepo cambiario se mantendr\u00eda \u201cpor mucho tiempo\u201d en el pa\u00eds y sostuvo que la reducci\u00f3n de la brecha entre el d\u00f3lar oficial y el contado con liqui generaba \u201cincomodidad\u201d. Sus declaraciones recibieron la respuesta del ministro de Econom\u00eda, Luis Caputo, y del entonces referente de La Libertad Avanza (LLA), Jos\u00e9 Luis Espert.<\/p>\n\n\n\n<p>En septiembre pasado, durante el D\u00eda de la Industria, la vicepresidenta Victoria Villarruel visit\u00f3 la planta de Fate y vivi\u00f3 un tenso momento con Alejandro Crespo, l\u00edder del Sutna. Con Madanes Quintanilla presente, el sindicalista entreg\u00f3 a Villarruel un documento que cuestionaba la apertura de las importaciones \u201cutilizadas por las patronales para producir despidos y todo tipo de desvinculaciones\u201d.<\/p>\n\n\n\n<p>No est\u00e1 claro a\u00fan el destino del predio donde funciona la planta de San Fernando, una instalaci\u00f3n de m\u00e1s de 157.000 metros cuadrados (1.690.000 pies cuadrados) en un terreno de 40 hect\u00e1reas (99 acres), con capacidad productiva de m\u00e1s de 5 millones de cubiertas por a\u00f1o.<\/p>\n\n\n\n<p>Seg\u00fan detall\u00f3 Infobae a mediados de 2025, un r\u00e9cord de importaciones hab\u00eda obligado a las marcas nacionales de neum\u00e1ticos a bajar sus precios hasta un 15 por ciento. Un dato de esos d\u00edas anticip\u00f3 lo que vendr\u00eda para el sector: en mayo entraron al pa\u00eds m\u00e1s de 860.000 cubiertas provenientes del exterior. Fue la cifra m\u00e1s alta para un solo mes en m\u00e1s de dos d\u00e9cadas.<\/p>\n","protected":false},"excerpt":{"rendered":"<p>La marca argentina de la familia Madanes Quintanilla tiene 80 a\u00f1os de vida. Es la primera compa\u00f1\u00eda grande que abandona su actividad en los \u00faltimos a\u00f1os. Seg\u00fan allegados, todos los trabajadores ser\u00e1n indemnizados. Fate anunci\u00f3 el cierre definitivo de su actividad como fabricante de neum\u00e1ticos. La empresa argentina, propiedad de la familia Madanes Quintanilla y [&hellip;]<\/p>\n","protected":false},"author":4,"featured_media":7045,"comment_status":"open","ping_status":"open","sticky":false,"template":"","format":"standard","meta":{"footnotes":""},"categories":[19,18],"tags":[],"class_list":{"0":"post-7044","1":"post","2":"type-post","3":"status-publish","4":"format-standard","5":"has-post-thumbnail","7":"category-interes-general","8":"category-nacionales"},"yoast_head":"<!-- This site is optimized with the Yoast SEO plugin v27.4 - https:\/\/yoast.com\/product\/yoast-seo-wordpress\/ -->\n<title>Fate anunci\u00f3 su cierre definitivo: despedir\u00e1 a sus 920 empleados y deja de producir - Diario del Sur<\/title>\n<meta name=\"robots\" content=\"index, follow, max-snippet:-1, max-image-preview:large, max-video-preview:-1\" \/>\n<link rel=\"canonical\" href=\"https:\/\/diariodelsurdigital.com.ar\/?p=7044\" \/>\n<meta property=\"og:locale\" content=\"es_ES\" \/>\n<meta property=\"og:type\" content=\"article\" \/>\n<meta property=\"og:title\" content=\"Fate anunci\u00f3 su cierre definitivo: despedir\u00e1 a sus 920 empleados y deja de producir - Diario del Sur\" \/>\n<meta property=\"og:description\" content=\"La marca argentina de la familia Madanes Quintanilla tiene 80 a\u00f1os de vida. Es la primera compa\u00f1\u00eda grande que abandona su actividad en los \u00faltimos a\u00f1os. Seg\u00fan allegados, todos los trabajadores ser\u00e1n indemnizados. Fate anunci\u00f3 el cierre definitivo de su actividad como fabricante de neum\u00e1ticos. La empresa argentina, propiedad de la familia Madanes Quintanilla y [&hellip;]\" \/>\n<meta property=\"og:url\" content=\"https:\/\/diariodelsurdigital.com.ar\/?p=7044\" \/>\n<meta property=\"og:site_name\" content=\"Diario del Sur\" \/>\n<meta property=\"article:published_time\" content=\"2026-02-18T13:37:49+00:00\" \/>\n<meta property=\"article:modified_time\" content=\"2026-02-18T13:37:50+00:00\" \/>\n<meta property=\"og:image\" content=\"https:\/\/diariodelsurdigital.com.ar\/wp-content\/uploads\/2026\/02\/md-36.webp\" \/>\n\t<meta property=\"og:image:width\" content=\"992\" \/>\n\t<meta property=\"og:image:height\" content=\"746\" \/>\n\t<meta property=\"og:image:type\" content=\"image\/webp\" \/>\n<meta name=\"author\" content=\"Diario del Sur Digital\" \/>\n<meta name=\"twitter:card\" content=\"summary_large_image\" \/>\n<meta name=\"twitter:label1\" content=\"Escrito por\" \/>\n\t<meta name=\"twitter:data1\" content=\"Diario del Sur Digital\" \/>\n\t<meta name=\"twitter:label2\" content=\"Tiempo de lectura\" \/>\n\t<meta name=\"twitter:data2\" content=\"5 minutos\" \/>\n<script type=\"application\/ld+json\" class=\"yoast-schema-graph\">{\"@context\":\"https:\\\/\\\/schema.org\",\"@graph\":[{\"@type\":\"Article\",\"@id\":\"https:\\\/\\\/diariodelsurdigital.com.ar\\\/?p=7044#article\",\"isPartOf\":{\"@id\":\"https:\\\/\\\/diariodelsurdigital.com.ar\\\/?p=7044\"},\"author\":{\"name\":\"Diario del Sur Digital\",\"@id\":\"https:\\\/\\\/diariodelsurdigital.com.ar\\\/#\\\/schema\\\/person\\\/1a4992532ed62965c968031b49195c81\"},\"headline\":\"Fate anunci\u00f3 su cierre definitivo: despedir\u00e1 a sus 920 empleados y deja de producir\",\"datePublished\":\"2026-02-18T13:37:49+00:00\",\"dateModified\":\"2026-02-18T13:37:50+00:00\",\"mainEntityOfPage\":{\"@id\":\"https:\\\/\\\/diariodelsurdigital.com.ar\\\/?p=7044\"},\"wordCount\":989,\"commentCount\":0,\"image\":{\"@id\":\"https:\\\/\\\/diariodelsurdigital.com.ar\\\/?p=7044#primaryimage\"},\"thumbnailUrl\":\"https:\\\/\\\/diariodelsurdigital.com.ar\\\/wp-content\\\/uploads\\\/2026\\\/02\\\/md-36.webp\",\"articleSection\":[\"Inter\u00e9s General\",\"Nacionales\"],\"inLanguage\":\"es\",\"potentialAction\":[{\"@type\":\"CommentAction\",\"name\":\"Comment\",\"target\":[\"https:\\\/\\\/diariodelsurdigital.com.ar\\\/?p=7044#respond\"]}]},{\"@type\":\"WebPage\",\"@id\":\"https:\\\/\\\/diariodelsurdigital.com.ar\\\/?p=7044\",\"url\":\"https:\\\/\\\/diariodelsurdigital.com.ar\\\/?p=7044\",\"name\":\"Fate anunci\u00f3 su cierre definitivo: despedir\u00e1 a sus 920 empleados y deja de producir - Diario del Sur\",\"isPartOf\":{\"@id\":\"https:\\\/\\\/diariodelsurdigital.com.ar\\\/#website\"},\"primaryImageOfPage\":{\"@id\":\"https:\\\/\\\/diariodelsurdigital.com.ar\\\/?p=7044#primaryimage\"},\"image\":{\"@id\":\"https:\\\/\\\/diariodelsurdigital.com.ar\\\/?p=7044#primaryimage\"},\"thumbnailUrl\":\"https:\\\/\\\/diariodelsurdigital.com.ar\\\/wp-content\\\/uploads\\\/2026\\\/02\\\/md-36.webp\",\"datePublished\":\"2026-02-18T13:37:49+00:00\",\"dateModified\":\"2026-02-18T13:37:50+00:00\",\"author\":{\"@id\":\"https:\\\/\\\/diariodelsurdigital.com.ar\\\/#\\\/schema\\\/person\\\/1a4992532ed62965c968031b49195c81\"},\"breadcrumb\":{\"@id\":\"https:\\\/\\\/diariodelsurdigital.com.ar\\\/?p=7044#breadcrumb\"},\"inLanguage\":\"es\",\"potentialAction\":[{\"@type\":\"ReadAction\",\"target\":[\"https:\\\/\\\/diariodelsurdigital.com.ar\\\/?p=7044\"]}]},{\"@type\":\"ImageObject\",\"inLanguage\":\"es\",\"@id\":\"https:\\\/\\\/diariodelsurdigital.com.ar\\\/?p=7044#primaryimage\",\"url\":\"https:\\\/\\\/diariodelsurdigital.com.ar\\\/wp-content\\\/uploads\\\/2026\\\/02\\\/md-36.webp\",\"contentUrl\":\"https:\\\/\\\/diariodelsurdigital.com.ar\\\/wp-content\\\/uploads\\\/2026\\\/02\\\/md-36.webp\",\"width\":992,\"height\":746},{\"@type\":\"BreadcrumbList\",\"@id\":\"https:\\\/\\\/diariodelsurdigital.com.ar\\\/?p=7044#breadcrumb\",\"itemListElement\":[{\"@type\":\"ListItem\",\"position\":1,\"name\":\"Portada\",\"item\":\"https:\\\/\\\/diariodelsurdigital.com.ar\\\/\"},{\"@type\":\"ListItem\",\"position\":2,\"name\":\"Fate anunci\u00f3 su cierre definitivo: despedir\u00e1 a sus 920 empleados y deja de producir\"}]},{\"@type\":\"WebSite\",\"@id\":\"https:\\\/\\\/diariodelsurdigital.com.ar\\\/#website\",\"url\":\"https:\\\/\\\/diariodelsurdigital.com.ar\\\/\",\"name\":\"Diario del Sur\",\"description\":\"Digital\",\"potentialAction\":[{\"@type\":\"SearchAction\",\"target\":{\"@type\":\"EntryPoint\",\"urlTemplate\":\"https:\\\/\\\/diariodelsurdigital.com.ar\\\/?s={search_term_string}\"},\"query-input\":{\"@type\":\"PropertyValueSpecification\",\"valueRequired\":true,\"valueName\":\"search_term_string\"}}],\"inLanguage\":\"es\"},{\"@type\":\"Person\",\"@id\":\"https:\\\/\\\/diariodelsurdigital.com.ar\\\/#\\\/schema\\\/person\\\/1a4992532ed62965c968031b49195c81\",\"name\":\"Diario del Sur Digital\",\"image\":{\"@type\":\"ImageObject\",\"inLanguage\":\"es\",\"@id\":\"https:\\\/\\\/secure.gravatar.com\\\/avatar\\\/f0c7c47fc7146d19828273b9b8eda651c9c7ab583767e6338d3d3bee825adf76?s=96&d=mm&r=g\",\"url\":\"https:\\\/\\\/secure.gravatar.com\\\/avatar\\\/f0c7c47fc7146d19828273b9b8eda651c9c7ab583767e6338d3d3bee825adf76?s=96&d=mm&r=g\",\"contentUrl\":\"https:\\\/\\\/secure.gravatar.com\\\/avatar\\\/f0c7c47fc7146d19828273b9b8eda651c9c7ab583767e6338d3d3bee825adf76?s=96&d=mm&r=g\",\"caption\":\"Diario del Sur Digital\"},\"url\":\"https:\\\/\\\/diariodelsurdigital.com.ar\\\/?author=4\"}]}<\/script>\n<!-- \/ Yoast SEO plugin. -->","yoast_head_json":{"title":"Fate anunci\u00f3 su cierre definitivo: despedir\u00e1 a sus 920 empleados y deja de producir - Diario del Sur","robots":{"index":"index","follow":"follow","max-snippet":"max-snippet:-1","max-image-preview":"max-image-preview:large","max-video-preview":"max-video-preview:-1"},"canonical":"https:\/\/diariodelsurdigital.com.ar\/?p=7044","og_locale":"es_ES","og_type":"article","og_title":"Fate anunci\u00f3 su cierre definitivo: despedir\u00e1 a sus 920 empleados y deja de producir - Diario del Sur","og_description":"La marca argentina de la familia Madanes Quintanilla tiene 80 a\u00f1os de vida. Es la primera compa\u00f1\u00eda grande que abandona su actividad en los \u00faltimos a\u00f1os. Seg\u00fan allegados, todos los trabajadores ser\u00e1n indemnizados. Fate anunci\u00f3 el cierre definitivo de su actividad como fabricante de neum\u00e1ticos. La empresa argentina, propiedad de la familia Madanes Quintanilla y [&hellip;]","og_url":"https:\/\/diariodelsurdigital.com.ar\/?p=7044","og_site_name":"Diario del Sur","article_published_time":"2026-02-18T13:37:49+00:00","article_modified_time":"2026-02-18T13:37:50+00:00","og_image":[{"width":992,"height":746,"url":"https:\/\/diariodelsurdigital.com.ar\/wp-content\/uploads\/2026\/02\/md-36.webp","type":"image\/webp"}],"author":"Diario del Sur Digital","twitter_card":"summary_large_image","twitter_misc":{"Escrito por":"Diario del Sur Digital","Tiempo de lectura":"5 minutos"},"schema":{"@context":"https:\/\/schema.org","@graph":[{"@type":"Article","@id":"https:\/\/diariodelsurdigital.com.ar\/?p=7044#article","isPartOf":{"@id":"https:\/\/diariodelsurdigital.com.ar\/?p=7044"},"author":{"name":"Diario del Sur Digital","@id":"https:\/\/diariodelsurdigital.com.ar\/#\/schema\/person\/1a4992532ed62965c968031b49195c81"},"headline":"Fate anunci\u00f3 su cierre definitivo: despedir\u00e1 a sus 920 empleados y deja de producir","datePublished":"2026-02-18T13:37:49+00:00","dateModified":"2026-02-18T13:37:50+00:00","mainEntityOfPage":{"@id":"https:\/\/diariodelsurdigital.com.ar\/?p=7044"},"wordCount":989,"commentCount":0,"image":{"@id":"https:\/\/diariodelsurdigital.com.ar\/?p=7044#primaryimage"},"thumbnailUrl":"https:\/\/diariodelsurdigital.com.ar\/wp-content\/uploads\/2026\/02\/md-36.webp","articleSection":["Inter\u00e9s General","Nacionales"],"inLanguage":"es","potentialAction":[{"@type":"CommentAction","name":"Comment","target":["https:\/\/diariodelsurdigital.com.ar\/?p=7044#respond"]}]},{"@type":"WebPage","@id":"https:\/\/diariodelsurdigital.com.ar\/?p=7044","url":"https:\/\/diariodelsurdigital.com.ar\/?p=7044","name":"Fate anunci\u00f3 su cierre definitivo: despedir\u00e1 a sus 920 empleados y deja de producir - Diario del Sur","isPartOf":{"@id":"https:\/\/diariodelsurdigital.com.ar\/#website"},"primaryImageOfPage":{"@id":"https:\/\/diariodelsurdigital.com.ar\/?p=7044#primaryimage"},"image":{"@id":"https:\/\/diariodelsurdigital.com.ar\/?p=7044#primaryimage"},"thumbnailUrl":"https:\/\/diariodelsurdigital.com.ar\/wp-content\/uploads\/2026\/02\/md-36.webp","datePublished":"2026-02-18T13:37:49+00:00","dateModified":"2026-02-18T13:37:50+00:00","author":{"@id":"https:\/\/diariodelsurdigital.com.ar\/#\/schema\/person\/1a4992532ed62965c968031b49195c81"},"breadcrumb":{"@id":"https:\/\/diariodelsurdigital.com.ar\/?p=7044#breadcrumb"},"inLanguage":"es","potentialAction":[{"@type":"ReadAction","target":["https:\/\/diariodelsurdigital.com.ar\/?p=7044"]}]},{"@type":"ImageObject","inLanguage":"es","@id":"https:\/\/diariodelsurdigital.com.ar\/?p=7044#primaryimage","url":"https:\/\/diariodelsurdigital.com.ar\/wp-content\/uploads\/2026\/02\/md-36.webp","contentUrl":"https:\/\/diariodelsurdigital.com.ar\/wp-content\/uploads\/2026\/02\/md-36.webp","width":992,"height":746},{"@type":"BreadcrumbList","@id":"https:\/\/diariodelsurdigital.com.ar\/?p=7044#breadcrumb","itemListElement":[{"@type":"ListItem","position":1,"name":"Portada","item":"https:\/\/diariodelsurdigital.com.ar\/"},{"@type":"ListItem","position":2,"name":"Fate anunci\u00f3 su cierre definitivo: despedir\u00e1 a sus 920 empleados y deja de producir"}]},{"@type":"WebSite","@id":"https:\/\/diariodelsurdigital.com.ar\/#website","url":"https:\/\/diariodelsurdigital.com.ar\/","name":"Diario del Sur","description":"Digital","potentialAction":[{"@type":"SearchAction","target":{"@type":"EntryPoint","urlTemplate":"https:\/\/diariodelsurdigital.com.ar\/?s={search_term_string}"},"query-input":{"@type":"PropertyValueSpecification","valueRequired":true,"valueName":"search_term_string"}}],"inLanguage":"es"},{"@type":"Person","@id":"https:\/\/diariodelsurdigital.com.ar\/#\/schema\/person\/1a4992532ed62965c968031b49195c81","name":"Diario del Sur Digital","image":{"@type":"ImageObject","inLanguage":"es","@id":"https:\/\/secure.gravatar.com\/avatar\/f0c7c47fc7146d19828273b9b8eda651c9c7ab583767e6338d3d3bee825adf76?s=96&d=mm&r=g","url":"https:\/\/secure.gravatar.com\/avatar\/f0c7c47fc7146d19828273b9b8eda651c9c7ab583767e6338d3d3bee825adf76?s=96&d=mm&r=g","contentUrl":"https:\/\/secure.gravatar.com\/avatar\/f0c7c47fc7146d19828273b9b8eda651c9c7ab583767e6338d3d3bee825adf76?s=96&d=mm&r=g","caption":"Diario del Sur Digital"},"url":"https:\/\/diariodelsurdigital.com.ar\/?author=4"}]}},"_links":{"self":[{"href":"https:\/\/diariodelsurdigital.com.ar\/index.php?rest_route=\/wp\/v2\/posts\/7044","targetHints":{"allow":["GET"]}}],"collection":[{"href":"https:\/\/diariodelsurdigital.com.ar\/index.php?rest_route=\/wp\/v2\/posts"}],"about":[{"href":"https:\/\/diariodelsurdigital.com.ar\/index.php?rest_route=\/wp\/v2\/types\/post"}],"author":[{"embeddable":true,"href":"https:\/\/diariodelsurdigital.com.ar\/index.php?rest_route=\/wp\/v2\/users\/4"}],"replies":[{"embeddable":true,"href":"https:\/\/diariodelsurdigital.com.ar\/index.php?rest_route=%2Fwp%2Fv2%2Fcomments&post=7044"}],"version-history":[{"count":1,"href":"https:\/\/diariodelsurdigital.com.ar\/index.php?rest_route=\/wp\/v2\/posts\/7044\/revisions"}],"predecessor-version":[{"id":7046,"href":"https:\/\/diariodelsurdigital.com.ar\/index.php?rest_route=\/wp\/v2\/posts\/7044\/revisions\/7046"}],"wp:featuredmedia":[{"embeddable":true,"href":"https:\/\/diariodelsurdigital.com.ar\/index.php?rest_route=\/wp\/v2\/media\/7045"}],"wp:attachment":[{"href":"https:\/\/diariodelsurdigital.com.ar\/index.php?rest_route=%2Fwp%2Fv2%2Fmedia&parent=7044"}],"wp:term":[{"taxonomy":"category","embeddable":true,"href":"https:\/\/diariodelsurdigital.com.ar\/index.php?rest_route=%2Fwp%2Fv2%2Fcategories&post=7044"},{"taxonomy":"post_tag","embeddable":true,"href":"https:\/\/diariodelsurdigital.com.ar\/index.php?rest_route=%2Fwp%2Fv2%2Ftags&post=7044"}],"curies":[{"name":"wp","href":"https:\/\/api.w.org\/{rel}","templated":true}]}}