{"id":7053,"date":"2026-02-19T10:46:05","date_gmt":"2026-02-19T13:46:05","guid":{"rendered":"https:\/\/diariodelsurdigital.com.ar\/?p=7053"},"modified":"2026-02-19T10:46:06","modified_gmt":"2026-02-19T13:46:06","slug":"diputados-justicialistas-provinciales-sostuvieron-que-frigerio-tiene-una-mirada-que-no-se-condice-con-la-realidad","status":"publish","type":"post","link":"https:\/\/diariodelsurdigital.com.ar\/?p=7053","title":{"rendered":"Diputados justicialistas provinciales sostuvieron que Frigerio \u201ctiene una mirada que no se condice con la realidad\u201d"},"content":{"rendered":"\n<p>A trav\u00e9s de un comunicado, los legisladores manifestaron \u201cpreocupaci\u00f3n\u201d tras el discurso del mandatario en la apertura de las sesiones ordinarias. \u201cComo oposici\u00f3n, hemos acompa\u00f1ado responsablemente las herramientas que el Ejecutivo solicit\u00f3 a la Legislatura. Sin embargo, los problemas persisten y se sigue hablando del pasado para omitir las verdaderas causas de los problemas presentes\u201d.<\/p>\n\n\n\n<p>Comunicado completo de M\u00e1s Para Entre R\u00edos<\/p>\n\n\n\n<p>Desde el bloque de diputados y diputadas \u201cM\u00e1s Para Entre R\u00edos\u201d manifestamos nuestra profunda preocupaci\u00f3n ante la distancia que separa la agenda urgente de los entrerrianos de la descripci\u00f3n de la situaci\u00f3n provincial que hizo hoy el gobernador, y advertimos que Rogelio Frigerio tiene una mirada de la provincia que no se condice con la realidad.<\/p>\n\n\n\n<p>Escuchamos una extensa enumeraci\u00f3n de acciones de gobierno que en buena medida reiter\u00f3 aspectos se\u00f1alados en a\u00f1os anteriores, y que otra vez fueron presentados con un pretendido car\u00e1cter fundacional. Dentro de estas cuestiones no tuvieron la relevancia esperada temas centrales para vecinas y vecinos de nuestra provincia, y que impactan en una fuerte ca\u00edda del poder adquisitivo de los salarios, menor producci\u00f3n, freno de la econom\u00eda y menor calidad de los servicios p\u00fablicos. En cuanto a la ejecuci\u00f3n de obra p\u00fablica, con suerte representa una cuarta parte de los niveles de la gesti\u00f3n anterior, siendo casi nula la construcci\u00f3n de viviendas sociales, lo que consideramos el punto m\u00e1s cr\u00edtico de esta desinversi\u00f3n.<\/p>\n\n\n\n<p>Como oposici\u00f3n, hemos acompa\u00f1ado responsablemente las herramientas que el Ejecutivo solicit\u00f3 a la Legislatura para poner en marcha su plan de acci\u00f3n. Sin embargo, superada ya la mitad del mandato, los problemas persisten y se sigue hablando del pasado para omitir las verdaderas causas de los problemas presentes.<\/p>\n\n\n\n<p>Esta gesti\u00f3n provincial lleg\u00f3 al gobierno con expectativas y objetivos muy altos, pero transcurrido m\u00e1s de la mitad del mandato no encontramos ning\u00fan aspecto, en ninguna de las \u00e1reas del gobierno provincial, que sea superador a los gobiernos anteriores. Realmente hay que hacer un esfuerzo muy grande para intentar encontrar algo en lo que el gobierno de Frigerio se destaque.<\/p>\n\n\n\n<p>Reafirmamos nuestro compromiso de seguir aportando desde el rol legislativo para lograr las mejores leyes, incluyendo el anunciado debate sobre la reforma previsional, donde nuestra prioridad ser\u00e1 el resguardo de los derechos de los entrerrianos. Pero debemos se\u00f1alar que mientras la gesti\u00f3n provincial ignore que las mayores dificultades son consecuencia de decisiones de un gobierno nacional que desconoce por completo el car\u00e1cter federal del pa\u00eds, que destruye el entramado productivo y tambi\u00e9n las pol\u00edticas sociales, no hay posibilidades de construir un futuro mejor. Es evidente que all\u00ed, en las medidas del gobierno de Milei, est\u00e1 la verdadera causa de los problemas que aquejan a Frigerio y a todos los entrerrianos.<\/p>\n","protected":false},"excerpt":{"rendered":"<p>A trav\u00e9s de un comunicado, los legisladores manifestaron \u201cpreocupaci\u00f3n\u201d tras el discurso del mandatario en la apertura de las sesiones ordinarias. \u201cComo oposici\u00f3n, hemos acompa\u00f1ado responsablemente las herramientas que el Ejecutivo solicit\u00f3 a la Legislatura. Sin embargo, los problemas persisten y se sigue hablando del pasado para omitir las verdaderas causas de los problemas presentes\u201d. [&hellip;]<\/p>\n","protected":false},"author":4,"featured_media":7054,"comment_status":"open","ping_status":"open","sticky":false,"template":"","format":"standard","meta":{"footnotes":""},"categories":[22,17],"tags":[],"class_list":{"0":"post-7053","1":"post","2":"type-post","3":"status-publish","4":"format-standard","5":"has-post-thumbnail","7":"category-politica","8":"category-provinciales"},"yoast_head":"<!-- This site is optimized with the Yoast SEO plugin v27.4 - https:\/\/yoast.com\/product\/yoast-seo-wordpress\/ -->\n<title>Diputados justicialistas provinciales sostuvieron que Frigerio \u201ctiene una mirada que no se condice con la realidad\u201d - Diario del Sur<\/title>\n<meta name=\"robots\" content=\"index, follow, max-snippet:-1, max-image-preview:large, max-video-preview:-1\" \/>\n<link rel=\"canonical\" href=\"https:\/\/diariodelsurdigital.com.ar\/?p=7053\" \/>\n<meta property=\"og:locale\" content=\"es_ES\" \/>\n<meta property=\"og:type\" content=\"article\" \/>\n<meta property=\"og:title\" content=\"Diputados justicialistas provinciales sostuvieron que Frigerio \u201ctiene una mirada que no se condice con la realidad\u201d - Diario del Sur\" \/>\n<meta property=\"og:description\" content=\"A trav\u00e9s de un comunicado, los legisladores manifestaron \u201cpreocupaci\u00f3n\u201d tras el discurso del mandatario en la apertura de las sesiones ordinarias. \u201cComo oposici\u00f3n, hemos acompa\u00f1ado responsablemente las herramientas que el Ejecutivo solicit\u00f3 a la Legislatura. Sin embargo, los problemas persisten y se sigue hablando del pasado para omitir las verdaderas causas de los problemas presentes\u201d. [&hellip;]\" \/>\n<meta property=\"og:url\" content=\"https:\/\/diariodelsurdigital.com.ar\/?p=7053\" \/>\n<meta property=\"og:site_name\" content=\"Diario del Sur\" \/>\n<meta property=\"article:published_time\" content=\"2026-02-19T13:46:05+00:00\" \/>\n<meta property=\"article:modified_time\" content=\"2026-02-19T13:46:06+00:00\" \/>\n<meta property=\"og:image\" content=\"https:\/\/diariodelsurdigital.com.ar\/wp-content\/uploads\/2026\/02\/md-38.webp\" \/>\n\t<meta property=\"og:image:width\" content=\"992\" \/>\n\t<meta property=\"og:image:height\" content=\"558\" \/>\n\t<meta property=\"og:image:type\" content=\"image\/webp\" \/>\n<meta name=\"author\" content=\"Diario del Sur Digital\" \/>\n<meta name=\"twitter:card\" content=\"summary_large_image\" \/>\n<meta name=\"twitter:label1\" content=\"Escrito por\" \/>\n\t<meta name=\"twitter:data1\" content=\"Diario del Sur Digital\" \/>\n\t<meta name=\"twitter:label2\" content=\"Tiempo de lectura\" \/>\n\t<meta name=\"twitter:data2\" content=\"3 minutos\" \/>\n<script type=\"application\/ld+json\" class=\"yoast-schema-graph\">{\"@context\":\"https:\\\/\\\/schema.org\",\"@graph\":[{\"@type\":\"Article\",\"@id\":\"https:\\\/\\\/diariodelsurdigital.com.ar\\\/?p=7053#article\",\"isPartOf\":{\"@id\":\"https:\\\/\\\/diariodelsurdigital.com.ar\\\/?p=7053\"},\"author\":{\"name\":\"Diario del Sur Digital\",\"@id\":\"https:\\\/\\\/diariodelsurdigital.com.ar\\\/#\\\/schema\\\/person\\\/1a4992532ed62965c968031b49195c81\"},\"headline\":\"Diputados justicialistas provinciales sostuvieron que Frigerio \u201ctiene una mirada que no se condice con la realidad\u201d\",\"datePublished\":\"2026-02-19T13:46:05+00:00\",\"dateModified\":\"2026-02-19T13:46:06+00:00\",\"mainEntityOfPage\":{\"@id\":\"https:\\\/\\\/diariodelsurdigital.com.ar\\\/?p=7053\"},\"wordCount\":502,\"commentCount\":0,\"image\":{\"@id\":\"https:\\\/\\\/diariodelsurdigital.com.ar\\\/?p=7053#primaryimage\"},\"thumbnailUrl\":\"https:\\\/\\\/diariodelsurdigital.com.ar\\\/wp-content\\\/uploads\\\/2026\\\/02\\\/md-38.webp\",\"articleSection\":[\"Pol\u00edtica\",\"Provinciales\"],\"inLanguage\":\"es\",\"potentialAction\":[{\"@type\":\"CommentAction\",\"name\":\"Comment\",\"target\":[\"https:\\\/\\\/diariodelsurdigital.com.ar\\\/?p=7053#respond\"]}]},{\"@type\":\"WebPage\",\"@id\":\"https:\\\/\\\/diariodelsurdigital.com.ar\\\/?p=7053\",\"url\":\"https:\\\/\\\/diariodelsurdigital.com.ar\\\/?p=7053\",\"name\":\"Diputados justicialistas provinciales sostuvieron que Frigerio \u201ctiene una mirada que no se condice con la realidad\u201d - Diario del Sur\",\"isPartOf\":{\"@id\":\"https:\\\/\\\/diariodelsurdigital.com.ar\\\/#website\"},\"primaryImageOfPage\":{\"@id\":\"https:\\\/\\\/diariodelsurdigital.com.ar\\\/?p=7053#primaryimage\"},\"image\":{\"@id\":\"https:\\\/\\\/diariodelsurdigital.com.ar\\\/?p=7053#primaryimage\"},\"thumbnailUrl\":\"https:\\\/\\\/diariodelsurdigital.com.ar\\\/wp-content\\\/uploads\\\/2026\\\/02\\\/md-38.webp\",\"datePublished\":\"2026-02-19T13:46:05+00:00\",\"dateModified\":\"2026-02-19T13:46:06+00:00\",\"author\":{\"@id\":\"https:\\\/\\\/diariodelsurdigital.com.ar\\\/#\\\/schema\\\/person\\\/1a4992532ed62965c968031b49195c81\"},\"breadcrumb\":{\"@id\":\"https:\\\/\\\/diariodelsurdigital.com.ar\\\/?p=7053#breadcrumb\"},\"inLanguage\":\"es\",\"potentialAction\":[{\"@type\":\"ReadAction\",\"target\":[\"https:\\\/\\\/diariodelsurdigital.com.ar\\\/?p=7053\"]}]},{\"@type\":\"ImageObject\",\"inLanguage\":\"es\",\"@id\":\"https:\\\/\\\/diariodelsurdigital.com.ar\\\/?p=7053#primaryimage\",\"url\":\"https:\\\/\\\/diariodelsurdigital.com.ar\\\/wp-content\\\/uploads\\\/2026\\\/02\\\/md-38.webp\",\"contentUrl\":\"https:\\\/\\\/diariodelsurdigital.com.ar\\\/wp-content\\\/uploads\\\/2026\\\/02\\\/md-38.webp\",\"width\":992,\"height\":558},{\"@type\":\"BreadcrumbList\",\"@id\":\"https:\\\/\\\/diariodelsurdigital.com.ar\\\/?p=7053#breadcrumb\",\"itemListElement\":[{\"@type\":\"ListItem\",\"position\":1,\"name\":\"Portada\",\"item\":\"https:\\\/\\\/diariodelsurdigital.com.ar\\\/\"},{\"@type\":\"ListItem\",\"position\":2,\"name\":\"Diputados justicialistas provinciales sostuvieron que Frigerio \u201ctiene una mirada que no se condice con la realidad\u201d\"}]},{\"@type\":\"WebSite\",\"@id\":\"https:\\\/\\\/diariodelsurdigital.com.ar\\\/#website\",\"url\":\"https:\\\/\\\/diariodelsurdigital.com.ar\\\/\",\"name\":\"Diario del Sur\",\"description\":\"Digital\",\"potentialAction\":[{\"@type\":\"SearchAction\",\"target\":{\"@type\":\"EntryPoint\",\"urlTemplate\":\"https:\\\/\\\/diariodelsurdigital.com.ar\\\/?s={search_term_string}\"},\"query-input\":{\"@type\":\"PropertyValueSpecification\",\"valueRequired\":true,\"valueName\":\"search_term_string\"}}],\"inLanguage\":\"es\"},{\"@type\":\"Person\",\"@id\":\"https:\\\/\\\/diariodelsurdigital.com.ar\\\/#\\\/schema\\\/person\\\/1a4992532ed62965c968031b49195c81\",\"name\":\"Diario del Sur Digital\",\"image\":{\"@type\":\"ImageObject\",\"inLanguage\":\"es\",\"@id\":\"https:\\\/\\\/secure.gravatar.com\\\/avatar\\\/f0c7c47fc7146d19828273b9b8eda651c9c7ab583767e6338d3d3bee825adf76?s=96&d=mm&r=g\",\"url\":\"https:\\\/\\\/secure.gravatar.com\\\/avatar\\\/f0c7c47fc7146d19828273b9b8eda651c9c7ab583767e6338d3d3bee825adf76?s=96&d=mm&r=g\",\"contentUrl\":\"https:\\\/\\\/secure.gravatar.com\\\/avatar\\\/f0c7c47fc7146d19828273b9b8eda651c9c7ab583767e6338d3d3bee825adf76?s=96&d=mm&r=g\",\"caption\":\"Diario del Sur Digital\"},\"url\":\"https:\\\/\\\/diariodelsurdigital.com.ar\\\/?author=4\"}]}<\/script>\n<!-- \/ Yoast SEO plugin. -->","yoast_head_json":{"title":"Diputados justicialistas provinciales sostuvieron que Frigerio \u201ctiene una mirada que no se condice con la realidad\u201d - Diario del Sur","robots":{"index":"index","follow":"follow","max-snippet":"max-snippet:-1","max-image-preview":"max-image-preview:large","max-video-preview":"max-video-preview:-1"},"canonical":"https:\/\/diariodelsurdigital.com.ar\/?p=7053","og_locale":"es_ES","og_type":"article","og_title":"Diputados justicialistas provinciales sostuvieron que Frigerio \u201ctiene una mirada que no se condice con la realidad\u201d - Diario del Sur","og_description":"A trav\u00e9s de un comunicado, los legisladores manifestaron \u201cpreocupaci\u00f3n\u201d tras el discurso del mandatario en la apertura de las sesiones ordinarias. \u201cComo oposici\u00f3n, hemos acompa\u00f1ado responsablemente las herramientas que el Ejecutivo solicit\u00f3 a la Legislatura. Sin embargo, los problemas persisten y se sigue hablando del pasado para omitir las verdaderas causas de los problemas presentes\u201d. [&hellip;]","og_url":"https:\/\/diariodelsurdigital.com.ar\/?p=7053","og_site_name":"Diario del Sur","article_published_time":"2026-02-19T13:46:05+00:00","article_modified_time":"2026-02-19T13:46:06+00:00","og_image":[{"width":992,"height":558,"url":"https:\/\/diariodelsurdigital.com.ar\/wp-content\/uploads\/2026\/02\/md-38.webp","type":"image\/webp"}],"author":"Diario del Sur Digital","twitter_card":"summary_large_image","twitter_misc":{"Escrito por":"Diario del Sur Digital","Tiempo de lectura":"3 minutos"},"schema":{"@context":"https:\/\/schema.org","@graph":[{"@type":"Article","@id":"https:\/\/diariodelsurdigital.com.ar\/?p=7053#article","isPartOf":{"@id":"https:\/\/diariodelsurdigital.com.ar\/?p=7053"},"author":{"name":"Diario del Sur Digital","@id":"https:\/\/diariodelsurdigital.com.ar\/#\/schema\/person\/1a4992532ed62965c968031b49195c81"},"headline":"Diputados justicialistas provinciales sostuvieron que Frigerio \u201ctiene una mirada que no se condice con la realidad\u201d","datePublished":"2026-02-19T13:46:05+00:00","dateModified":"2026-02-19T13:46:06+00:00","mainEntityOfPage":{"@id":"https:\/\/diariodelsurdigital.com.ar\/?p=7053"},"wordCount":502,"commentCount":0,"image":{"@id":"https:\/\/diariodelsurdigital.com.ar\/?p=7053#primaryimage"},"thumbnailUrl":"https:\/\/diariodelsurdigital.com.ar\/wp-content\/uploads\/2026\/02\/md-38.webp","articleSection":["Pol\u00edtica","Provinciales"],"inLanguage":"es","potentialAction":[{"@type":"CommentAction","name":"Comment","target":["https:\/\/diariodelsurdigital.com.ar\/?p=7053#respond"]}]},{"@type":"WebPage","@id":"https:\/\/diariodelsurdigital.com.ar\/?p=7053","url":"https:\/\/diariodelsurdigital.com.ar\/?p=7053","name":"Diputados justicialistas provinciales sostuvieron que Frigerio \u201ctiene una mirada que no se condice con la realidad\u201d - Diario del Sur","isPartOf":{"@id":"https:\/\/diariodelsurdigital.com.ar\/#website"},"primaryImageOfPage":{"@id":"https:\/\/diariodelsurdigital.com.ar\/?p=7053#primaryimage"},"image":{"@id":"https:\/\/diariodelsurdigital.com.ar\/?p=7053#primaryimage"},"thumbnailUrl":"https:\/\/diariodelsurdigital.com.ar\/wp-content\/uploads\/2026\/02\/md-38.webp","datePublished":"2026-02-19T13:46:05+00:00","dateModified":"2026-02-19T13:46:06+00:00","author":{"@id":"https:\/\/diariodelsurdigital.com.ar\/#\/schema\/person\/1a4992532ed62965c968031b49195c81"},"breadcrumb":{"@id":"https:\/\/diariodelsurdigital.com.ar\/?p=7053#breadcrumb"},"inLanguage":"es","potentialAction":[{"@type":"ReadAction","target":["https:\/\/diariodelsurdigital.com.ar\/?p=7053"]}]},{"@type":"ImageObject","inLanguage":"es","@id":"https:\/\/diariodelsurdigital.com.ar\/?p=7053#primaryimage","url":"https:\/\/diariodelsurdigital.com.ar\/wp-content\/uploads\/2026\/02\/md-38.webp","contentUrl":"https:\/\/diariodelsurdigital.com.ar\/wp-content\/uploads\/2026\/02\/md-38.webp","width":992,"height":558},{"@type":"BreadcrumbList","@id":"https:\/\/diariodelsurdigital.com.ar\/?p=7053#breadcrumb","itemListElement":[{"@type":"ListItem","position":1,"name":"Portada","item":"https:\/\/diariodelsurdigital.com.ar\/"},{"@type":"ListItem","position":2,"name":"Diputados justicialistas provinciales sostuvieron que Frigerio \u201ctiene una mirada que no se condice con la realidad\u201d"}]},{"@type":"WebSite","@id":"https:\/\/diariodelsurdigital.com.ar\/#website","url":"https:\/\/diariodelsurdigital.com.ar\/","name":"Diario del Sur","description":"Digital","potentialAction":[{"@type":"SearchAction","target":{"@type":"EntryPoint","urlTemplate":"https:\/\/diariodelsurdigital.com.ar\/?s={search_term_string}"},"query-input":{"@type":"PropertyValueSpecification","valueRequired":true,"valueName":"search_term_string"}}],"inLanguage":"es"},{"@type":"Person","@id":"https:\/\/diariodelsurdigital.com.ar\/#\/schema\/person\/1a4992532ed62965c968031b49195c81","name":"Diario del Sur Digital","image":{"@type":"ImageObject","inLanguage":"es","@id":"https:\/\/secure.gravatar.com\/avatar\/f0c7c47fc7146d19828273b9b8eda651c9c7ab583767e6338d3d3bee825adf76?s=96&d=mm&r=g","url":"https:\/\/secure.gravatar.com\/avatar\/f0c7c47fc7146d19828273b9b8eda651c9c7ab583767e6338d3d3bee825adf76?s=96&d=mm&r=g","contentUrl":"https:\/\/secure.gravatar.com\/avatar\/f0c7c47fc7146d19828273b9b8eda651c9c7ab583767e6338d3d3bee825adf76?s=96&d=mm&r=g","caption":"Diario del Sur Digital"},"url":"https:\/\/diariodelsurdigital.com.ar\/?author=4"}]}},"_links":{"self":[{"href":"https:\/\/diariodelsurdigital.com.ar\/index.php?rest_route=\/wp\/v2\/posts\/7053","targetHints":{"allow":["GET"]}}],"collection":[{"href":"https:\/\/diariodelsurdigital.com.ar\/index.php?rest_route=\/wp\/v2\/posts"}],"about":[{"href":"https:\/\/diariodelsurdigital.com.ar\/index.php?rest_route=\/wp\/v2\/types\/post"}],"author":[{"embeddable":true,"href":"https:\/\/diariodelsurdigital.com.ar\/index.php?rest_route=\/wp\/v2\/users\/4"}],"replies":[{"embeddable":true,"href":"https:\/\/diariodelsurdigital.com.ar\/index.php?rest_route=%2Fwp%2Fv2%2Fcomments&post=7053"}],"version-history":[{"count":1,"href":"https:\/\/diariodelsurdigital.com.ar\/index.php?rest_route=\/wp\/v2\/posts\/7053\/revisions"}],"predecessor-version":[{"id":7055,"href":"https:\/\/diariodelsurdigital.com.ar\/index.php?rest_route=\/wp\/v2\/posts\/7053\/revisions\/7055"}],"wp:featuredmedia":[{"embeddable":true,"href":"https:\/\/diariodelsurdigital.com.ar\/index.php?rest_route=\/wp\/v2\/media\/7054"}],"wp:attachment":[{"href":"https:\/\/diariodelsurdigital.com.ar\/index.php?rest_route=%2Fwp%2Fv2%2Fmedia&parent=7053"}],"wp:term":[{"taxonomy":"category","embeddable":true,"href":"https:\/\/diariodelsurdigital.com.ar\/index.php?rest_route=%2Fwp%2Fv2%2Fcategories&post=7053"},{"taxonomy":"post_tag","embeddable":true,"href":"https:\/\/diariodelsurdigital.com.ar\/index.php?rest_route=%2Fwp%2Fv2%2Ftags&post=7053"}],"curies":[{"name":"wp","href":"https:\/\/api.w.org\/{rel}","templated":true}]}}