{"id":7056,"date":"2026-02-19T10:47:46","date_gmt":"2026-02-19T13:47:46","guid":{"rendered":"https:\/\/diariodelsurdigital.com.ar\/?p=7056"},"modified":"2026-02-19T10:47:47","modified_gmt":"2026-02-19T13:47:47","slug":"renovaron-alerta-meteorologica-naranja-por-tormentas-fuertes-para-este-jueves","status":"publish","type":"post","link":"https:\/\/diariodelsurdigital.com.ar\/?p=7056","title":{"rendered":"Renovaron alerta meteorol\u00f3gica naranja por tormentas fuertes para este jueves"},"content":{"rendered":"\n<p>Desde el \u00e1rea de Defensa Civil de la Provincia informaron que el Servicio Meteorol\u00f3gico Nacional emiti\u00f3 un alerta naranja para los departamentos La Paz, Villaguay, Paran\u00e1, Diamante, Nogoy\u00e1, Victoria, Gualeguay, Concordia, San Salvador, Feliciano, Federal y Federaci\u00f3n.<\/p>\n\n\n\n<p>El \u00e1rea ser\u00e1 afectada por tormentas fuertes, algunas localmente severas. Las mismas estar\u00e1n acompa\u00f1adas por frecuente actividad el\u00e9ctrica, granizo, lluvias abundantes en cortos per\u00edodos y r\u00e1fagas que podr\u00edan superar 90 km\/h. Se prev\u00e9n valores de precipitaci\u00f3n acumulada entre los 70 y 100 mm, que pueden ser superados de forma puntual.<\/p>\n\n\n\n<p>En tanto los departamentos Islas del Ibicuy, Gualeguaych\u00fa, Uruguay, Col\u00f3n y Tala estar\u00e1n bajo alerta amarilla y ser\u00e1n afectados por lluvias y tormentas de variada intensidad, algunas localmente fuertes. Las mismas estar\u00e1n acompa\u00f1adas por lluvias abundantes en cortos per\u00edodos, frecuente actividad el\u00e9ctrica, ocasional granizo y r\u00e1fagas intensas que podr\u00edan alcanzar los 80 km\/h. Se prev\u00e9n valores de precipitaci\u00f3n acumulada entre 30 y 70 mm, pudiendo ser superados de manera puntual.<\/p>\n\n\n\n<p>Precauciones<\/p>\n\n\n\n<p>Desde el Gobierno provincial instan a la poblaci\u00f3n a tomar los recaudos necesarios, por lo que se recomienda no sacar la basura. Retirar objetos que impidan que el agua escurra. Evitar actividades al aire libre. No refugiarse cerca de \u00e1rboles y postes de electricidad que puedan caerse.<\/p>\n\n\n\n<p>Adem\u00e1s, para minimizar el riesgo de ser alcanzado por un rayo, no permanecer en playas, r\u00edos, lagunas o piletas. Estar atentos ante la posible ca\u00edda de granizo. Tener siempre lista una mochila de emergencias con linterna, radio, documentos y tel\u00e9fono.<\/p>\n","protected":false},"excerpt":{"rendered":"<p>Desde el \u00e1rea de Defensa Civil de la Provincia informaron que el Servicio Meteorol\u00f3gico Nacional emiti\u00f3 un alerta naranja para los departamentos La Paz, Villaguay, Paran\u00e1, Diamante, Nogoy\u00e1, Victoria, Gualeguay, Concordia, San Salvador, Feliciano, Federal y Federaci\u00f3n. El \u00e1rea ser\u00e1 afectada por tormentas fuertes, algunas localmente severas. Las mismas estar\u00e1n acompa\u00f1adas por frecuente actividad el\u00e9ctrica, [&hellip;]<\/p>\n","protected":false},"author":4,"featured_media":7057,"comment_status":"open","ping_status":"open","sticky":false,"template":"","format":"standard","meta":{"footnotes":""},"categories":[19,17],"tags":[],"class_list":{"0":"post-7056","1":"post","2":"type-post","3":"status-publish","4":"format-standard","5":"has-post-thumbnail","7":"category-interes-general","8":"category-provinciales"},"yoast_head":"<!-- This site is optimized with the Yoast SEO plugin v27.4 - https:\/\/yoast.com\/product\/yoast-seo-wordpress\/ -->\n<title>Renovaron alerta meteorol\u00f3gica naranja por tormentas fuertes para este jueves - Diario del Sur<\/title>\n<meta name=\"robots\" content=\"index, follow, max-snippet:-1, max-image-preview:large, max-video-preview:-1\" \/>\n<link rel=\"canonical\" href=\"https:\/\/diariodelsurdigital.com.ar\/?p=7056\" \/>\n<meta property=\"og:locale\" content=\"es_ES\" \/>\n<meta property=\"og:type\" content=\"article\" \/>\n<meta property=\"og:title\" content=\"Renovaron alerta meteorol\u00f3gica naranja por tormentas fuertes para este jueves - Diario del Sur\" \/>\n<meta property=\"og:description\" content=\"Desde el \u00e1rea de Defensa Civil de la Provincia informaron que el Servicio Meteorol\u00f3gico Nacional emiti\u00f3 un alerta naranja para los departamentos La Paz, Villaguay, Paran\u00e1, Diamante, Nogoy\u00e1, Victoria, Gualeguay, Concordia, San Salvador, Feliciano, Federal y Federaci\u00f3n. El \u00e1rea ser\u00e1 afectada por tormentas fuertes, algunas localmente severas. Las mismas estar\u00e1n acompa\u00f1adas por frecuente actividad el\u00e9ctrica, [&hellip;]\" \/>\n<meta property=\"og:url\" content=\"https:\/\/diariodelsurdigital.com.ar\/?p=7056\" \/>\n<meta property=\"og:site_name\" content=\"Diario del Sur\" \/>\n<meta property=\"article:published_time\" content=\"2026-02-19T13:47:46+00:00\" \/>\n<meta property=\"article:modified_time\" content=\"2026-02-19T13:47:47+00:00\" \/>\n<meta property=\"og:image\" content=\"https:\/\/diariodelsurdigital.com.ar\/wp-content\/uploads\/2026\/02\/md-39.webp\" \/>\n\t<meta property=\"og:image:width\" content=\"992\" \/>\n\t<meta property=\"og:image:height\" content=\"558\" \/>\n\t<meta property=\"og:image:type\" content=\"image\/webp\" \/>\n<meta name=\"author\" content=\"Diario del Sur Digital\" \/>\n<meta name=\"twitter:card\" content=\"summary_large_image\" \/>\n<meta name=\"twitter:label1\" content=\"Escrito por\" \/>\n\t<meta name=\"twitter:data1\" content=\"Diario del Sur Digital\" \/>\n\t<meta name=\"twitter:label2\" content=\"Tiempo de lectura\" \/>\n\t<meta name=\"twitter:data2\" content=\"2 minutos\" \/>\n<script type=\"application\/ld+json\" class=\"yoast-schema-graph\">{\"@context\":\"https:\\\/\\\/schema.org\",\"@graph\":[{\"@type\":\"Article\",\"@id\":\"https:\\\/\\\/diariodelsurdigital.com.ar\\\/?p=7056#article\",\"isPartOf\":{\"@id\":\"https:\\\/\\\/diariodelsurdigital.com.ar\\\/?p=7056\"},\"author\":{\"name\":\"Diario del Sur Digital\",\"@id\":\"https:\\\/\\\/diariodelsurdigital.com.ar\\\/#\\\/schema\\\/person\\\/1a4992532ed62965c968031b49195c81\"},\"headline\":\"Renovaron alerta meteorol\u00f3gica naranja por tormentas fuertes para este jueves\",\"datePublished\":\"2026-02-19T13:47:46+00:00\",\"dateModified\":\"2026-02-19T13:47:47+00:00\",\"mainEntityOfPage\":{\"@id\":\"https:\\\/\\\/diariodelsurdigital.com.ar\\\/?p=7056\"},\"wordCount\":278,\"commentCount\":0,\"image\":{\"@id\":\"https:\\\/\\\/diariodelsurdigital.com.ar\\\/?p=7056#primaryimage\"},\"thumbnailUrl\":\"https:\\\/\\\/diariodelsurdigital.com.ar\\\/wp-content\\\/uploads\\\/2026\\\/02\\\/md-39.webp\",\"articleSection\":[\"Inter\u00e9s General\",\"Provinciales\"],\"inLanguage\":\"es\",\"potentialAction\":[{\"@type\":\"CommentAction\",\"name\":\"Comment\",\"target\":[\"https:\\\/\\\/diariodelsurdigital.com.ar\\\/?p=7056#respond\"]}]},{\"@type\":\"WebPage\",\"@id\":\"https:\\\/\\\/diariodelsurdigital.com.ar\\\/?p=7056\",\"url\":\"https:\\\/\\\/diariodelsurdigital.com.ar\\\/?p=7056\",\"name\":\"Renovaron alerta meteorol\u00f3gica naranja por tormentas fuertes para este jueves - Diario del Sur\",\"isPartOf\":{\"@id\":\"https:\\\/\\\/diariodelsurdigital.com.ar\\\/#website\"},\"primaryImageOfPage\":{\"@id\":\"https:\\\/\\\/diariodelsurdigital.com.ar\\\/?p=7056#primaryimage\"},\"image\":{\"@id\":\"https:\\\/\\\/diariodelsurdigital.com.ar\\\/?p=7056#primaryimage\"},\"thumbnailUrl\":\"https:\\\/\\\/diariodelsurdigital.com.ar\\\/wp-content\\\/uploads\\\/2026\\\/02\\\/md-39.webp\",\"datePublished\":\"2026-02-19T13:47:46+00:00\",\"dateModified\":\"2026-02-19T13:47:47+00:00\",\"author\":{\"@id\":\"https:\\\/\\\/diariodelsurdigital.com.ar\\\/#\\\/schema\\\/person\\\/1a4992532ed62965c968031b49195c81\"},\"breadcrumb\":{\"@id\":\"https:\\\/\\\/diariodelsurdigital.com.ar\\\/?p=7056#breadcrumb\"},\"inLanguage\":\"es\",\"potentialAction\":[{\"@type\":\"ReadAction\",\"target\":[\"https:\\\/\\\/diariodelsurdigital.com.ar\\\/?p=7056\"]}]},{\"@type\":\"ImageObject\",\"inLanguage\":\"es\",\"@id\":\"https:\\\/\\\/diariodelsurdigital.com.ar\\\/?p=7056#primaryimage\",\"url\":\"https:\\\/\\\/diariodelsurdigital.com.ar\\\/wp-content\\\/uploads\\\/2026\\\/02\\\/md-39.webp\",\"contentUrl\":\"https:\\\/\\\/diariodelsurdigital.com.ar\\\/wp-content\\\/uploads\\\/2026\\\/02\\\/md-39.webp\",\"width\":992,\"height\":558},{\"@type\":\"BreadcrumbList\",\"@id\":\"https:\\\/\\\/diariodelsurdigital.com.ar\\\/?p=7056#breadcrumb\",\"itemListElement\":[{\"@type\":\"ListItem\",\"position\":1,\"name\":\"Portada\",\"item\":\"https:\\\/\\\/diariodelsurdigital.com.ar\\\/\"},{\"@type\":\"ListItem\",\"position\":2,\"name\":\"Renovaron alerta meteorol\u00f3gica naranja por tormentas fuertes para este jueves\"}]},{\"@type\":\"WebSite\",\"@id\":\"https:\\\/\\\/diariodelsurdigital.com.ar\\\/#website\",\"url\":\"https:\\\/\\\/diariodelsurdigital.com.ar\\\/\",\"name\":\"Diario del Sur\",\"description\":\"Digital\",\"potentialAction\":[{\"@type\":\"SearchAction\",\"target\":{\"@type\":\"EntryPoint\",\"urlTemplate\":\"https:\\\/\\\/diariodelsurdigital.com.ar\\\/?s={search_term_string}\"},\"query-input\":{\"@type\":\"PropertyValueSpecification\",\"valueRequired\":true,\"valueName\":\"search_term_string\"}}],\"inLanguage\":\"es\"},{\"@type\":\"Person\",\"@id\":\"https:\\\/\\\/diariodelsurdigital.com.ar\\\/#\\\/schema\\\/person\\\/1a4992532ed62965c968031b49195c81\",\"name\":\"Diario del Sur Digital\",\"image\":{\"@type\":\"ImageObject\",\"inLanguage\":\"es\",\"@id\":\"https:\\\/\\\/secure.gravatar.com\\\/avatar\\\/f0c7c47fc7146d19828273b9b8eda651c9c7ab583767e6338d3d3bee825adf76?s=96&d=mm&r=g\",\"url\":\"https:\\\/\\\/secure.gravatar.com\\\/avatar\\\/f0c7c47fc7146d19828273b9b8eda651c9c7ab583767e6338d3d3bee825adf76?s=96&d=mm&r=g\",\"contentUrl\":\"https:\\\/\\\/secure.gravatar.com\\\/avatar\\\/f0c7c47fc7146d19828273b9b8eda651c9c7ab583767e6338d3d3bee825adf76?s=96&d=mm&r=g\",\"caption\":\"Diario del Sur Digital\"},\"url\":\"https:\\\/\\\/diariodelsurdigital.com.ar\\\/?author=4\"}]}<\/script>\n<!-- \/ Yoast SEO plugin. -->","yoast_head_json":{"title":"Renovaron alerta meteorol\u00f3gica naranja por tormentas fuertes para este jueves - Diario del Sur","robots":{"index":"index","follow":"follow","max-snippet":"max-snippet:-1","max-image-preview":"max-image-preview:large","max-video-preview":"max-video-preview:-1"},"canonical":"https:\/\/diariodelsurdigital.com.ar\/?p=7056","og_locale":"es_ES","og_type":"article","og_title":"Renovaron alerta meteorol\u00f3gica naranja por tormentas fuertes para este jueves - Diario del Sur","og_description":"Desde el \u00e1rea de Defensa Civil de la Provincia informaron que el Servicio Meteorol\u00f3gico Nacional emiti\u00f3 un alerta naranja para los departamentos La Paz, Villaguay, Paran\u00e1, Diamante, Nogoy\u00e1, Victoria, Gualeguay, Concordia, San Salvador, Feliciano, Federal y Federaci\u00f3n. El \u00e1rea ser\u00e1 afectada por tormentas fuertes, algunas localmente severas. Las mismas estar\u00e1n acompa\u00f1adas por frecuente actividad el\u00e9ctrica, [&hellip;]","og_url":"https:\/\/diariodelsurdigital.com.ar\/?p=7056","og_site_name":"Diario del Sur","article_published_time":"2026-02-19T13:47:46+00:00","article_modified_time":"2026-02-19T13:47:47+00:00","og_image":[{"width":992,"height":558,"url":"https:\/\/diariodelsurdigital.com.ar\/wp-content\/uploads\/2026\/02\/md-39.webp","type":"image\/webp"}],"author":"Diario del Sur Digital","twitter_card":"summary_large_image","twitter_misc":{"Escrito por":"Diario del Sur Digital","Tiempo de lectura":"2 minutos"},"schema":{"@context":"https:\/\/schema.org","@graph":[{"@type":"Article","@id":"https:\/\/diariodelsurdigital.com.ar\/?p=7056#article","isPartOf":{"@id":"https:\/\/diariodelsurdigital.com.ar\/?p=7056"},"author":{"name":"Diario del Sur Digital","@id":"https:\/\/diariodelsurdigital.com.ar\/#\/schema\/person\/1a4992532ed62965c968031b49195c81"},"headline":"Renovaron alerta meteorol\u00f3gica naranja por tormentas fuertes para este jueves","datePublished":"2026-02-19T13:47:46+00:00","dateModified":"2026-02-19T13:47:47+00:00","mainEntityOfPage":{"@id":"https:\/\/diariodelsurdigital.com.ar\/?p=7056"},"wordCount":278,"commentCount":0,"image":{"@id":"https:\/\/diariodelsurdigital.com.ar\/?p=7056#primaryimage"},"thumbnailUrl":"https:\/\/diariodelsurdigital.com.ar\/wp-content\/uploads\/2026\/02\/md-39.webp","articleSection":["Inter\u00e9s General","Provinciales"],"inLanguage":"es","potentialAction":[{"@type":"CommentAction","name":"Comment","target":["https:\/\/diariodelsurdigital.com.ar\/?p=7056#respond"]}]},{"@type":"WebPage","@id":"https:\/\/diariodelsurdigital.com.ar\/?p=7056","url":"https:\/\/diariodelsurdigital.com.ar\/?p=7056","name":"Renovaron alerta meteorol\u00f3gica naranja por tormentas fuertes para este jueves - Diario del Sur","isPartOf":{"@id":"https:\/\/diariodelsurdigital.com.ar\/#website"},"primaryImageOfPage":{"@id":"https:\/\/diariodelsurdigital.com.ar\/?p=7056#primaryimage"},"image":{"@id":"https:\/\/diariodelsurdigital.com.ar\/?p=7056#primaryimage"},"thumbnailUrl":"https:\/\/diariodelsurdigital.com.ar\/wp-content\/uploads\/2026\/02\/md-39.webp","datePublished":"2026-02-19T13:47:46+00:00","dateModified":"2026-02-19T13:47:47+00:00","author":{"@id":"https:\/\/diariodelsurdigital.com.ar\/#\/schema\/person\/1a4992532ed62965c968031b49195c81"},"breadcrumb":{"@id":"https:\/\/diariodelsurdigital.com.ar\/?p=7056#breadcrumb"},"inLanguage":"es","potentialAction":[{"@type":"ReadAction","target":["https:\/\/diariodelsurdigital.com.ar\/?p=7056"]}]},{"@type":"ImageObject","inLanguage":"es","@id":"https:\/\/diariodelsurdigital.com.ar\/?p=7056#primaryimage","url":"https:\/\/diariodelsurdigital.com.ar\/wp-content\/uploads\/2026\/02\/md-39.webp","contentUrl":"https:\/\/diariodelsurdigital.com.ar\/wp-content\/uploads\/2026\/02\/md-39.webp","width":992,"height":558},{"@type":"BreadcrumbList","@id":"https:\/\/diariodelsurdigital.com.ar\/?p=7056#breadcrumb","itemListElement":[{"@type":"ListItem","position":1,"name":"Portada","item":"https:\/\/diariodelsurdigital.com.ar\/"},{"@type":"ListItem","position":2,"name":"Renovaron alerta meteorol\u00f3gica naranja por tormentas fuertes para este jueves"}]},{"@type":"WebSite","@id":"https:\/\/diariodelsurdigital.com.ar\/#website","url":"https:\/\/diariodelsurdigital.com.ar\/","name":"Diario del Sur","description":"Digital","potentialAction":[{"@type":"SearchAction","target":{"@type":"EntryPoint","urlTemplate":"https:\/\/diariodelsurdigital.com.ar\/?s={search_term_string}"},"query-input":{"@type":"PropertyValueSpecification","valueRequired":true,"valueName":"search_term_string"}}],"inLanguage":"es"},{"@type":"Person","@id":"https:\/\/diariodelsurdigital.com.ar\/#\/schema\/person\/1a4992532ed62965c968031b49195c81","name":"Diario del Sur Digital","image":{"@type":"ImageObject","inLanguage":"es","@id":"https:\/\/secure.gravatar.com\/avatar\/f0c7c47fc7146d19828273b9b8eda651c9c7ab583767e6338d3d3bee825adf76?s=96&d=mm&r=g","url":"https:\/\/secure.gravatar.com\/avatar\/f0c7c47fc7146d19828273b9b8eda651c9c7ab583767e6338d3d3bee825adf76?s=96&d=mm&r=g","contentUrl":"https:\/\/secure.gravatar.com\/avatar\/f0c7c47fc7146d19828273b9b8eda651c9c7ab583767e6338d3d3bee825adf76?s=96&d=mm&r=g","caption":"Diario del Sur Digital"},"url":"https:\/\/diariodelsurdigital.com.ar\/?author=4"}]}},"_links":{"self":[{"href":"https:\/\/diariodelsurdigital.com.ar\/index.php?rest_route=\/wp\/v2\/posts\/7056","targetHints":{"allow":["GET"]}}],"collection":[{"href":"https:\/\/diariodelsurdigital.com.ar\/index.php?rest_route=\/wp\/v2\/posts"}],"about":[{"href":"https:\/\/diariodelsurdigital.com.ar\/index.php?rest_route=\/wp\/v2\/types\/post"}],"author":[{"embeddable":true,"href":"https:\/\/diariodelsurdigital.com.ar\/index.php?rest_route=\/wp\/v2\/users\/4"}],"replies":[{"embeddable":true,"href":"https:\/\/diariodelsurdigital.com.ar\/index.php?rest_route=%2Fwp%2Fv2%2Fcomments&post=7056"}],"version-history":[{"count":1,"href":"https:\/\/diariodelsurdigital.com.ar\/index.php?rest_route=\/wp\/v2\/posts\/7056\/revisions"}],"predecessor-version":[{"id":7058,"href":"https:\/\/diariodelsurdigital.com.ar\/index.php?rest_route=\/wp\/v2\/posts\/7056\/revisions\/7058"}],"wp:featuredmedia":[{"embeddable":true,"href":"https:\/\/diariodelsurdigital.com.ar\/index.php?rest_route=\/wp\/v2\/media\/7057"}],"wp:attachment":[{"href":"https:\/\/diariodelsurdigital.com.ar\/index.php?rest_route=%2Fwp%2Fv2%2Fmedia&parent=7056"}],"wp:term":[{"taxonomy":"category","embeddable":true,"href":"https:\/\/diariodelsurdigital.com.ar\/index.php?rest_route=%2Fwp%2Fv2%2Fcategories&post=7056"},{"taxonomy":"post_tag","embeddable":true,"href":"https:\/\/diariodelsurdigital.com.ar\/index.php?rest_route=%2Fwp%2Fv2%2Ftags&post=7056"}],"curies":[{"name":"wp","href":"https:\/\/api.w.org\/{rel}","templated":true}]}}