{"id":7062,"date":"2026-02-19T10:52:19","date_gmt":"2026-02-19T13:52:19","guid":{"rendered":"https:\/\/diariodelsurdigital.com.ar\/?p=7062"},"modified":"2026-02-19T10:52:20","modified_gmt":"2026-02-19T13:52:20","slug":"diputados-en-comision-la-cgt-planteo-que-la-reforma-laboral-viola-la-constitucion","status":"publish","type":"post","link":"https:\/\/diariodelsurdigital.com.ar\/?p=7062","title":{"rendered":"Diputados: En Comisi\u00f3n, la CGT plante\u00f3 que la Reforma Laboral \u201cviola la Constituci\u00f3n\u201d"},"content":{"rendered":"\n<p>En el debate en Diputados, el oficialismo anunci\u00f3 la eliminaci\u00f3n del art\u00edculo sobre licencias por enfermedad. Por la CGT, Julio Piumato advirti\u00f3 que la iniciativa \u201cviola la Constituci\u00f3n\u201d y desconoce el principio de progresividad de los derechos laborales. Advirti\u00f3 a los legisladores provinciales que el proyecto es antifederal: \u201cSi los diputados del interior quieren esto, que se lo digan a su propia poblaci\u00f3n porque es instaurar el centralismo m\u00e1s abyecto que conozca la historia nacional\u201d.<\/p>\n\n\n\n<p>La C\u00e1mara de Diputados debate este mi\u00e9rcoles en comisi\u00f3n el proyecto de reforma laboral aprobado por el Senado, en una jornada atravesada por fuertes cuestionamientos sindicales y modificaciones al texto original. El oficialismo confirm\u00f3 que eliminar\u00e1 el art\u00edculo 44, que establec\u00eda cambios en el pago de licencias por enfermedad o accidente no laboral.<\/p>\n\n\n\n<p>El presidente del bloque de La Libertad Avanza, Gabriel Bornoroni, anunci\u00f3 al inicio del plenario que se suprimir\u00e1 el art\u00edculo que dispon\u00eda el pago del 50% del salario en casos de enfermedades o accidentes ajenos al trabajo \u2014y del 75% cuando el trabajador tuviera cargas de familia\u2014. El dictamen mantendr\u00e1 el resto del texto sancionado por la C\u00e1mara alta.<\/p>\n\n\n\n<p>El plenario de las comisiones de Legislaci\u00f3n del Trabajo y de Presupuesto comenz\u00f3 a las 14.10, con exposiciones de sindicalistas, abogados y empresarios hasta las 17, para luego dar paso a las intervenciones de los bloques parlamentarios, precis\u00f3 el portal infogremiales.com.ar.<\/p>\n\n\n\n<p>Entre los dirigentes presentes en el recinto de comisiones por la CGT, si bien estaban anotados los integrantes del Triunvirato, estuvo Julio Piumato, secretario de Derechos Humanos de la Confederaci\u00f3n General del Trabajo, quien cuestion\u00f3 con dureza la constitucionalidad del proyecto.<\/p>\n\n\n\n<p>\u201cEstamos en un sistema republicano regido por la Constituci\u00f3n Nacional y lo que se est\u00e1 debatiendo ac\u00e1, desde el primer art\u00edculo al \u00faltimo, es violatorio de esa Constituci\u00f3n\u201d, sostuvo.<\/p>\n\n\n\n<p>El dirigente afirm\u00f3 que la iniciativa desconoce, no s\u00f3lo el art\u00edculo 14 y el 14 bis, sino tratados internacionales incorporados a la propia Constituci\u00f3n Nacional tras la reforma de 1994. \u201cEste proyecto viola sistem\u00e1ticamente tanto los convenios de la OIT como los de la Convenci\u00f3n Interamericana de Derechos Humanos\u201d, se\u00f1al\u00f3.<\/p>\n\n\n\n<p>Piumato remarc\u00f3 que esto implica el principio de progresividad que impide retrocesos en materia de derechos laborales. \u201cNing\u00fan pa\u00eds puede ir hacia atr\u00e1s en los derechos que haya alcanzado. Los ya alcanzados son irrenunciables e inmodificables\u201d, advirti\u00f3.<\/p>\n\n\n\n<p>El referente sindical tambi\u00e9n cuestion\u00f3 art\u00edculos del proyecto que, seg\u00fan afirm\u00f3, afectan al fuero laboral. \u201cHacer desaparecer al fuero del trabajo es ir contra un instrumento que cre\u00f3 Juan Domingo Per\u00f3n para igualar a las partes que son desiguales\u201d, expres\u00f3. \u201cNo es lo mismo un poder econ\u00f3mico que el poder individual, por eso se crea el fuero del trabajo, como existe en todo el mundo. Nadie que se diga peronista puede ir contra esto\u201d.<\/p>\n\n\n\n<p>En esa l\u00ednea, sostuvo que la iniciativa promueve un esquema \u201ccentralista y unitario\u201d al concentrar decisiones judiciales en la Ciudad de Buenos Aires. \u201cSi los diputados del interior quieren esto, que se lo digan a su propia poblaci\u00f3n porque es instaurar el centralismo m\u00e1s abyecto que conozca la historia nacional\u201d, afirm\u00f3.<\/p>\n\n\n\n<p>Piumato tambi\u00e9n rechaz\u00f3 la idea de una supuesta \u201cindustria del juicio\u201d. \u201cEst\u00e1 demostrado que son muy pocos y si hicieran juicios los trabajadores en la informalidad, la Justicia deber\u00eda reconocerles los derechos porque les corresponde\u201d, indic\u00f3.<\/p>\n","protected":false},"excerpt":{"rendered":"<p>En el debate en Diputados, el oficialismo anunci\u00f3 la eliminaci\u00f3n del art\u00edculo sobre licencias por enfermedad. Por la CGT, Julio Piumato advirti\u00f3 que la iniciativa \u201cviola la Constituci\u00f3n\u201d y desconoce el principio de progresividad de los derechos laborales. Advirti\u00f3 a los legisladores provinciales que el proyecto es antifederal: \u201cSi los diputados del interior quieren esto, [&hellip;]<\/p>\n","protected":false},"author":4,"featured_media":6960,"comment_status":"open","ping_status":"open","sticky":false,"template":"","format":"standard","meta":{"footnotes":""},"categories":[18,22],"tags":[],"class_list":{"0":"post-7062","1":"post","2":"type-post","3":"status-publish","4":"format-standard","5":"has-post-thumbnail","7":"category-nacionales","8":"category-politica"},"yoast_head":"<!-- This site is optimized with the Yoast SEO plugin v27.4 - https:\/\/yoast.com\/product\/yoast-seo-wordpress\/ -->\n<title>Diputados: En Comisi\u00f3n, la CGT plante\u00f3 que la Reforma Laboral \u201cviola la Constituci\u00f3n\u201d - Diario del Sur<\/title>\n<meta name=\"robots\" content=\"index, follow, max-snippet:-1, max-image-preview:large, max-video-preview:-1\" \/>\n<link rel=\"canonical\" href=\"https:\/\/diariodelsurdigital.com.ar\/?p=7062\" \/>\n<meta property=\"og:locale\" content=\"es_ES\" \/>\n<meta property=\"og:type\" content=\"article\" \/>\n<meta property=\"og:title\" content=\"Diputados: En Comisi\u00f3n, la CGT plante\u00f3 que la Reforma Laboral \u201cviola la Constituci\u00f3n\u201d - Diario del Sur\" \/>\n<meta property=\"og:description\" content=\"En el debate en Diputados, el oficialismo anunci\u00f3 la eliminaci\u00f3n del art\u00edculo sobre licencias por enfermedad. Por la CGT, Julio Piumato advirti\u00f3 que la iniciativa \u201cviola la Constituci\u00f3n\u201d y desconoce el principio de progresividad de los derechos laborales. Advirti\u00f3 a los legisladores provinciales que el proyecto es antifederal: \u201cSi los diputados del interior quieren esto, [&hellip;]\" \/>\n<meta property=\"og:url\" content=\"https:\/\/diariodelsurdigital.com.ar\/?p=7062\" \/>\n<meta property=\"og:site_name\" content=\"Diario del Sur\" \/>\n<meta property=\"article:published_time\" content=\"2026-02-19T13:52:19+00:00\" \/>\n<meta property=\"article:modified_time\" content=\"2026-02-19T13:52:20+00:00\" \/>\n<meta property=\"og:image\" content=\"https:\/\/diariodelsurdigital.com.ar\/wp-content\/uploads\/2026\/02\/md-31.webp\" \/>\n\t<meta property=\"og:image:width\" content=\"992\" \/>\n\t<meta property=\"og:image:height\" content=\"661\" \/>\n\t<meta property=\"og:image:type\" content=\"image\/webp\" \/>\n<meta name=\"author\" content=\"Diario del Sur Digital\" \/>\n<meta name=\"twitter:card\" content=\"summary_large_image\" \/>\n<meta name=\"twitter:label1\" content=\"Escrito por\" \/>\n\t<meta name=\"twitter:data1\" content=\"Diario del Sur Digital\" \/>\n\t<meta name=\"twitter:label2\" content=\"Tiempo de lectura\" \/>\n\t<meta name=\"twitter:data2\" content=\"3 minutos\" \/>\n<script type=\"application\/ld+json\" class=\"yoast-schema-graph\">{\"@context\":\"https:\\\/\\\/schema.org\",\"@graph\":[{\"@type\":\"Article\",\"@id\":\"https:\\\/\\\/diariodelsurdigital.com.ar\\\/?p=7062#article\",\"isPartOf\":{\"@id\":\"https:\\\/\\\/diariodelsurdigital.com.ar\\\/?p=7062\"},\"author\":{\"name\":\"Diario del Sur Digital\",\"@id\":\"https:\\\/\\\/diariodelsurdigital.com.ar\\\/#\\\/schema\\\/person\\\/1a4992532ed62965c968031b49195c81\"},\"headline\":\"Diputados: En Comisi\u00f3n, la CGT plante\u00f3 que la Reforma Laboral \u201cviola la Constituci\u00f3n\u201d\",\"datePublished\":\"2026-02-19T13:52:19+00:00\",\"dateModified\":\"2026-02-19T13:52:20+00:00\",\"mainEntityOfPage\":{\"@id\":\"https:\\\/\\\/diariodelsurdigital.com.ar\\\/?p=7062\"},\"wordCount\":592,\"commentCount\":0,\"image\":{\"@id\":\"https:\\\/\\\/diariodelsurdigital.com.ar\\\/?p=7062#primaryimage\"},\"thumbnailUrl\":\"https:\\\/\\\/diariodelsurdigital.com.ar\\\/wp-content\\\/uploads\\\/2026\\\/02\\\/md-31.webp\",\"articleSection\":[\"Nacionales\",\"Pol\u00edtica\"],\"inLanguage\":\"es\",\"potentialAction\":[{\"@type\":\"CommentAction\",\"name\":\"Comment\",\"target\":[\"https:\\\/\\\/diariodelsurdigital.com.ar\\\/?p=7062#respond\"]}]},{\"@type\":\"WebPage\",\"@id\":\"https:\\\/\\\/diariodelsurdigital.com.ar\\\/?p=7062\",\"url\":\"https:\\\/\\\/diariodelsurdigital.com.ar\\\/?p=7062\",\"name\":\"Diputados: En Comisi\u00f3n, la CGT plante\u00f3 que la Reforma Laboral \u201cviola la Constituci\u00f3n\u201d - Diario del Sur\",\"isPartOf\":{\"@id\":\"https:\\\/\\\/diariodelsurdigital.com.ar\\\/#website\"},\"primaryImageOfPage\":{\"@id\":\"https:\\\/\\\/diariodelsurdigital.com.ar\\\/?p=7062#primaryimage\"},\"image\":{\"@id\":\"https:\\\/\\\/diariodelsurdigital.com.ar\\\/?p=7062#primaryimage\"},\"thumbnailUrl\":\"https:\\\/\\\/diariodelsurdigital.com.ar\\\/wp-content\\\/uploads\\\/2026\\\/02\\\/md-31.webp\",\"datePublished\":\"2026-02-19T13:52:19+00:00\",\"dateModified\":\"2026-02-19T13:52:20+00:00\",\"author\":{\"@id\":\"https:\\\/\\\/diariodelsurdigital.com.ar\\\/#\\\/schema\\\/person\\\/1a4992532ed62965c968031b49195c81\"},\"breadcrumb\":{\"@id\":\"https:\\\/\\\/diariodelsurdigital.com.ar\\\/?p=7062#breadcrumb\"},\"inLanguage\":\"es\",\"potentialAction\":[{\"@type\":\"ReadAction\",\"target\":[\"https:\\\/\\\/diariodelsurdigital.com.ar\\\/?p=7062\"]}]},{\"@type\":\"ImageObject\",\"inLanguage\":\"es\",\"@id\":\"https:\\\/\\\/diariodelsurdigital.com.ar\\\/?p=7062#primaryimage\",\"url\":\"https:\\\/\\\/diariodelsurdigital.com.ar\\\/wp-content\\\/uploads\\\/2026\\\/02\\\/md-31.webp\",\"contentUrl\":\"https:\\\/\\\/diariodelsurdigital.com.ar\\\/wp-content\\\/uploads\\\/2026\\\/02\\\/md-31.webp\",\"width\":992,\"height\":661},{\"@type\":\"BreadcrumbList\",\"@id\":\"https:\\\/\\\/diariodelsurdigital.com.ar\\\/?p=7062#breadcrumb\",\"itemListElement\":[{\"@type\":\"ListItem\",\"position\":1,\"name\":\"Portada\",\"item\":\"https:\\\/\\\/diariodelsurdigital.com.ar\\\/\"},{\"@type\":\"ListItem\",\"position\":2,\"name\":\"Diputados: En Comisi\u00f3n, la CGT plante\u00f3 que la Reforma Laboral \u201cviola la Constituci\u00f3n\u201d\"}]},{\"@type\":\"WebSite\",\"@id\":\"https:\\\/\\\/diariodelsurdigital.com.ar\\\/#website\",\"url\":\"https:\\\/\\\/diariodelsurdigital.com.ar\\\/\",\"name\":\"Diario del Sur\",\"description\":\"Digital\",\"potentialAction\":[{\"@type\":\"SearchAction\",\"target\":{\"@type\":\"EntryPoint\",\"urlTemplate\":\"https:\\\/\\\/diariodelsurdigital.com.ar\\\/?s={search_term_string}\"},\"query-input\":{\"@type\":\"PropertyValueSpecification\",\"valueRequired\":true,\"valueName\":\"search_term_string\"}}],\"inLanguage\":\"es\"},{\"@type\":\"Person\",\"@id\":\"https:\\\/\\\/diariodelsurdigital.com.ar\\\/#\\\/schema\\\/person\\\/1a4992532ed62965c968031b49195c81\",\"name\":\"Diario del Sur Digital\",\"image\":{\"@type\":\"ImageObject\",\"inLanguage\":\"es\",\"@id\":\"https:\\\/\\\/secure.gravatar.com\\\/avatar\\\/f0c7c47fc7146d19828273b9b8eda651c9c7ab583767e6338d3d3bee825adf76?s=96&d=mm&r=g\",\"url\":\"https:\\\/\\\/secure.gravatar.com\\\/avatar\\\/f0c7c47fc7146d19828273b9b8eda651c9c7ab583767e6338d3d3bee825adf76?s=96&d=mm&r=g\",\"contentUrl\":\"https:\\\/\\\/secure.gravatar.com\\\/avatar\\\/f0c7c47fc7146d19828273b9b8eda651c9c7ab583767e6338d3d3bee825adf76?s=96&d=mm&r=g\",\"caption\":\"Diario del Sur Digital\"},\"url\":\"https:\\\/\\\/diariodelsurdigital.com.ar\\\/?author=4\"}]}<\/script>\n<!-- \/ Yoast SEO plugin. -->","yoast_head_json":{"title":"Diputados: En Comisi\u00f3n, la CGT plante\u00f3 que la Reforma Laboral \u201cviola la Constituci\u00f3n\u201d - Diario del Sur","robots":{"index":"index","follow":"follow","max-snippet":"max-snippet:-1","max-image-preview":"max-image-preview:large","max-video-preview":"max-video-preview:-1"},"canonical":"https:\/\/diariodelsurdigital.com.ar\/?p=7062","og_locale":"es_ES","og_type":"article","og_title":"Diputados: En Comisi\u00f3n, la CGT plante\u00f3 que la Reforma Laboral \u201cviola la Constituci\u00f3n\u201d - Diario del Sur","og_description":"En el debate en Diputados, el oficialismo anunci\u00f3 la eliminaci\u00f3n del art\u00edculo sobre licencias por enfermedad. Por la CGT, Julio Piumato advirti\u00f3 que la iniciativa \u201cviola la Constituci\u00f3n\u201d y desconoce el principio de progresividad de los derechos laborales. Advirti\u00f3 a los legisladores provinciales que el proyecto es antifederal: \u201cSi los diputados del interior quieren esto, [&hellip;]","og_url":"https:\/\/diariodelsurdigital.com.ar\/?p=7062","og_site_name":"Diario del Sur","article_published_time":"2026-02-19T13:52:19+00:00","article_modified_time":"2026-02-19T13:52:20+00:00","og_image":[{"width":992,"height":661,"url":"https:\/\/diariodelsurdigital.com.ar\/wp-content\/uploads\/2026\/02\/md-31.webp","type":"image\/webp"}],"author":"Diario del Sur Digital","twitter_card":"summary_large_image","twitter_misc":{"Escrito por":"Diario del Sur Digital","Tiempo de lectura":"3 minutos"},"schema":{"@context":"https:\/\/schema.org","@graph":[{"@type":"Article","@id":"https:\/\/diariodelsurdigital.com.ar\/?p=7062#article","isPartOf":{"@id":"https:\/\/diariodelsurdigital.com.ar\/?p=7062"},"author":{"name":"Diario del Sur Digital","@id":"https:\/\/diariodelsurdigital.com.ar\/#\/schema\/person\/1a4992532ed62965c968031b49195c81"},"headline":"Diputados: En Comisi\u00f3n, la CGT plante\u00f3 que la Reforma Laboral \u201cviola la Constituci\u00f3n\u201d","datePublished":"2026-02-19T13:52:19+00:00","dateModified":"2026-02-19T13:52:20+00:00","mainEntityOfPage":{"@id":"https:\/\/diariodelsurdigital.com.ar\/?p=7062"},"wordCount":592,"commentCount":0,"image":{"@id":"https:\/\/diariodelsurdigital.com.ar\/?p=7062#primaryimage"},"thumbnailUrl":"https:\/\/diariodelsurdigital.com.ar\/wp-content\/uploads\/2026\/02\/md-31.webp","articleSection":["Nacionales","Pol\u00edtica"],"inLanguage":"es","potentialAction":[{"@type":"CommentAction","name":"Comment","target":["https:\/\/diariodelsurdigital.com.ar\/?p=7062#respond"]}]},{"@type":"WebPage","@id":"https:\/\/diariodelsurdigital.com.ar\/?p=7062","url":"https:\/\/diariodelsurdigital.com.ar\/?p=7062","name":"Diputados: En Comisi\u00f3n, la CGT plante\u00f3 que la Reforma Laboral \u201cviola la Constituci\u00f3n\u201d - Diario del Sur","isPartOf":{"@id":"https:\/\/diariodelsurdigital.com.ar\/#website"},"primaryImageOfPage":{"@id":"https:\/\/diariodelsurdigital.com.ar\/?p=7062#primaryimage"},"image":{"@id":"https:\/\/diariodelsurdigital.com.ar\/?p=7062#primaryimage"},"thumbnailUrl":"https:\/\/diariodelsurdigital.com.ar\/wp-content\/uploads\/2026\/02\/md-31.webp","datePublished":"2026-02-19T13:52:19+00:00","dateModified":"2026-02-19T13:52:20+00:00","author":{"@id":"https:\/\/diariodelsurdigital.com.ar\/#\/schema\/person\/1a4992532ed62965c968031b49195c81"},"breadcrumb":{"@id":"https:\/\/diariodelsurdigital.com.ar\/?p=7062#breadcrumb"},"inLanguage":"es","potentialAction":[{"@type":"ReadAction","target":["https:\/\/diariodelsurdigital.com.ar\/?p=7062"]}]},{"@type":"ImageObject","inLanguage":"es","@id":"https:\/\/diariodelsurdigital.com.ar\/?p=7062#primaryimage","url":"https:\/\/diariodelsurdigital.com.ar\/wp-content\/uploads\/2026\/02\/md-31.webp","contentUrl":"https:\/\/diariodelsurdigital.com.ar\/wp-content\/uploads\/2026\/02\/md-31.webp","width":992,"height":661},{"@type":"BreadcrumbList","@id":"https:\/\/diariodelsurdigital.com.ar\/?p=7062#breadcrumb","itemListElement":[{"@type":"ListItem","position":1,"name":"Portada","item":"https:\/\/diariodelsurdigital.com.ar\/"},{"@type":"ListItem","position":2,"name":"Diputados: En Comisi\u00f3n, la CGT plante\u00f3 que la Reforma Laboral \u201cviola la Constituci\u00f3n\u201d"}]},{"@type":"WebSite","@id":"https:\/\/diariodelsurdigital.com.ar\/#website","url":"https:\/\/diariodelsurdigital.com.ar\/","name":"Diario del Sur","description":"Digital","potentialAction":[{"@type":"SearchAction","target":{"@type":"EntryPoint","urlTemplate":"https:\/\/diariodelsurdigital.com.ar\/?s={search_term_string}"},"query-input":{"@type":"PropertyValueSpecification","valueRequired":true,"valueName":"search_term_string"}}],"inLanguage":"es"},{"@type":"Person","@id":"https:\/\/diariodelsurdigital.com.ar\/#\/schema\/person\/1a4992532ed62965c968031b49195c81","name":"Diario del Sur Digital","image":{"@type":"ImageObject","inLanguage":"es","@id":"https:\/\/secure.gravatar.com\/avatar\/f0c7c47fc7146d19828273b9b8eda651c9c7ab583767e6338d3d3bee825adf76?s=96&d=mm&r=g","url":"https:\/\/secure.gravatar.com\/avatar\/f0c7c47fc7146d19828273b9b8eda651c9c7ab583767e6338d3d3bee825adf76?s=96&d=mm&r=g","contentUrl":"https:\/\/secure.gravatar.com\/avatar\/f0c7c47fc7146d19828273b9b8eda651c9c7ab583767e6338d3d3bee825adf76?s=96&d=mm&r=g","caption":"Diario del Sur Digital"},"url":"https:\/\/diariodelsurdigital.com.ar\/?author=4"}]}},"_links":{"self":[{"href":"https:\/\/diariodelsurdigital.com.ar\/index.php?rest_route=\/wp\/v2\/posts\/7062","targetHints":{"allow":["GET"]}}],"collection":[{"href":"https:\/\/diariodelsurdigital.com.ar\/index.php?rest_route=\/wp\/v2\/posts"}],"about":[{"href":"https:\/\/diariodelsurdigital.com.ar\/index.php?rest_route=\/wp\/v2\/types\/post"}],"author":[{"embeddable":true,"href":"https:\/\/diariodelsurdigital.com.ar\/index.php?rest_route=\/wp\/v2\/users\/4"}],"replies":[{"embeddable":true,"href":"https:\/\/diariodelsurdigital.com.ar\/index.php?rest_route=%2Fwp%2Fv2%2Fcomments&post=7062"}],"version-history":[{"count":1,"href":"https:\/\/diariodelsurdigital.com.ar\/index.php?rest_route=\/wp\/v2\/posts\/7062\/revisions"}],"predecessor-version":[{"id":7063,"href":"https:\/\/diariodelsurdigital.com.ar\/index.php?rest_route=\/wp\/v2\/posts\/7062\/revisions\/7063"}],"wp:featuredmedia":[{"embeddable":true,"href":"https:\/\/diariodelsurdigital.com.ar\/index.php?rest_route=\/wp\/v2\/media\/6960"}],"wp:attachment":[{"href":"https:\/\/diariodelsurdigital.com.ar\/index.php?rest_route=%2Fwp%2Fv2%2Fmedia&parent=7062"}],"wp:term":[{"taxonomy":"category","embeddable":true,"href":"https:\/\/diariodelsurdigital.com.ar\/index.php?rest_route=%2Fwp%2Fv2%2Fcategories&post=7062"},{"taxonomy":"post_tag","embeddable":true,"href":"https:\/\/diariodelsurdigital.com.ar\/index.php?rest_route=%2Fwp%2Fv2%2Ftags&post=7062"}],"curies":[{"name":"wp","href":"https:\/\/api.w.org\/{rel}","templated":true}]}}