{"id":7067,"date":"2026-02-19T20:50:53","date_gmt":"2026-02-19T23:50:53","guid":{"rendered":"https:\/\/diariodelsurdigital.com.ar\/?p=7067"},"modified":"2026-02-19T20:50:54","modified_gmt":"2026-02-19T23:50:54","slug":"para-egger-la-reunion-tripartita-con-los-vecinos-sirvio-para-cortar-con-la-desinformacion","status":"publish","type":"post","link":"https:\/\/diariodelsurdigital.com.ar\/?p=7067","title":{"rendered":"Para EGGER la reuni\u00f3n \u201ctripartita\u201d con los vecinos sirvi\u00f3 para \u201ccortar con la desinformaci\u00f3n\u201d"},"content":{"rendered":"\n<h1 class=\"wp-block-heading\"><\/h1>\n\n\n\n<h4 class=\"wp-block-heading\">Tal como estaba previsto, este jueves se concret\u00f3 la reuni\u00f3n \u201ctripartita\u201d entre representantes de la firma EGGER Argentina, el municipio y un grupo de vecinos de zonas aleda\u00f1as a la planta.<\/h4>\n\n\n\n<p><a target=\"_blank\" href=\"https:\/\/api.whatsapp.com\/send?text=Para%20EGGER%20la%20reuni%C3%B3n%20%E2%80%9Ctripartita%E2%80%9D%20con%20los%20vecinos%20sirvi%C3%B3%20para%20%E2%80%9Ccortar%20con%20la%20desinformaci%C3%B3n%E2%80%9D%20-%20https:\/\/diarioriouruguay.com\/concordia\/\/para-egger-la-reunion-tripartita-con-los-vecinos-sirvio-para-cortar-con-la-desinformacion.htm\" rel=\"noreferrer noopener\"><\/a><a href=\"https:\/\/diarioriouruguay.com\/concordia\/para-egger-la-reunion-tripartita-con-los-vecinos-sirvio-para-cortar-con-la-desinformacion.htm#\"><\/a><a href=\"javascript:copyLink('aviso', 'URL Copiada');\"><\/a><a href=\"https:\/\/diarioriouruguay.com\/concordia\/para-egger-la-reunion-tripartita-con-los-vecinos-sirvio-para-cortar-con-la-desinformacion.htm#\"><\/a><a target=\"_blank\" href=\"tg:\/\/msg?text=Para%20EGGER%20la%20reuni%C3%B3n%20%E2%80%9Ctripartita%E2%80%9D%20con%20los%20vecinos%20sirvi%C3%B3%20para%20%E2%80%9Ccortar%20con%20la%20desinformaci%C3%B3n%E2%80%9D-https:\/\/diarioriouruguay.com\/concordia\/\/para-egger-la-reunion-tripartita-con-los-vecinos-sirvio-para-cortar-con-la-desinformacion.htm\" rel=\"noreferrer noopener\"><\/a><a href=\"https:\/\/diarioriouruguay.com\/concordia\/para-egger-la-reunion-tripartita-con-los-vecinos-sirvio-para-cortar-con-la-desinformacion.htm#comentarios\"><\/a><\/p>\n\n\n\n<p>El director de Administraci\u00f3n y Finanzas de la compa\u00f1\u00eda Agust\u00edn Fitte, valor\u00f3 la reuni\u00f3n tripartita y asegur\u00f3 que la instancia permiti\u00f3 \u201ccortar con la desinformaci\u00f3n, ordenar la conversaci\u00f3n y llevar tranquilidad a trav\u00e9s de datos t\u00e9cnicos\u201d.<\/p>\n\n\n\n<p>\u201cHoy celebramos realmente haber concretado esta primera reuni\u00f3n tripartita, con la participaci\u00f3n de algunos vecinos y del municipio. Creemos que fue una reuni\u00f3n con un claro objetivo: el di\u00e1logo, cortar con la desinformaci\u00f3n y explicar con datos t\u00e9cnicos cada uno de los casos que se estuvieron comentando en el \u00faltimo tiempo\u201d, expres\u00f3.<\/p>\n\n\n\n<h3 class=\"wp-block-heading\">Datos t\u00e9cnicos y ex\u00e1menes toxicol\u00f3gicos<\/h3>\n\n\n\n<p>Seg\u00fan explic\u00f3 el directivo, durante el encuentro la empresa present\u00f3 estudios actuales de calidad de aire y ex\u00e1menes toxicol\u00f3gicos vinculados al material que fue observado por vecinos en el mes de diciembre y que tuvo amplia repercusi\u00f3n en redes sociales.<\/p>\n\n\n\n<p>\u201cPudimos explicar con datos t\u00e9cnicos que EGGER no contamina, que no da\u00f1a la salud. Llevamos estudios de calidad de aire y ex\u00e1menes toxicol\u00f3gicos que permitieron aclarar que la fibra que se vio en un evento extraordinario en diciembre es org\u00e1nica, es madera, no es soluble, no tiene qu\u00edmicos, no es t\u00f3xica y no genera problemas para la salud\u201d, sostuvo.<\/p>\n\n\n\n<p>En ese sentido, Fitte remarc\u00f3 que la firma no desconoce lo ocurrido. \u201cNo negamos que tuvimos un evento extraordinario en diciembre, pero s\u00ed nos interesa poder reinformar a cada uno de los vecinos\u201d, indic\u00f3.<\/p>\n\n\n\n<h3 class=\"wp-block-heading\">Mejora ambiental y episodio \u201cinesperado\u201d<\/h3>\n\n\n\n<p>El directivo explic\u00f3 que el episodio se produjo en el marco de una mejora ambiental voluntaria, surgida de un acuerdo firmado en julio de 2023 con vecinos del sector.<\/p>\n\n\n\n<p>Detall\u00f3 que la empresa hab\u00eda reemplazado un equipo industrial \u2014un \u201ccicl\u00f3n\u201d\u2014 como parte de esas mejoras, pero que \u201cocurri\u00f3 lo inesperado y terminamos causando molestias extraordinarias en ese momento a la comunidad\u201d.<\/p>\n\n\n\n<p>\u201cReaccionamos de manera inmediata. Volvimos a la situaci\u00f3n previa e incluso mejoramos esa condici\u00f3n, pero sabemos que eso hoy no es suficiente para los vecinos y tenemos que seguir trabajando en mejorar la calidad de vida de todos\u201d, agreg\u00f3.<\/p>\n\n\n\n<p>Cabe recordar que la realizaci\u00f3n de esta reuni\u00f3n hab\u00eda sido confirmada previamente por la compa\u00f1\u00eda, en el marco de los reclamos de vecinos del barrio Las Tejas y sectores cercanos a la planta industrial.<\/p>\n\n\n\n<h3 class=\"wp-block-heading\">Nuevo acta compromiso y seguimiento peri\u00f3dico<\/h3>\n\n\n\n<p>En cuanto a la continuidad del proceso de di\u00e1logo, Fitte se\u00f1al\u00f3 que se avanzar\u00e1 en la redacci\u00f3n de una nueva acta compromiso, que incluir\u00e1 medidas de corto y mediano plazo.<\/p>\n\n\n\n<p>\u201cTrabajamos en un parcial de ese acta. Ahora lo vamos a trabajar internamente, tambi\u00e9n en el municipio y luego con este grupo de vecinos. All\u00ed se establecer\u00e1n medidas de acci\u00f3n inmediata \u2014muchas ya en aplicaci\u00f3n\u2014 y otras de mediano plazo\u201d, explic\u00f3.<\/p>\n\n\n\n<p>El representante de la firma subray\u00f3 que, por tratarse de una industria de gran escala, las inversiones y modificaciones requieren tiempo y an\u00e1lisis t\u00e9cnico previo. \u201cCada inversi\u00f3n genera un impacto y necesitamos ese tiempo para hacer las cosas correctamente\u201d, indic\u00f3.<\/p>\n\n\n\n<p>Asimismo, la empresa propuso encuentros peri\u00f3dicos cada 8 o 10 semanas para realizar un seguimiento de los compromisos asumidos. La nueva acta, seg\u00fan anticip\u00f3, podr\u00eda estar formalizada hacia fines de la pr\u00f3xima semana, mientras que el siguiente encuentro se proyecta para dentro de tres o cuatro semanas.<\/p>\n\n\n\n<h3 class=\"wp-block-heading\">\u201cNo existe desarrollo sin comunidad\u201d<\/h3>\n\n\n\n<p>Finalmente, Fitte asegur\u00f3 que el camino del di\u00e1logo forma parte de la pol\u00edtica institucional de la compa\u00f1\u00eda. \u201cSomos una empresa privada pero muy transparente. Entendemos que no existe el desarrollo de Egger sin el desarrollo de las comunidades. Estamos en la foresto-industria, que no est\u00e1 cerca de grandes centros urbanos, y para desarrollar talento necesitamos una buena convivencia con la comunidad. Por eso, la respuesta es un rotundo s\u00ed\u201d, concluy\u00f3.<\/p>\n\n\n\n<p>Fuente: Diario R\u00edo Uruguay<\/p>\n","protected":false},"excerpt":{"rendered":"<p>Tal como estaba previsto, este jueves se concret\u00f3 la reuni\u00f3n \u201ctripartita\u201d entre representantes de la firma EGGER Argentina, el municipio y un grupo de vecinos de zonas aleda\u00f1as a la planta. El director de Administraci\u00f3n y Finanzas de la compa\u00f1\u00eda Agust\u00edn Fitte, valor\u00f3 la reuni\u00f3n tripartita y asegur\u00f3 que la instancia permiti\u00f3 \u201ccortar con la [&hellip;]<\/p>\n","protected":false},"author":2,"featured_media":7068,"comment_status":"open","ping_status":"open","sticky":false,"template":"","format":"standard","meta":{"footnotes":""},"categories":[19,16],"tags":[],"class_list":{"0":"post-7067","1":"post","2":"type-post","3":"status-publish","4":"format-standard","5":"has-post-thumbnail","7":"category-interes-general","8":"category-locales"},"yoast_head":"<!-- This site is optimized with the Yoast SEO plugin v27.4 - https:\/\/yoast.com\/product\/yoast-seo-wordpress\/ -->\n<title>Para EGGER la reuni\u00f3n \u201ctripartita\u201d con los vecinos sirvi\u00f3 para \u201ccortar con la desinformaci\u00f3n\u201d - Diario del Sur<\/title>\n<meta name=\"robots\" content=\"index, follow, max-snippet:-1, max-image-preview:large, max-video-preview:-1\" \/>\n<link rel=\"canonical\" href=\"https:\/\/diariodelsurdigital.com.ar\/?p=7067\" \/>\n<meta property=\"og:locale\" content=\"es_ES\" \/>\n<meta property=\"og:type\" content=\"article\" \/>\n<meta property=\"og:title\" content=\"Para EGGER la reuni\u00f3n \u201ctripartita\u201d con los vecinos sirvi\u00f3 para \u201ccortar con la desinformaci\u00f3n\u201d - Diario del Sur\" \/>\n<meta property=\"og:description\" content=\"Tal como estaba previsto, este jueves se concret\u00f3 la reuni\u00f3n \u201ctripartita\u201d entre representantes de la firma EGGER Argentina, el municipio y un grupo de vecinos de zonas aleda\u00f1as a la planta. El director de Administraci\u00f3n y Finanzas de la compa\u00f1\u00eda Agust\u00edn Fitte, valor\u00f3 la reuni\u00f3n tripartita y asegur\u00f3 que la instancia permiti\u00f3 \u201ccortar con la [&hellip;]\" \/>\n<meta property=\"og:url\" content=\"https:\/\/diariodelsurdigital.com.ar\/?p=7067\" \/>\n<meta property=\"og:site_name\" content=\"Diario del Sur\" \/>\n<meta property=\"article:published_time\" content=\"2026-02-19T23:50:53+00:00\" \/>\n<meta property=\"article:modified_time\" content=\"2026-02-19T23:50:54+00:00\" \/>\n<meta property=\"og:image\" content=\"https:\/\/diariodelsurdigital.com.ar\/wp-content\/uploads\/2026\/02\/descarga-1.jpeg\" \/>\n\t<meta property=\"og:image:width\" content=\"397\" \/>\n\t<meta property=\"og:image:height\" content=\"262\" \/>\n\t<meta property=\"og:image:type\" content=\"image\/jpeg\" \/>\n<meta name=\"author\" content=\"Diario del Sur Digital\" \/>\n<meta name=\"twitter:card\" content=\"summary_large_image\" \/>\n<meta name=\"twitter:label1\" content=\"Escrito por\" \/>\n\t<meta name=\"twitter:data1\" content=\"Diario del Sur Digital\" \/>\n\t<meta name=\"twitter:label2\" content=\"Tiempo de lectura\" \/>\n\t<meta name=\"twitter:data2\" content=\"4 minutos\" \/>\n<script type=\"application\/ld+json\" class=\"yoast-schema-graph\">{\"@context\":\"https:\\\/\\\/schema.org\",\"@graph\":[{\"@type\":\"Article\",\"@id\":\"https:\\\/\\\/diariodelsurdigital.com.ar\\\/?p=7067#article\",\"isPartOf\":{\"@id\":\"https:\\\/\\\/diariodelsurdigital.com.ar\\\/?p=7067\"},\"author\":{\"name\":\"Diario del Sur Digital\",\"@id\":\"https:\\\/\\\/diariodelsurdigital.com.ar\\\/#\\\/schema\\\/person\\\/6136a32571657f7dba980b88b04c5465\"},\"headline\":\"Para EGGER la reuni\u00f3n \u201ctripartita\u201d con los vecinos sirvi\u00f3 para \u201ccortar con la desinformaci\u00f3n\u201d\",\"datePublished\":\"2026-02-19T23:50:53+00:00\",\"dateModified\":\"2026-02-19T23:50:54+00:00\",\"mainEntityOfPage\":{\"@id\":\"https:\\\/\\\/diariodelsurdigital.com.ar\\\/?p=7067\"},\"wordCount\":709,\"commentCount\":0,\"image\":{\"@id\":\"https:\\\/\\\/diariodelsurdigital.com.ar\\\/?p=7067#primaryimage\"},\"thumbnailUrl\":\"https:\\\/\\\/diariodelsurdigital.com.ar\\\/wp-content\\\/uploads\\\/2026\\\/02\\\/descarga-1.jpeg\",\"articleSection\":[\"Inter\u00e9s General\",\"Locales\"],\"inLanguage\":\"es\",\"potentialAction\":[{\"@type\":\"CommentAction\",\"name\":\"Comment\",\"target\":[\"https:\\\/\\\/diariodelsurdigital.com.ar\\\/?p=7067#respond\"]}]},{\"@type\":\"WebPage\",\"@id\":\"https:\\\/\\\/diariodelsurdigital.com.ar\\\/?p=7067\",\"url\":\"https:\\\/\\\/diariodelsurdigital.com.ar\\\/?p=7067\",\"name\":\"Para EGGER la reuni\u00f3n \u201ctripartita\u201d con los vecinos sirvi\u00f3 para \u201ccortar con la desinformaci\u00f3n\u201d - Diario del Sur\",\"isPartOf\":{\"@id\":\"https:\\\/\\\/diariodelsurdigital.com.ar\\\/#website\"},\"primaryImageOfPage\":{\"@id\":\"https:\\\/\\\/diariodelsurdigital.com.ar\\\/?p=7067#primaryimage\"},\"image\":{\"@id\":\"https:\\\/\\\/diariodelsurdigital.com.ar\\\/?p=7067#primaryimage\"},\"thumbnailUrl\":\"https:\\\/\\\/diariodelsurdigital.com.ar\\\/wp-content\\\/uploads\\\/2026\\\/02\\\/descarga-1.jpeg\",\"datePublished\":\"2026-02-19T23:50:53+00:00\",\"dateModified\":\"2026-02-19T23:50:54+00:00\",\"author\":{\"@id\":\"https:\\\/\\\/diariodelsurdigital.com.ar\\\/#\\\/schema\\\/person\\\/6136a32571657f7dba980b88b04c5465\"},\"breadcrumb\":{\"@id\":\"https:\\\/\\\/diariodelsurdigital.com.ar\\\/?p=7067#breadcrumb\"},\"inLanguage\":\"es\",\"potentialAction\":[{\"@type\":\"ReadAction\",\"target\":[\"https:\\\/\\\/diariodelsurdigital.com.ar\\\/?p=7067\"]}]},{\"@type\":\"ImageObject\",\"inLanguage\":\"es\",\"@id\":\"https:\\\/\\\/diariodelsurdigital.com.ar\\\/?p=7067#primaryimage\",\"url\":\"https:\\\/\\\/diariodelsurdigital.com.ar\\\/wp-content\\\/uploads\\\/2026\\\/02\\\/descarga-1.jpeg\",\"contentUrl\":\"https:\\\/\\\/diariodelsurdigital.com.ar\\\/wp-content\\\/uploads\\\/2026\\\/02\\\/descarga-1.jpeg\",\"width\":397,\"height\":262},{\"@type\":\"BreadcrumbList\",\"@id\":\"https:\\\/\\\/diariodelsurdigital.com.ar\\\/?p=7067#breadcrumb\",\"itemListElement\":[{\"@type\":\"ListItem\",\"position\":1,\"name\":\"Portada\",\"item\":\"https:\\\/\\\/diariodelsurdigital.com.ar\\\/\"},{\"@type\":\"ListItem\",\"position\":2,\"name\":\"Para EGGER la reuni\u00f3n \u201ctripartita\u201d con los vecinos sirvi\u00f3 para \u201ccortar con la desinformaci\u00f3n\u201d\"}]},{\"@type\":\"WebSite\",\"@id\":\"https:\\\/\\\/diariodelsurdigital.com.ar\\\/#website\",\"url\":\"https:\\\/\\\/diariodelsurdigital.com.ar\\\/\",\"name\":\"Diario del Sur\",\"description\":\"Digital\",\"potentialAction\":[{\"@type\":\"SearchAction\",\"target\":{\"@type\":\"EntryPoint\",\"urlTemplate\":\"https:\\\/\\\/diariodelsurdigital.com.ar\\\/?s={search_term_string}\"},\"query-input\":{\"@type\":\"PropertyValueSpecification\",\"valueRequired\":true,\"valueName\":\"search_term_string\"}}],\"inLanguage\":\"es\"},{\"@type\":\"Person\",\"@id\":\"https:\\\/\\\/diariodelsurdigital.com.ar\\\/#\\\/schema\\\/person\\\/6136a32571657f7dba980b88b04c5465\",\"name\":\"Diario del Sur Digital\",\"image\":{\"@type\":\"ImageObject\",\"inLanguage\":\"es\",\"@id\":\"https:\\\/\\\/secure.gravatar.com\\\/avatar\\\/4c29ceac98541dd42460b2474aaa5dd37594d6ce6cb3cf2c101d09b48ee287ba?s=96&d=mm&r=g\",\"url\":\"https:\\\/\\\/secure.gravatar.com\\\/avatar\\\/4c29ceac98541dd42460b2474aaa5dd37594d6ce6cb3cf2c101d09b48ee287ba?s=96&d=mm&r=g\",\"contentUrl\":\"https:\\\/\\\/secure.gravatar.com\\\/avatar\\\/4c29ceac98541dd42460b2474aaa5dd37594d6ce6cb3cf2c101d09b48ee287ba?s=96&d=mm&r=g\",\"caption\":\"Diario del Sur Digital\"},\"url\":\"https:\\\/\\\/diariodelsurdigital.com.ar\\\/?author=2\"}]}<\/script>\n<!-- \/ Yoast SEO plugin. -->","yoast_head_json":{"title":"Para EGGER la reuni\u00f3n \u201ctripartita\u201d con los vecinos sirvi\u00f3 para \u201ccortar con la desinformaci\u00f3n\u201d - Diario del Sur","robots":{"index":"index","follow":"follow","max-snippet":"max-snippet:-1","max-image-preview":"max-image-preview:large","max-video-preview":"max-video-preview:-1"},"canonical":"https:\/\/diariodelsurdigital.com.ar\/?p=7067","og_locale":"es_ES","og_type":"article","og_title":"Para EGGER la reuni\u00f3n \u201ctripartita\u201d con los vecinos sirvi\u00f3 para \u201ccortar con la desinformaci\u00f3n\u201d - Diario del Sur","og_description":"Tal como estaba previsto, este jueves se concret\u00f3 la reuni\u00f3n \u201ctripartita\u201d entre representantes de la firma EGGER Argentina, el municipio y un grupo de vecinos de zonas aleda\u00f1as a la planta. El director de Administraci\u00f3n y Finanzas de la compa\u00f1\u00eda Agust\u00edn Fitte, valor\u00f3 la reuni\u00f3n tripartita y asegur\u00f3 que la instancia permiti\u00f3 \u201ccortar con la [&hellip;]","og_url":"https:\/\/diariodelsurdigital.com.ar\/?p=7067","og_site_name":"Diario del Sur","article_published_time":"2026-02-19T23:50:53+00:00","article_modified_time":"2026-02-19T23:50:54+00:00","og_image":[{"width":397,"height":262,"url":"https:\/\/diariodelsurdigital.com.ar\/wp-content\/uploads\/2026\/02\/descarga-1.jpeg","type":"image\/jpeg"}],"author":"Diario del Sur Digital","twitter_card":"summary_large_image","twitter_misc":{"Escrito por":"Diario del Sur Digital","Tiempo de lectura":"4 minutos"},"schema":{"@context":"https:\/\/schema.org","@graph":[{"@type":"Article","@id":"https:\/\/diariodelsurdigital.com.ar\/?p=7067#article","isPartOf":{"@id":"https:\/\/diariodelsurdigital.com.ar\/?p=7067"},"author":{"name":"Diario del Sur Digital","@id":"https:\/\/diariodelsurdigital.com.ar\/#\/schema\/person\/6136a32571657f7dba980b88b04c5465"},"headline":"Para EGGER la reuni\u00f3n \u201ctripartita\u201d con los vecinos sirvi\u00f3 para \u201ccortar con la desinformaci\u00f3n\u201d","datePublished":"2026-02-19T23:50:53+00:00","dateModified":"2026-02-19T23:50:54+00:00","mainEntityOfPage":{"@id":"https:\/\/diariodelsurdigital.com.ar\/?p=7067"},"wordCount":709,"commentCount":0,"image":{"@id":"https:\/\/diariodelsurdigital.com.ar\/?p=7067#primaryimage"},"thumbnailUrl":"https:\/\/diariodelsurdigital.com.ar\/wp-content\/uploads\/2026\/02\/descarga-1.jpeg","articleSection":["Inter\u00e9s General","Locales"],"inLanguage":"es","potentialAction":[{"@type":"CommentAction","name":"Comment","target":["https:\/\/diariodelsurdigital.com.ar\/?p=7067#respond"]}]},{"@type":"WebPage","@id":"https:\/\/diariodelsurdigital.com.ar\/?p=7067","url":"https:\/\/diariodelsurdigital.com.ar\/?p=7067","name":"Para EGGER la reuni\u00f3n \u201ctripartita\u201d con los vecinos sirvi\u00f3 para \u201ccortar con la desinformaci\u00f3n\u201d - Diario del Sur","isPartOf":{"@id":"https:\/\/diariodelsurdigital.com.ar\/#website"},"primaryImageOfPage":{"@id":"https:\/\/diariodelsurdigital.com.ar\/?p=7067#primaryimage"},"image":{"@id":"https:\/\/diariodelsurdigital.com.ar\/?p=7067#primaryimage"},"thumbnailUrl":"https:\/\/diariodelsurdigital.com.ar\/wp-content\/uploads\/2026\/02\/descarga-1.jpeg","datePublished":"2026-02-19T23:50:53+00:00","dateModified":"2026-02-19T23:50:54+00:00","author":{"@id":"https:\/\/diariodelsurdigital.com.ar\/#\/schema\/person\/6136a32571657f7dba980b88b04c5465"},"breadcrumb":{"@id":"https:\/\/diariodelsurdigital.com.ar\/?p=7067#breadcrumb"},"inLanguage":"es","potentialAction":[{"@type":"ReadAction","target":["https:\/\/diariodelsurdigital.com.ar\/?p=7067"]}]},{"@type":"ImageObject","inLanguage":"es","@id":"https:\/\/diariodelsurdigital.com.ar\/?p=7067#primaryimage","url":"https:\/\/diariodelsurdigital.com.ar\/wp-content\/uploads\/2026\/02\/descarga-1.jpeg","contentUrl":"https:\/\/diariodelsurdigital.com.ar\/wp-content\/uploads\/2026\/02\/descarga-1.jpeg","width":397,"height":262},{"@type":"BreadcrumbList","@id":"https:\/\/diariodelsurdigital.com.ar\/?p=7067#breadcrumb","itemListElement":[{"@type":"ListItem","position":1,"name":"Portada","item":"https:\/\/diariodelsurdigital.com.ar\/"},{"@type":"ListItem","position":2,"name":"Para EGGER la reuni\u00f3n \u201ctripartita\u201d con los vecinos sirvi\u00f3 para \u201ccortar con la desinformaci\u00f3n\u201d"}]},{"@type":"WebSite","@id":"https:\/\/diariodelsurdigital.com.ar\/#website","url":"https:\/\/diariodelsurdigital.com.ar\/","name":"Diario del Sur","description":"Digital","potentialAction":[{"@type":"SearchAction","target":{"@type":"EntryPoint","urlTemplate":"https:\/\/diariodelsurdigital.com.ar\/?s={search_term_string}"},"query-input":{"@type":"PropertyValueSpecification","valueRequired":true,"valueName":"search_term_string"}}],"inLanguage":"es"},{"@type":"Person","@id":"https:\/\/diariodelsurdigital.com.ar\/#\/schema\/person\/6136a32571657f7dba980b88b04c5465","name":"Diario del Sur Digital","image":{"@type":"ImageObject","inLanguage":"es","@id":"https:\/\/secure.gravatar.com\/avatar\/4c29ceac98541dd42460b2474aaa5dd37594d6ce6cb3cf2c101d09b48ee287ba?s=96&d=mm&r=g","url":"https:\/\/secure.gravatar.com\/avatar\/4c29ceac98541dd42460b2474aaa5dd37594d6ce6cb3cf2c101d09b48ee287ba?s=96&d=mm&r=g","contentUrl":"https:\/\/secure.gravatar.com\/avatar\/4c29ceac98541dd42460b2474aaa5dd37594d6ce6cb3cf2c101d09b48ee287ba?s=96&d=mm&r=g","caption":"Diario del Sur Digital"},"url":"https:\/\/diariodelsurdigital.com.ar\/?author=2"}]}},"_links":{"self":[{"href":"https:\/\/diariodelsurdigital.com.ar\/index.php?rest_route=\/wp\/v2\/posts\/7067","targetHints":{"allow":["GET"]}}],"collection":[{"href":"https:\/\/diariodelsurdigital.com.ar\/index.php?rest_route=\/wp\/v2\/posts"}],"about":[{"href":"https:\/\/diariodelsurdigital.com.ar\/index.php?rest_route=\/wp\/v2\/types\/post"}],"author":[{"embeddable":true,"href":"https:\/\/diariodelsurdigital.com.ar\/index.php?rest_route=\/wp\/v2\/users\/2"}],"replies":[{"embeddable":true,"href":"https:\/\/diariodelsurdigital.com.ar\/index.php?rest_route=%2Fwp%2Fv2%2Fcomments&post=7067"}],"version-history":[{"count":1,"href":"https:\/\/diariodelsurdigital.com.ar\/index.php?rest_route=\/wp\/v2\/posts\/7067\/revisions"}],"predecessor-version":[{"id":7069,"href":"https:\/\/diariodelsurdigital.com.ar\/index.php?rest_route=\/wp\/v2\/posts\/7067\/revisions\/7069"}],"wp:featuredmedia":[{"embeddable":true,"href":"https:\/\/diariodelsurdigital.com.ar\/index.php?rest_route=\/wp\/v2\/media\/7068"}],"wp:attachment":[{"href":"https:\/\/diariodelsurdigital.com.ar\/index.php?rest_route=%2Fwp%2Fv2%2Fmedia&parent=7067"}],"wp:term":[{"taxonomy":"category","embeddable":true,"href":"https:\/\/diariodelsurdigital.com.ar\/index.php?rest_route=%2Fwp%2Fv2%2Fcategories&post=7067"},{"taxonomy":"post_tag","embeddable":true,"href":"https:\/\/diariodelsurdigital.com.ar\/index.php?rest_route=%2Fwp%2Fv2%2Ftags&post=7067"}],"curies":[{"name":"wp","href":"https:\/\/api.w.org\/{rel}","templated":true}]}}