{"id":7071,"date":"2026-02-20T10:41:14","date_gmt":"2026-02-20T13:41:14","guid":{"rendered":"https:\/\/diariodelsurdigital.com.ar\/?p=7071"},"modified":"2026-02-20T10:41:15","modified_gmt":"2026-02-20T13:41:15","slug":"diputados-aprobo-la-derogacion-del-estatuto-del-periodista","status":"publish","type":"post","link":"https:\/\/diariodelsurdigital.com.ar\/?p=7071","title":{"rendered":"Diputados aprob\u00f3 la derogaci\u00f3n del Estatuto del Periodista"},"content":{"rendered":"\n<p>La C\u00e1mara baja aprob\u00f3 la eliminaci\u00f3n de la Ley 12.908 por 126 votos a favor, 119 en contra y 4 abstenciones, en el marco del tratamiento en particular de la reforma laboral. El art\u00edculo fue uno de los m\u00e1s debatidos de la sesi\u00f3n y expuso una fuerte divisi\u00f3n entre el oficialismo y la oposici\u00f3n.<\/p>\n\n\n\n<p><\/p>\n\n\n\n<p>La C\u00e1mara de Diputados aprob\u00f3 en la madrugada el art\u00edculo 118 de la reforma laboral, que dispone la derogaci\u00f3n del Estatuto del Periodista. Tras la votaci\u00f3n en general del proyecto, los legisladores avanzaron con el tratamiento en particular y cerraron la extensa sesi\u00f3n con el punto que elimina el r\u00e9gimen espec\u00edfico para la actividad de prensa.<\/p>\n\n\n\n<p>La iniciativa impulsada por el Gobierno de Javier Milei incluy\u00f3 la supresi\u00f3n de la Ley 12.908, norma que regula el trabajo period\u00edstico en el pa\u00eds. Fue el art\u00edculo que concentr\u00f3 mayor cantidad de intervenciones en el recinto, con planteos para retirarlo del texto, aunque finalmente se mantuvo y se someti\u00f3 a votaci\u00f3n.<\/p>\n\n\n\n<p>En el recuento final, la derogaci\u00f3n del Estatuto reuni\u00f3 126 votos afirmativos, 119 en contra y 4 abstenciones, resultado que signific\u00f3 otro triunfo legislativo para el oficialismo en el marco del debate de la reforma laboral.<\/p>\n\n\n\n<p>Votos a favor de la derogaci\u00f3n del Estatuto del Periodista<\/p>\n\n\n\n<p>La Libertad Avanza<\/p>\n\n\n\n<p>Sabrina Ajmechet, Carlos Almena, Lisandro Almir\u00f3n, B\u00e1rbara Andreussi, Pablo Ansaloni, Dami\u00e1n Arabia, Bel\u00e9n Avico, Atilio Basualdo, M\u00f3nica Becerra, Beltr\u00e1n Benedit, Bertie Benegas Lynch, Roc\u00edo Bonacci, Alejandro Bongiovanni, Gabriel Bornoroni, Adri\u00e1n Brizuela, Eliana Bruno, Mariano Campero, Alejandro Carrancio, Giselle Castelnuevo, Abel Chiconi, Facundo Correa Llano, Romina Diez, Nicol\u00e1s Emma, Alejandro Fargosi, Alida Ferreyra, Sergio Figliuolo, Mar\u00eda Gabriela Flores, Maira Fr\u00edas, Mar\u00eda Virginia Gallardo, \u00c1lvaro Garc\u00eda, Carlos Garc\u00eda, Silvana Giudici, Rosario Goitia, Alfredo Gonzales, Mar\u00eda Luisa Gonz\u00e1lez Estevarena, Maura Gruber, Jairo Guzm\u00e1n, Diego Hartfield, Patricia Holzman, Gerardo Huesen, Gladys Humenuk, Mar\u00eda Cecilia Ib\u00e1\u00f1ez, Andr\u00e9s Laumann, Lilia Lemoine, Andr\u00e9s Leone, Mercedes Llano, Enrique Lluch, Johanna Longo, Lorena Macyszyn, \u00c1lvaro Mart\u00ednez, Nicol\u00e1s Mayoraz, Julieta Metr\u00e1l Asensio, Soledad Molinuevo, Soledad Mondaca, Guillermo Montenegro, Juan Pablo Montenegro, Francisco Morchio, Julio Moreno Ovalle, Gabriela Mu\u00f1oz, Miriam Niveyro, Joaqu\u00edn Ojeda, Sebasti\u00e1n Pareja, Marcos Pati\u00f1o Brizuela, Santiago Pauli, Agust\u00edn Pellegrini, Federico Pelli, Jos\u00e9 Peluc, Luis Petri, Mar\u00eda Lorena Petrovich, Luis Picat, Mar\u00eda Celeste Ponce, Manuel Quintar, Valentina Ravera, Adri\u00e1n Ravier, Ver\u00f3nica Razzini, Karen Reichardt, Gast\u00f3n Riesco, Gonzalo Roca, Miguel Rodr\u00edguez, Laura Rodr\u00edguez Machado, Juliana Santill\u00e1n Ju\u00e1rez Brahim, Santiago Santurio, Laura Soldano, Yamile Tomassoni, Rub\u00e9n Torres, An\u00edbal Tortoriello, Jos\u00e9 Federico Tournier, C\u00e9sar Treffinger, Hern\u00e1n Urien, Patricia V\u00e1squez, Andrea Vera, Lorena Villaverde, Gino Visconti y Carlos Zapata.<\/p>\n\n\n\n<p>PRO<\/p>\n\n\n\n<p>Mart\u00edn Ardohain, Emmanuel Bianchetti, Fernando De Andreis, Mar\u00eda Florencia De Sensi, Daiana Fern\u00e1ndez Molero, Alejandro Finocchiaro, Alicia Fregonese, Antonela Giampieri, \u00c1lvaro Gonz\u00e1lez, Cristian Ritondo, Javier S\u00e1nchez Wrba y Mart\u00edn Yeza.<\/p>\n\n\n\n<p>UCR \u2013 Uni\u00f3n C\u00edvica Radical<\/p>\n\n\n\n<p>Guillermo Aguero, Gerardo Cipolini, Di\u00f3genes Gonz\u00e1lez y Lisandro Nieri, Dar\u00edo Schneider y Pamela Verasay.<\/p>\n\n\n\n<p>Innovaci\u00f3n Federal<\/p>\n\n\n\n<p>Alberto Arr\u00faa, Oscar Herrera, Yamila Ruiz y Daniel Vancsik.<\/p>\n\n\n\n<p>Provincias Unidas<\/p>\n\n\n\n<p>Jos\u00e9 N\u00fa\u00f1ez y Gisela Scaglia.<\/p>\n\n\n\n<p>MID \u2013 Movimiento de Integraci\u00f3n y Desarrollo<\/p>\n\n\n\n<p>Eduardo Falcone y Oscar Zago.<\/p>\n\n\n\n<p>Independencia<\/p>\n\n\n\n<p>Votaron afirmativo: Elia Fern\u00e1ndez y Gladys Medina.<\/p>\n\n\n\n<p>Producci\u00f3n y Trabajo<\/p>\n\n\n\n<p>Carlos Jaime Quiroga y Nancy Pic\u00f3n Mart\u00ednez.<\/p>\n\n\n\n<p>Pa\u00eds Federal<\/p>\n\n\n\n<p>Gerardo Gonz\u00e1lez.<\/p>\n\n\n\n<p>Por Santa Cruz<\/p>\n\n\n\n<p>Jos\u00e9 Luis Garrido.<\/p>\n\n\n\n<p>Votos en contra de la derogaci\u00f3n del Estatuto del periodista<\/p>\n\n\n\n<p>Uni\u00f3n por la Patria<\/p>\n\n\n\n<p>Votaron negativo todos los diputados de este bloque que figuran en tu listado, entre ellos: Hilda Aguirre, Ernesto \u201cPipi\u201d Al\u00ed, Cristian Andino, Javier Andrade, Mart\u00edn Aveiro, Marcelo Barbur, Luis Basterra, Gustavo Bordet, Alejandrina Borgatta, Santiago Cafiero, Florencia Carignano, Carlos Castagneto, Carlos Cisneros, Ricardo Daives, Mar\u00eda Graciela De la Rosa, Fernanda D\u00edaz, Sergio Dolce, Gabriela Est\u00e9vez, Abelardo Ferr\u00e1n, Andrea Freites, Sebasti\u00e1n Galmarini, Mar\u00eda Teresa Garc\u00eda, Diego Giuliano, Jos\u00e9 Glinski, Juan Grabois, Ramiro Guti\u00e9rrez, Ra\u00fal Hadad, Itai Hagman, Ana Ianni, M\u00e1ximo Kirchner, Moira Lanesan Sancho, Aldo Leiva, Jimena L\u00f3pez, Cecilia L\u00f3pez Pasquali, Juan Pablo Luque, Marcelo Mango, Mario Manrique, Marianela Marclay, Varinia Mar\u00edn, Juan Marino, Germ\u00e1n Mart\u00ednez, Guillermo Michel, Fernanda Mi\u00f1o, Juan Carlos Molina, Mat\u00edas Molle, Roxana Monz\u00f3n, Cecilia Moreau, Hugo Moyano, Jorge Mukdise, Estela Neder, Kelly Olmos, Blanca Osuna, Sergio Palazzo, Claudia Palladino, Mar\u00eda Graciela Parola, Gabriela Pedrali, Paula Penacca, Horacio Pietragalla, Lorena Pokoik, Luciana Potenza, Agustina Propato, Ariel Rauschenberger, Santiago Roberto, Agust\u00edn Rossi, Marina Salzmann, Nancy Sand, Sabrina Selva, Adriana Serquis, Vanesa Siley, Guillermo Snopek, Julia Strada, Jorge Taiana, Rodolfo Tailhade, Caren Tepp, Pablo Todero, Victoria Tolosa Paz, Nicol\u00e1s Trotta, Eduardo Vald\u00e9s, M. Elena Vel\u00e1zquez, Luana Volnovich, Hugo Yasky, Pablo Yedlin, Natalia Zaracho y Christian Zulli.<\/p>\n\n\n\n<p>Frente de Izquierda y de Trabajadores \u2013 Unidad<\/p>\n\n\n\n<p>Votaron negativo: Myriam Bregman, Nicol\u00e1s del Ca\u00f1o, Romina del Pl\u00e1 y N\u00e9stor Pitrola.<\/p>\n\n\n\n<p>Coalici\u00f3n C\u00edvica<\/p>\n\n\n\n<p>Votaron negativo: Maximiliano Ferraro y M\u00f3nica Frade.<\/p>\n\n\n\n<p>Provincias Unidas<\/p>\n\n\n\n<p>Votaron negativo: Jorge \u00c1vila, Carolina Basualdo, Juan Fernando Brugge, Mariela Coletta, Pablo Far\u00edas, Carlos Guti\u00e9rrez, Pablo Juliano, Mart\u00edn Lousteau, Esteban Paul\u00f3n, Jorge Rizzotti y Mar\u00eda In\u00e9s Zigar\u00e1n.<\/p>\n\n\n\n<p>Innovaci\u00f3n Federal<\/p>\n\n\n\n<p>Votaron negativo: Bernardo Biella y Pablo Outes.<\/p>\n\n\n\n<p>Elijo Catamarca<\/p>\n\n\n\n<p>Votaron negativo: Fernanda \u00c1vila, Fernando Monguillot y Sebasti\u00e1n N\u00f3blega.<\/p>\n\n\n\n<p>Encuentro Federal<\/p>\n\n\n\n<p>Votaron negativo: Nicol\u00e1s Massot y Miguel \u00c1ngel Pichetto.<\/p>\n\n\n\n<p>Defendamos C\u00f3rdoba<\/p>\n\n\n\n<p>Vot\u00f3 negativo: Natalia De la Sota.<\/p>\n\n\n\n<p>Primero San Luis<\/p>\n\n\n\n<p>Vot\u00f3 negativo: Jorge Fern\u00e1ndez.<\/p>\n\n\n\n<p>La Neuquinidad<\/p>\n\n\n\n<p>Vot\u00f3 negativo: Karina Maureira.<\/p>\n\n\n\n<p>Coherencia<\/p>\n\n\n\n<p>Vot\u00f3 negativo: Marcela Pagano.<\/p>\n\n\n\n<p><\/p>\n","protected":false},"excerpt":{"rendered":"<p>La C\u00e1mara baja aprob\u00f3 la eliminaci\u00f3n de la Ley 12.908 por 126 votos a favor, 119 en contra y 4 abstenciones, en el marco del tratamiento en particular de la reforma laboral. El art\u00edculo fue uno de los m\u00e1s debatidos de la sesi\u00f3n y expuso una fuerte divisi\u00f3n entre el oficialismo y la oposici\u00f3n. La [&hellip;]<\/p>\n","protected":false},"author":4,"featured_media":7072,"comment_status":"open","ping_status":"open","sticky":false,"template":"","format":"standard","meta":{"footnotes":""},"categories":[19,18],"tags":[],"class_list":{"0":"post-7071","1":"post","2":"type-post","3":"status-publish","4":"format-standard","5":"has-post-thumbnail","7":"category-interes-general","8":"category-nacionales"},"yoast_head":"<!-- This site is optimized with the Yoast SEO plugin v27.4 - https:\/\/yoast.com\/product\/yoast-seo-wordpress\/ -->\n<title>Diputados aprob\u00f3 la derogaci\u00f3n del Estatuto del Periodista - Diario del Sur<\/title>\n<meta name=\"robots\" content=\"index, follow, max-snippet:-1, max-image-preview:large, max-video-preview:-1\" \/>\n<link rel=\"canonical\" href=\"https:\/\/diariodelsurdigital.com.ar\/?p=7071\" \/>\n<meta property=\"og:locale\" content=\"es_ES\" \/>\n<meta property=\"og:type\" content=\"article\" \/>\n<meta property=\"og:title\" content=\"Diputados aprob\u00f3 la derogaci\u00f3n del Estatuto del Periodista - Diario del Sur\" \/>\n<meta property=\"og:description\" content=\"La C\u00e1mara baja aprob\u00f3 la eliminaci\u00f3n de la Ley 12.908 por 126 votos a favor, 119 en contra y 4 abstenciones, en el marco del tratamiento en particular de la reforma laboral. El art\u00edculo fue uno de los m\u00e1s debatidos de la sesi\u00f3n y expuso una fuerte divisi\u00f3n entre el oficialismo y la oposici\u00f3n. La [&hellip;]\" \/>\n<meta property=\"og:url\" content=\"https:\/\/diariodelsurdigital.com.ar\/?p=7071\" \/>\n<meta property=\"og:site_name\" content=\"Diario del Sur\" \/>\n<meta property=\"article:published_time\" content=\"2026-02-20T13:41:14+00:00\" \/>\n<meta property=\"article:modified_time\" content=\"2026-02-20T13:41:15+00:00\" \/>\n<meta property=\"og:image\" content=\"https:\/\/diariodelsurdigital.com.ar\/wp-content\/uploads\/2026\/02\/md-42.webp\" \/>\n\t<meta property=\"og:image:width\" content=\"992\" \/>\n\t<meta property=\"og:image:height\" content=\"720\" \/>\n\t<meta property=\"og:image:type\" content=\"image\/webp\" \/>\n<meta name=\"author\" content=\"Diario del Sur Digital\" \/>\n<meta name=\"twitter:card\" content=\"summary_large_image\" \/>\n<meta name=\"twitter:label1\" content=\"Escrito por\" \/>\n\t<meta name=\"twitter:data1\" content=\"Diario del Sur Digital\" \/>\n\t<meta name=\"twitter:label2\" content=\"Tiempo de lectura\" \/>\n\t<meta name=\"twitter:data2\" content=\"5 minutos\" \/>\n<script type=\"application\/ld+json\" class=\"yoast-schema-graph\">{\"@context\":\"https:\\\/\\\/schema.org\",\"@graph\":[{\"@type\":\"Article\",\"@id\":\"https:\\\/\\\/diariodelsurdigital.com.ar\\\/?p=7071#article\",\"isPartOf\":{\"@id\":\"https:\\\/\\\/diariodelsurdigital.com.ar\\\/?p=7071\"},\"author\":{\"name\":\"Diario del Sur Digital\",\"@id\":\"https:\\\/\\\/diariodelsurdigital.com.ar\\\/#\\\/schema\\\/person\\\/1a4992532ed62965c968031b49195c81\"},\"headline\":\"Diputados aprob\u00f3 la derogaci\u00f3n del Estatuto del Periodista\",\"datePublished\":\"2026-02-20T13:41:14+00:00\",\"dateModified\":\"2026-02-20T13:41:15+00:00\",\"mainEntityOfPage\":{\"@id\":\"https:\\\/\\\/diariodelsurdigital.com.ar\\\/?p=7071\"},\"wordCount\":977,\"commentCount\":0,\"image\":{\"@id\":\"https:\\\/\\\/diariodelsurdigital.com.ar\\\/?p=7071#primaryimage\"},\"thumbnailUrl\":\"https:\\\/\\\/diariodelsurdigital.com.ar\\\/wp-content\\\/uploads\\\/2026\\\/02\\\/md-42.webp\",\"articleSection\":[\"Inter\u00e9s General\",\"Nacionales\"],\"inLanguage\":\"es\",\"potentialAction\":[{\"@type\":\"CommentAction\",\"name\":\"Comment\",\"target\":[\"https:\\\/\\\/diariodelsurdigital.com.ar\\\/?p=7071#respond\"]}]},{\"@type\":\"WebPage\",\"@id\":\"https:\\\/\\\/diariodelsurdigital.com.ar\\\/?p=7071\",\"url\":\"https:\\\/\\\/diariodelsurdigital.com.ar\\\/?p=7071\",\"name\":\"Diputados aprob\u00f3 la derogaci\u00f3n del Estatuto del Periodista - Diario del Sur\",\"isPartOf\":{\"@id\":\"https:\\\/\\\/diariodelsurdigital.com.ar\\\/#website\"},\"primaryImageOfPage\":{\"@id\":\"https:\\\/\\\/diariodelsurdigital.com.ar\\\/?p=7071#primaryimage\"},\"image\":{\"@id\":\"https:\\\/\\\/diariodelsurdigital.com.ar\\\/?p=7071#primaryimage\"},\"thumbnailUrl\":\"https:\\\/\\\/diariodelsurdigital.com.ar\\\/wp-content\\\/uploads\\\/2026\\\/02\\\/md-42.webp\",\"datePublished\":\"2026-02-20T13:41:14+00:00\",\"dateModified\":\"2026-02-20T13:41:15+00:00\",\"author\":{\"@id\":\"https:\\\/\\\/diariodelsurdigital.com.ar\\\/#\\\/schema\\\/person\\\/1a4992532ed62965c968031b49195c81\"},\"breadcrumb\":{\"@id\":\"https:\\\/\\\/diariodelsurdigital.com.ar\\\/?p=7071#breadcrumb\"},\"inLanguage\":\"es\",\"potentialAction\":[{\"@type\":\"ReadAction\",\"target\":[\"https:\\\/\\\/diariodelsurdigital.com.ar\\\/?p=7071\"]}]},{\"@type\":\"ImageObject\",\"inLanguage\":\"es\",\"@id\":\"https:\\\/\\\/diariodelsurdigital.com.ar\\\/?p=7071#primaryimage\",\"url\":\"https:\\\/\\\/diariodelsurdigital.com.ar\\\/wp-content\\\/uploads\\\/2026\\\/02\\\/md-42.webp\",\"contentUrl\":\"https:\\\/\\\/diariodelsurdigital.com.ar\\\/wp-content\\\/uploads\\\/2026\\\/02\\\/md-42.webp\",\"width\":992,\"height\":720},{\"@type\":\"BreadcrumbList\",\"@id\":\"https:\\\/\\\/diariodelsurdigital.com.ar\\\/?p=7071#breadcrumb\",\"itemListElement\":[{\"@type\":\"ListItem\",\"position\":1,\"name\":\"Portada\",\"item\":\"https:\\\/\\\/diariodelsurdigital.com.ar\\\/\"},{\"@type\":\"ListItem\",\"position\":2,\"name\":\"Diputados aprob\u00f3 la derogaci\u00f3n del Estatuto del Periodista\"}]},{\"@type\":\"WebSite\",\"@id\":\"https:\\\/\\\/diariodelsurdigital.com.ar\\\/#website\",\"url\":\"https:\\\/\\\/diariodelsurdigital.com.ar\\\/\",\"name\":\"Diario del Sur\",\"description\":\"Digital\",\"potentialAction\":[{\"@type\":\"SearchAction\",\"target\":{\"@type\":\"EntryPoint\",\"urlTemplate\":\"https:\\\/\\\/diariodelsurdigital.com.ar\\\/?s={search_term_string}\"},\"query-input\":{\"@type\":\"PropertyValueSpecification\",\"valueRequired\":true,\"valueName\":\"search_term_string\"}}],\"inLanguage\":\"es\"},{\"@type\":\"Person\",\"@id\":\"https:\\\/\\\/diariodelsurdigital.com.ar\\\/#\\\/schema\\\/person\\\/1a4992532ed62965c968031b49195c81\",\"name\":\"Diario del Sur Digital\",\"image\":{\"@type\":\"ImageObject\",\"inLanguage\":\"es\",\"@id\":\"https:\\\/\\\/secure.gravatar.com\\\/avatar\\\/f0c7c47fc7146d19828273b9b8eda651c9c7ab583767e6338d3d3bee825adf76?s=96&d=mm&r=g\",\"url\":\"https:\\\/\\\/secure.gravatar.com\\\/avatar\\\/f0c7c47fc7146d19828273b9b8eda651c9c7ab583767e6338d3d3bee825adf76?s=96&d=mm&r=g\",\"contentUrl\":\"https:\\\/\\\/secure.gravatar.com\\\/avatar\\\/f0c7c47fc7146d19828273b9b8eda651c9c7ab583767e6338d3d3bee825adf76?s=96&d=mm&r=g\",\"caption\":\"Diario del Sur Digital\"},\"url\":\"https:\\\/\\\/diariodelsurdigital.com.ar\\\/?author=4\"}]}<\/script>\n<!-- \/ Yoast SEO plugin. -->","yoast_head_json":{"title":"Diputados aprob\u00f3 la derogaci\u00f3n del Estatuto del Periodista - Diario del Sur","robots":{"index":"index","follow":"follow","max-snippet":"max-snippet:-1","max-image-preview":"max-image-preview:large","max-video-preview":"max-video-preview:-1"},"canonical":"https:\/\/diariodelsurdigital.com.ar\/?p=7071","og_locale":"es_ES","og_type":"article","og_title":"Diputados aprob\u00f3 la derogaci\u00f3n del Estatuto del Periodista - Diario del Sur","og_description":"La C\u00e1mara baja aprob\u00f3 la eliminaci\u00f3n de la Ley 12.908 por 126 votos a favor, 119 en contra y 4 abstenciones, en el marco del tratamiento en particular de la reforma laboral. El art\u00edculo fue uno de los m\u00e1s debatidos de la sesi\u00f3n y expuso una fuerte divisi\u00f3n entre el oficialismo y la oposici\u00f3n. La [&hellip;]","og_url":"https:\/\/diariodelsurdigital.com.ar\/?p=7071","og_site_name":"Diario del Sur","article_published_time":"2026-02-20T13:41:14+00:00","article_modified_time":"2026-02-20T13:41:15+00:00","og_image":[{"width":992,"height":720,"url":"https:\/\/diariodelsurdigital.com.ar\/wp-content\/uploads\/2026\/02\/md-42.webp","type":"image\/webp"}],"author":"Diario del Sur Digital","twitter_card":"summary_large_image","twitter_misc":{"Escrito por":"Diario del Sur Digital","Tiempo de lectura":"5 minutos"},"schema":{"@context":"https:\/\/schema.org","@graph":[{"@type":"Article","@id":"https:\/\/diariodelsurdigital.com.ar\/?p=7071#article","isPartOf":{"@id":"https:\/\/diariodelsurdigital.com.ar\/?p=7071"},"author":{"name":"Diario del Sur Digital","@id":"https:\/\/diariodelsurdigital.com.ar\/#\/schema\/person\/1a4992532ed62965c968031b49195c81"},"headline":"Diputados aprob\u00f3 la derogaci\u00f3n del Estatuto del Periodista","datePublished":"2026-02-20T13:41:14+00:00","dateModified":"2026-02-20T13:41:15+00:00","mainEntityOfPage":{"@id":"https:\/\/diariodelsurdigital.com.ar\/?p=7071"},"wordCount":977,"commentCount":0,"image":{"@id":"https:\/\/diariodelsurdigital.com.ar\/?p=7071#primaryimage"},"thumbnailUrl":"https:\/\/diariodelsurdigital.com.ar\/wp-content\/uploads\/2026\/02\/md-42.webp","articleSection":["Inter\u00e9s General","Nacionales"],"inLanguage":"es","potentialAction":[{"@type":"CommentAction","name":"Comment","target":["https:\/\/diariodelsurdigital.com.ar\/?p=7071#respond"]}]},{"@type":"WebPage","@id":"https:\/\/diariodelsurdigital.com.ar\/?p=7071","url":"https:\/\/diariodelsurdigital.com.ar\/?p=7071","name":"Diputados aprob\u00f3 la derogaci\u00f3n del Estatuto del Periodista - Diario del Sur","isPartOf":{"@id":"https:\/\/diariodelsurdigital.com.ar\/#website"},"primaryImageOfPage":{"@id":"https:\/\/diariodelsurdigital.com.ar\/?p=7071#primaryimage"},"image":{"@id":"https:\/\/diariodelsurdigital.com.ar\/?p=7071#primaryimage"},"thumbnailUrl":"https:\/\/diariodelsurdigital.com.ar\/wp-content\/uploads\/2026\/02\/md-42.webp","datePublished":"2026-02-20T13:41:14+00:00","dateModified":"2026-02-20T13:41:15+00:00","author":{"@id":"https:\/\/diariodelsurdigital.com.ar\/#\/schema\/person\/1a4992532ed62965c968031b49195c81"},"breadcrumb":{"@id":"https:\/\/diariodelsurdigital.com.ar\/?p=7071#breadcrumb"},"inLanguage":"es","potentialAction":[{"@type":"ReadAction","target":["https:\/\/diariodelsurdigital.com.ar\/?p=7071"]}]},{"@type":"ImageObject","inLanguage":"es","@id":"https:\/\/diariodelsurdigital.com.ar\/?p=7071#primaryimage","url":"https:\/\/diariodelsurdigital.com.ar\/wp-content\/uploads\/2026\/02\/md-42.webp","contentUrl":"https:\/\/diariodelsurdigital.com.ar\/wp-content\/uploads\/2026\/02\/md-42.webp","width":992,"height":720},{"@type":"BreadcrumbList","@id":"https:\/\/diariodelsurdigital.com.ar\/?p=7071#breadcrumb","itemListElement":[{"@type":"ListItem","position":1,"name":"Portada","item":"https:\/\/diariodelsurdigital.com.ar\/"},{"@type":"ListItem","position":2,"name":"Diputados aprob\u00f3 la derogaci\u00f3n del Estatuto del Periodista"}]},{"@type":"WebSite","@id":"https:\/\/diariodelsurdigital.com.ar\/#website","url":"https:\/\/diariodelsurdigital.com.ar\/","name":"Diario del Sur","description":"Digital","potentialAction":[{"@type":"SearchAction","target":{"@type":"EntryPoint","urlTemplate":"https:\/\/diariodelsurdigital.com.ar\/?s={search_term_string}"},"query-input":{"@type":"PropertyValueSpecification","valueRequired":true,"valueName":"search_term_string"}}],"inLanguage":"es"},{"@type":"Person","@id":"https:\/\/diariodelsurdigital.com.ar\/#\/schema\/person\/1a4992532ed62965c968031b49195c81","name":"Diario del Sur Digital","image":{"@type":"ImageObject","inLanguage":"es","@id":"https:\/\/secure.gravatar.com\/avatar\/f0c7c47fc7146d19828273b9b8eda651c9c7ab583767e6338d3d3bee825adf76?s=96&d=mm&r=g","url":"https:\/\/secure.gravatar.com\/avatar\/f0c7c47fc7146d19828273b9b8eda651c9c7ab583767e6338d3d3bee825adf76?s=96&d=mm&r=g","contentUrl":"https:\/\/secure.gravatar.com\/avatar\/f0c7c47fc7146d19828273b9b8eda651c9c7ab583767e6338d3d3bee825adf76?s=96&d=mm&r=g","caption":"Diario del Sur Digital"},"url":"https:\/\/diariodelsurdigital.com.ar\/?author=4"}]}},"_links":{"self":[{"href":"https:\/\/diariodelsurdigital.com.ar\/index.php?rest_route=\/wp\/v2\/posts\/7071","targetHints":{"allow":["GET"]}}],"collection":[{"href":"https:\/\/diariodelsurdigital.com.ar\/index.php?rest_route=\/wp\/v2\/posts"}],"about":[{"href":"https:\/\/diariodelsurdigital.com.ar\/index.php?rest_route=\/wp\/v2\/types\/post"}],"author":[{"embeddable":true,"href":"https:\/\/diariodelsurdigital.com.ar\/index.php?rest_route=\/wp\/v2\/users\/4"}],"replies":[{"embeddable":true,"href":"https:\/\/diariodelsurdigital.com.ar\/index.php?rest_route=%2Fwp%2Fv2%2Fcomments&post=7071"}],"version-history":[{"count":1,"href":"https:\/\/diariodelsurdigital.com.ar\/index.php?rest_route=\/wp\/v2\/posts\/7071\/revisions"}],"predecessor-version":[{"id":7073,"href":"https:\/\/diariodelsurdigital.com.ar\/index.php?rest_route=\/wp\/v2\/posts\/7071\/revisions\/7073"}],"wp:featuredmedia":[{"embeddable":true,"href":"https:\/\/diariodelsurdigital.com.ar\/index.php?rest_route=\/wp\/v2\/media\/7072"}],"wp:attachment":[{"href":"https:\/\/diariodelsurdigital.com.ar\/index.php?rest_route=%2Fwp%2Fv2%2Fmedia&parent=7071"}],"wp:term":[{"taxonomy":"category","embeddable":true,"href":"https:\/\/diariodelsurdigital.com.ar\/index.php?rest_route=%2Fwp%2Fv2%2Fcategories&post=7071"},{"taxonomy":"post_tag","embeddable":true,"href":"https:\/\/diariodelsurdigital.com.ar\/index.php?rest_route=%2Fwp%2Fv2%2Ftags&post=7071"}],"curies":[{"name":"wp","href":"https:\/\/api.w.org\/{rel}","templated":true}]}}