{"id":7074,"date":"2026-02-20T10:43:46","date_gmt":"2026-02-20T13:43:46","guid":{"rendered":"https:\/\/diariodelsurdigital.com.ar\/?p=7074"},"modified":"2026-02-20T10:43:47","modified_gmt":"2026-02-20T13:43:47","slug":"venezuela-aprobo-la-ley-de-amnistia-y-comenzaron-las-liberaciones","status":"publish","type":"post","link":"https:\/\/diariodelsurdigital.com.ar\/?p=7074","title":{"rendered":"Venezuela aprob\u00f3 la Ley de Amnist\u00eda y comenzaron las liberaciones"},"content":{"rendered":"\n<p>La Asamblea Nacional vot\u00f3 la norma durante la madrugada. Incluye hechos o \u201cfaltas cometidas\u201d durante diferentes episodios de crisis pol\u00edtica ocurridos entre 2002 y 2025.<\/p>\n\n\n\n<p><\/p>\n\n\n\n<p>La Asamblea Nacional de Venezuela aprob\u00f3 este jueves, de manera un\u00e1nime, una hist\u00f3rica ley de amnist\u00eda para presos condenados en episodios de crisis pol\u00edtica entre 2002 y 2025. Excluye a personas que promovieron o participaron en acciones armadas o de fuerza contra los ciudadanos, la soberan\u00eda y la integridad del pa\u00eds suramericano.<\/p>\n\n\n\n<p>La nueva legislaci\u00f3n excluye tambi\u00e9n de la aplicaci\u00f3n de la amnist\u00eda los delitos sobre violaciones graves a los derechos humanos, de lesa humanidad, homicidio intencional, lesiones grav\u00edsimas, tr\u00e1fico de drogas, as\u00ed como delitos previstos en la ley contra la corrupci\u00f3n.<\/p>\n\n\n\n<p>Igualmente, establece la exclusi\u00f3n de personas que se encuentren o puedan ser procesadas o condenadas por \u201cpromover, instigar, solicitar, invocar, favorecer, facilitar, financiar o participar en acciones armadas o de fuerza contra el pueblo, la soberan\u00eda y la integridad territorial\u201d de Venezuela por parte de \u201cEstados, corporaciones o personas extranjeras\u201d.<\/p>\n\n\n\n<p>Los diputados aprobaron conceder la amnist\u00eda sobre hechos o \u201cfaltas cometidas\u201d durante diferentes episodios de crisis pol\u00edtica ocurridos entre 2002 y 2025, como el golpe de Estado contra el fallecido presidente Hugo Ch\u00e1vez en abril de 2002, el paro petrolero de finales de ese a\u00f1o y principios de 2003 y las protestas antigubernamentales de 2013, 2017 y 2024.<\/p>\n\n\n\n<p>Adem\u00e1s, se design\u00f3 una comisi\u00f3n especial conformada por 23 diputados -entre opositores y chavistas- que desarrollar\u00e1 e implementar\u00e1 \u201cmecanismos\u201d para asegurar el cumplimiento de la ley, que ya fue enviada a la presidenta encargada de Venezuela, Delcy Rodr\u00edguez, para su firma y posterior publicaci\u00f3n en la Gaceta Oficial.<\/p>\n\n\n\n<p>En el art\u00edculo 7, objeto de diferencias entre los parlamentarios y por el cual se posterg\u00f3 el debate la semana pasada, se establece que las personas deben presentarse ante los tribunales para solicitar la amnist\u00eda y permite que aquellos que no se encuentren en el pa\u00eds puedan hacer el procedimiento a trav\u00e9s de un representante legal.<\/p>\n\n\n\n<p>Entretanto, en el art\u00edculo 11 se indica que el tribunal competente verificar\u00e1 las condiciones de la amnist\u00eda en cada caso y decretar\u00e1 la nulidad de todos los procesos en curso o la revisi\u00f3n de las sentencias firmes para que se anulen a trav\u00e9s de una \u201csentencia de reemplazo\u201d, en un lapso \u201cque no exceder\u00e1 de 15 d\u00edas continuos\u201d.<\/p>\n\n\n\n<p>La legislaci\u00f3n tambi\u00e9n dispone que las personas beneficiadas por esta ley que cometan delitos despu\u00e9s de la entrada en vigencia de la amnist\u00eda ser\u00e1n procesadas con normalidad seg\u00fan la legislaci\u00f3n.<\/p>\n\n\n\n<p>Delcy Rodr\u00edguez pide \u201cm\u00e1xima celeridad\u201d<\/p>\n\n\n\n<p>La presidenta encargada de Venezuela pidi\u00f3 este jueves al Parlamento, al programa que promueve el di\u00e1logo pol\u00edtico y a la comisi\u00f3n que busca reformar el sistema de justicia, que den \u201cm\u00e1xima celeridad\u201d a la aplicaci\u00f3n de la hist\u00f3rica ley de amnist\u00eda aprobada para presos pol\u00edticos en el pa\u00eds suramericano.<\/p>\n\n\n\n<p>Rodr\u00edguez dijo sentirse \u201cmuy complacida\u201d por la aprobaci\u00f3n de esta legislaci\u00f3n tras recibir a la comisi\u00f3n que har\u00e1 seguimiento al cumplimiento del proceso de amnist\u00eda en el palacio presidencial de Miraflores, donde tambi\u00e9n estaba presente el ministro de Interior y Justicia, Diosdado Cabello, as\u00ed como el presidente del Parlamento y su hermano, Jorge Rodr\u00edguez.<\/p>\n\n\n\n<p>La l\u00edder chavista firm\u00f3 la ley para que pueda ser publicada en la Gaceta Oficial y comience su aplicaci\u00f3n.<\/p>\n\n\n\n<p>Tambi\u00e9n pidi\u00f3 al Parlamento, al programa para la convivencia y la paz y a la comisi\u00f3n para la revoluci\u00f3n judicial que eval\u00fae casos que no est\u00e1n contemplados en la reci\u00e9n aprobada ley para \u201ccurar heridas, reencauzar la convivencia democr\u00e1tica\u201d y la justicia.<\/p>\n\n\n\n<p>\u201cYo pido a toda Venezuela que nos aboquemos a esa tarea tan fundamental como una de las grandes virtudes de nuestra rep\u00fablica, que debe ser la justicia\u201d, a\u00f1adi\u00f3.<\/p>\n\n\n\n<p>\u201cPara que quede claro, la amnist\u00eda es un perd\u00f3n\u201d<\/p>\n\n\n\n<p>El presidente de la Asamblea Nacional de Venezuela, el chavista Jorge Rodr\u00edguez, insisti\u00f3 en que la ley de amnist\u00eda sancionada este jueves es un perd\u00f3n para personas que cometieron delitos en el pa\u00eds.<\/p>\n\n\n\n<p>\u201cPara que quede claro (\u2026.) amnist\u00eda es un perd\u00f3n a cierto tipo de delito\u201d, dijo Rodr\u00edguez durante la sesi\u00f3n parlamentaria, y agreg\u00f3 que \u201cuno no perdona a quien no haya cometido una falta\u201d establecida en las leyes.<\/p>\n\n\n\n<p>\u201cQue nadie entienda que estamos aqu\u00ed amparando la impunidad. No, es un perd\u00f3n que est\u00e1 decidiendo el pa\u00eds pol\u00edtico de Venezuela, a instancia y solicitud de la presidenta encargada\u201d, explic\u00f3 el diputado.<\/p>\n\n\n\n<p>Primeras liberaciones<\/p>\n\n\n\n<p>El opositor Juan Pablo Guanipa, colaborador de la Premio Nobel de la Paz 2025, Mar\u00eda Corina Machado, fue liberado durante la madrugada de este viernes tras la aprobaci\u00f3n de la Ley de Amnist\u00eda.<\/p>\n\n\n\n<p>\u201cQuiero confirmar que ya estoy en libertad plena\u201d, dijo Guanipa en su cuenta de la red social. El tambi\u00e9n exdiputado consider\u00f3 que la ley aprobada en el Parlamento \u201cno es ninguna amnist\u00eda\u201d sino un documento que pretende \u201cchantajear a muchos venezolanos inocentes\u201d y que excluye a gente que todav\u00eda se encuentra encarcelada, public\u00f3 P\u00e1gina 12.<\/p>\n\n\n\n<p>\u201cLos centros de tortura en Venezuela siguen abiertos, cientos de venezolanos siguen en el exilio, las leyes que usan para reprimir siguen vigentes y hay decenas de oficiales de nuestra Fuerza Armada Nacional que siguen presos por alzar la voz frente al saqueo de nuestra patria\u201d, indic\u00f3.<\/p>\n","protected":false},"excerpt":{"rendered":"<p>La Asamblea Nacional vot\u00f3 la norma durante la madrugada. Incluye hechos o \u201cfaltas cometidas\u201d durante diferentes episodios de crisis pol\u00edtica ocurridos entre 2002 y 2025. La Asamblea Nacional de Venezuela aprob\u00f3 este jueves, de manera un\u00e1nime, una hist\u00f3rica ley de amnist\u00eda para presos condenados en episodios de crisis pol\u00edtica entre 2002 y 2025. Excluye a [&hellip;]<\/p>\n","protected":false},"author":4,"featured_media":7075,"comment_status":"open","ping_status":"open","sticky":false,"template":"","format":"standard","meta":{"footnotes":""},"categories":[20],"tags":[],"class_list":{"0":"post-7074","1":"post","2":"type-post","3":"status-publish","4":"format-standard","5":"has-post-thumbnail","7":"category-internacionales"},"yoast_head":"<!-- This site is optimized with the Yoast SEO plugin v27.4 - https:\/\/yoast.com\/product\/yoast-seo-wordpress\/ -->\n<title>Venezuela aprob\u00f3 la Ley de Amnist\u00eda y comenzaron las liberaciones - Diario del Sur<\/title>\n<meta name=\"robots\" content=\"index, follow, max-snippet:-1, max-image-preview:large, max-video-preview:-1\" \/>\n<link rel=\"canonical\" href=\"https:\/\/diariodelsurdigital.com.ar\/?p=7074\" \/>\n<meta property=\"og:locale\" content=\"es_ES\" \/>\n<meta property=\"og:type\" content=\"article\" \/>\n<meta property=\"og:title\" content=\"Venezuela aprob\u00f3 la Ley de Amnist\u00eda y comenzaron las liberaciones - Diario del Sur\" \/>\n<meta property=\"og:description\" content=\"La Asamblea Nacional vot\u00f3 la norma durante la madrugada. Incluye hechos o \u201cfaltas cometidas\u201d durante diferentes episodios de crisis pol\u00edtica ocurridos entre 2002 y 2025. La Asamblea Nacional de Venezuela aprob\u00f3 este jueves, de manera un\u00e1nime, una hist\u00f3rica ley de amnist\u00eda para presos condenados en episodios de crisis pol\u00edtica entre 2002 y 2025. Excluye a [&hellip;]\" \/>\n<meta property=\"og:url\" content=\"https:\/\/diariodelsurdigital.com.ar\/?p=7074\" \/>\n<meta property=\"og:site_name\" content=\"Diario del Sur\" \/>\n<meta property=\"article:published_time\" content=\"2026-02-20T13:43:46+00:00\" \/>\n<meta property=\"article:modified_time\" content=\"2026-02-20T13:43:47+00:00\" \/>\n<meta property=\"og:image\" content=\"https:\/\/diariodelsurdigital.com.ar\/wp-content\/uploads\/2026\/02\/md-43.webp\" \/>\n\t<meta property=\"og:image:width\" content=\"992\" \/>\n\t<meta property=\"og:image:height\" content=\"558\" \/>\n\t<meta property=\"og:image:type\" content=\"image\/webp\" \/>\n<meta name=\"author\" content=\"Diario del Sur Digital\" \/>\n<meta name=\"twitter:card\" content=\"summary_large_image\" \/>\n<meta name=\"twitter:label1\" content=\"Escrito por\" \/>\n\t<meta name=\"twitter:data1\" content=\"Diario del Sur Digital\" \/>\n\t<meta name=\"twitter:label2\" content=\"Tiempo de lectura\" \/>\n\t<meta name=\"twitter:data2\" content=\"5 minutos\" \/>\n<script type=\"application\/ld+json\" class=\"yoast-schema-graph\">{\"@context\":\"https:\\\/\\\/schema.org\",\"@graph\":[{\"@type\":\"Article\",\"@id\":\"https:\\\/\\\/diariodelsurdigital.com.ar\\\/?p=7074#article\",\"isPartOf\":{\"@id\":\"https:\\\/\\\/diariodelsurdigital.com.ar\\\/?p=7074\"},\"author\":{\"name\":\"Diario del Sur Digital\",\"@id\":\"https:\\\/\\\/diariodelsurdigital.com.ar\\\/#\\\/schema\\\/person\\\/1a4992532ed62965c968031b49195c81\"},\"headline\":\"Venezuela aprob\u00f3 la Ley de Amnist\u00eda y comenzaron las liberaciones\",\"datePublished\":\"2026-02-20T13:43:46+00:00\",\"dateModified\":\"2026-02-20T13:43:47+00:00\",\"mainEntityOfPage\":{\"@id\":\"https:\\\/\\\/diariodelsurdigital.com.ar\\\/?p=7074\"},\"wordCount\":944,\"commentCount\":0,\"image\":{\"@id\":\"https:\\\/\\\/diariodelsurdigital.com.ar\\\/?p=7074#primaryimage\"},\"thumbnailUrl\":\"https:\\\/\\\/diariodelsurdigital.com.ar\\\/wp-content\\\/uploads\\\/2026\\\/02\\\/md-43.webp\",\"articleSection\":[\"Internacionales\"],\"inLanguage\":\"es\",\"potentialAction\":[{\"@type\":\"CommentAction\",\"name\":\"Comment\",\"target\":[\"https:\\\/\\\/diariodelsurdigital.com.ar\\\/?p=7074#respond\"]}]},{\"@type\":\"WebPage\",\"@id\":\"https:\\\/\\\/diariodelsurdigital.com.ar\\\/?p=7074\",\"url\":\"https:\\\/\\\/diariodelsurdigital.com.ar\\\/?p=7074\",\"name\":\"Venezuela aprob\u00f3 la Ley de Amnist\u00eda y comenzaron las liberaciones - Diario del Sur\",\"isPartOf\":{\"@id\":\"https:\\\/\\\/diariodelsurdigital.com.ar\\\/#website\"},\"primaryImageOfPage\":{\"@id\":\"https:\\\/\\\/diariodelsurdigital.com.ar\\\/?p=7074#primaryimage\"},\"image\":{\"@id\":\"https:\\\/\\\/diariodelsurdigital.com.ar\\\/?p=7074#primaryimage\"},\"thumbnailUrl\":\"https:\\\/\\\/diariodelsurdigital.com.ar\\\/wp-content\\\/uploads\\\/2026\\\/02\\\/md-43.webp\",\"datePublished\":\"2026-02-20T13:43:46+00:00\",\"dateModified\":\"2026-02-20T13:43:47+00:00\",\"author\":{\"@id\":\"https:\\\/\\\/diariodelsurdigital.com.ar\\\/#\\\/schema\\\/person\\\/1a4992532ed62965c968031b49195c81\"},\"breadcrumb\":{\"@id\":\"https:\\\/\\\/diariodelsurdigital.com.ar\\\/?p=7074#breadcrumb\"},\"inLanguage\":\"es\",\"potentialAction\":[{\"@type\":\"ReadAction\",\"target\":[\"https:\\\/\\\/diariodelsurdigital.com.ar\\\/?p=7074\"]}]},{\"@type\":\"ImageObject\",\"inLanguage\":\"es\",\"@id\":\"https:\\\/\\\/diariodelsurdigital.com.ar\\\/?p=7074#primaryimage\",\"url\":\"https:\\\/\\\/diariodelsurdigital.com.ar\\\/wp-content\\\/uploads\\\/2026\\\/02\\\/md-43.webp\",\"contentUrl\":\"https:\\\/\\\/diariodelsurdigital.com.ar\\\/wp-content\\\/uploads\\\/2026\\\/02\\\/md-43.webp\",\"width\":992,\"height\":558},{\"@type\":\"BreadcrumbList\",\"@id\":\"https:\\\/\\\/diariodelsurdigital.com.ar\\\/?p=7074#breadcrumb\",\"itemListElement\":[{\"@type\":\"ListItem\",\"position\":1,\"name\":\"Portada\",\"item\":\"https:\\\/\\\/diariodelsurdigital.com.ar\\\/\"},{\"@type\":\"ListItem\",\"position\":2,\"name\":\"Venezuela aprob\u00f3 la Ley de Amnist\u00eda y comenzaron las liberaciones\"}]},{\"@type\":\"WebSite\",\"@id\":\"https:\\\/\\\/diariodelsurdigital.com.ar\\\/#website\",\"url\":\"https:\\\/\\\/diariodelsurdigital.com.ar\\\/\",\"name\":\"Diario del Sur\",\"description\":\"Digital\",\"potentialAction\":[{\"@type\":\"SearchAction\",\"target\":{\"@type\":\"EntryPoint\",\"urlTemplate\":\"https:\\\/\\\/diariodelsurdigital.com.ar\\\/?s={search_term_string}\"},\"query-input\":{\"@type\":\"PropertyValueSpecification\",\"valueRequired\":true,\"valueName\":\"search_term_string\"}}],\"inLanguage\":\"es\"},{\"@type\":\"Person\",\"@id\":\"https:\\\/\\\/diariodelsurdigital.com.ar\\\/#\\\/schema\\\/person\\\/1a4992532ed62965c968031b49195c81\",\"name\":\"Diario del Sur Digital\",\"image\":{\"@type\":\"ImageObject\",\"inLanguage\":\"es\",\"@id\":\"https:\\\/\\\/secure.gravatar.com\\\/avatar\\\/f0c7c47fc7146d19828273b9b8eda651c9c7ab583767e6338d3d3bee825adf76?s=96&d=mm&r=g\",\"url\":\"https:\\\/\\\/secure.gravatar.com\\\/avatar\\\/f0c7c47fc7146d19828273b9b8eda651c9c7ab583767e6338d3d3bee825adf76?s=96&d=mm&r=g\",\"contentUrl\":\"https:\\\/\\\/secure.gravatar.com\\\/avatar\\\/f0c7c47fc7146d19828273b9b8eda651c9c7ab583767e6338d3d3bee825adf76?s=96&d=mm&r=g\",\"caption\":\"Diario del Sur Digital\"},\"url\":\"https:\\\/\\\/diariodelsurdigital.com.ar\\\/?author=4\"}]}<\/script>\n<!-- \/ Yoast SEO plugin. -->","yoast_head_json":{"title":"Venezuela aprob\u00f3 la Ley de Amnist\u00eda y comenzaron las liberaciones - Diario del Sur","robots":{"index":"index","follow":"follow","max-snippet":"max-snippet:-1","max-image-preview":"max-image-preview:large","max-video-preview":"max-video-preview:-1"},"canonical":"https:\/\/diariodelsurdigital.com.ar\/?p=7074","og_locale":"es_ES","og_type":"article","og_title":"Venezuela aprob\u00f3 la Ley de Amnist\u00eda y comenzaron las liberaciones - Diario del Sur","og_description":"La Asamblea Nacional vot\u00f3 la norma durante la madrugada. Incluye hechos o \u201cfaltas cometidas\u201d durante diferentes episodios de crisis pol\u00edtica ocurridos entre 2002 y 2025. La Asamblea Nacional de Venezuela aprob\u00f3 este jueves, de manera un\u00e1nime, una hist\u00f3rica ley de amnist\u00eda para presos condenados en episodios de crisis pol\u00edtica entre 2002 y 2025. Excluye a [&hellip;]","og_url":"https:\/\/diariodelsurdigital.com.ar\/?p=7074","og_site_name":"Diario del Sur","article_published_time":"2026-02-20T13:43:46+00:00","article_modified_time":"2026-02-20T13:43:47+00:00","og_image":[{"width":992,"height":558,"url":"https:\/\/diariodelsurdigital.com.ar\/wp-content\/uploads\/2026\/02\/md-43.webp","type":"image\/webp"}],"author":"Diario del Sur Digital","twitter_card":"summary_large_image","twitter_misc":{"Escrito por":"Diario del Sur Digital","Tiempo de lectura":"5 minutos"},"schema":{"@context":"https:\/\/schema.org","@graph":[{"@type":"Article","@id":"https:\/\/diariodelsurdigital.com.ar\/?p=7074#article","isPartOf":{"@id":"https:\/\/diariodelsurdigital.com.ar\/?p=7074"},"author":{"name":"Diario del Sur Digital","@id":"https:\/\/diariodelsurdigital.com.ar\/#\/schema\/person\/1a4992532ed62965c968031b49195c81"},"headline":"Venezuela aprob\u00f3 la Ley de Amnist\u00eda y comenzaron las liberaciones","datePublished":"2026-02-20T13:43:46+00:00","dateModified":"2026-02-20T13:43:47+00:00","mainEntityOfPage":{"@id":"https:\/\/diariodelsurdigital.com.ar\/?p=7074"},"wordCount":944,"commentCount":0,"image":{"@id":"https:\/\/diariodelsurdigital.com.ar\/?p=7074#primaryimage"},"thumbnailUrl":"https:\/\/diariodelsurdigital.com.ar\/wp-content\/uploads\/2026\/02\/md-43.webp","articleSection":["Internacionales"],"inLanguage":"es","potentialAction":[{"@type":"CommentAction","name":"Comment","target":["https:\/\/diariodelsurdigital.com.ar\/?p=7074#respond"]}]},{"@type":"WebPage","@id":"https:\/\/diariodelsurdigital.com.ar\/?p=7074","url":"https:\/\/diariodelsurdigital.com.ar\/?p=7074","name":"Venezuela aprob\u00f3 la Ley de Amnist\u00eda y comenzaron las liberaciones - Diario del Sur","isPartOf":{"@id":"https:\/\/diariodelsurdigital.com.ar\/#website"},"primaryImageOfPage":{"@id":"https:\/\/diariodelsurdigital.com.ar\/?p=7074#primaryimage"},"image":{"@id":"https:\/\/diariodelsurdigital.com.ar\/?p=7074#primaryimage"},"thumbnailUrl":"https:\/\/diariodelsurdigital.com.ar\/wp-content\/uploads\/2026\/02\/md-43.webp","datePublished":"2026-02-20T13:43:46+00:00","dateModified":"2026-02-20T13:43:47+00:00","author":{"@id":"https:\/\/diariodelsurdigital.com.ar\/#\/schema\/person\/1a4992532ed62965c968031b49195c81"},"breadcrumb":{"@id":"https:\/\/diariodelsurdigital.com.ar\/?p=7074#breadcrumb"},"inLanguage":"es","potentialAction":[{"@type":"ReadAction","target":["https:\/\/diariodelsurdigital.com.ar\/?p=7074"]}]},{"@type":"ImageObject","inLanguage":"es","@id":"https:\/\/diariodelsurdigital.com.ar\/?p=7074#primaryimage","url":"https:\/\/diariodelsurdigital.com.ar\/wp-content\/uploads\/2026\/02\/md-43.webp","contentUrl":"https:\/\/diariodelsurdigital.com.ar\/wp-content\/uploads\/2026\/02\/md-43.webp","width":992,"height":558},{"@type":"BreadcrumbList","@id":"https:\/\/diariodelsurdigital.com.ar\/?p=7074#breadcrumb","itemListElement":[{"@type":"ListItem","position":1,"name":"Portada","item":"https:\/\/diariodelsurdigital.com.ar\/"},{"@type":"ListItem","position":2,"name":"Venezuela aprob\u00f3 la Ley de Amnist\u00eda y comenzaron las liberaciones"}]},{"@type":"WebSite","@id":"https:\/\/diariodelsurdigital.com.ar\/#website","url":"https:\/\/diariodelsurdigital.com.ar\/","name":"Diario del Sur","description":"Digital","potentialAction":[{"@type":"SearchAction","target":{"@type":"EntryPoint","urlTemplate":"https:\/\/diariodelsurdigital.com.ar\/?s={search_term_string}"},"query-input":{"@type":"PropertyValueSpecification","valueRequired":true,"valueName":"search_term_string"}}],"inLanguage":"es"},{"@type":"Person","@id":"https:\/\/diariodelsurdigital.com.ar\/#\/schema\/person\/1a4992532ed62965c968031b49195c81","name":"Diario del Sur Digital","image":{"@type":"ImageObject","inLanguage":"es","@id":"https:\/\/secure.gravatar.com\/avatar\/f0c7c47fc7146d19828273b9b8eda651c9c7ab583767e6338d3d3bee825adf76?s=96&d=mm&r=g","url":"https:\/\/secure.gravatar.com\/avatar\/f0c7c47fc7146d19828273b9b8eda651c9c7ab583767e6338d3d3bee825adf76?s=96&d=mm&r=g","contentUrl":"https:\/\/secure.gravatar.com\/avatar\/f0c7c47fc7146d19828273b9b8eda651c9c7ab583767e6338d3d3bee825adf76?s=96&d=mm&r=g","caption":"Diario del Sur Digital"},"url":"https:\/\/diariodelsurdigital.com.ar\/?author=4"}]}},"_links":{"self":[{"href":"https:\/\/diariodelsurdigital.com.ar\/index.php?rest_route=\/wp\/v2\/posts\/7074","targetHints":{"allow":["GET"]}}],"collection":[{"href":"https:\/\/diariodelsurdigital.com.ar\/index.php?rest_route=\/wp\/v2\/posts"}],"about":[{"href":"https:\/\/diariodelsurdigital.com.ar\/index.php?rest_route=\/wp\/v2\/types\/post"}],"author":[{"embeddable":true,"href":"https:\/\/diariodelsurdigital.com.ar\/index.php?rest_route=\/wp\/v2\/users\/4"}],"replies":[{"embeddable":true,"href":"https:\/\/diariodelsurdigital.com.ar\/index.php?rest_route=%2Fwp%2Fv2%2Fcomments&post=7074"}],"version-history":[{"count":1,"href":"https:\/\/diariodelsurdigital.com.ar\/index.php?rest_route=\/wp\/v2\/posts\/7074\/revisions"}],"predecessor-version":[{"id":7076,"href":"https:\/\/diariodelsurdigital.com.ar\/index.php?rest_route=\/wp\/v2\/posts\/7074\/revisions\/7076"}],"wp:featuredmedia":[{"embeddable":true,"href":"https:\/\/diariodelsurdigital.com.ar\/index.php?rest_route=\/wp\/v2\/media\/7075"}],"wp:attachment":[{"href":"https:\/\/diariodelsurdigital.com.ar\/index.php?rest_route=%2Fwp%2Fv2%2Fmedia&parent=7074"}],"wp:term":[{"taxonomy":"category","embeddable":true,"href":"https:\/\/diariodelsurdigital.com.ar\/index.php?rest_route=%2Fwp%2Fv2%2Fcategories&post=7074"},{"taxonomy":"post_tag","embeddable":true,"href":"https:\/\/diariodelsurdigital.com.ar\/index.php?rest_route=%2Fwp%2Fv2%2Ftags&post=7074"}],"curies":[{"name":"wp","href":"https:\/\/api.w.org\/{rel}","templated":true}]}}