{"id":7077,"date":"2026-02-20T10:46:29","date_gmt":"2026-02-20T13:46:29","guid":{"rendered":"https:\/\/diariodelsurdigital.com.ar\/?p=7077"},"modified":"2026-02-20T10:46:30","modified_gmt":"2026-02-20T13:46:30","slug":"bordet-afirmo-que-la-reforma-laboral-no-garantiza-empleo-ni-respeta-derechos","status":"publish","type":"post","link":"https:\/\/diariodelsurdigital.com.ar\/?p=7077","title":{"rendered":"Bordet afirm\u00f3 que la reforma laboral \u201cno garantiza empleo ni respeta derechos\u201d"},"content":{"rendered":"\n<p>El ex gobernador Gustavo Bordet sostuvo que la reforma laboral aprobada en Diputados no garantiza la creaci\u00f3n de empleo genuino ni de calidad y afirm\u00f3 que implicar\u00e1 la reducci\u00f3n de derechos laborales consolidados.<\/p>\n\n\n\n<p>El diputado, que rechaz\u00f3 el proyecto del gobierno nacional, se\u00f1al\u00f3 que la Argentina necesita una legislaci\u00f3n laboral moderna y adaptada a los cambios tecnol\u00f3gicos y productivos, pero sostuvo que las reformas estructurales deben construirse con consensos amplios, di\u00e1logo federal y participaci\u00f3n real de provincias, trabajadores y sectores productivos.<\/p>\n\n\n\n<p>El ex mandatario remarc\u00f3 adem\u00e1s la situaci\u00f3n laboral de Entre R\u00edos, donde \u2014seg\u00fan datos de la Superintendencia de Riesgos del Trabajo analizados por el CEPA\u2014 entre noviembre de 2023 y septiembre de 2025 se registr\u00f3 una ca\u00edda de 10.575 trabajadores formales y 774 empleadores. \u201cNo hablamos de teor\u00edas, hablamos de familias y empresas reales\u201d, expres\u00f3.<\/p>\n\n\n\n<p>Desde el plano t\u00e9cnico, indic\u00f3 que la ley reduce la protecci\u00f3n frente al despido, flexibiliza la jornada laboral mediante sistemas de banco de horas y debilita la negociaci\u00f3n colectiva, medidas que \u2014seg\u00fan afirm\u00f3\u2014 dif\u00edcilmente generen el c\u00edrculo virtuoso de inversi\u00f3n y empleo prometido.<\/p>\n\n\n\n<p>En la misma l\u00ednea, el Colegio de la Abogac\u00eda de Entre R\u00edos, a trav\u00e9s de su Instituto de Derecho del Trabajo, emiti\u00f3 un pronunciamiento rechazando la normativa por considerarla regresiva y contraria a principios fundamentales del derecho laboral y a tratados internacionales de derechos humanos.<\/p>\n\n\n\n<p>Finalmente, Bordet afirm\u00f3 que el pa\u00eds necesita una reforma que combine competitividad con protecci\u00f3n social, productividad con estabilidad y reglas claras con desarrollo federal. \u201cEl desaf\u00edo es construir normas equilibradas que generen empleo y preserven derechos. Esta ley no cumple con esos objetivos\u201d, sentenci\u00f3.<\/p>\n","protected":false},"excerpt":{"rendered":"<p>El ex gobernador Gustavo Bordet sostuvo que la reforma laboral aprobada en Diputados no garantiza la creaci\u00f3n de empleo genuino ni de calidad y afirm\u00f3 que implicar\u00e1 la reducci\u00f3n de derechos laborales consolidados. El diputado, que rechaz\u00f3 el proyecto del gobierno nacional, se\u00f1al\u00f3 que la Argentina necesita una legislaci\u00f3n laboral moderna y adaptada a los [&hellip;]<\/p>\n","protected":false},"author":4,"featured_media":7078,"comment_status":"open","ping_status":"open","sticky":false,"template":"","format":"standard","meta":{"footnotes":""},"categories":[18,22],"tags":[],"class_list":{"0":"post-7077","1":"post","2":"type-post","3":"status-publish","4":"format-standard","5":"has-post-thumbnail","7":"category-nacionales","8":"category-politica"},"yoast_head":"<!-- This site is optimized with the Yoast SEO plugin v27.4 - https:\/\/yoast.com\/product\/yoast-seo-wordpress\/ -->\n<title>Bordet afirm\u00f3 que la reforma laboral \u201cno garantiza empleo ni respeta derechos\u201d - Diario del Sur<\/title>\n<meta name=\"robots\" content=\"index, follow, max-snippet:-1, max-image-preview:large, max-video-preview:-1\" \/>\n<link rel=\"canonical\" href=\"https:\/\/diariodelsurdigital.com.ar\/?p=7077\" \/>\n<meta property=\"og:locale\" content=\"es_ES\" \/>\n<meta property=\"og:type\" content=\"article\" \/>\n<meta property=\"og:title\" content=\"Bordet afirm\u00f3 que la reforma laboral \u201cno garantiza empleo ni respeta derechos\u201d - Diario del Sur\" \/>\n<meta property=\"og:description\" content=\"El ex gobernador Gustavo Bordet sostuvo que la reforma laboral aprobada en Diputados no garantiza la creaci\u00f3n de empleo genuino ni de calidad y afirm\u00f3 que implicar\u00e1 la reducci\u00f3n de derechos laborales consolidados. El diputado, que rechaz\u00f3 el proyecto del gobierno nacional, se\u00f1al\u00f3 que la Argentina necesita una legislaci\u00f3n laboral moderna y adaptada a los [&hellip;]\" \/>\n<meta property=\"og:url\" content=\"https:\/\/diariodelsurdigital.com.ar\/?p=7077\" \/>\n<meta property=\"og:site_name\" content=\"Diario del Sur\" \/>\n<meta property=\"article:published_time\" content=\"2026-02-20T13:46:29+00:00\" \/>\n<meta property=\"article:modified_time\" content=\"2026-02-20T13:46:30+00:00\" \/>\n<meta property=\"og:image\" content=\"https:\/\/diariodelsurdigital.com.ar\/wp-content\/uploads\/2026\/02\/md-44.webp\" \/>\n\t<meta property=\"og:image:width\" content=\"992\" \/>\n\t<meta property=\"og:image:height\" content=\"659\" \/>\n\t<meta property=\"og:image:type\" content=\"image\/webp\" \/>\n<meta name=\"author\" content=\"Diario del Sur Digital\" \/>\n<meta name=\"twitter:card\" content=\"summary_large_image\" \/>\n<meta name=\"twitter:label1\" content=\"Escrito por\" \/>\n\t<meta name=\"twitter:data1\" content=\"Diario del Sur Digital\" \/>\n\t<meta name=\"twitter:label2\" content=\"Tiempo de lectura\" \/>\n\t<meta name=\"twitter:data2\" content=\"2 minutos\" \/>\n<script type=\"application\/ld+json\" class=\"yoast-schema-graph\">{\"@context\":\"https:\\\/\\\/schema.org\",\"@graph\":[{\"@type\":\"Article\",\"@id\":\"https:\\\/\\\/diariodelsurdigital.com.ar\\\/?p=7077#article\",\"isPartOf\":{\"@id\":\"https:\\\/\\\/diariodelsurdigital.com.ar\\\/?p=7077\"},\"author\":{\"name\":\"Diario del Sur Digital\",\"@id\":\"https:\\\/\\\/diariodelsurdigital.com.ar\\\/#\\\/schema\\\/person\\\/1a4992532ed62965c968031b49195c81\"},\"headline\":\"Bordet afirm\u00f3 que la reforma laboral \u201cno garantiza empleo ni respeta derechos\u201d\",\"datePublished\":\"2026-02-20T13:46:29+00:00\",\"dateModified\":\"2026-02-20T13:46:30+00:00\",\"mainEntityOfPage\":{\"@id\":\"https:\\\/\\\/diariodelsurdigital.com.ar\\\/?p=7077\"},\"wordCount\":303,\"commentCount\":0,\"image\":{\"@id\":\"https:\\\/\\\/diariodelsurdigital.com.ar\\\/?p=7077#primaryimage\"},\"thumbnailUrl\":\"https:\\\/\\\/diariodelsurdigital.com.ar\\\/wp-content\\\/uploads\\\/2026\\\/02\\\/md-44.webp\",\"articleSection\":[\"Nacionales\",\"Pol\u00edtica\"],\"inLanguage\":\"es\",\"potentialAction\":[{\"@type\":\"CommentAction\",\"name\":\"Comment\",\"target\":[\"https:\\\/\\\/diariodelsurdigital.com.ar\\\/?p=7077#respond\"]}]},{\"@type\":\"WebPage\",\"@id\":\"https:\\\/\\\/diariodelsurdigital.com.ar\\\/?p=7077\",\"url\":\"https:\\\/\\\/diariodelsurdigital.com.ar\\\/?p=7077\",\"name\":\"Bordet afirm\u00f3 que la reforma laboral \u201cno garantiza empleo ni respeta derechos\u201d - Diario del Sur\",\"isPartOf\":{\"@id\":\"https:\\\/\\\/diariodelsurdigital.com.ar\\\/#website\"},\"primaryImageOfPage\":{\"@id\":\"https:\\\/\\\/diariodelsurdigital.com.ar\\\/?p=7077#primaryimage\"},\"image\":{\"@id\":\"https:\\\/\\\/diariodelsurdigital.com.ar\\\/?p=7077#primaryimage\"},\"thumbnailUrl\":\"https:\\\/\\\/diariodelsurdigital.com.ar\\\/wp-content\\\/uploads\\\/2026\\\/02\\\/md-44.webp\",\"datePublished\":\"2026-02-20T13:46:29+00:00\",\"dateModified\":\"2026-02-20T13:46:30+00:00\",\"author\":{\"@id\":\"https:\\\/\\\/diariodelsurdigital.com.ar\\\/#\\\/schema\\\/person\\\/1a4992532ed62965c968031b49195c81\"},\"breadcrumb\":{\"@id\":\"https:\\\/\\\/diariodelsurdigital.com.ar\\\/?p=7077#breadcrumb\"},\"inLanguage\":\"es\",\"potentialAction\":[{\"@type\":\"ReadAction\",\"target\":[\"https:\\\/\\\/diariodelsurdigital.com.ar\\\/?p=7077\"]}]},{\"@type\":\"ImageObject\",\"inLanguage\":\"es\",\"@id\":\"https:\\\/\\\/diariodelsurdigital.com.ar\\\/?p=7077#primaryimage\",\"url\":\"https:\\\/\\\/diariodelsurdigital.com.ar\\\/wp-content\\\/uploads\\\/2026\\\/02\\\/md-44.webp\",\"contentUrl\":\"https:\\\/\\\/diariodelsurdigital.com.ar\\\/wp-content\\\/uploads\\\/2026\\\/02\\\/md-44.webp\",\"width\":992,\"height\":659},{\"@type\":\"BreadcrumbList\",\"@id\":\"https:\\\/\\\/diariodelsurdigital.com.ar\\\/?p=7077#breadcrumb\",\"itemListElement\":[{\"@type\":\"ListItem\",\"position\":1,\"name\":\"Portada\",\"item\":\"https:\\\/\\\/diariodelsurdigital.com.ar\\\/\"},{\"@type\":\"ListItem\",\"position\":2,\"name\":\"Bordet afirm\u00f3 que la reforma laboral \u201cno garantiza empleo ni respeta derechos\u201d\"}]},{\"@type\":\"WebSite\",\"@id\":\"https:\\\/\\\/diariodelsurdigital.com.ar\\\/#website\",\"url\":\"https:\\\/\\\/diariodelsurdigital.com.ar\\\/\",\"name\":\"Diario del Sur\",\"description\":\"Digital\",\"potentialAction\":[{\"@type\":\"SearchAction\",\"target\":{\"@type\":\"EntryPoint\",\"urlTemplate\":\"https:\\\/\\\/diariodelsurdigital.com.ar\\\/?s={search_term_string}\"},\"query-input\":{\"@type\":\"PropertyValueSpecification\",\"valueRequired\":true,\"valueName\":\"search_term_string\"}}],\"inLanguage\":\"es\"},{\"@type\":\"Person\",\"@id\":\"https:\\\/\\\/diariodelsurdigital.com.ar\\\/#\\\/schema\\\/person\\\/1a4992532ed62965c968031b49195c81\",\"name\":\"Diario del Sur Digital\",\"image\":{\"@type\":\"ImageObject\",\"inLanguage\":\"es\",\"@id\":\"https:\\\/\\\/secure.gravatar.com\\\/avatar\\\/f0c7c47fc7146d19828273b9b8eda651c9c7ab583767e6338d3d3bee825adf76?s=96&d=mm&r=g\",\"url\":\"https:\\\/\\\/secure.gravatar.com\\\/avatar\\\/f0c7c47fc7146d19828273b9b8eda651c9c7ab583767e6338d3d3bee825adf76?s=96&d=mm&r=g\",\"contentUrl\":\"https:\\\/\\\/secure.gravatar.com\\\/avatar\\\/f0c7c47fc7146d19828273b9b8eda651c9c7ab583767e6338d3d3bee825adf76?s=96&d=mm&r=g\",\"caption\":\"Diario del Sur Digital\"},\"url\":\"https:\\\/\\\/diariodelsurdigital.com.ar\\\/?author=4\"}]}<\/script>\n<!-- \/ Yoast SEO plugin. -->","yoast_head_json":{"title":"Bordet afirm\u00f3 que la reforma laboral \u201cno garantiza empleo ni respeta derechos\u201d - Diario del Sur","robots":{"index":"index","follow":"follow","max-snippet":"max-snippet:-1","max-image-preview":"max-image-preview:large","max-video-preview":"max-video-preview:-1"},"canonical":"https:\/\/diariodelsurdigital.com.ar\/?p=7077","og_locale":"es_ES","og_type":"article","og_title":"Bordet afirm\u00f3 que la reforma laboral \u201cno garantiza empleo ni respeta derechos\u201d - Diario del Sur","og_description":"El ex gobernador Gustavo Bordet sostuvo que la reforma laboral aprobada en Diputados no garantiza la creaci\u00f3n de empleo genuino ni de calidad y afirm\u00f3 que implicar\u00e1 la reducci\u00f3n de derechos laborales consolidados. El diputado, que rechaz\u00f3 el proyecto del gobierno nacional, se\u00f1al\u00f3 que la Argentina necesita una legislaci\u00f3n laboral moderna y adaptada a los [&hellip;]","og_url":"https:\/\/diariodelsurdigital.com.ar\/?p=7077","og_site_name":"Diario del Sur","article_published_time":"2026-02-20T13:46:29+00:00","article_modified_time":"2026-02-20T13:46:30+00:00","og_image":[{"width":992,"height":659,"url":"https:\/\/diariodelsurdigital.com.ar\/wp-content\/uploads\/2026\/02\/md-44.webp","type":"image\/webp"}],"author":"Diario del Sur Digital","twitter_card":"summary_large_image","twitter_misc":{"Escrito por":"Diario del Sur Digital","Tiempo de lectura":"2 minutos"},"schema":{"@context":"https:\/\/schema.org","@graph":[{"@type":"Article","@id":"https:\/\/diariodelsurdigital.com.ar\/?p=7077#article","isPartOf":{"@id":"https:\/\/diariodelsurdigital.com.ar\/?p=7077"},"author":{"name":"Diario del Sur Digital","@id":"https:\/\/diariodelsurdigital.com.ar\/#\/schema\/person\/1a4992532ed62965c968031b49195c81"},"headline":"Bordet afirm\u00f3 que la reforma laboral \u201cno garantiza empleo ni respeta derechos\u201d","datePublished":"2026-02-20T13:46:29+00:00","dateModified":"2026-02-20T13:46:30+00:00","mainEntityOfPage":{"@id":"https:\/\/diariodelsurdigital.com.ar\/?p=7077"},"wordCount":303,"commentCount":0,"image":{"@id":"https:\/\/diariodelsurdigital.com.ar\/?p=7077#primaryimage"},"thumbnailUrl":"https:\/\/diariodelsurdigital.com.ar\/wp-content\/uploads\/2026\/02\/md-44.webp","articleSection":["Nacionales","Pol\u00edtica"],"inLanguage":"es","potentialAction":[{"@type":"CommentAction","name":"Comment","target":["https:\/\/diariodelsurdigital.com.ar\/?p=7077#respond"]}]},{"@type":"WebPage","@id":"https:\/\/diariodelsurdigital.com.ar\/?p=7077","url":"https:\/\/diariodelsurdigital.com.ar\/?p=7077","name":"Bordet afirm\u00f3 que la reforma laboral \u201cno garantiza empleo ni respeta derechos\u201d - Diario del Sur","isPartOf":{"@id":"https:\/\/diariodelsurdigital.com.ar\/#website"},"primaryImageOfPage":{"@id":"https:\/\/diariodelsurdigital.com.ar\/?p=7077#primaryimage"},"image":{"@id":"https:\/\/diariodelsurdigital.com.ar\/?p=7077#primaryimage"},"thumbnailUrl":"https:\/\/diariodelsurdigital.com.ar\/wp-content\/uploads\/2026\/02\/md-44.webp","datePublished":"2026-02-20T13:46:29+00:00","dateModified":"2026-02-20T13:46:30+00:00","author":{"@id":"https:\/\/diariodelsurdigital.com.ar\/#\/schema\/person\/1a4992532ed62965c968031b49195c81"},"breadcrumb":{"@id":"https:\/\/diariodelsurdigital.com.ar\/?p=7077#breadcrumb"},"inLanguage":"es","potentialAction":[{"@type":"ReadAction","target":["https:\/\/diariodelsurdigital.com.ar\/?p=7077"]}]},{"@type":"ImageObject","inLanguage":"es","@id":"https:\/\/diariodelsurdigital.com.ar\/?p=7077#primaryimage","url":"https:\/\/diariodelsurdigital.com.ar\/wp-content\/uploads\/2026\/02\/md-44.webp","contentUrl":"https:\/\/diariodelsurdigital.com.ar\/wp-content\/uploads\/2026\/02\/md-44.webp","width":992,"height":659},{"@type":"BreadcrumbList","@id":"https:\/\/diariodelsurdigital.com.ar\/?p=7077#breadcrumb","itemListElement":[{"@type":"ListItem","position":1,"name":"Portada","item":"https:\/\/diariodelsurdigital.com.ar\/"},{"@type":"ListItem","position":2,"name":"Bordet afirm\u00f3 que la reforma laboral \u201cno garantiza empleo ni respeta derechos\u201d"}]},{"@type":"WebSite","@id":"https:\/\/diariodelsurdigital.com.ar\/#website","url":"https:\/\/diariodelsurdigital.com.ar\/","name":"Diario del Sur","description":"Digital","potentialAction":[{"@type":"SearchAction","target":{"@type":"EntryPoint","urlTemplate":"https:\/\/diariodelsurdigital.com.ar\/?s={search_term_string}"},"query-input":{"@type":"PropertyValueSpecification","valueRequired":true,"valueName":"search_term_string"}}],"inLanguage":"es"},{"@type":"Person","@id":"https:\/\/diariodelsurdigital.com.ar\/#\/schema\/person\/1a4992532ed62965c968031b49195c81","name":"Diario del Sur Digital","image":{"@type":"ImageObject","inLanguage":"es","@id":"https:\/\/secure.gravatar.com\/avatar\/f0c7c47fc7146d19828273b9b8eda651c9c7ab583767e6338d3d3bee825adf76?s=96&d=mm&r=g","url":"https:\/\/secure.gravatar.com\/avatar\/f0c7c47fc7146d19828273b9b8eda651c9c7ab583767e6338d3d3bee825adf76?s=96&d=mm&r=g","contentUrl":"https:\/\/secure.gravatar.com\/avatar\/f0c7c47fc7146d19828273b9b8eda651c9c7ab583767e6338d3d3bee825adf76?s=96&d=mm&r=g","caption":"Diario del Sur Digital"},"url":"https:\/\/diariodelsurdigital.com.ar\/?author=4"}]}},"_links":{"self":[{"href":"https:\/\/diariodelsurdigital.com.ar\/index.php?rest_route=\/wp\/v2\/posts\/7077","targetHints":{"allow":["GET"]}}],"collection":[{"href":"https:\/\/diariodelsurdigital.com.ar\/index.php?rest_route=\/wp\/v2\/posts"}],"about":[{"href":"https:\/\/diariodelsurdigital.com.ar\/index.php?rest_route=\/wp\/v2\/types\/post"}],"author":[{"embeddable":true,"href":"https:\/\/diariodelsurdigital.com.ar\/index.php?rest_route=\/wp\/v2\/users\/4"}],"replies":[{"embeddable":true,"href":"https:\/\/diariodelsurdigital.com.ar\/index.php?rest_route=%2Fwp%2Fv2%2Fcomments&post=7077"}],"version-history":[{"count":1,"href":"https:\/\/diariodelsurdigital.com.ar\/index.php?rest_route=\/wp\/v2\/posts\/7077\/revisions"}],"predecessor-version":[{"id":7079,"href":"https:\/\/diariodelsurdigital.com.ar\/index.php?rest_route=\/wp\/v2\/posts\/7077\/revisions\/7079"}],"wp:featuredmedia":[{"embeddable":true,"href":"https:\/\/diariodelsurdigital.com.ar\/index.php?rest_route=\/wp\/v2\/media\/7078"}],"wp:attachment":[{"href":"https:\/\/diariodelsurdigital.com.ar\/index.php?rest_route=%2Fwp%2Fv2%2Fmedia&parent=7077"}],"wp:term":[{"taxonomy":"category","embeddable":true,"href":"https:\/\/diariodelsurdigital.com.ar\/index.php?rest_route=%2Fwp%2Fv2%2Fcategories&post=7077"},{"taxonomy":"post_tag","embeddable":true,"href":"https:\/\/diariodelsurdigital.com.ar\/index.php?rest_route=%2Fwp%2Fv2%2Ftags&post=7077"}],"curies":[{"name":"wp","href":"https:\/\/api.w.org\/{rel}","templated":true}]}}