{"id":7080,"date":"2026-02-20T10:49:16","date_gmt":"2026-02-20T13:49:16","guid":{"rendered":"https:\/\/diariodelsurdigital.com.ar\/?p=7080"},"modified":"2026-02-20T10:49:17","modified_gmt":"2026-02-20T13:49:17","slug":"la-mayoria-de-los-diputados-nacionales-entrerrianos-avalaron-la-reforma-laboral","status":"publish","type":"post","link":"https:\/\/diariodelsurdigital.com.ar\/?p=7080","title":{"rendered":"La mayor\u00eda de los diputados nacionales entrerrianos avalaron la reforma laboral"},"content":{"rendered":"\n<p>Los entrerrianos en la C\u00e1mara de Diputados de la Naci\u00f3n dividieron sus votos en el debate sobre la reforma laboral. Acompa\u00f1aron el proyecto cinco legisladores de La Libertad Avanza, PRO y UCR, mientras que los cuatro diputados del peronismo se pronunciaron por la negativa.<\/p>\n\n\n\n<p>Con 135 votos afirmativos y 115 negativos, la C\u00e1mara de Diputados de la Naci\u00f3n aprob\u00f3 la denominada Ley de Modernizaci\u00f3n Laboral impulsada por el gobierno del presidente Javier Milei, tras una extensa sesi\u00f3n que se prolong\u00f3 durante m\u00e1s de 10 horas y concluy\u00f3 en la madrugada de este viernes.<\/p>\n\n\n\n<p>La Reforma Laboral se aprob\u00f3 en Diputados y pasa al Senado para su sanci\u00f3n definitiva<\/p>\n\n\n\n<p>Bordet afirm\u00f3 que la reforma laboral \u201cno garantiza empleo ni respeta derechos\u201d<br>El tratamiento del proyecto estuvo marcado por negociaciones de \u00faltimo momento entre el oficialismo y bloques aliados, que derivaron en cambios al texto aprobado previamente por el Senado. La modificaci\u00f3n m\u00e1s relevante fue la eliminaci\u00f3n del art\u00edculo 44, que habilitaba el pago de un porcentaje del salario en casos de enfermedad o licencias m\u00e9dicas, uno de los puntos m\u00e1s cuestionados por la oposici\u00f3n y los sindicatos.<\/p>\n\n\n\n<p>Debido a esas modificaciones, la iniciativa deber\u00e1 regresar a la C\u00e1mara alta. El oficialismo ya convoc\u00f3 a un plenario de comisiones en el Senado con el objetivo de acelerar el dictamen y llevar el proyecto al recinto el pr\u00f3ximo 27 de febrero. En la Casa Rosada aspiran a que la ley quede sancionada antes del 1\u00b0 de marzo, cuando el Presidente inaugure un nuevo per\u00edodo de sesiones ordinarias del Congreso.<\/p>\n\n\n\n<p>En ese marco, la votaci\u00f3n de los diputados entrerrianos mostr\u00f3 una divisi\u00f3n clara entre oficialismo y oposici\u00f3n. A favor de la reforma votaron Andr\u00e9s Laumann (LLA), Beltr\u00e1n Benedit (LLA), Francisco Morchio (PRO), Alicia Fregonese (PRO) y Dar\u00edo Schneider (UCR). En contra lo hicieron Gustavo Bordet, (PJ), Marianela Marclay (PJ), Guillermo Michel (PJ) y Blanca Osuna (PJ). <\/p>\n","protected":false},"excerpt":{"rendered":"<p>Los entrerrianos en la C\u00e1mara de Diputados de la Naci\u00f3n dividieron sus votos en el debate sobre la reforma laboral. Acompa\u00f1aron el proyecto cinco legisladores de La Libertad Avanza, PRO y UCR, mientras que los cuatro diputados del peronismo se pronunciaron por la negativa. Con 135 votos afirmativos y 115 negativos, la C\u00e1mara de Diputados [&hellip;]<\/p>\n","protected":false},"author":4,"featured_media":7081,"comment_status":"open","ping_status":"open","sticky":false,"template":"","format":"standard","meta":{"footnotes":""},"categories":[18,22],"tags":[],"class_list":{"0":"post-7080","1":"post","2":"type-post","3":"status-publish","4":"format-standard","5":"has-post-thumbnail","7":"category-nacionales","8":"category-politica"},"yoast_head":"<!-- This site is optimized with the Yoast SEO plugin v27.4 - https:\/\/yoast.com\/product\/yoast-seo-wordpress\/ -->\n<title>La mayor\u00eda de los diputados nacionales entrerrianos avalaron la reforma laboral - Diario del Sur<\/title>\n<meta name=\"robots\" content=\"index, follow, max-snippet:-1, max-image-preview:large, max-video-preview:-1\" \/>\n<link rel=\"canonical\" href=\"https:\/\/diariodelsurdigital.com.ar\/?p=7080\" \/>\n<meta property=\"og:locale\" content=\"es_ES\" \/>\n<meta property=\"og:type\" content=\"article\" \/>\n<meta property=\"og:title\" content=\"La mayor\u00eda de los diputados nacionales entrerrianos avalaron la reforma laboral - Diario del Sur\" \/>\n<meta property=\"og:description\" content=\"Los entrerrianos en la C\u00e1mara de Diputados de la Naci\u00f3n dividieron sus votos en el debate sobre la reforma laboral. Acompa\u00f1aron el proyecto cinco legisladores de La Libertad Avanza, PRO y UCR, mientras que los cuatro diputados del peronismo se pronunciaron por la negativa. Con 135 votos afirmativos y 115 negativos, la C\u00e1mara de Diputados [&hellip;]\" \/>\n<meta property=\"og:url\" content=\"https:\/\/diariodelsurdigital.com.ar\/?p=7080\" \/>\n<meta property=\"og:site_name\" content=\"Diario del Sur\" \/>\n<meta property=\"article:published_time\" content=\"2026-02-20T13:49:16+00:00\" \/>\n<meta property=\"article:modified_time\" content=\"2026-02-20T13:49:17+00:00\" \/>\n<meta property=\"og:image\" content=\"https:\/\/diariodelsurdigital.com.ar\/wp-content\/uploads\/2026\/02\/md-45.webp\" \/>\n\t<meta property=\"og:image:width\" content=\"992\" \/>\n\t<meta property=\"og:image:height\" content=\"607\" \/>\n\t<meta property=\"og:image:type\" content=\"image\/webp\" \/>\n<meta name=\"author\" content=\"Diario del Sur Digital\" \/>\n<meta name=\"twitter:card\" content=\"summary_large_image\" \/>\n<meta name=\"twitter:label1\" content=\"Escrito por\" \/>\n\t<meta name=\"twitter:data1\" content=\"Diario del Sur Digital\" \/>\n\t<meta name=\"twitter:label2\" content=\"Tiempo de lectura\" \/>\n\t<meta name=\"twitter:data2\" content=\"2 minutos\" \/>\n<script type=\"application\/ld+json\" class=\"yoast-schema-graph\">{\"@context\":\"https:\\\/\\\/schema.org\",\"@graph\":[{\"@type\":\"Article\",\"@id\":\"https:\\\/\\\/diariodelsurdigital.com.ar\\\/?p=7080#article\",\"isPartOf\":{\"@id\":\"https:\\\/\\\/diariodelsurdigital.com.ar\\\/?p=7080\"},\"author\":{\"name\":\"Diario del Sur Digital\",\"@id\":\"https:\\\/\\\/diariodelsurdigital.com.ar\\\/#\\\/schema\\\/person\\\/1a4992532ed62965c968031b49195c81\"},\"headline\":\"La mayor\u00eda de los diputados nacionales entrerrianos avalaron la reforma laboral\",\"datePublished\":\"2026-02-20T13:49:16+00:00\",\"dateModified\":\"2026-02-20T13:49:17+00:00\",\"mainEntityOfPage\":{\"@id\":\"https:\\\/\\\/diariodelsurdigital.com.ar\\\/?p=7080\"},\"wordCount\":343,\"commentCount\":0,\"image\":{\"@id\":\"https:\\\/\\\/diariodelsurdigital.com.ar\\\/?p=7080#primaryimage\"},\"thumbnailUrl\":\"https:\\\/\\\/diariodelsurdigital.com.ar\\\/wp-content\\\/uploads\\\/2026\\\/02\\\/md-45.webp\",\"articleSection\":[\"Nacionales\",\"Pol\u00edtica\"],\"inLanguage\":\"es\",\"potentialAction\":[{\"@type\":\"CommentAction\",\"name\":\"Comment\",\"target\":[\"https:\\\/\\\/diariodelsurdigital.com.ar\\\/?p=7080#respond\"]}]},{\"@type\":\"WebPage\",\"@id\":\"https:\\\/\\\/diariodelsurdigital.com.ar\\\/?p=7080\",\"url\":\"https:\\\/\\\/diariodelsurdigital.com.ar\\\/?p=7080\",\"name\":\"La mayor\u00eda de los diputados nacionales entrerrianos avalaron la reforma laboral - Diario del Sur\",\"isPartOf\":{\"@id\":\"https:\\\/\\\/diariodelsurdigital.com.ar\\\/#website\"},\"primaryImageOfPage\":{\"@id\":\"https:\\\/\\\/diariodelsurdigital.com.ar\\\/?p=7080#primaryimage\"},\"image\":{\"@id\":\"https:\\\/\\\/diariodelsurdigital.com.ar\\\/?p=7080#primaryimage\"},\"thumbnailUrl\":\"https:\\\/\\\/diariodelsurdigital.com.ar\\\/wp-content\\\/uploads\\\/2026\\\/02\\\/md-45.webp\",\"datePublished\":\"2026-02-20T13:49:16+00:00\",\"dateModified\":\"2026-02-20T13:49:17+00:00\",\"author\":{\"@id\":\"https:\\\/\\\/diariodelsurdigital.com.ar\\\/#\\\/schema\\\/person\\\/1a4992532ed62965c968031b49195c81\"},\"breadcrumb\":{\"@id\":\"https:\\\/\\\/diariodelsurdigital.com.ar\\\/?p=7080#breadcrumb\"},\"inLanguage\":\"es\",\"potentialAction\":[{\"@type\":\"ReadAction\",\"target\":[\"https:\\\/\\\/diariodelsurdigital.com.ar\\\/?p=7080\"]}]},{\"@type\":\"ImageObject\",\"inLanguage\":\"es\",\"@id\":\"https:\\\/\\\/diariodelsurdigital.com.ar\\\/?p=7080#primaryimage\",\"url\":\"https:\\\/\\\/diariodelsurdigital.com.ar\\\/wp-content\\\/uploads\\\/2026\\\/02\\\/md-45.webp\",\"contentUrl\":\"https:\\\/\\\/diariodelsurdigital.com.ar\\\/wp-content\\\/uploads\\\/2026\\\/02\\\/md-45.webp\",\"width\":992,\"height\":607},{\"@type\":\"BreadcrumbList\",\"@id\":\"https:\\\/\\\/diariodelsurdigital.com.ar\\\/?p=7080#breadcrumb\",\"itemListElement\":[{\"@type\":\"ListItem\",\"position\":1,\"name\":\"Portada\",\"item\":\"https:\\\/\\\/diariodelsurdigital.com.ar\\\/\"},{\"@type\":\"ListItem\",\"position\":2,\"name\":\"La mayor\u00eda de los diputados nacionales entrerrianos avalaron la reforma laboral\"}]},{\"@type\":\"WebSite\",\"@id\":\"https:\\\/\\\/diariodelsurdigital.com.ar\\\/#website\",\"url\":\"https:\\\/\\\/diariodelsurdigital.com.ar\\\/\",\"name\":\"Diario del Sur\",\"description\":\"Digital\",\"potentialAction\":[{\"@type\":\"SearchAction\",\"target\":{\"@type\":\"EntryPoint\",\"urlTemplate\":\"https:\\\/\\\/diariodelsurdigital.com.ar\\\/?s={search_term_string}\"},\"query-input\":{\"@type\":\"PropertyValueSpecification\",\"valueRequired\":true,\"valueName\":\"search_term_string\"}}],\"inLanguage\":\"es\"},{\"@type\":\"Person\",\"@id\":\"https:\\\/\\\/diariodelsurdigital.com.ar\\\/#\\\/schema\\\/person\\\/1a4992532ed62965c968031b49195c81\",\"name\":\"Diario del Sur Digital\",\"image\":{\"@type\":\"ImageObject\",\"inLanguage\":\"es\",\"@id\":\"https:\\\/\\\/secure.gravatar.com\\\/avatar\\\/f0c7c47fc7146d19828273b9b8eda651c9c7ab583767e6338d3d3bee825adf76?s=96&d=mm&r=g\",\"url\":\"https:\\\/\\\/secure.gravatar.com\\\/avatar\\\/f0c7c47fc7146d19828273b9b8eda651c9c7ab583767e6338d3d3bee825adf76?s=96&d=mm&r=g\",\"contentUrl\":\"https:\\\/\\\/secure.gravatar.com\\\/avatar\\\/f0c7c47fc7146d19828273b9b8eda651c9c7ab583767e6338d3d3bee825adf76?s=96&d=mm&r=g\",\"caption\":\"Diario del Sur Digital\"},\"url\":\"https:\\\/\\\/diariodelsurdigital.com.ar\\\/?author=4\"}]}<\/script>\n<!-- \/ Yoast SEO plugin. -->","yoast_head_json":{"title":"La mayor\u00eda de los diputados nacionales entrerrianos avalaron la reforma laboral - Diario del Sur","robots":{"index":"index","follow":"follow","max-snippet":"max-snippet:-1","max-image-preview":"max-image-preview:large","max-video-preview":"max-video-preview:-1"},"canonical":"https:\/\/diariodelsurdigital.com.ar\/?p=7080","og_locale":"es_ES","og_type":"article","og_title":"La mayor\u00eda de los diputados nacionales entrerrianos avalaron la reforma laboral - Diario del Sur","og_description":"Los entrerrianos en la C\u00e1mara de Diputados de la Naci\u00f3n dividieron sus votos en el debate sobre la reforma laboral. Acompa\u00f1aron el proyecto cinco legisladores de La Libertad Avanza, PRO y UCR, mientras que los cuatro diputados del peronismo se pronunciaron por la negativa. Con 135 votos afirmativos y 115 negativos, la C\u00e1mara de Diputados [&hellip;]","og_url":"https:\/\/diariodelsurdigital.com.ar\/?p=7080","og_site_name":"Diario del Sur","article_published_time":"2026-02-20T13:49:16+00:00","article_modified_time":"2026-02-20T13:49:17+00:00","og_image":[{"width":992,"height":607,"url":"https:\/\/diariodelsurdigital.com.ar\/wp-content\/uploads\/2026\/02\/md-45.webp","type":"image\/webp"}],"author":"Diario del Sur Digital","twitter_card":"summary_large_image","twitter_misc":{"Escrito por":"Diario del Sur Digital","Tiempo de lectura":"2 minutos"},"schema":{"@context":"https:\/\/schema.org","@graph":[{"@type":"Article","@id":"https:\/\/diariodelsurdigital.com.ar\/?p=7080#article","isPartOf":{"@id":"https:\/\/diariodelsurdigital.com.ar\/?p=7080"},"author":{"name":"Diario del Sur Digital","@id":"https:\/\/diariodelsurdigital.com.ar\/#\/schema\/person\/1a4992532ed62965c968031b49195c81"},"headline":"La mayor\u00eda de los diputados nacionales entrerrianos avalaron la reforma laboral","datePublished":"2026-02-20T13:49:16+00:00","dateModified":"2026-02-20T13:49:17+00:00","mainEntityOfPage":{"@id":"https:\/\/diariodelsurdigital.com.ar\/?p=7080"},"wordCount":343,"commentCount":0,"image":{"@id":"https:\/\/diariodelsurdigital.com.ar\/?p=7080#primaryimage"},"thumbnailUrl":"https:\/\/diariodelsurdigital.com.ar\/wp-content\/uploads\/2026\/02\/md-45.webp","articleSection":["Nacionales","Pol\u00edtica"],"inLanguage":"es","potentialAction":[{"@type":"CommentAction","name":"Comment","target":["https:\/\/diariodelsurdigital.com.ar\/?p=7080#respond"]}]},{"@type":"WebPage","@id":"https:\/\/diariodelsurdigital.com.ar\/?p=7080","url":"https:\/\/diariodelsurdigital.com.ar\/?p=7080","name":"La mayor\u00eda de los diputados nacionales entrerrianos avalaron la reforma laboral - Diario del Sur","isPartOf":{"@id":"https:\/\/diariodelsurdigital.com.ar\/#website"},"primaryImageOfPage":{"@id":"https:\/\/diariodelsurdigital.com.ar\/?p=7080#primaryimage"},"image":{"@id":"https:\/\/diariodelsurdigital.com.ar\/?p=7080#primaryimage"},"thumbnailUrl":"https:\/\/diariodelsurdigital.com.ar\/wp-content\/uploads\/2026\/02\/md-45.webp","datePublished":"2026-02-20T13:49:16+00:00","dateModified":"2026-02-20T13:49:17+00:00","author":{"@id":"https:\/\/diariodelsurdigital.com.ar\/#\/schema\/person\/1a4992532ed62965c968031b49195c81"},"breadcrumb":{"@id":"https:\/\/diariodelsurdigital.com.ar\/?p=7080#breadcrumb"},"inLanguage":"es","potentialAction":[{"@type":"ReadAction","target":["https:\/\/diariodelsurdigital.com.ar\/?p=7080"]}]},{"@type":"ImageObject","inLanguage":"es","@id":"https:\/\/diariodelsurdigital.com.ar\/?p=7080#primaryimage","url":"https:\/\/diariodelsurdigital.com.ar\/wp-content\/uploads\/2026\/02\/md-45.webp","contentUrl":"https:\/\/diariodelsurdigital.com.ar\/wp-content\/uploads\/2026\/02\/md-45.webp","width":992,"height":607},{"@type":"BreadcrumbList","@id":"https:\/\/diariodelsurdigital.com.ar\/?p=7080#breadcrumb","itemListElement":[{"@type":"ListItem","position":1,"name":"Portada","item":"https:\/\/diariodelsurdigital.com.ar\/"},{"@type":"ListItem","position":2,"name":"La mayor\u00eda de los diputados nacionales entrerrianos avalaron la reforma laboral"}]},{"@type":"WebSite","@id":"https:\/\/diariodelsurdigital.com.ar\/#website","url":"https:\/\/diariodelsurdigital.com.ar\/","name":"Diario del Sur","description":"Digital","potentialAction":[{"@type":"SearchAction","target":{"@type":"EntryPoint","urlTemplate":"https:\/\/diariodelsurdigital.com.ar\/?s={search_term_string}"},"query-input":{"@type":"PropertyValueSpecification","valueRequired":true,"valueName":"search_term_string"}}],"inLanguage":"es"},{"@type":"Person","@id":"https:\/\/diariodelsurdigital.com.ar\/#\/schema\/person\/1a4992532ed62965c968031b49195c81","name":"Diario del Sur Digital","image":{"@type":"ImageObject","inLanguage":"es","@id":"https:\/\/secure.gravatar.com\/avatar\/f0c7c47fc7146d19828273b9b8eda651c9c7ab583767e6338d3d3bee825adf76?s=96&d=mm&r=g","url":"https:\/\/secure.gravatar.com\/avatar\/f0c7c47fc7146d19828273b9b8eda651c9c7ab583767e6338d3d3bee825adf76?s=96&d=mm&r=g","contentUrl":"https:\/\/secure.gravatar.com\/avatar\/f0c7c47fc7146d19828273b9b8eda651c9c7ab583767e6338d3d3bee825adf76?s=96&d=mm&r=g","caption":"Diario del Sur Digital"},"url":"https:\/\/diariodelsurdigital.com.ar\/?author=4"}]}},"_links":{"self":[{"href":"https:\/\/diariodelsurdigital.com.ar\/index.php?rest_route=\/wp\/v2\/posts\/7080","targetHints":{"allow":["GET"]}}],"collection":[{"href":"https:\/\/diariodelsurdigital.com.ar\/index.php?rest_route=\/wp\/v2\/posts"}],"about":[{"href":"https:\/\/diariodelsurdigital.com.ar\/index.php?rest_route=\/wp\/v2\/types\/post"}],"author":[{"embeddable":true,"href":"https:\/\/diariodelsurdigital.com.ar\/index.php?rest_route=\/wp\/v2\/users\/4"}],"replies":[{"embeddable":true,"href":"https:\/\/diariodelsurdigital.com.ar\/index.php?rest_route=%2Fwp%2Fv2%2Fcomments&post=7080"}],"version-history":[{"count":1,"href":"https:\/\/diariodelsurdigital.com.ar\/index.php?rest_route=\/wp\/v2\/posts\/7080\/revisions"}],"predecessor-version":[{"id":7082,"href":"https:\/\/diariodelsurdigital.com.ar\/index.php?rest_route=\/wp\/v2\/posts\/7080\/revisions\/7082"}],"wp:featuredmedia":[{"embeddable":true,"href":"https:\/\/diariodelsurdigital.com.ar\/index.php?rest_route=\/wp\/v2\/media\/7081"}],"wp:attachment":[{"href":"https:\/\/diariodelsurdigital.com.ar\/index.php?rest_route=%2Fwp%2Fv2%2Fmedia&parent=7080"}],"wp:term":[{"taxonomy":"category","embeddable":true,"href":"https:\/\/diariodelsurdigital.com.ar\/index.php?rest_route=%2Fwp%2Fv2%2Fcategories&post=7080"},{"taxonomy":"post_tag","embeddable":true,"href":"https:\/\/diariodelsurdigital.com.ar\/index.php?rest_route=%2Fwp%2Fv2%2Ftags&post=7080"}],"curies":[{"name":"wp","href":"https:\/\/api.w.org\/{rel}","templated":true}]}}