{"id":7084,"date":"2026-02-20T17:25:38","date_gmt":"2026-02-20T20:25:38","guid":{"rendered":"https:\/\/diariodelsurdigital.com.ar\/?p=7084"},"modified":"2026-02-20T17:31:09","modified_gmt":"2026-02-20T20:31:09","slug":"convocatoria-abierta-para-talleristas-educativos-y-culturales","status":"publish","type":"post","link":"https:\/\/diariodelsurdigital.com.ar\/?p=7084","title":{"rendered":"Convocatoria abierta para talleristas educativos y culturales"},"content":{"rendered":"\n<p><strong>La Municipalidad de Concordia a trav\u00e9s de la Subsecretar\u00eda de Educaci\u00f3n y Cultura informa que se encuentra abierta la convocatoria destinada a talleristas educativos y culturales que deseen presentar sus proyectos para formar parte de la propuesta anual de talleres.<\/strong><\/p>\n\n\n\n<figure class=\"wp-block-image\"><img decoding=\"async\" src=\"https:\/\/cdnartic.ar\/spH2tyuwDnZowpYS22dNa9s5qhA=\/1500x0\/filters:no_upscale():format(webp):quality(40)\/https:\/\/elheraldocdn.eleco.com.ar\/media\/2026\/02\/talleres.jpeg\" alt=\"Convocatoria abierta para talleristas educativos y culturales\"\/><\/figure>\n\n\n\n<p>La iniciativa tiene como objetivo ampliar y fortalecer la oferta formativa en distintos barrios de la ciudad, promoviendo espacios de capacitaci\u00f3n, expresi\u00f3n art\u00edstica y desarrollo personal abiertos a la comunidad.<br>Los interesados deber\u00e1n presentar CV y proyecto en carpeta tama\u00f1o A4, ser mayores de 18 a\u00f1os y acercar la documentaci\u00f3n hasta el jueves 26 de febrero, en Urquiza 638, en el horario de 8:00 a 13:00 horas en la oficinas de la Subsecretar\u00eda de Educaci\u00f3n y Cultura.<\/p>\n\n\n\n<p>Las disciplinas convocadas son las siguientes:<br>En el \u00e1rea de Oficios y Emprendimientos: Servicio de Mozo; Cocina y Panificaci\u00f3n; Tejido; Bordado; Costura; Manicura y Belleza de Pies; Velas, Jabones y Sahumerios; Encurtidos y Mermeladas; Chocolater\u00eda; Peluquer\u00eda; Arreglo de Zapatos y Marroquiner\u00eda.<br>En Construcci\u00f3n y Servicios: Electricidad; Alba\u00f1iler\u00eda B\u00e1sica; Plomer\u00eda B\u00e1sica; Reparaci\u00f3n y Mantenimiento de Celulares y PC.<br>En Formaci\u00f3n y Desarrollo Personal: Ajedrez; Arte Terapia; Escritura Creativa.<br>En Artes Visuales y Artesan\u00edas: Pintura en Tela; Caricaturas; Cer\u00e1mica; Talabarter\u00eda; Telar; Mu\u00f1equer\u00eda Soft; Objetos Reciclados; Maquillaje Art\u00edstico y Social.<br>En Artes Esc\u00e9nicas y Expresi\u00f3n Corporal: Danzas Folkl\u00f3ricas; Ritmos Caribe\u00f1os; Danza Jazz; Gimnasia Postural y Localizada; Danza de Candombe; Teatro Infantil.<br>En el \u00e1rea de M\u00fasica: Canto; Coro; Guitarra; Piano; Acorde\u00f3n; Canto Urbano (Trap y Rap).<br>Desde la Subsecretar\u00eda destacaron que la convocatoria busca generar oportunidades para que formadores puedan compartir sus saberes y contribuir al fortalecimiento de la educaci\u00f3n y la cultura como herramientas de inclusi\u00f3n, capacitaci\u00f3n y desarrollo comunitario.<br>Para mayor informaci\u00f3n, los interesados pueden acercarse a Urquiza 638, de lunes a viernes de 8:00 a 13:00 horas.<\/p>\n\n\n\n<p>Fuente: El Heraldo<\/p>\n","protected":false},"excerpt":{"rendered":"<p>La Municipalidad de Concordia a trav\u00e9s de la Subsecretar\u00eda de Educaci\u00f3n y Cultura informa que se encuentra abierta la convocatoria destinada a talleristas educativos y culturales que deseen presentar sus proyectos para formar parte de la propuesta anual de talleres. La iniciativa tiene como objetivo ampliar y fortalecer la oferta formativa en distintos barrios de [&hellip;]<\/p>\n","protected":false},"author":3,"featured_media":7085,"comment_status":"open","ping_status":"open","sticky":false,"template":"","format":"standard","meta":{"footnotes":""},"categories":[19,16],"tags":[],"class_list":{"0":"post-7084","1":"post","2":"type-post","3":"status-publish","4":"format-standard","5":"has-post-thumbnail","7":"category-interes-general","8":"category-locales"},"yoast_head":"<!-- This site is optimized with the Yoast SEO plugin v27.4 - https:\/\/yoast.com\/product\/yoast-seo-wordpress\/ -->\n<title>Convocatoria abierta para talleristas educativos y culturales - Diario del Sur<\/title>\n<meta name=\"robots\" content=\"index, follow, max-snippet:-1, max-image-preview:large, max-video-preview:-1\" \/>\n<link rel=\"canonical\" href=\"https:\/\/diariodelsurdigital.com.ar\/?p=7084\" \/>\n<meta property=\"og:locale\" content=\"es_ES\" \/>\n<meta property=\"og:type\" content=\"article\" \/>\n<meta property=\"og:title\" content=\"Convocatoria abierta para talleristas educativos y culturales - Diario del Sur\" \/>\n<meta property=\"og:description\" content=\"La Municipalidad de Concordia a trav\u00e9s de la Subsecretar\u00eda de Educaci\u00f3n y Cultura informa que se encuentra abierta la convocatoria destinada a talleristas educativos y culturales que deseen presentar sus proyectos para formar parte de la propuesta anual de talleres. La iniciativa tiene como objetivo ampliar y fortalecer la oferta formativa en distintos barrios de [&hellip;]\" \/>\n<meta property=\"og:url\" content=\"https:\/\/diariodelsurdigital.com.ar\/?p=7084\" \/>\n<meta property=\"og:site_name\" content=\"Diario del Sur\" \/>\n<meta property=\"article:published_time\" content=\"2026-02-20T20:25:38+00:00\" \/>\n<meta property=\"article:modified_time\" content=\"2026-02-20T20:31:09+00:00\" \/>\n<meta property=\"og:image\" content=\"https:\/\/diariodelsurdigital.com.ar\/wp-content\/uploads\/2026\/02\/talleres.webp\" \/>\n\t<meta property=\"og:image:width\" content=\"800\" \/>\n\t<meta property=\"og:image:height\" content=\"600\" \/>\n\t<meta property=\"og:image:type\" content=\"image\/webp\" \/>\n<meta name=\"author\" content=\"Diario del Sur Digital\" \/>\n<meta name=\"twitter:card\" content=\"summary_large_image\" \/>\n<meta name=\"twitter:label1\" content=\"Escrito por\" \/>\n\t<meta name=\"twitter:data1\" content=\"Diario del Sur Digital\" \/>\n\t<meta name=\"twitter:label2\" content=\"Tiempo de lectura\" \/>\n\t<meta name=\"twitter:data2\" content=\"2 minutos\" \/>\n<script type=\"application\/ld+json\" class=\"yoast-schema-graph\">{\"@context\":\"https:\\\/\\\/schema.org\",\"@graph\":[{\"@type\":\"Article\",\"@id\":\"https:\\\/\\\/diariodelsurdigital.com.ar\\\/?p=7084#article\",\"isPartOf\":{\"@id\":\"https:\\\/\\\/diariodelsurdigital.com.ar\\\/?p=7084\"},\"author\":{\"name\":\"Diario del Sur Digital\",\"@id\":\"https:\\\/\\\/diariodelsurdigital.com.ar\\\/#\\\/schema\\\/person\\\/d794acb23337e88c6e4004a39c32be62\"},\"headline\":\"Convocatoria abierta para talleristas educativos y culturales\",\"datePublished\":\"2026-02-20T20:25:38+00:00\",\"dateModified\":\"2026-02-20T20:31:09+00:00\",\"mainEntityOfPage\":{\"@id\":\"https:\\\/\\\/diariodelsurdigital.com.ar\\\/?p=7084\"},\"wordCount\":337,\"commentCount\":0,\"image\":{\"@id\":\"https:\\\/\\\/diariodelsurdigital.com.ar\\\/?p=7084#primaryimage\"},\"thumbnailUrl\":\"https:\\\/\\\/diariodelsurdigital.com.ar\\\/wp-content\\\/uploads\\\/2026\\\/02\\\/talleres.webp\",\"articleSection\":[\"Inter\u00e9s General\",\"Locales\"],\"inLanguage\":\"es\",\"potentialAction\":[{\"@type\":\"CommentAction\",\"name\":\"Comment\",\"target\":[\"https:\\\/\\\/diariodelsurdigital.com.ar\\\/?p=7084#respond\"]}]},{\"@type\":\"WebPage\",\"@id\":\"https:\\\/\\\/diariodelsurdigital.com.ar\\\/?p=7084\",\"url\":\"https:\\\/\\\/diariodelsurdigital.com.ar\\\/?p=7084\",\"name\":\"Convocatoria abierta para talleristas educativos y culturales - Diario del Sur\",\"isPartOf\":{\"@id\":\"https:\\\/\\\/diariodelsurdigital.com.ar\\\/#website\"},\"primaryImageOfPage\":{\"@id\":\"https:\\\/\\\/diariodelsurdigital.com.ar\\\/?p=7084#primaryimage\"},\"image\":{\"@id\":\"https:\\\/\\\/diariodelsurdigital.com.ar\\\/?p=7084#primaryimage\"},\"thumbnailUrl\":\"https:\\\/\\\/diariodelsurdigital.com.ar\\\/wp-content\\\/uploads\\\/2026\\\/02\\\/talleres.webp\",\"datePublished\":\"2026-02-20T20:25:38+00:00\",\"dateModified\":\"2026-02-20T20:31:09+00:00\",\"author\":{\"@id\":\"https:\\\/\\\/diariodelsurdigital.com.ar\\\/#\\\/schema\\\/person\\\/d794acb23337e88c6e4004a39c32be62\"},\"breadcrumb\":{\"@id\":\"https:\\\/\\\/diariodelsurdigital.com.ar\\\/?p=7084#breadcrumb\"},\"inLanguage\":\"es\",\"potentialAction\":[{\"@type\":\"ReadAction\",\"target\":[\"https:\\\/\\\/diariodelsurdigital.com.ar\\\/?p=7084\"]}]},{\"@type\":\"ImageObject\",\"inLanguage\":\"es\",\"@id\":\"https:\\\/\\\/diariodelsurdigital.com.ar\\\/?p=7084#primaryimage\",\"url\":\"https:\\\/\\\/diariodelsurdigital.com.ar\\\/wp-content\\\/uploads\\\/2026\\\/02\\\/talleres.webp\",\"contentUrl\":\"https:\\\/\\\/diariodelsurdigital.com.ar\\\/wp-content\\\/uploads\\\/2026\\\/02\\\/talleres.webp\",\"width\":800,\"height\":600},{\"@type\":\"BreadcrumbList\",\"@id\":\"https:\\\/\\\/diariodelsurdigital.com.ar\\\/?p=7084#breadcrumb\",\"itemListElement\":[{\"@type\":\"ListItem\",\"position\":1,\"name\":\"Portada\",\"item\":\"https:\\\/\\\/diariodelsurdigital.com.ar\\\/\"},{\"@type\":\"ListItem\",\"position\":2,\"name\":\"Convocatoria abierta para talleristas educativos y culturales\"}]},{\"@type\":\"WebSite\",\"@id\":\"https:\\\/\\\/diariodelsurdigital.com.ar\\\/#website\",\"url\":\"https:\\\/\\\/diariodelsurdigital.com.ar\\\/\",\"name\":\"Diario del Sur\",\"description\":\"Digital\",\"potentialAction\":[{\"@type\":\"SearchAction\",\"target\":{\"@type\":\"EntryPoint\",\"urlTemplate\":\"https:\\\/\\\/diariodelsurdigital.com.ar\\\/?s={search_term_string}\"},\"query-input\":{\"@type\":\"PropertyValueSpecification\",\"valueRequired\":true,\"valueName\":\"search_term_string\"}}],\"inLanguage\":\"es\"},{\"@type\":\"Person\",\"@id\":\"https:\\\/\\\/diariodelsurdigital.com.ar\\\/#\\\/schema\\\/person\\\/d794acb23337e88c6e4004a39c32be62\",\"name\":\"Diario del Sur Digital\",\"image\":{\"@type\":\"ImageObject\",\"inLanguage\":\"es\",\"@id\":\"https:\\\/\\\/secure.gravatar.com\\\/avatar\\\/47679bcfa15734cfdefc176b6ad58adeeccac22b2e03e095ada6c622af2b463a?s=96&d=mm&r=g\",\"url\":\"https:\\\/\\\/secure.gravatar.com\\\/avatar\\\/47679bcfa15734cfdefc176b6ad58adeeccac22b2e03e095ada6c622af2b463a?s=96&d=mm&r=g\",\"contentUrl\":\"https:\\\/\\\/secure.gravatar.com\\\/avatar\\\/47679bcfa15734cfdefc176b6ad58adeeccac22b2e03e095ada6c622af2b463a?s=96&d=mm&r=g\",\"caption\":\"Diario del Sur Digital\"},\"url\":\"https:\\\/\\\/diariodelsurdigital.com.ar\\\/?author=3\"}]}<\/script>\n<!-- \/ Yoast SEO plugin. -->","yoast_head_json":{"title":"Convocatoria abierta para talleristas educativos y culturales - Diario del Sur","robots":{"index":"index","follow":"follow","max-snippet":"max-snippet:-1","max-image-preview":"max-image-preview:large","max-video-preview":"max-video-preview:-1"},"canonical":"https:\/\/diariodelsurdigital.com.ar\/?p=7084","og_locale":"es_ES","og_type":"article","og_title":"Convocatoria abierta para talleristas educativos y culturales - Diario del Sur","og_description":"La Municipalidad de Concordia a trav\u00e9s de la Subsecretar\u00eda de Educaci\u00f3n y Cultura informa que se encuentra abierta la convocatoria destinada a talleristas educativos y culturales que deseen presentar sus proyectos para formar parte de la propuesta anual de talleres. La iniciativa tiene como objetivo ampliar y fortalecer la oferta formativa en distintos barrios de [&hellip;]","og_url":"https:\/\/diariodelsurdigital.com.ar\/?p=7084","og_site_name":"Diario del Sur","article_published_time":"2026-02-20T20:25:38+00:00","article_modified_time":"2026-02-20T20:31:09+00:00","og_image":[{"width":800,"height":600,"url":"https:\/\/diariodelsurdigital.com.ar\/wp-content\/uploads\/2026\/02\/talleres.webp","type":"image\/webp"}],"author":"Diario del Sur Digital","twitter_card":"summary_large_image","twitter_misc":{"Escrito por":"Diario del Sur Digital","Tiempo de lectura":"2 minutos"},"schema":{"@context":"https:\/\/schema.org","@graph":[{"@type":"Article","@id":"https:\/\/diariodelsurdigital.com.ar\/?p=7084#article","isPartOf":{"@id":"https:\/\/diariodelsurdigital.com.ar\/?p=7084"},"author":{"name":"Diario del Sur Digital","@id":"https:\/\/diariodelsurdigital.com.ar\/#\/schema\/person\/d794acb23337e88c6e4004a39c32be62"},"headline":"Convocatoria abierta para talleristas educativos y culturales","datePublished":"2026-02-20T20:25:38+00:00","dateModified":"2026-02-20T20:31:09+00:00","mainEntityOfPage":{"@id":"https:\/\/diariodelsurdigital.com.ar\/?p=7084"},"wordCount":337,"commentCount":0,"image":{"@id":"https:\/\/diariodelsurdigital.com.ar\/?p=7084#primaryimage"},"thumbnailUrl":"https:\/\/diariodelsurdigital.com.ar\/wp-content\/uploads\/2026\/02\/talleres.webp","articleSection":["Inter\u00e9s General","Locales"],"inLanguage":"es","potentialAction":[{"@type":"CommentAction","name":"Comment","target":["https:\/\/diariodelsurdigital.com.ar\/?p=7084#respond"]}]},{"@type":"WebPage","@id":"https:\/\/diariodelsurdigital.com.ar\/?p=7084","url":"https:\/\/diariodelsurdigital.com.ar\/?p=7084","name":"Convocatoria abierta para talleristas educativos y culturales - Diario del Sur","isPartOf":{"@id":"https:\/\/diariodelsurdigital.com.ar\/#website"},"primaryImageOfPage":{"@id":"https:\/\/diariodelsurdigital.com.ar\/?p=7084#primaryimage"},"image":{"@id":"https:\/\/diariodelsurdigital.com.ar\/?p=7084#primaryimage"},"thumbnailUrl":"https:\/\/diariodelsurdigital.com.ar\/wp-content\/uploads\/2026\/02\/talleres.webp","datePublished":"2026-02-20T20:25:38+00:00","dateModified":"2026-02-20T20:31:09+00:00","author":{"@id":"https:\/\/diariodelsurdigital.com.ar\/#\/schema\/person\/d794acb23337e88c6e4004a39c32be62"},"breadcrumb":{"@id":"https:\/\/diariodelsurdigital.com.ar\/?p=7084#breadcrumb"},"inLanguage":"es","potentialAction":[{"@type":"ReadAction","target":["https:\/\/diariodelsurdigital.com.ar\/?p=7084"]}]},{"@type":"ImageObject","inLanguage":"es","@id":"https:\/\/diariodelsurdigital.com.ar\/?p=7084#primaryimage","url":"https:\/\/diariodelsurdigital.com.ar\/wp-content\/uploads\/2026\/02\/talleres.webp","contentUrl":"https:\/\/diariodelsurdigital.com.ar\/wp-content\/uploads\/2026\/02\/talleres.webp","width":800,"height":600},{"@type":"BreadcrumbList","@id":"https:\/\/diariodelsurdigital.com.ar\/?p=7084#breadcrumb","itemListElement":[{"@type":"ListItem","position":1,"name":"Portada","item":"https:\/\/diariodelsurdigital.com.ar\/"},{"@type":"ListItem","position":2,"name":"Convocatoria abierta para talleristas educativos y culturales"}]},{"@type":"WebSite","@id":"https:\/\/diariodelsurdigital.com.ar\/#website","url":"https:\/\/diariodelsurdigital.com.ar\/","name":"Diario del Sur","description":"Digital","potentialAction":[{"@type":"SearchAction","target":{"@type":"EntryPoint","urlTemplate":"https:\/\/diariodelsurdigital.com.ar\/?s={search_term_string}"},"query-input":{"@type":"PropertyValueSpecification","valueRequired":true,"valueName":"search_term_string"}}],"inLanguage":"es"},{"@type":"Person","@id":"https:\/\/diariodelsurdigital.com.ar\/#\/schema\/person\/d794acb23337e88c6e4004a39c32be62","name":"Diario del Sur Digital","image":{"@type":"ImageObject","inLanguage":"es","@id":"https:\/\/secure.gravatar.com\/avatar\/47679bcfa15734cfdefc176b6ad58adeeccac22b2e03e095ada6c622af2b463a?s=96&d=mm&r=g","url":"https:\/\/secure.gravatar.com\/avatar\/47679bcfa15734cfdefc176b6ad58adeeccac22b2e03e095ada6c622af2b463a?s=96&d=mm&r=g","contentUrl":"https:\/\/secure.gravatar.com\/avatar\/47679bcfa15734cfdefc176b6ad58adeeccac22b2e03e095ada6c622af2b463a?s=96&d=mm&r=g","caption":"Diario del Sur Digital"},"url":"https:\/\/diariodelsurdigital.com.ar\/?author=3"}]}},"_links":{"self":[{"href":"https:\/\/diariodelsurdigital.com.ar\/index.php?rest_route=\/wp\/v2\/posts\/7084","targetHints":{"allow":["GET"]}}],"collection":[{"href":"https:\/\/diariodelsurdigital.com.ar\/index.php?rest_route=\/wp\/v2\/posts"}],"about":[{"href":"https:\/\/diariodelsurdigital.com.ar\/index.php?rest_route=\/wp\/v2\/types\/post"}],"author":[{"embeddable":true,"href":"https:\/\/diariodelsurdigital.com.ar\/index.php?rest_route=\/wp\/v2\/users\/3"}],"replies":[{"embeddable":true,"href":"https:\/\/diariodelsurdigital.com.ar\/index.php?rest_route=%2Fwp%2Fv2%2Fcomments&post=7084"}],"version-history":[{"count":2,"href":"https:\/\/diariodelsurdigital.com.ar\/index.php?rest_route=\/wp\/v2\/posts\/7084\/revisions"}],"predecessor-version":[{"id":7094,"href":"https:\/\/diariodelsurdigital.com.ar\/index.php?rest_route=\/wp\/v2\/posts\/7084\/revisions\/7094"}],"wp:featuredmedia":[{"embeddable":true,"href":"https:\/\/diariodelsurdigital.com.ar\/index.php?rest_route=\/wp\/v2\/media\/7085"}],"wp:attachment":[{"href":"https:\/\/diariodelsurdigital.com.ar\/index.php?rest_route=%2Fwp%2Fv2%2Fmedia&parent=7084"}],"wp:term":[{"taxonomy":"category","embeddable":true,"href":"https:\/\/diariodelsurdigital.com.ar\/index.php?rest_route=%2Fwp%2Fv2%2Fcategories&post=7084"},{"taxonomy":"post_tag","embeddable":true,"href":"https:\/\/diariodelsurdigital.com.ar\/index.php?rest_route=%2Fwp%2Fv2%2Ftags&post=7084"}],"curies":[{"name":"wp","href":"https:\/\/api.w.org\/{rel}","templated":true}]}}