{"id":7095,"date":"2026-02-20T18:04:50","date_gmt":"2026-02-20T21:04:50","guid":{"rendered":"https:\/\/diariodelsurdigital.com.ar\/?p=7095"},"modified":"2026-02-20T18:04:51","modified_gmt":"2026-02-20T21:04:51","slug":"la-pasion-de-concordia-como-se-te-extrana-carnaval","status":"publish","type":"post","link":"https:\/\/diariodelsurdigital.com.ar\/?p=7095","title":{"rendered":"La Pasi\u00f3n de Concordia: \u201cCOMO SE TE EXTRA\u00d1A CARNAVAL\u201d"},"content":{"rendered":"\n<p><\/p>\n\n\n\n<p><strong>Por Tom\u00e1s Ferrer<\/strong><\/p>\n\n\n\n<figure class=\"wp-block-image size-full is-resized\"><img loading=\"lazy\" decoding=\"async\" width=\"274\" height=\"207\" src=\"https:\/\/diariodelsurdigital.com.ar\/wp-content\/uploads\/2026\/02\/image.jpg\" alt=\"\" class=\"wp-image-7096\" style=\"aspect-ratio:1.3237958629020081;width:237px;height:auto\" srcset=\"https:\/\/diariodelsurdigital.com.ar\/wp-content\/uploads\/2026\/02\/image.jpg 274w, https:\/\/diariodelsurdigital.com.ar\/wp-content\/uploads\/2026\/02\/image-80x60.jpg 80w\" sizes=\"auto, (max-width: 274px) 100vw, 274px\" \/><\/figure>\n\n\n\n<p>Dir\u00e1n que exagero, que <strong><em>todav\u00eda no termin\u00f3<\/em><\/strong>, que falta un desfile, la \u00faltima noche, y si, tienen raz\u00f3n, porque todav\u00eda quedan dos instancias: el \u00faltimo desfile en el cors\u00f3dromo y el resultado (de la competencia), pero antes que sucedan estas instancias, escribo en principio para los\/art\u00edfices, artistas, integrantes, colaboradores, y para curiosos. Esta \u00faltima noche quiz\u00e1 sea la m\u00e1s especial de todas, desde donde te toque estar, registr\u00e1 ese momento, gu\u00e1rdalo bien porque el tiempo no se gana ni se pierde: se ocupa, se elige, es tomarse al menos un instante, observar, escuchar, abrazar m\u00e1s tiempo o m\u00e1s fuerte, re\u00edr o llorar sin reparos, cantar la canci\u00f3n de la comparsa hasta quedarse af\u00f3nicos, para que escuchen los presentes, para acercarse al menos emotivamente con los que ya no est\u00e1n, y desde ah\u00ed si, saberse extra\u00f1os pero no ajenos, de extra\u00f1ar ser part\u00edcipes, hasta que vengan los: <em>Como se extra\u00f1a\u201d. <\/em>Lee la nota hasta el final, si es posible, antes de que salgas de tu casa este s\u00e1bado, y si la lees despu\u00e9s, agregale todo lo que extra\u00f1as, lo que deseas que pronto vuelva, porque vuelve dentro de poco, el carnaval: Siempre Vuelve\u2026<\/p>\n\n\n\n<figure class=\"wp-block-image size-full\"><img loading=\"lazy\" decoding=\"async\" width=\"193\" height=\"270\" src=\"https:\/\/diariodelsurdigital.com.ar\/wp-content\/uploads\/2026\/02\/image-2.jpg\" alt=\"\" class=\"wp-image-7098\"\/><\/figure>\n\n\n\n<figure class=\"wp-block-image size-full\"><img loading=\"lazy\" decoding=\"async\" width=\"182\" height=\"273\" src=\"https:\/\/diariodelsurdigital.com.ar\/wp-content\/uploads\/2026\/02\/image-1.jpg\" alt=\"\" class=\"wp-image-7097\"\/><\/figure>\n\n\n\n<figure class=\"wp-block-image size-full\"><img loading=\"lazy\" decoding=\"async\" width=\"187\" height=\"273\" src=\"https:\/\/diariodelsurdigital.com.ar\/wp-content\/uploads\/2026\/02\/image-5.jpg\" alt=\"\" class=\"wp-image-7102\"\/><\/figure>\n\n\n\n<figure class=\"wp-block-image size-full\"><img loading=\"lazy\" decoding=\"async\" width=\"337\" height=\"225\" src=\"https:\/\/diariodelsurdigital.com.ar\/wp-content\/uploads\/2026\/02\/image-3.jpg\" alt=\"\" class=\"wp-image-7099\" srcset=\"https:\/\/diariodelsurdigital.com.ar\/wp-content\/uploads\/2026\/02\/image-3.jpg 337w, https:\/\/diariodelsurdigital.com.ar\/wp-content\/uploads\/2026\/02\/image-3-300x200.jpg 300w\" sizes=\"auto, (max-width: 337px) 100vw, 337px\" \/><\/figure>\n\n\n\n<p>Como se va a extra\u00f1ar <strong><em>bailar<\/em><\/strong>, la concentraci\u00f3n y preparaci\u00f3n, de salir a horario de casa sin olvidarse nada, de verificar que el vestuario est\u00e9 impecable, se extra\u00f1a encontrarnos con integrantes de la \u201cescuadra\u201d, de vestirse con todo el cuidado del mundo, intentando que nada se rompa, de tener el maquillaje perfecto, de ponerse shibr\u00e9 y brillos hasta en \u201clos o\u00eddos\u201d y pedir ayuda para que chequeen no quede ning\u00fan espacio del cuerpo sin brillo, asesorarnos a cada rato, sobre todo si somos \u201cfigura\u201d en competencia, de colocarse el tocado dando la fuerza correcta al ajuste para que no \u201cbaile\u201d ni duela la cabeza, probar y chequear el \u201cespaldar\u201d est\u00e9 impecable, revisar las zuelas de los calzados, empezar a moverse, de a poco, se extra\u00f1ar\u00e1 charlar con otros\/as integrantes de diferentes escuadras, hablar sobre otras comparsas, moverse un poco m\u00e1s, ir hacia la \u201cconcentraci\u00f3n\u201d donde los nervios-ansiedad-adrenalina empiecen a recorrer el cuerpo, y el alma, moverse cada vez m\u00e1s, desear lo mejor a quienes conocemos, pedir ese alfiler de gancho que sostenga lo que se me rompi\u00f3 justo en ese momento, se extra\u00f1ar\u00e1 escuchar la cuenta regresiva, volver a chequear todo, encontrarse con la parte blanca del cors\u00f3dromo, se extra\u00f1ar\u00e1 salir a bailar, detener la mirada, y el coraz\u00f3n a full delante de la propia hinchada que nos devuelve el ox\u00edgeno que casi no ten\u00edamos, llegar a la parte gris, al final, no querer salir, se extra\u00f1ar\u00e1 salir y esperar al resto, abrazar a tu amiga\/o, explotar de emoci\u00f3n cuando llega la bater\u00eda y cantar saltando o haciendo \u201ctrencitos\u201d con la armon\u00eda.<\/p>\n\n\n\n<figure class=\"wp-block-image size-full is-resized\"><img loading=\"lazy\" decoding=\"async\" width=\"278\" height=\"327\" src=\"https:\/\/diariodelsurdigital.com.ar\/wp-content\/uploads\/2026\/02\/image-6.jpg\" alt=\"\" class=\"wp-image-7101\" style=\"aspect-ratio:0.8501863710216955;width:311px;height:auto\" srcset=\"https:\/\/diariodelsurdigital.com.ar\/wp-content\/uploads\/2026\/02\/image-6.jpg 278w, https:\/\/diariodelsurdigital.com.ar\/wp-content\/uploads\/2026\/02\/image-6-255x300.jpg 255w\" sizes=\"auto, (max-width: 278px) 100vw, 278px\" \/><\/figure>\n\n\n\n<figure class=\"wp-block-image size-full\"><img loading=\"lazy\" decoding=\"async\" width=\"321\" height=\"288\" src=\"https:\/\/diariodelsurdigital.com.ar\/wp-content\/uploads\/2026\/02\/image-10.jpg\" alt=\"\" class=\"wp-image-7106\" srcset=\"https:\/\/diariodelsurdigital.com.ar\/wp-content\/uploads\/2026\/02\/image-10.jpg 321w, https:\/\/diariodelsurdigital.com.ar\/wp-content\/uploads\/2026\/02\/image-10-300x269.jpg 300w\" sizes=\"auto, (max-width: 321px) 100vw, 321px\" \/><\/figure>\n\n\n\n<p>Como se van a extra\u00f1ar <strong><em>los carros<\/em><\/strong>, y ese folclore en los galpones, llegar temprano, de saber que est\u00e1 completa la \u201cplantilla\u201d de los que empujan, de revisar las ruedas, de chequear la direcci\u00f3n, de montar lo desmontable sea a mano o con gr\u00faas, de sacarlos y comenzar la \u201cperegrinaci\u00f3n\u201d, uno por uno, carros de competencia, los trip\u00e9s de destaques o comisiones de frente, se extra\u00f1ar\u00e1 llegar a la concentraci\u00f3n y ubicarlos donde correspondan, de resolver ah\u00ed mismo en tiempo record si hubo alguna anomal\u00eda, de ubicarlos muchas veces con ayuda de carroceros de otras comparsas (momento donde tambi\u00e9n se puede observar las realizaciones de otras comparsas), se extra\u00f1ar\u00e1n los chistes y chascarrillos sobre las realizaciones (nunca faltar el respeto), los pedidos y pr\u00e9stamos de alg\u00fan elemento o herramienta en caso de alguna aver\u00eda, se extra\u00f1a ba\u00f1arse tambi\u00e9n (porque a varios no les queda tiempo para ir y volver a sus casas), ni hablar al prender las luces y no falle el generador (o que tengan nafta), la subida de personas, la pasada en la \u201cmanga\u201d, bailando y hasta tirando pasos, se extra\u00f1ar\u00e1 culminar un desfile, volver a entrar los carros, sentarse y descansar, no solo el cuerpo, porque los carros son el \u00fanico rubro que ante alg\u00fan desperfecto o falla son de f\u00e1cil notoriedad, si hasta te pueden dejar fuera de competencia, y por supuesto, el final de cada noche, se extra\u00f1ar\u00e1 brindar, y volver a brindar.<\/p>\n\n\n\n<figure class=\"wp-block-image size-full\"><img loading=\"lazy\" decoding=\"async\" width=\"303\" height=\"171\" src=\"https:\/\/diariodelsurdigital.com.ar\/wp-content\/uploads\/2026\/02\/image-8.jpg\" alt=\"\" class=\"wp-image-7104\" srcset=\"https:\/\/diariodelsurdigital.com.ar\/wp-content\/uploads\/2026\/02\/image-8.jpg 303w, https:\/\/diariodelsurdigital.com.ar\/wp-content\/uploads\/2026\/02\/image-8-300x169.jpg 300w\" sizes=\"auto, (max-width: 303px) 100vw, 303px\" \/><\/figure>\n\n\n\n<figure class=\"wp-block-image size-full\"><img loading=\"lazy\" decoding=\"async\" width=\"305\" height=\"177\" src=\"https:\/\/diariodelsurdigital.com.ar\/wp-content\/uploads\/2026\/02\/image-4.jpg\" alt=\"\" class=\"wp-image-7100\" srcset=\"https:\/\/diariodelsurdigital.com.ar\/wp-content\/uploads\/2026\/02\/image-4.jpg 305w, https:\/\/diariodelsurdigital.com.ar\/wp-content\/uploads\/2026\/02\/image-4-300x174.jpg 300w\" sizes=\"auto, (max-width: 305px) 100vw, 305px\" \/><\/figure>\n\n\n\n<figure class=\"wp-block-image size-full\"><img loading=\"lazy\" decoding=\"async\" width=\"302\" height=\"178\" src=\"https:\/\/diariodelsurdigital.com.ar\/wp-content\/uploads\/2026\/02\/image-7.jpg\" alt=\"\" class=\"wp-image-7103\" srcset=\"https:\/\/diariodelsurdigital.com.ar\/wp-content\/uploads\/2026\/02\/image-7.jpg 302w, https:\/\/diariodelsurdigital.com.ar\/wp-content\/uploads\/2026\/02\/image-7-300x177.jpg 300w\" sizes=\"auto, (max-width: 302px) 100vw, 302px\" \/><\/figure>\n\n\n\n<p>Como se van a extra\u00f1ar las ansiedades de llegar y verse con los\/as dem\u00e1s <strong><em>ritmistas de la bater\u00eda,<\/em><\/strong> que no falte nadie, que est\u00e9 completa cada fila, cada hilera, se extra\u00f1ar\u00e1 ensayar en el aire antes de dormir, si se puede dormir, de ensayar hasta en los sue\u00f1os, repasar los cortes en la mesa y los platos donde comemos, tamborilear el colectivo, la moto, el auto, lo que nos lleve, se extra\u00f1ar\u00e1 llegar al lugar, saludar y abrazar a los amigos, la familia, o sea: uno\/a por uno\/a, toda la bater\u00eda, es lo mismo, primero a quienes llegan mas temprano porque preparan \u201clos cueros\u201d, afinan-ajustan los instrumentos, preguntar si falta algo, se extra\u00f1ar\u00e1 la ronda, seguir tamborileando todo, colocarse el vestuario, aunque a veces no nos guste, agarrar nuestro instrumento y chequearlo, al menos con algunos \u201ctoques\u201d, se extra\u00f1ar\u00e1 escuchar el primer sonido de silbato de los Mestres, escuchar a los Mestres-directores, comenzar la marcha hasta la \u201cconcentraci\u00f3n\u201d, y el primer batuque en la \u201cesquenta\u201d (precalentamiento), la se\u00f1as y ordenamiento con la \u201carmon\u00eda\u201d (banda), las palabras de aliento antes de salir, los abrazos, las complicidades, el silbatazo que da paso al conteo avisando la salida, y ese primer movimiento hacia la manga, que te eriza todo el cuerpo\u2026 y el show, se extra\u00f1ar\u00e1 ese mismo instante donde explotan las tribunas, el saludo final, las l\u00e1grimas de felicidad, la salida con toda la comparsa esperando.<\/p>\n\n\n\n<figure class=\"wp-block-image size-full\"><img loading=\"lazy\" decoding=\"async\" width=\"327\" height=\"323\" src=\"https:\/\/diariodelsurdigital.com.ar\/wp-content\/uploads\/2026\/02\/image-9.jpg\" alt=\"\" class=\"wp-image-7105\" srcset=\"https:\/\/diariodelsurdigital.com.ar\/wp-content\/uploads\/2026\/02\/image-9.jpg 327w, https:\/\/diariodelsurdigital.com.ar\/wp-content\/uploads\/2026\/02\/image-9-300x296.jpg 300w\" sizes=\"auto, (max-width: 327px) 100vw, 327px\" \/><\/figure>\n\n\n\n<p><strong><em>En el carnaval lo \u00fanico que deber\u00eda sobrar es la felicidad:<\/em><\/strong><\/p>\n\n\n\n<p>No quer\u00eda dejar de opinar sobre algunos acontecimientos, que por incre\u00edbles que sean, en 2026, fueron opiniones de \u201cciertos espectadores\u201d o \u201ccomentadores de redes sociales\u201d que nada tienen que ver con el esp\u00edritu carnavalero, no quer\u00eda mirar hacia un costado, no me lo permito, y rechazo todo tipo de injerencia o comentarios que solo intentan denigrar, discriminar, y generar cualquier tipo de violencia sobre quienes intentamos ser felices, y no son solo 6 noches, es todo el a\u00f1o, es toda una vida, en lugares que elegimos con personas que elegimos, como el carnaval, y hoy, hablar sobre los cuerpos, sobre las personas, sobre lo que es \u201cest\u00e9ticamente correcto\u201d, se naturaliza, sobre todo en nuestro pa\u00eds, en esta pseudo-cultura de la anti-cultura, por lo que pido desde este humilde lugar medi\u00e1tico, rechazar, repudiar, denunciar estos actos, para seguir defendiendo la felicidad, dejemos de aceptar cualquier intento de violencia, que no importe si es \u201cabogada\u201d, jugador de f\u00fatbol o hasta el mism\u00edsimo presidente (hablando de ser \u201cest\u00e9ticamente superiores\u201d, o atacando a las minor\u00edas), por lo que <em>m\u00e1s abajo subo fotos de<\/em>: Personas Felices, artistas, que admiro, que son referencias, y que son un horizonte a seguir. El carnaval nos da esta posibilidad de \u201cAmontonarnos\u201d (como dir\u00eda Carina Bradanini con su escuela de carnaval), de compartir, de vincularnos de verdad, de crear puentes art\u00edsticos-culturales, de ser quienes elegimos ser, de respetar y ser respetados.<\/p>\n\n\n\n<p>NOS VEMOS EN LA ULTIMA Y\u2026 SALUD CARNAVAL!!!<\/p>\n","protected":false},"excerpt":{"rendered":"<p>Por Tom\u00e1s Ferrer Dir\u00e1n que exagero, que todav\u00eda no termin\u00f3, que falta un desfile, la \u00faltima noche, y si, tienen raz\u00f3n, porque todav\u00eda quedan dos instancias: el \u00faltimo desfile en el cors\u00f3dromo y el resultado (de la competencia), pero antes que sucedan estas instancias, escribo en principio para los\/art\u00edfices, artistas, integrantes, colaboradores, y para curiosos. [&hellip;]<\/p>\n","protected":false},"author":2,"featured_media":7107,"comment_status":"open","ping_status":"open","sticky":false,"template":"","format":"standard","meta":{"footnotes":""},"categories":[19,16],"tags":[],"class_list":{"0":"post-7095","1":"post","2":"type-post","3":"status-publish","4":"format-standard","5":"has-post-thumbnail","7":"category-interes-general","8":"category-locales"},"yoast_head":"<!-- This site is optimized with the Yoast SEO plugin v27.4 - https:\/\/yoast.com\/product\/yoast-seo-wordpress\/ -->\n<title>La Pasi\u00f3n de Concordia: \u201cCOMO SE TE EXTRA\u00d1A CARNAVAL\u201d - Diario del Sur<\/title>\n<meta name=\"robots\" content=\"index, follow, max-snippet:-1, max-image-preview:large, max-video-preview:-1\" \/>\n<link rel=\"canonical\" href=\"https:\/\/diariodelsurdigital.com.ar\/?p=7095\" \/>\n<meta property=\"og:locale\" content=\"es_ES\" \/>\n<meta property=\"og:type\" content=\"article\" \/>\n<meta property=\"og:title\" content=\"La Pasi\u00f3n de Concordia: \u201cCOMO SE TE EXTRA\u00d1A CARNAVAL\u201d - Diario del Sur\" \/>\n<meta property=\"og:description\" content=\"Por Tom\u00e1s Ferrer Dir\u00e1n que exagero, que todav\u00eda no termin\u00f3, que falta un desfile, la \u00faltima noche, y si, tienen raz\u00f3n, porque todav\u00eda quedan dos instancias: el \u00faltimo desfile en el cors\u00f3dromo y el resultado (de la competencia), pero antes que sucedan estas instancias, escribo en principio para los\/art\u00edfices, artistas, integrantes, colaboradores, y para curiosos. [&hellip;]\" \/>\n<meta property=\"og:url\" content=\"https:\/\/diariodelsurdigital.com.ar\/?p=7095\" \/>\n<meta property=\"og:site_name\" content=\"Diario del Sur\" \/>\n<meta property=\"article:published_time\" content=\"2026-02-20T21:04:50+00:00\" \/>\n<meta property=\"article:modified_time\" content=\"2026-02-20T21:04:51+00:00\" \/>\n<meta property=\"og:image\" content=\"https:\/\/diariodelsurdigital.com.ar\/wp-content\/uploads\/2026\/02\/carnaval-2025-b-1024x550-1.jpg\" \/>\n\t<meta property=\"og:image:width\" content=\"512\" \/>\n\t<meta property=\"og:image:height\" content=\"275\" \/>\n\t<meta property=\"og:image:type\" content=\"image\/jpeg\" \/>\n<meta name=\"author\" content=\"Diario del Sur Digital\" \/>\n<meta name=\"twitter:card\" content=\"summary_large_image\" \/>\n<meta name=\"twitter:label1\" content=\"Escrito por\" \/>\n\t<meta name=\"twitter:data1\" content=\"Diario del Sur Digital\" \/>\n\t<meta name=\"twitter:label2\" content=\"Tiempo de lectura\" \/>\n\t<meta name=\"twitter:data2\" content=\"8 minutos\" \/>\n<script type=\"application\/ld+json\" class=\"yoast-schema-graph\">{\"@context\":\"https:\\\/\\\/schema.org\",\"@graph\":[{\"@type\":\"Article\",\"@id\":\"https:\\\/\\\/diariodelsurdigital.com.ar\\\/?p=7095#article\",\"isPartOf\":{\"@id\":\"https:\\\/\\\/diariodelsurdigital.com.ar\\\/?p=7095\"},\"author\":{\"name\":\"Diario del Sur Digital\",\"@id\":\"https:\\\/\\\/diariodelsurdigital.com.ar\\\/#\\\/schema\\\/person\\\/6136a32571657f7dba980b88b04c5465\"},\"headline\":\"La Pasi\u00f3n de Concordia: \u201cCOMO SE TE EXTRA\u00d1A CARNAVAL\u201d\",\"datePublished\":\"2026-02-20T21:04:50+00:00\",\"dateModified\":\"2026-02-20T21:04:51+00:00\",\"mainEntityOfPage\":{\"@id\":\"https:\\\/\\\/diariodelsurdigital.com.ar\\\/?p=7095\"},\"wordCount\":1287,\"commentCount\":0,\"image\":{\"@id\":\"https:\\\/\\\/diariodelsurdigital.com.ar\\\/?p=7095#primaryimage\"},\"thumbnailUrl\":\"https:\\\/\\\/diariodelsurdigital.com.ar\\\/wp-content\\\/uploads\\\/2026\\\/02\\\/carnaval-2025-b-1024x550-1.jpg\",\"articleSection\":[\"Inter\u00e9s General\",\"Locales\"],\"inLanguage\":\"es\",\"potentialAction\":[{\"@type\":\"CommentAction\",\"name\":\"Comment\",\"target\":[\"https:\\\/\\\/diariodelsurdigital.com.ar\\\/?p=7095#respond\"]}]},{\"@type\":\"WebPage\",\"@id\":\"https:\\\/\\\/diariodelsurdigital.com.ar\\\/?p=7095\",\"url\":\"https:\\\/\\\/diariodelsurdigital.com.ar\\\/?p=7095\",\"name\":\"La Pasi\u00f3n de Concordia: \u201cCOMO SE TE EXTRA\u00d1A CARNAVAL\u201d - Diario del Sur\",\"isPartOf\":{\"@id\":\"https:\\\/\\\/diariodelsurdigital.com.ar\\\/#website\"},\"primaryImageOfPage\":{\"@id\":\"https:\\\/\\\/diariodelsurdigital.com.ar\\\/?p=7095#primaryimage\"},\"image\":{\"@id\":\"https:\\\/\\\/diariodelsurdigital.com.ar\\\/?p=7095#primaryimage\"},\"thumbnailUrl\":\"https:\\\/\\\/diariodelsurdigital.com.ar\\\/wp-content\\\/uploads\\\/2026\\\/02\\\/carnaval-2025-b-1024x550-1.jpg\",\"datePublished\":\"2026-02-20T21:04:50+00:00\",\"dateModified\":\"2026-02-20T21:04:51+00:00\",\"author\":{\"@id\":\"https:\\\/\\\/diariodelsurdigital.com.ar\\\/#\\\/schema\\\/person\\\/6136a32571657f7dba980b88b04c5465\"},\"breadcrumb\":{\"@id\":\"https:\\\/\\\/diariodelsurdigital.com.ar\\\/?p=7095#breadcrumb\"},\"inLanguage\":\"es\",\"potentialAction\":[{\"@type\":\"ReadAction\",\"target\":[\"https:\\\/\\\/diariodelsurdigital.com.ar\\\/?p=7095\"]}]},{\"@type\":\"ImageObject\",\"inLanguage\":\"es\",\"@id\":\"https:\\\/\\\/diariodelsurdigital.com.ar\\\/?p=7095#primaryimage\",\"url\":\"https:\\\/\\\/diariodelsurdigital.com.ar\\\/wp-content\\\/uploads\\\/2026\\\/02\\\/carnaval-2025-b-1024x550-1.jpg\",\"contentUrl\":\"https:\\\/\\\/diariodelsurdigital.com.ar\\\/wp-content\\\/uploads\\\/2026\\\/02\\\/carnaval-2025-b-1024x550-1.jpg\",\"width\":512,\"height\":275},{\"@type\":\"BreadcrumbList\",\"@id\":\"https:\\\/\\\/diariodelsurdigital.com.ar\\\/?p=7095#breadcrumb\",\"itemListElement\":[{\"@type\":\"ListItem\",\"position\":1,\"name\":\"Portada\",\"item\":\"https:\\\/\\\/diariodelsurdigital.com.ar\\\/\"},{\"@type\":\"ListItem\",\"position\":2,\"name\":\"La Pasi\u00f3n de Concordia: \u201cCOMO SE TE EXTRA\u00d1A CARNAVAL\u201d\"}]},{\"@type\":\"WebSite\",\"@id\":\"https:\\\/\\\/diariodelsurdigital.com.ar\\\/#website\",\"url\":\"https:\\\/\\\/diariodelsurdigital.com.ar\\\/\",\"name\":\"Diario del Sur\",\"description\":\"Digital\",\"potentialAction\":[{\"@type\":\"SearchAction\",\"target\":{\"@type\":\"EntryPoint\",\"urlTemplate\":\"https:\\\/\\\/diariodelsurdigital.com.ar\\\/?s={search_term_string}\"},\"query-input\":{\"@type\":\"PropertyValueSpecification\",\"valueRequired\":true,\"valueName\":\"search_term_string\"}}],\"inLanguage\":\"es\"},{\"@type\":\"Person\",\"@id\":\"https:\\\/\\\/diariodelsurdigital.com.ar\\\/#\\\/schema\\\/person\\\/6136a32571657f7dba980b88b04c5465\",\"name\":\"Diario del Sur Digital\",\"image\":{\"@type\":\"ImageObject\",\"inLanguage\":\"es\",\"@id\":\"https:\\\/\\\/secure.gravatar.com\\\/avatar\\\/4c29ceac98541dd42460b2474aaa5dd37594d6ce6cb3cf2c101d09b48ee287ba?s=96&d=mm&r=g\",\"url\":\"https:\\\/\\\/secure.gravatar.com\\\/avatar\\\/4c29ceac98541dd42460b2474aaa5dd37594d6ce6cb3cf2c101d09b48ee287ba?s=96&d=mm&r=g\",\"contentUrl\":\"https:\\\/\\\/secure.gravatar.com\\\/avatar\\\/4c29ceac98541dd42460b2474aaa5dd37594d6ce6cb3cf2c101d09b48ee287ba?s=96&d=mm&r=g\",\"caption\":\"Diario del Sur Digital\"},\"url\":\"https:\\\/\\\/diariodelsurdigital.com.ar\\\/?author=2\"}]}<\/script>\n<!-- \/ Yoast SEO plugin. -->","yoast_head_json":{"title":"La Pasi\u00f3n de Concordia: \u201cCOMO SE TE EXTRA\u00d1A CARNAVAL\u201d - Diario del Sur","robots":{"index":"index","follow":"follow","max-snippet":"max-snippet:-1","max-image-preview":"max-image-preview:large","max-video-preview":"max-video-preview:-1"},"canonical":"https:\/\/diariodelsurdigital.com.ar\/?p=7095","og_locale":"es_ES","og_type":"article","og_title":"La Pasi\u00f3n de Concordia: \u201cCOMO SE TE EXTRA\u00d1A CARNAVAL\u201d - Diario del Sur","og_description":"Por Tom\u00e1s Ferrer Dir\u00e1n que exagero, que todav\u00eda no termin\u00f3, que falta un desfile, la \u00faltima noche, y si, tienen raz\u00f3n, porque todav\u00eda quedan dos instancias: el \u00faltimo desfile en el cors\u00f3dromo y el resultado (de la competencia), pero antes que sucedan estas instancias, escribo en principio para los\/art\u00edfices, artistas, integrantes, colaboradores, y para curiosos. [&hellip;]","og_url":"https:\/\/diariodelsurdigital.com.ar\/?p=7095","og_site_name":"Diario del Sur","article_published_time":"2026-02-20T21:04:50+00:00","article_modified_time":"2026-02-20T21:04:51+00:00","og_image":[{"width":512,"height":275,"url":"https:\/\/diariodelsurdigital.com.ar\/wp-content\/uploads\/2026\/02\/carnaval-2025-b-1024x550-1.jpg","type":"image\/jpeg"}],"author":"Diario del Sur Digital","twitter_card":"summary_large_image","twitter_misc":{"Escrito por":"Diario del Sur Digital","Tiempo de lectura":"8 minutos"},"schema":{"@context":"https:\/\/schema.org","@graph":[{"@type":"Article","@id":"https:\/\/diariodelsurdigital.com.ar\/?p=7095#article","isPartOf":{"@id":"https:\/\/diariodelsurdigital.com.ar\/?p=7095"},"author":{"name":"Diario del Sur Digital","@id":"https:\/\/diariodelsurdigital.com.ar\/#\/schema\/person\/6136a32571657f7dba980b88b04c5465"},"headline":"La Pasi\u00f3n de Concordia: \u201cCOMO SE TE EXTRA\u00d1A CARNAVAL\u201d","datePublished":"2026-02-20T21:04:50+00:00","dateModified":"2026-02-20T21:04:51+00:00","mainEntityOfPage":{"@id":"https:\/\/diariodelsurdigital.com.ar\/?p=7095"},"wordCount":1287,"commentCount":0,"image":{"@id":"https:\/\/diariodelsurdigital.com.ar\/?p=7095#primaryimage"},"thumbnailUrl":"https:\/\/diariodelsurdigital.com.ar\/wp-content\/uploads\/2026\/02\/carnaval-2025-b-1024x550-1.jpg","articleSection":["Inter\u00e9s General","Locales"],"inLanguage":"es","potentialAction":[{"@type":"CommentAction","name":"Comment","target":["https:\/\/diariodelsurdigital.com.ar\/?p=7095#respond"]}]},{"@type":"WebPage","@id":"https:\/\/diariodelsurdigital.com.ar\/?p=7095","url":"https:\/\/diariodelsurdigital.com.ar\/?p=7095","name":"La Pasi\u00f3n de Concordia: \u201cCOMO SE TE EXTRA\u00d1A CARNAVAL\u201d - Diario del Sur","isPartOf":{"@id":"https:\/\/diariodelsurdigital.com.ar\/#website"},"primaryImageOfPage":{"@id":"https:\/\/diariodelsurdigital.com.ar\/?p=7095#primaryimage"},"image":{"@id":"https:\/\/diariodelsurdigital.com.ar\/?p=7095#primaryimage"},"thumbnailUrl":"https:\/\/diariodelsurdigital.com.ar\/wp-content\/uploads\/2026\/02\/carnaval-2025-b-1024x550-1.jpg","datePublished":"2026-02-20T21:04:50+00:00","dateModified":"2026-02-20T21:04:51+00:00","author":{"@id":"https:\/\/diariodelsurdigital.com.ar\/#\/schema\/person\/6136a32571657f7dba980b88b04c5465"},"breadcrumb":{"@id":"https:\/\/diariodelsurdigital.com.ar\/?p=7095#breadcrumb"},"inLanguage":"es","potentialAction":[{"@type":"ReadAction","target":["https:\/\/diariodelsurdigital.com.ar\/?p=7095"]}]},{"@type":"ImageObject","inLanguage":"es","@id":"https:\/\/diariodelsurdigital.com.ar\/?p=7095#primaryimage","url":"https:\/\/diariodelsurdigital.com.ar\/wp-content\/uploads\/2026\/02\/carnaval-2025-b-1024x550-1.jpg","contentUrl":"https:\/\/diariodelsurdigital.com.ar\/wp-content\/uploads\/2026\/02\/carnaval-2025-b-1024x550-1.jpg","width":512,"height":275},{"@type":"BreadcrumbList","@id":"https:\/\/diariodelsurdigital.com.ar\/?p=7095#breadcrumb","itemListElement":[{"@type":"ListItem","position":1,"name":"Portada","item":"https:\/\/diariodelsurdigital.com.ar\/"},{"@type":"ListItem","position":2,"name":"La Pasi\u00f3n de Concordia: \u201cCOMO SE TE EXTRA\u00d1A CARNAVAL\u201d"}]},{"@type":"WebSite","@id":"https:\/\/diariodelsurdigital.com.ar\/#website","url":"https:\/\/diariodelsurdigital.com.ar\/","name":"Diario del Sur","description":"Digital","potentialAction":[{"@type":"SearchAction","target":{"@type":"EntryPoint","urlTemplate":"https:\/\/diariodelsurdigital.com.ar\/?s={search_term_string}"},"query-input":{"@type":"PropertyValueSpecification","valueRequired":true,"valueName":"search_term_string"}}],"inLanguage":"es"},{"@type":"Person","@id":"https:\/\/diariodelsurdigital.com.ar\/#\/schema\/person\/6136a32571657f7dba980b88b04c5465","name":"Diario del Sur Digital","image":{"@type":"ImageObject","inLanguage":"es","@id":"https:\/\/secure.gravatar.com\/avatar\/4c29ceac98541dd42460b2474aaa5dd37594d6ce6cb3cf2c101d09b48ee287ba?s=96&d=mm&r=g","url":"https:\/\/secure.gravatar.com\/avatar\/4c29ceac98541dd42460b2474aaa5dd37594d6ce6cb3cf2c101d09b48ee287ba?s=96&d=mm&r=g","contentUrl":"https:\/\/secure.gravatar.com\/avatar\/4c29ceac98541dd42460b2474aaa5dd37594d6ce6cb3cf2c101d09b48ee287ba?s=96&d=mm&r=g","caption":"Diario del Sur Digital"},"url":"https:\/\/diariodelsurdigital.com.ar\/?author=2"}]}},"_links":{"self":[{"href":"https:\/\/diariodelsurdigital.com.ar\/index.php?rest_route=\/wp\/v2\/posts\/7095","targetHints":{"allow":["GET"]}}],"collection":[{"href":"https:\/\/diariodelsurdigital.com.ar\/index.php?rest_route=\/wp\/v2\/posts"}],"about":[{"href":"https:\/\/diariodelsurdigital.com.ar\/index.php?rest_route=\/wp\/v2\/types\/post"}],"author":[{"embeddable":true,"href":"https:\/\/diariodelsurdigital.com.ar\/index.php?rest_route=\/wp\/v2\/users\/2"}],"replies":[{"embeddable":true,"href":"https:\/\/diariodelsurdigital.com.ar\/index.php?rest_route=%2Fwp%2Fv2%2Fcomments&post=7095"}],"version-history":[{"count":1,"href":"https:\/\/diariodelsurdigital.com.ar\/index.php?rest_route=\/wp\/v2\/posts\/7095\/revisions"}],"predecessor-version":[{"id":7108,"href":"https:\/\/diariodelsurdigital.com.ar\/index.php?rest_route=\/wp\/v2\/posts\/7095\/revisions\/7108"}],"wp:featuredmedia":[{"embeddable":true,"href":"https:\/\/diariodelsurdigital.com.ar\/index.php?rest_route=\/wp\/v2\/media\/7107"}],"wp:attachment":[{"href":"https:\/\/diariodelsurdigital.com.ar\/index.php?rest_route=%2Fwp%2Fv2%2Fmedia&parent=7095"}],"wp:term":[{"taxonomy":"category","embeddable":true,"href":"https:\/\/diariodelsurdigital.com.ar\/index.php?rest_route=%2Fwp%2Fv2%2Fcategories&post=7095"},{"taxonomy":"post_tag","embeddable":true,"href":"https:\/\/diariodelsurdigital.com.ar\/index.php?rest_route=%2Fwp%2Fv2%2Ftags&post=7095"}],"curies":[{"name":"wp","href":"https:\/\/api.w.org\/{rel}","templated":true}]}}