{"id":7109,"date":"2026-02-21T15:38:17","date_gmt":"2026-02-21T18:38:17","guid":{"rendered":"https:\/\/diariodelsurdigital.com.ar\/?p=7109"},"modified":"2026-02-21T15:38:18","modified_gmt":"2026-02-21T18:38:18","slug":"cuento-chino-egger-y-municipio-hablaron-de-dialogo-pero-vecinos-salieron-a-aclarar-que-no-participaron","status":"publish","type":"post","link":"https:\/\/diariodelsurdigital.com.ar\/?p=7109","title":{"rendered":"CUENTO CHINO: EGGER y Municipio hablaron de di\u00e1logo, pero vecinos salieron a aclarar que no participaron"},"content":{"rendered":"\n<h1 class=\"wp-block-heading\"><\/h1>\n\n\n\n<p>La Municipalidad de Concordia inform\u00f3 este jueves que se realiz\u00f3 una reuni\u00f3n encabezada por el intendente&nbsp;Francisco Azcu\u00e9&nbsp;entre funcionarios municipales, representantes de la empresa&nbsp;Egger&nbsp;y vecinos de barrios aleda\u00f1os a la planta industrial.<\/p>\n\n\n\n<p>Seg\u00fan la gacetilla oficial a la que accedi\u00f3&nbsp;<em>Diario El Enfoque<\/em>, durante el encuentro la firma present\u00f3 estudios recientes de calidad de aire y an\u00e1lisis de toxicidad realizados por laboratorios \u201creconocidos a nivel nacional\u201d. De acuerdo a lo expuesto en la reuni\u00f3n, los resultados indicar\u00edan que los valores se encuentran dentro de los par\u00e1metros legales y que no constituyen contaminaci\u00f3n ni representan riesgo para la salud.<\/p>\n\n\n\n<p>Asimismo, la empresa se comprometi\u00f3 a continuar realizando estudios durante los pr\u00f3ximos seis meses y a implementar nuevas medidas para mitigar y reducir emisiones, dentro de los est\u00e1ndares establecidos por la normativa vigente.<\/p>\n\n\n\n<p>Desde el Municipio tambi\u00e9n se inform\u00f3 que el pasado s\u00e1bado se dio respuesta formal a la nota presentada por vecinos en diciembre de 2025 (expediente 1361773), cumpliendo (seg\u00fan se indic\u00f3) con los plazos legales. La documentaci\u00f3n presentada por la empresa ser\u00e1 incorporada a ese expediente y quedar\u00e1 a disposici\u00f3n de quienes la requieran.<\/p>\n\n\n\n<p>Al cierre del encuentro, las partes presentes acordaron avanzar en un Acta Compromiso que establezca responsabilidades y mantener abierto un canal de di\u00e1logo mediante una mesa de trabajo.<\/p>\n\n\n\n<h3 class=\"wp-block-heading\">La aclaraci\u00f3n de los vecinos autoconvocados<\/h3>\n\n\n\n<p>Sin embargo, tras la difusi\u00f3n oficial del encuentro, el grupo de Vecinos Autoconvocados emiti\u00f3 un comunicado en el que aclar\u00f3 que no particip\u00f3 de la reuni\u00f3n mencionada como \u201ctripartita\u201d.<\/p>\n\n\n\n<p>En el texto se\u00f1alaron que previamente hab\u00edan decidido no asistir debido a que seg\u00fan sostienen) no se les entreg\u00f3 la informaci\u00f3n t\u00e9cnica solicitada mediante un pedido formal de acceso a la informaci\u00f3n p\u00fablica. Indicaron que el plazo para la respuesta venci\u00f3 sin que recibieran los estudios completos, datos hist\u00f3ricos y an\u00e1lisis ambientales requeridos.<\/p>\n\n\n\n<p>\u201cConsideramos que no es posible sostener un di\u00e1logo serio y responsable sin contar previamente con la documentaci\u00f3n t\u00e9cnica necesaria para su an\u00e1lisis\u201d, expresaron.<\/p>\n\n\n\n<p>En consecuencia, afirmaron que no puede calificarse como \u201ctripartita\u201d una reuni\u00f3n en la que el grupo no estuvo presente. No obstante, reafirmaron su disposici\u00f3n al di\u00e1logo institucional, siempre que est\u00e9 basado en informaci\u00f3n completa, verificable y accesible conforme a la normativa vigente.<\/p>\n\n\n\n<p>De esta manera, mientras el Municipio y la empresa avanzan en una instancia formal de trabajo conjunto, el grupo de vecinos mantiene su reclamo centrado en el acceso previo a la documentaci\u00f3n t\u00e9cnica.<\/p>\n","protected":false},"excerpt":{"rendered":"<p>La Municipalidad de Concordia inform\u00f3 este jueves que se realiz\u00f3 una reuni\u00f3n encabezada por el intendente&nbsp;Francisco Azcu\u00e9&nbsp;entre funcionarios municipales, representantes de la empresa&nbsp;Egger&nbsp;y vecinos de barrios aleda\u00f1os a la planta industrial. Seg\u00fan la gacetilla oficial a la que accedi\u00f3&nbsp;Diario El Enfoque, durante el encuentro la firma present\u00f3 estudios recientes de calidad de aire y an\u00e1lisis [&hellip;]<\/p>\n","protected":false},"author":2,"featured_media":7110,"comment_status":"open","ping_status":"open","sticky":false,"template":"","format":"standard","meta":{"footnotes":""},"categories":[19,16],"tags":[],"class_list":{"0":"post-7109","1":"post","2":"type-post","3":"status-publish","4":"format-standard","5":"has-post-thumbnail","7":"category-interes-general","8":"category-locales"},"yoast_head":"<!-- This site is optimized with the Yoast SEO plugin v27.4 - https:\/\/yoast.com\/product\/yoast-seo-wordpress\/ -->\n<title>CUENTO CHINO: EGGER y Municipio hablaron de di\u00e1logo, pero vecinos salieron a aclarar que no participaron - Diario del Sur<\/title>\n<meta name=\"robots\" content=\"index, follow, max-snippet:-1, max-image-preview:large, max-video-preview:-1\" \/>\n<link rel=\"canonical\" href=\"https:\/\/diariodelsurdigital.com.ar\/?p=7109\" \/>\n<meta property=\"og:locale\" content=\"es_ES\" \/>\n<meta property=\"og:type\" content=\"article\" \/>\n<meta property=\"og:title\" content=\"CUENTO CHINO: EGGER y Municipio hablaron de di\u00e1logo, pero vecinos salieron a aclarar que no participaron - Diario del Sur\" \/>\n<meta property=\"og:description\" content=\"La Municipalidad de Concordia inform\u00f3 este jueves que se realiz\u00f3 una reuni\u00f3n encabezada por el intendente&nbsp;Francisco Azcu\u00e9&nbsp;entre funcionarios municipales, representantes de la empresa&nbsp;Egger&nbsp;y vecinos de barrios aleda\u00f1os a la planta industrial. Seg\u00fan la gacetilla oficial a la que accedi\u00f3&nbsp;Diario El Enfoque, durante el encuentro la firma present\u00f3 estudios recientes de calidad de aire y an\u00e1lisis [&hellip;]\" \/>\n<meta property=\"og:url\" content=\"https:\/\/diariodelsurdigital.com.ar\/?p=7109\" \/>\n<meta property=\"og:site_name\" content=\"Diario del Sur\" \/>\n<meta property=\"article:published_time\" content=\"2026-02-21T18:38:17+00:00\" \/>\n<meta property=\"article:modified_time\" content=\"2026-02-21T18:38:18+00:00\" \/>\n<meta property=\"og:image\" content=\"https:\/\/diariodelsurdigital.com.ar\/wp-content\/uploads\/2026\/02\/multimedia.normal.a46318839d931fe0.bm9ybWFsLndlYnA.png\" \/>\n\t<meta property=\"og:image:width\" content=\"505\" \/>\n\t<meta property=\"og:image:height\" content=\"280\" \/>\n\t<meta property=\"og:image:type\" content=\"image\/png\" \/>\n<meta name=\"author\" content=\"Diario del Sur Digital\" \/>\n<meta name=\"twitter:card\" content=\"summary_large_image\" \/>\n<meta name=\"twitter:label1\" content=\"Escrito por\" \/>\n\t<meta name=\"twitter:data1\" content=\"Diario del Sur Digital\" \/>\n\t<meta name=\"twitter:label2\" content=\"Tiempo de lectura\" \/>\n\t<meta name=\"twitter:data2\" content=\"3 minutos\" \/>\n<script type=\"application\/ld+json\" class=\"yoast-schema-graph\">{\"@context\":\"https:\\\/\\\/schema.org\",\"@graph\":[{\"@type\":\"Article\",\"@id\":\"https:\\\/\\\/diariodelsurdigital.com.ar\\\/?p=7109#article\",\"isPartOf\":{\"@id\":\"https:\\\/\\\/diariodelsurdigital.com.ar\\\/?p=7109\"},\"author\":{\"name\":\"Diario del Sur Digital\",\"@id\":\"https:\\\/\\\/diariodelsurdigital.com.ar\\\/#\\\/schema\\\/person\\\/6136a32571657f7dba980b88b04c5465\"},\"headline\":\"CUENTO CHINO: EGGER y Municipio hablaron de di\u00e1logo, pero vecinos salieron a aclarar que no participaron\",\"datePublished\":\"2026-02-21T18:38:17+00:00\",\"dateModified\":\"2026-02-21T18:38:18+00:00\",\"mainEntityOfPage\":{\"@id\":\"https:\\\/\\\/diariodelsurdigital.com.ar\\\/?p=7109\"},\"wordCount\":459,\"commentCount\":0,\"image\":{\"@id\":\"https:\\\/\\\/diariodelsurdigital.com.ar\\\/?p=7109#primaryimage\"},\"thumbnailUrl\":\"https:\\\/\\\/diariodelsurdigital.com.ar\\\/wp-content\\\/uploads\\\/2026\\\/02\\\/multimedia.normal.a46318839d931fe0.bm9ybWFsLndlYnA.png\",\"articleSection\":[\"Inter\u00e9s General\",\"Locales\"],\"inLanguage\":\"es\",\"potentialAction\":[{\"@type\":\"CommentAction\",\"name\":\"Comment\",\"target\":[\"https:\\\/\\\/diariodelsurdigital.com.ar\\\/?p=7109#respond\"]}]},{\"@type\":\"WebPage\",\"@id\":\"https:\\\/\\\/diariodelsurdigital.com.ar\\\/?p=7109\",\"url\":\"https:\\\/\\\/diariodelsurdigital.com.ar\\\/?p=7109\",\"name\":\"CUENTO CHINO: EGGER y Municipio hablaron de di\u00e1logo, pero vecinos salieron a aclarar que no participaron - Diario del Sur\",\"isPartOf\":{\"@id\":\"https:\\\/\\\/diariodelsurdigital.com.ar\\\/#website\"},\"primaryImageOfPage\":{\"@id\":\"https:\\\/\\\/diariodelsurdigital.com.ar\\\/?p=7109#primaryimage\"},\"image\":{\"@id\":\"https:\\\/\\\/diariodelsurdigital.com.ar\\\/?p=7109#primaryimage\"},\"thumbnailUrl\":\"https:\\\/\\\/diariodelsurdigital.com.ar\\\/wp-content\\\/uploads\\\/2026\\\/02\\\/multimedia.normal.a46318839d931fe0.bm9ybWFsLndlYnA.png\",\"datePublished\":\"2026-02-21T18:38:17+00:00\",\"dateModified\":\"2026-02-21T18:38:18+00:00\",\"author\":{\"@id\":\"https:\\\/\\\/diariodelsurdigital.com.ar\\\/#\\\/schema\\\/person\\\/6136a32571657f7dba980b88b04c5465\"},\"breadcrumb\":{\"@id\":\"https:\\\/\\\/diariodelsurdigital.com.ar\\\/?p=7109#breadcrumb\"},\"inLanguage\":\"es\",\"potentialAction\":[{\"@type\":\"ReadAction\",\"target\":[\"https:\\\/\\\/diariodelsurdigital.com.ar\\\/?p=7109\"]}]},{\"@type\":\"ImageObject\",\"inLanguage\":\"es\",\"@id\":\"https:\\\/\\\/diariodelsurdigital.com.ar\\\/?p=7109#primaryimage\",\"url\":\"https:\\\/\\\/diariodelsurdigital.com.ar\\\/wp-content\\\/uploads\\\/2026\\\/02\\\/multimedia.normal.a46318839d931fe0.bm9ybWFsLndlYnA.png\",\"contentUrl\":\"https:\\\/\\\/diariodelsurdigital.com.ar\\\/wp-content\\\/uploads\\\/2026\\\/02\\\/multimedia.normal.a46318839d931fe0.bm9ybWFsLndlYnA.png\",\"width\":505,\"height\":280},{\"@type\":\"BreadcrumbList\",\"@id\":\"https:\\\/\\\/diariodelsurdigital.com.ar\\\/?p=7109#breadcrumb\",\"itemListElement\":[{\"@type\":\"ListItem\",\"position\":1,\"name\":\"Portada\",\"item\":\"https:\\\/\\\/diariodelsurdigital.com.ar\\\/\"},{\"@type\":\"ListItem\",\"position\":2,\"name\":\"CUENTO CHINO: EGGER y Municipio hablaron de di\u00e1logo, pero vecinos salieron a aclarar que no participaron\"}]},{\"@type\":\"WebSite\",\"@id\":\"https:\\\/\\\/diariodelsurdigital.com.ar\\\/#website\",\"url\":\"https:\\\/\\\/diariodelsurdigital.com.ar\\\/\",\"name\":\"Diario del Sur\",\"description\":\"Digital\",\"potentialAction\":[{\"@type\":\"SearchAction\",\"target\":{\"@type\":\"EntryPoint\",\"urlTemplate\":\"https:\\\/\\\/diariodelsurdigital.com.ar\\\/?s={search_term_string}\"},\"query-input\":{\"@type\":\"PropertyValueSpecification\",\"valueRequired\":true,\"valueName\":\"search_term_string\"}}],\"inLanguage\":\"es\"},{\"@type\":\"Person\",\"@id\":\"https:\\\/\\\/diariodelsurdigital.com.ar\\\/#\\\/schema\\\/person\\\/6136a32571657f7dba980b88b04c5465\",\"name\":\"Diario del Sur Digital\",\"image\":{\"@type\":\"ImageObject\",\"inLanguage\":\"es\",\"@id\":\"https:\\\/\\\/secure.gravatar.com\\\/avatar\\\/4c29ceac98541dd42460b2474aaa5dd37594d6ce6cb3cf2c101d09b48ee287ba?s=96&d=mm&r=g\",\"url\":\"https:\\\/\\\/secure.gravatar.com\\\/avatar\\\/4c29ceac98541dd42460b2474aaa5dd37594d6ce6cb3cf2c101d09b48ee287ba?s=96&d=mm&r=g\",\"contentUrl\":\"https:\\\/\\\/secure.gravatar.com\\\/avatar\\\/4c29ceac98541dd42460b2474aaa5dd37594d6ce6cb3cf2c101d09b48ee287ba?s=96&d=mm&r=g\",\"caption\":\"Diario del Sur Digital\"},\"url\":\"https:\\\/\\\/diariodelsurdigital.com.ar\\\/?author=2\"}]}<\/script>\n<!-- \/ Yoast SEO plugin. -->","yoast_head_json":{"title":"CUENTO CHINO: EGGER y Municipio hablaron de di\u00e1logo, pero vecinos salieron a aclarar que no participaron - Diario del Sur","robots":{"index":"index","follow":"follow","max-snippet":"max-snippet:-1","max-image-preview":"max-image-preview:large","max-video-preview":"max-video-preview:-1"},"canonical":"https:\/\/diariodelsurdigital.com.ar\/?p=7109","og_locale":"es_ES","og_type":"article","og_title":"CUENTO CHINO: EGGER y Municipio hablaron de di\u00e1logo, pero vecinos salieron a aclarar que no participaron - Diario del Sur","og_description":"La Municipalidad de Concordia inform\u00f3 este jueves que se realiz\u00f3 una reuni\u00f3n encabezada por el intendente&nbsp;Francisco Azcu\u00e9&nbsp;entre funcionarios municipales, representantes de la empresa&nbsp;Egger&nbsp;y vecinos de barrios aleda\u00f1os a la planta industrial. Seg\u00fan la gacetilla oficial a la que accedi\u00f3&nbsp;Diario El Enfoque, durante el encuentro la firma present\u00f3 estudios recientes de calidad de aire y an\u00e1lisis [&hellip;]","og_url":"https:\/\/diariodelsurdigital.com.ar\/?p=7109","og_site_name":"Diario del Sur","article_published_time":"2026-02-21T18:38:17+00:00","article_modified_time":"2026-02-21T18:38:18+00:00","og_image":[{"width":505,"height":280,"url":"https:\/\/diariodelsurdigital.com.ar\/wp-content\/uploads\/2026\/02\/multimedia.normal.a46318839d931fe0.bm9ybWFsLndlYnA.png","type":"image\/png"}],"author":"Diario del Sur Digital","twitter_card":"summary_large_image","twitter_misc":{"Escrito por":"Diario del Sur Digital","Tiempo de lectura":"3 minutos"},"schema":{"@context":"https:\/\/schema.org","@graph":[{"@type":"Article","@id":"https:\/\/diariodelsurdigital.com.ar\/?p=7109#article","isPartOf":{"@id":"https:\/\/diariodelsurdigital.com.ar\/?p=7109"},"author":{"name":"Diario del Sur Digital","@id":"https:\/\/diariodelsurdigital.com.ar\/#\/schema\/person\/6136a32571657f7dba980b88b04c5465"},"headline":"CUENTO CHINO: EGGER y Municipio hablaron de di\u00e1logo, pero vecinos salieron a aclarar que no participaron","datePublished":"2026-02-21T18:38:17+00:00","dateModified":"2026-02-21T18:38:18+00:00","mainEntityOfPage":{"@id":"https:\/\/diariodelsurdigital.com.ar\/?p=7109"},"wordCount":459,"commentCount":0,"image":{"@id":"https:\/\/diariodelsurdigital.com.ar\/?p=7109#primaryimage"},"thumbnailUrl":"https:\/\/diariodelsurdigital.com.ar\/wp-content\/uploads\/2026\/02\/multimedia.normal.a46318839d931fe0.bm9ybWFsLndlYnA.png","articleSection":["Inter\u00e9s General","Locales"],"inLanguage":"es","potentialAction":[{"@type":"CommentAction","name":"Comment","target":["https:\/\/diariodelsurdigital.com.ar\/?p=7109#respond"]}]},{"@type":"WebPage","@id":"https:\/\/diariodelsurdigital.com.ar\/?p=7109","url":"https:\/\/diariodelsurdigital.com.ar\/?p=7109","name":"CUENTO CHINO: EGGER y Municipio hablaron de di\u00e1logo, pero vecinos salieron a aclarar que no participaron - Diario del Sur","isPartOf":{"@id":"https:\/\/diariodelsurdigital.com.ar\/#website"},"primaryImageOfPage":{"@id":"https:\/\/diariodelsurdigital.com.ar\/?p=7109#primaryimage"},"image":{"@id":"https:\/\/diariodelsurdigital.com.ar\/?p=7109#primaryimage"},"thumbnailUrl":"https:\/\/diariodelsurdigital.com.ar\/wp-content\/uploads\/2026\/02\/multimedia.normal.a46318839d931fe0.bm9ybWFsLndlYnA.png","datePublished":"2026-02-21T18:38:17+00:00","dateModified":"2026-02-21T18:38:18+00:00","author":{"@id":"https:\/\/diariodelsurdigital.com.ar\/#\/schema\/person\/6136a32571657f7dba980b88b04c5465"},"breadcrumb":{"@id":"https:\/\/diariodelsurdigital.com.ar\/?p=7109#breadcrumb"},"inLanguage":"es","potentialAction":[{"@type":"ReadAction","target":["https:\/\/diariodelsurdigital.com.ar\/?p=7109"]}]},{"@type":"ImageObject","inLanguage":"es","@id":"https:\/\/diariodelsurdigital.com.ar\/?p=7109#primaryimage","url":"https:\/\/diariodelsurdigital.com.ar\/wp-content\/uploads\/2026\/02\/multimedia.normal.a46318839d931fe0.bm9ybWFsLndlYnA.png","contentUrl":"https:\/\/diariodelsurdigital.com.ar\/wp-content\/uploads\/2026\/02\/multimedia.normal.a46318839d931fe0.bm9ybWFsLndlYnA.png","width":505,"height":280},{"@type":"BreadcrumbList","@id":"https:\/\/diariodelsurdigital.com.ar\/?p=7109#breadcrumb","itemListElement":[{"@type":"ListItem","position":1,"name":"Portada","item":"https:\/\/diariodelsurdigital.com.ar\/"},{"@type":"ListItem","position":2,"name":"CUENTO CHINO: EGGER y Municipio hablaron de di\u00e1logo, pero vecinos salieron a aclarar que no participaron"}]},{"@type":"WebSite","@id":"https:\/\/diariodelsurdigital.com.ar\/#website","url":"https:\/\/diariodelsurdigital.com.ar\/","name":"Diario del Sur","description":"Digital","potentialAction":[{"@type":"SearchAction","target":{"@type":"EntryPoint","urlTemplate":"https:\/\/diariodelsurdigital.com.ar\/?s={search_term_string}"},"query-input":{"@type":"PropertyValueSpecification","valueRequired":true,"valueName":"search_term_string"}}],"inLanguage":"es"},{"@type":"Person","@id":"https:\/\/diariodelsurdigital.com.ar\/#\/schema\/person\/6136a32571657f7dba980b88b04c5465","name":"Diario del Sur Digital","image":{"@type":"ImageObject","inLanguage":"es","@id":"https:\/\/secure.gravatar.com\/avatar\/4c29ceac98541dd42460b2474aaa5dd37594d6ce6cb3cf2c101d09b48ee287ba?s=96&d=mm&r=g","url":"https:\/\/secure.gravatar.com\/avatar\/4c29ceac98541dd42460b2474aaa5dd37594d6ce6cb3cf2c101d09b48ee287ba?s=96&d=mm&r=g","contentUrl":"https:\/\/secure.gravatar.com\/avatar\/4c29ceac98541dd42460b2474aaa5dd37594d6ce6cb3cf2c101d09b48ee287ba?s=96&d=mm&r=g","caption":"Diario del Sur Digital"},"url":"https:\/\/diariodelsurdigital.com.ar\/?author=2"}]}},"_links":{"self":[{"href":"https:\/\/diariodelsurdigital.com.ar\/index.php?rest_route=\/wp\/v2\/posts\/7109","targetHints":{"allow":["GET"]}}],"collection":[{"href":"https:\/\/diariodelsurdigital.com.ar\/index.php?rest_route=\/wp\/v2\/posts"}],"about":[{"href":"https:\/\/diariodelsurdigital.com.ar\/index.php?rest_route=\/wp\/v2\/types\/post"}],"author":[{"embeddable":true,"href":"https:\/\/diariodelsurdigital.com.ar\/index.php?rest_route=\/wp\/v2\/users\/2"}],"replies":[{"embeddable":true,"href":"https:\/\/diariodelsurdigital.com.ar\/index.php?rest_route=%2Fwp%2Fv2%2Fcomments&post=7109"}],"version-history":[{"count":1,"href":"https:\/\/diariodelsurdigital.com.ar\/index.php?rest_route=\/wp\/v2\/posts\/7109\/revisions"}],"predecessor-version":[{"id":7111,"href":"https:\/\/diariodelsurdigital.com.ar\/index.php?rest_route=\/wp\/v2\/posts\/7109\/revisions\/7111"}],"wp:featuredmedia":[{"embeddable":true,"href":"https:\/\/diariodelsurdigital.com.ar\/index.php?rest_route=\/wp\/v2\/media\/7110"}],"wp:attachment":[{"href":"https:\/\/diariodelsurdigital.com.ar\/index.php?rest_route=%2Fwp%2Fv2%2Fmedia&parent=7109"}],"wp:term":[{"taxonomy":"category","embeddable":true,"href":"https:\/\/diariodelsurdigital.com.ar\/index.php?rest_route=%2Fwp%2Fv2%2Fcategories&post=7109"},{"taxonomy":"post_tag","embeddable":true,"href":"https:\/\/diariodelsurdigital.com.ar\/index.php?rest_route=%2Fwp%2Fv2%2Ftags&post=7109"}],"curies":[{"name":"wp","href":"https:\/\/api.w.org\/{rel}","templated":true}]}}