{"id":7112,"date":"2026-02-21T22:51:48","date_gmt":"2026-02-22T01:51:48","guid":{"rendered":"https:\/\/diariodelsurdigital.com.ar\/?p=7112"},"modified":"2026-02-21T22:51:48","modified_gmt":"2026-02-22T01:51:48","slug":"un-preso-declaro-un-presunto-plan-para-asesinar-a-un-juez-un-fiscal-y-un-ministro-de-entre-rios","status":"publish","type":"post","link":"https:\/\/diariodelsurdigital.com.ar\/?p=7112","title":{"rendered":"Un preso declar\u00f3 un presunto plan para asesinar a un juez, un fiscal y un ministro de Entre R\u00edos"},"content":{"rendered":"\n<h1 class=\"wp-block-heading\"><\/h1>\n\n\n\n<h4 class=\"wp-block-heading\">Lo que ser\u00eda un programa para asesinar a dos altos funcionarios judiciales, adem\u00e1s del ministro de Seguridad, fue desbaratado tras la declaraci\u00f3n de un interno. El complot es sindicado al ex presidente de una Sociedad Rural entrerriana.<a href=\"https:\/\/api.whatsapp.com\/send?text=Un%20preso%20informante%20frustr%C3%B3%20un%20presunto%20plan%20para%20asesinar%20a%20un%20juez,%20un%20fiscal%20y%20un%20ministro%20en%20Entre%20R%C3%ADos%20-%20https:\/\/diarioriouruguay.com\/policiales\/\/un-preso-informante-frustro-un-presunto-plan-para-asesinar-a-un-juez-un-fiscal-y-un-ministro-en-entre-rios.htm\" target=\"_blank\" rel=\"noreferrer noopener\"><\/a><a href=\"https:\/\/diarioriouruguay.com\/policiales\/un-preso-informante-frustro-un-presunto-plan-para-asesinar-a-un-juez-un-fiscal-y-un-ministro-en-entre-rios.htm#\"><\/a><a href=\"javascript:copyLink('aviso', 'URL Copiada');\"><\/a><a href=\"https:\/\/diarioriouruguay.com\/policiales\/un-preso-informante-frustro-un-presunto-plan-para-asesinar-a-un-juez-un-fiscal-y-un-ministro-en-entre-rios.htm#\"><\/a><a href=\"tg:\/\/msg?text=Un%20preso%20informante%20frustr%C3%B3%20un%20presunto%20plan%20para%20asesinar%20a%20un%20juez,%20un%20fiscal%20y%20un%20ministro%20en%20Entre%20R%C3%ADos-https:\/\/diarioriouruguay.com\/policiales\/\/un-preso-informante-frustro-un-presunto-plan-para-asesinar-a-un-juez-un-fiscal-y-un-ministro-en-entre-rios.htm\" target=\"_blank\" rel=\"noreferrer noopener\"><\/a><a href=\"https:\/\/diarioriouruguay.com\/policiales\/un-preso-informante-frustro-un-presunto-plan-para-asesinar-a-un-juez-un-fiscal-y-un-ministro-en-entre-rios.htm#comentarios\"><\/a><\/h4>\n\n\n\n<p>Seg\u00fan el testimonio incorporado al expediente, el plan contemplaba la contrataci\u00f3n de un sicario uruguayo para ejecutar al fiscal y al magistrado durante sus vacaciones en Punta del Este. Por ese doble crimen se habr\u00eda pactado el pago de 40 mil d\u00f3lares. En tanto, el atentado contra el ministro provincial deb\u00eda concretarse en territorio entrerriano, cuando se desplazara hacia una vivienda ubicada en las afueras de Paran\u00e1.<\/p>\n\n\n\n<p>La informaci\u00f3n fue aportada por un recluso que declar\u00f3 ante el fiscal federal Pedro Rebollo, quien impuls\u00f3 la investigaci\u00f3n y solicit\u00f3 medidas urgentes. A partir de ello, el juez federal interviniente orden\u00f3 un allanamiento en la unidad penal donde se encontraba alojado el presunto organizador.<\/p>\n\n\n\n<p>La maniobra habr\u00eda sido ideada por Leonardo Airaldi, detenido en la Unidad Penal N\u00b0 9 de Gualeguaych\u00fa y procesado en causas por narcotr\u00e1fico. De acuerdo con la investigaci\u00f3n, los blancos eran el fiscal Ignacio Candioti y el juez Leandro R\u00edos, adem\u00e1s del propio Roncaglia.<\/p>\n\n\n\n<h3 class=\"wp-block-heading\">Allanamiento<\/h3>\n\n\n\n<p>El procedimiento fue llevado adelante por efectivos de la Gendarmer\u00eda Nacional Argentina, con apoyo de la Polic\u00eda y del Servicio Penitenciario provincial. Durante la requisa se secuestraron tel\u00e9fonos celulares, anotaciones, estupefacientes y documentaci\u00f3n que ahora ser\u00e1 peritada en el marco de la causa.<\/p>\n\n\n\n<p>Fuentes judiciales indicaron que la investigaci\u00f3n contin\u00faa y que no se descartan nuevas medidas en los pr\u00f3ximos d\u00edas. La gravedad de los hechos motiv\u00f3 adem\u00e1s la implementaci\u00f3n de un esquema especial de custodia para los funcionarios que habr\u00edan sido se\u00f1alados como objetivos, as\u00ed como para sus respectivos entornos familiares.<\/p>\n\n\n\n<p>El caso gener\u00f3 fuerte repercusi\u00f3n en el \u00e1mbito pol\u00edtico y judicial entrerriano, dado que involucra a un detenido con presunto poder de influencia dentro del sistema carcelario y a tres figuras de relevancia institucional. La Justicia Federal de Gualeguaych\u00fa contin\u00faa con las actuaciones para determinar el alcance real del plan y las eventuales responsabilidades penales.<\/p>\n\n\n\n<p>Fuente: Infobae<\/p>\n","protected":false},"excerpt":{"rendered":"<p>Lo que ser\u00eda un programa para asesinar a dos altos funcionarios judiciales, adem\u00e1s del ministro de Seguridad, fue desbaratado tras la declaraci\u00f3n de un interno. El complot es sindicado al ex presidente de una Sociedad Rural entrerriana. Seg\u00fan el testimonio incorporado al expediente, el plan contemplaba la contrataci\u00f3n de un sicario uruguayo para ejecutar al [&hellip;]<\/p>\n","protected":false},"author":2,"featured_media":7113,"comment_status":"open","ping_status":"open","sticky":false,"template":"","format":"standard","meta":{"footnotes":""},"categories":[21,17],"tags":[],"class_list":{"0":"post-7112","1":"post","2":"type-post","3":"status-publish","4":"format-standard","5":"has-post-thumbnail","7":"category-policiales","8":"category-provinciales"},"yoast_head":"<!-- This site is optimized with the Yoast SEO plugin v27.4 - https:\/\/yoast.com\/product\/yoast-seo-wordpress\/ -->\n<title>Un preso declar\u00f3 un presunto plan para asesinar a un juez, un fiscal y un ministro de Entre R\u00edos - Diario del Sur<\/title>\n<meta name=\"robots\" content=\"index, follow, max-snippet:-1, max-image-preview:large, max-video-preview:-1\" \/>\n<link rel=\"canonical\" href=\"https:\/\/diariodelsurdigital.com.ar\/?p=7112\" \/>\n<meta property=\"og:locale\" content=\"es_ES\" \/>\n<meta property=\"og:type\" content=\"article\" \/>\n<meta property=\"og:title\" content=\"Un preso declar\u00f3 un presunto plan para asesinar a un juez, un fiscal y un ministro de Entre R\u00edos - Diario del Sur\" \/>\n<meta property=\"og:description\" content=\"Lo que ser\u00eda un programa para asesinar a dos altos funcionarios judiciales, adem\u00e1s del ministro de Seguridad, fue desbaratado tras la declaraci\u00f3n de un interno. El complot es sindicado al ex presidente de una Sociedad Rural entrerriana. Seg\u00fan el testimonio incorporado al expediente, el plan contemplaba la contrataci\u00f3n de un sicario uruguayo para ejecutar al [&hellip;]\" \/>\n<meta property=\"og:url\" content=\"https:\/\/diariodelsurdigital.com.ar\/?p=7112\" \/>\n<meta property=\"og:site_name\" content=\"Diario del Sur\" \/>\n<meta property=\"article:published_time\" content=\"2026-02-22T01:51:48+00:00\" \/>\n<meta property=\"og:image\" content=\"https:\/\/diariodelsurdigital.com.ar\/wp-content\/uploads\/2026\/02\/l_1771713378_87971.png\" \/>\n\t<meta property=\"og:image:width\" content=\"480\" \/>\n\t<meta property=\"og:image:height\" content=\"320\" \/>\n\t<meta property=\"og:image:type\" content=\"image\/png\" \/>\n<meta name=\"author\" content=\"Diario del Sur Digital\" \/>\n<meta name=\"twitter:card\" content=\"summary_large_image\" \/>\n<meta name=\"twitter:label1\" content=\"Escrito por\" \/>\n\t<meta name=\"twitter:data1\" content=\"Diario del Sur Digital\" \/>\n\t<meta name=\"twitter:label2\" content=\"Tiempo de lectura\" \/>\n\t<meta name=\"twitter:data2\" content=\"2 minutos\" \/>\n<script type=\"application\/ld+json\" class=\"yoast-schema-graph\">{\"@context\":\"https:\\\/\\\/schema.org\",\"@graph\":[{\"@type\":\"Article\",\"@id\":\"https:\\\/\\\/diariodelsurdigital.com.ar\\\/?p=7112#article\",\"isPartOf\":{\"@id\":\"https:\\\/\\\/diariodelsurdigital.com.ar\\\/?p=7112\"},\"author\":{\"name\":\"Diario del Sur Digital\",\"@id\":\"https:\\\/\\\/diariodelsurdigital.com.ar\\\/#\\\/schema\\\/person\\\/6136a32571657f7dba980b88b04c5465\"},\"headline\":\"Un preso declar\u00f3 un presunto plan para asesinar a un juez, un fiscal y un ministro de Entre R\u00edos\",\"datePublished\":\"2026-02-22T01:51:48+00:00\",\"mainEntityOfPage\":{\"@id\":\"https:\\\/\\\/diariodelsurdigital.com.ar\\\/?p=7112\"},\"wordCount\":391,\"commentCount\":0,\"image\":{\"@id\":\"https:\\\/\\\/diariodelsurdigital.com.ar\\\/?p=7112#primaryimage\"},\"thumbnailUrl\":\"https:\\\/\\\/diariodelsurdigital.com.ar\\\/wp-content\\\/uploads\\\/2026\\\/02\\\/l_1771713378_87971.png\",\"articleSection\":[\"Policiales\",\"Provinciales\"],\"inLanguage\":\"es\",\"potentialAction\":[{\"@type\":\"CommentAction\",\"name\":\"Comment\",\"target\":[\"https:\\\/\\\/diariodelsurdigital.com.ar\\\/?p=7112#respond\"]}]},{\"@type\":\"WebPage\",\"@id\":\"https:\\\/\\\/diariodelsurdigital.com.ar\\\/?p=7112\",\"url\":\"https:\\\/\\\/diariodelsurdigital.com.ar\\\/?p=7112\",\"name\":\"Un preso declar\u00f3 un presunto plan para asesinar a un juez, un fiscal y un ministro de Entre R\u00edos - Diario del Sur\",\"isPartOf\":{\"@id\":\"https:\\\/\\\/diariodelsurdigital.com.ar\\\/#website\"},\"primaryImageOfPage\":{\"@id\":\"https:\\\/\\\/diariodelsurdigital.com.ar\\\/?p=7112#primaryimage\"},\"image\":{\"@id\":\"https:\\\/\\\/diariodelsurdigital.com.ar\\\/?p=7112#primaryimage\"},\"thumbnailUrl\":\"https:\\\/\\\/diariodelsurdigital.com.ar\\\/wp-content\\\/uploads\\\/2026\\\/02\\\/l_1771713378_87971.png\",\"datePublished\":\"2026-02-22T01:51:48+00:00\",\"author\":{\"@id\":\"https:\\\/\\\/diariodelsurdigital.com.ar\\\/#\\\/schema\\\/person\\\/6136a32571657f7dba980b88b04c5465\"},\"breadcrumb\":{\"@id\":\"https:\\\/\\\/diariodelsurdigital.com.ar\\\/?p=7112#breadcrumb\"},\"inLanguage\":\"es\",\"potentialAction\":[{\"@type\":\"ReadAction\",\"target\":[\"https:\\\/\\\/diariodelsurdigital.com.ar\\\/?p=7112\"]}]},{\"@type\":\"ImageObject\",\"inLanguage\":\"es\",\"@id\":\"https:\\\/\\\/diariodelsurdigital.com.ar\\\/?p=7112#primaryimage\",\"url\":\"https:\\\/\\\/diariodelsurdigital.com.ar\\\/wp-content\\\/uploads\\\/2026\\\/02\\\/l_1771713378_87971.png\",\"contentUrl\":\"https:\\\/\\\/diariodelsurdigital.com.ar\\\/wp-content\\\/uploads\\\/2026\\\/02\\\/l_1771713378_87971.png\",\"width\":480,\"height\":320},{\"@type\":\"BreadcrumbList\",\"@id\":\"https:\\\/\\\/diariodelsurdigital.com.ar\\\/?p=7112#breadcrumb\",\"itemListElement\":[{\"@type\":\"ListItem\",\"position\":1,\"name\":\"Portada\",\"item\":\"https:\\\/\\\/diariodelsurdigital.com.ar\\\/\"},{\"@type\":\"ListItem\",\"position\":2,\"name\":\"Un preso declar\u00f3 un presunto plan para asesinar a un juez, un fiscal y un ministro de Entre R\u00edos\"}]},{\"@type\":\"WebSite\",\"@id\":\"https:\\\/\\\/diariodelsurdigital.com.ar\\\/#website\",\"url\":\"https:\\\/\\\/diariodelsurdigital.com.ar\\\/\",\"name\":\"Diario del Sur\",\"description\":\"Digital\",\"potentialAction\":[{\"@type\":\"SearchAction\",\"target\":{\"@type\":\"EntryPoint\",\"urlTemplate\":\"https:\\\/\\\/diariodelsurdigital.com.ar\\\/?s={search_term_string}\"},\"query-input\":{\"@type\":\"PropertyValueSpecification\",\"valueRequired\":true,\"valueName\":\"search_term_string\"}}],\"inLanguage\":\"es\"},{\"@type\":\"Person\",\"@id\":\"https:\\\/\\\/diariodelsurdigital.com.ar\\\/#\\\/schema\\\/person\\\/6136a32571657f7dba980b88b04c5465\",\"name\":\"Diario del Sur Digital\",\"image\":{\"@type\":\"ImageObject\",\"inLanguage\":\"es\",\"@id\":\"https:\\\/\\\/secure.gravatar.com\\\/avatar\\\/4c29ceac98541dd42460b2474aaa5dd37594d6ce6cb3cf2c101d09b48ee287ba?s=96&d=mm&r=g\",\"url\":\"https:\\\/\\\/secure.gravatar.com\\\/avatar\\\/4c29ceac98541dd42460b2474aaa5dd37594d6ce6cb3cf2c101d09b48ee287ba?s=96&d=mm&r=g\",\"contentUrl\":\"https:\\\/\\\/secure.gravatar.com\\\/avatar\\\/4c29ceac98541dd42460b2474aaa5dd37594d6ce6cb3cf2c101d09b48ee287ba?s=96&d=mm&r=g\",\"caption\":\"Diario del Sur Digital\"},\"url\":\"https:\\\/\\\/diariodelsurdigital.com.ar\\\/?author=2\"}]}<\/script>\n<!-- \/ Yoast SEO plugin. -->","yoast_head_json":{"title":"Un preso declar\u00f3 un presunto plan para asesinar a un juez, un fiscal y un ministro de Entre R\u00edos - Diario del Sur","robots":{"index":"index","follow":"follow","max-snippet":"max-snippet:-1","max-image-preview":"max-image-preview:large","max-video-preview":"max-video-preview:-1"},"canonical":"https:\/\/diariodelsurdigital.com.ar\/?p=7112","og_locale":"es_ES","og_type":"article","og_title":"Un preso declar\u00f3 un presunto plan para asesinar a un juez, un fiscal y un ministro de Entre R\u00edos - Diario del Sur","og_description":"Lo que ser\u00eda un programa para asesinar a dos altos funcionarios judiciales, adem\u00e1s del ministro de Seguridad, fue desbaratado tras la declaraci\u00f3n de un interno. El complot es sindicado al ex presidente de una Sociedad Rural entrerriana. Seg\u00fan el testimonio incorporado al expediente, el plan contemplaba la contrataci\u00f3n de un sicario uruguayo para ejecutar al [&hellip;]","og_url":"https:\/\/diariodelsurdigital.com.ar\/?p=7112","og_site_name":"Diario del Sur","article_published_time":"2026-02-22T01:51:48+00:00","og_image":[{"width":480,"height":320,"url":"https:\/\/diariodelsurdigital.com.ar\/wp-content\/uploads\/2026\/02\/l_1771713378_87971.png","type":"image\/png"}],"author":"Diario del Sur Digital","twitter_card":"summary_large_image","twitter_misc":{"Escrito por":"Diario del Sur Digital","Tiempo de lectura":"2 minutos"},"schema":{"@context":"https:\/\/schema.org","@graph":[{"@type":"Article","@id":"https:\/\/diariodelsurdigital.com.ar\/?p=7112#article","isPartOf":{"@id":"https:\/\/diariodelsurdigital.com.ar\/?p=7112"},"author":{"name":"Diario del Sur Digital","@id":"https:\/\/diariodelsurdigital.com.ar\/#\/schema\/person\/6136a32571657f7dba980b88b04c5465"},"headline":"Un preso declar\u00f3 un presunto plan para asesinar a un juez, un fiscal y un ministro de Entre R\u00edos","datePublished":"2026-02-22T01:51:48+00:00","mainEntityOfPage":{"@id":"https:\/\/diariodelsurdigital.com.ar\/?p=7112"},"wordCount":391,"commentCount":0,"image":{"@id":"https:\/\/diariodelsurdigital.com.ar\/?p=7112#primaryimage"},"thumbnailUrl":"https:\/\/diariodelsurdigital.com.ar\/wp-content\/uploads\/2026\/02\/l_1771713378_87971.png","articleSection":["Policiales","Provinciales"],"inLanguage":"es","potentialAction":[{"@type":"CommentAction","name":"Comment","target":["https:\/\/diariodelsurdigital.com.ar\/?p=7112#respond"]}]},{"@type":"WebPage","@id":"https:\/\/diariodelsurdigital.com.ar\/?p=7112","url":"https:\/\/diariodelsurdigital.com.ar\/?p=7112","name":"Un preso declar\u00f3 un presunto plan para asesinar a un juez, un fiscal y un ministro de Entre R\u00edos - Diario del Sur","isPartOf":{"@id":"https:\/\/diariodelsurdigital.com.ar\/#website"},"primaryImageOfPage":{"@id":"https:\/\/diariodelsurdigital.com.ar\/?p=7112#primaryimage"},"image":{"@id":"https:\/\/diariodelsurdigital.com.ar\/?p=7112#primaryimage"},"thumbnailUrl":"https:\/\/diariodelsurdigital.com.ar\/wp-content\/uploads\/2026\/02\/l_1771713378_87971.png","datePublished":"2026-02-22T01:51:48+00:00","author":{"@id":"https:\/\/diariodelsurdigital.com.ar\/#\/schema\/person\/6136a32571657f7dba980b88b04c5465"},"breadcrumb":{"@id":"https:\/\/diariodelsurdigital.com.ar\/?p=7112#breadcrumb"},"inLanguage":"es","potentialAction":[{"@type":"ReadAction","target":["https:\/\/diariodelsurdigital.com.ar\/?p=7112"]}]},{"@type":"ImageObject","inLanguage":"es","@id":"https:\/\/diariodelsurdigital.com.ar\/?p=7112#primaryimage","url":"https:\/\/diariodelsurdigital.com.ar\/wp-content\/uploads\/2026\/02\/l_1771713378_87971.png","contentUrl":"https:\/\/diariodelsurdigital.com.ar\/wp-content\/uploads\/2026\/02\/l_1771713378_87971.png","width":480,"height":320},{"@type":"BreadcrumbList","@id":"https:\/\/diariodelsurdigital.com.ar\/?p=7112#breadcrumb","itemListElement":[{"@type":"ListItem","position":1,"name":"Portada","item":"https:\/\/diariodelsurdigital.com.ar\/"},{"@type":"ListItem","position":2,"name":"Un preso declar\u00f3 un presunto plan para asesinar a un juez, un fiscal y un ministro de Entre R\u00edos"}]},{"@type":"WebSite","@id":"https:\/\/diariodelsurdigital.com.ar\/#website","url":"https:\/\/diariodelsurdigital.com.ar\/","name":"Diario del Sur","description":"Digital","potentialAction":[{"@type":"SearchAction","target":{"@type":"EntryPoint","urlTemplate":"https:\/\/diariodelsurdigital.com.ar\/?s={search_term_string}"},"query-input":{"@type":"PropertyValueSpecification","valueRequired":true,"valueName":"search_term_string"}}],"inLanguage":"es"},{"@type":"Person","@id":"https:\/\/diariodelsurdigital.com.ar\/#\/schema\/person\/6136a32571657f7dba980b88b04c5465","name":"Diario del Sur Digital","image":{"@type":"ImageObject","inLanguage":"es","@id":"https:\/\/secure.gravatar.com\/avatar\/4c29ceac98541dd42460b2474aaa5dd37594d6ce6cb3cf2c101d09b48ee287ba?s=96&d=mm&r=g","url":"https:\/\/secure.gravatar.com\/avatar\/4c29ceac98541dd42460b2474aaa5dd37594d6ce6cb3cf2c101d09b48ee287ba?s=96&d=mm&r=g","contentUrl":"https:\/\/secure.gravatar.com\/avatar\/4c29ceac98541dd42460b2474aaa5dd37594d6ce6cb3cf2c101d09b48ee287ba?s=96&d=mm&r=g","caption":"Diario del Sur Digital"},"url":"https:\/\/diariodelsurdigital.com.ar\/?author=2"}]}},"_links":{"self":[{"href":"https:\/\/diariodelsurdigital.com.ar\/index.php?rest_route=\/wp\/v2\/posts\/7112","targetHints":{"allow":["GET"]}}],"collection":[{"href":"https:\/\/diariodelsurdigital.com.ar\/index.php?rest_route=\/wp\/v2\/posts"}],"about":[{"href":"https:\/\/diariodelsurdigital.com.ar\/index.php?rest_route=\/wp\/v2\/types\/post"}],"author":[{"embeddable":true,"href":"https:\/\/diariodelsurdigital.com.ar\/index.php?rest_route=\/wp\/v2\/users\/2"}],"replies":[{"embeddable":true,"href":"https:\/\/diariodelsurdigital.com.ar\/index.php?rest_route=%2Fwp%2Fv2%2Fcomments&post=7112"}],"version-history":[{"count":1,"href":"https:\/\/diariodelsurdigital.com.ar\/index.php?rest_route=\/wp\/v2\/posts\/7112\/revisions"}],"predecessor-version":[{"id":7114,"href":"https:\/\/diariodelsurdigital.com.ar\/index.php?rest_route=\/wp\/v2\/posts\/7112\/revisions\/7114"}],"wp:featuredmedia":[{"embeddable":true,"href":"https:\/\/diariodelsurdigital.com.ar\/index.php?rest_route=\/wp\/v2\/media\/7113"}],"wp:attachment":[{"href":"https:\/\/diariodelsurdigital.com.ar\/index.php?rest_route=%2Fwp%2Fv2%2Fmedia&parent=7112"}],"wp:term":[{"taxonomy":"category","embeddable":true,"href":"https:\/\/diariodelsurdigital.com.ar\/index.php?rest_route=%2Fwp%2Fv2%2Fcategories&post=7112"},{"taxonomy":"post_tag","embeddable":true,"href":"https:\/\/diariodelsurdigital.com.ar\/index.php?rest_route=%2Fwp%2Fv2%2Ftags&post=7112"}],"curies":[{"name":"wp","href":"https:\/\/api.w.org\/{rel}","templated":true}]}}