{"id":7115,"date":"2026-02-21T22:56:11","date_gmt":"2026-02-22T01:56:11","guid":{"rendered":"https:\/\/diariodelsurdigital.com.ar\/?p=7115"},"modified":"2026-02-21T22:56:11","modified_gmt":"2026-02-22T01:56:11","slug":"la-asociacion-de-magistrados-reclamo-el-esclarecimiento-del-supuesto-plan-para-asesinar-a-un-juez-y-un-fiscal","status":"publish","type":"post","link":"https:\/\/diariodelsurdigital.com.ar\/?p=7115","title":{"rendered":"La Asociaci\u00f3n de Magistrados reclam\u00f3 el esclarecimiento del supuesto plan para asesinar a un juez y un fiscal"},"content":{"rendered":"\n<h4 class=\"wp-block-heading\" id=\"nota-title\">La Asociaci\u00f3n de Magistrados y funcionarios de la Justicia nacional expres\u00f3 su \u201cprofunda preocupaci\u00f3n\u201d ante los hechos que quedaron recientemente expuestos a partir de las diligencias llevadas a cabo por la justicia federal de Gualeguaych\u00fa, en particular, el Doctor Pedro Rebollo, fiscal federal y el Doctor Hern\u00e1n Viri, juez federal, ambos de esa jurisdicci\u00f3n, espec\u00edficamente a ra\u00edz de un plan que tendr\u00eda como objetivo atentar contra la vida del juez federal de Paran\u00e1, Leandro R\u00edos y del fiscal federal ante el tribunal Oral Federal de Paran\u00e1, Jos\u00e9 Ignacio Candioti.<\/h4>\n\n\n\n<p>El autor del plan ser\u00eda Leonardo Airaldi, detenido en la Unidad Penal de Gualeguaych\u00fa, ante la inminencia del juicio por narcotr\u00e1fico.<a href=\"https:\/\/www.elentrerios.com\/uid-220941\"><\/a><\/p>\n\n\n\n<p><a href=\"https:\/\/www.elentrerios.com\/uid-220941\"> <\/a>\u201cHechos como los que han quedado al descubierto son de extrema gravedad y causan honda consternaci\u00f3n, en tanto que no s\u00f3lo afectan la seguridad personal de los involucrados, sino que atacan directamente los pilares del estado de derecho, la independencia judicial y el normal funcionamiento del sistema democr\u00e1tico\u201d, se indic\u00f3.<\/p>\n\n\n\n<p>El comunicado tambi\u00e9n manifiesta su \u201csolidaridad y f\u00e9rreo apoyo institucional\u201d, a los afectados, los doctores: Leandro R\u00edos y Jos\u00e9 Ignacio Candioti, y un fuerte respaldo institucional para con la tarea que est\u00e1 llevando adelante el fiscal federal Pedro Rebollo y el juez federal Hern\u00e1n Viri y sus equipos de colaboradores, \u201cal tiempo que solicitan a las autoridades competentes la urgente implementaci\u00f3n de las medidas de seguridad para garantizar la integridad personal de los nombrados, como as\u00ed tambi\u00e9n el pronto esclarecimiento del grave suceso acaecido\u201d.<\/p>\n\n\n\n<p>El comunicado est\u00e1 firmado por Mar\u00eda Carolina Ocampo, secretaria general y Andr\u00e9s Fabi\u00e1n Basso, Presidente.<\/p>\n\n\n\n<p>Fueente:\u00a0An\u00e1lisis Digital<\/p>\n\n\n\n<p><\/p>\n","protected":false},"excerpt":{"rendered":"<p>La Asociaci\u00f3n de Magistrados y funcionarios de la Justicia nacional expres\u00f3 su \u201cprofunda preocupaci\u00f3n\u201d ante los hechos que quedaron recientemente expuestos a partir de las diligencias llevadas a cabo por la justicia federal de Gualeguaych\u00fa, en particular, el Doctor Pedro Rebollo, fiscal federal y el Doctor Hern\u00e1n Viri, juez federal, ambos de esa jurisdicci\u00f3n, espec\u00edficamente [&hellip;]<\/p>\n","protected":false},"author":2,"featured_media":7116,"comment_status":"open","ping_status":"open","sticky":false,"template":"","format":"standard","meta":{"footnotes":""},"categories":[26,18],"tags":[],"class_list":{"0":"post-7115","1":"post","2":"type-post","3":"status-publish","4":"format-standard","5":"has-post-thumbnail","7":"category-judiciales","8":"category-nacionales"},"yoast_head":"<!-- This site is optimized with the Yoast SEO plugin v27.4 - https:\/\/yoast.com\/product\/yoast-seo-wordpress\/ -->\n<title>La Asociaci\u00f3n de Magistrados reclam\u00f3 el esclarecimiento del supuesto plan para asesinar a un juez y un fiscal - Diario del Sur<\/title>\n<meta name=\"robots\" content=\"index, follow, max-snippet:-1, max-image-preview:large, max-video-preview:-1\" \/>\n<link rel=\"canonical\" href=\"https:\/\/diariodelsurdigital.com.ar\/?p=7115\" \/>\n<meta property=\"og:locale\" content=\"es_ES\" \/>\n<meta property=\"og:type\" content=\"article\" \/>\n<meta property=\"og:title\" content=\"La Asociaci\u00f3n de Magistrados reclam\u00f3 el esclarecimiento del supuesto plan para asesinar a un juez y un fiscal - Diario del Sur\" \/>\n<meta property=\"og:description\" content=\"La Asociaci\u00f3n de Magistrados y funcionarios de la Justicia nacional expres\u00f3 su \u201cprofunda preocupaci\u00f3n\u201d ante los hechos que quedaron recientemente expuestos a partir de las diligencias llevadas a cabo por la justicia federal de Gualeguaych\u00fa, en particular, el Doctor Pedro Rebollo, fiscal federal y el Doctor Hern\u00e1n Viri, juez federal, ambos de esa jurisdicci\u00f3n, espec\u00edficamente [&hellip;]\" \/>\n<meta property=\"og:url\" content=\"https:\/\/diariodelsurdigital.com.ar\/?p=7115\" \/>\n<meta property=\"og:site_name\" content=\"Diario del Sur\" \/>\n<meta property=\"article:published_time\" content=\"2026-02-22T01:56:11+00:00\" \/>\n<meta property=\"og:image\" content=\"https:\/\/diariodelsurdigital.com.ar\/wp-content\/uploads\/2026\/02\/l_1710436558.jpg\" \/>\n\t<meta property=\"og:image:width\" content=\"426\" \/>\n\t<meta property=\"og:image:height\" content=\"284\" \/>\n\t<meta property=\"og:image:type\" content=\"image\/jpeg\" \/>\n<meta name=\"author\" content=\"Diario del Sur Digital\" \/>\n<meta name=\"twitter:card\" content=\"summary_large_image\" \/>\n<meta name=\"twitter:label1\" content=\"Escrito por\" \/>\n\t<meta name=\"twitter:data1\" content=\"Diario del Sur Digital\" \/>\n\t<meta name=\"twitter:label2\" content=\"Tiempo de lectura\" \/>\n\t<meta name=\"twitter:data2\" content=\"2 minutos\" \/>\n<script type=\"application\/ld+json\" class=\"yoast-schema-graph\">{\"@context\":\"https:\\\/\\\/schema.org\",\"@graph\":[{\"@type\":\"Article\",\"@id\":\"https:\\\/\\\/diariodelsurdigital.com.ar\\\/?p=7115#article\",\"isPartOf\":{\"@id\":\"https:\\\/\\\/diariodelsurdigital.com.ar\\\/?p=7115\"},\"author\":{\"name\":\"Diario del Sur Digital\",\"@id\":\"https:\\\/\\\/diariodelsurdigital.com.ar\\\/#\\\/schema\\\/person\\\/6136a32571657f7dba980b88b04c5465\"},\"headline\":\"La Asociaci\u00f3n de Magistrados reclam\u00f3 el esclarecimiento del supuesto plan para asesinar a un juez y un fiscal\",\"datePublished\":\"2026-02-22T01:56:11+00:00\",\"mainEntityOfPage\":{\"@id\":\"https:\\\/\\\/diariodelsurdigital.com.ar\\\/?p=7115\"},\"wordCount\":304,\"commentCount\":0,\"image\":{\"@id\":\"https:\\\/\\\/diariodelsurdigital.com.ar\\\/?p=7115#primaryimage\"},\"thumbnailUrl\":\"https:\\\/\\\/diariodelsurdigital.com.ar\\\/wp-content\\\/uploads\\\/2026\\\/02\\\/l_1710436558.jpg\",\"articleSection\":[\"Judiciales\",\"Nacionales\"],\"inLanguage\":\"es\",\"potentialAction\":[{\"@type\":\"CommentAction\",\"name\":\"Comment\",\"target\":[\"https:\\\/\\\/diariodelsurdigital.com.ar\\\/?p=7115#respond\"]}]},{\"@type\":\"WebPage\",\"@id\":\"https:\\\/\\\/diariodelsurdigital.com.ar\\\/?p=7115\",\"url\":\"https:\\\/\\\/diariodelsurdigital.com.ar\\\/?p=7115\",\"name\":\"La Asociaci\u00f3n de Magistrados reclam\u00f3 el esclarecimiento del supuesto plan para asesinar a un juez y un fiscal - Diario del Sur\",\"isPartOf\":{\"@id\":\"https:\\\/\\\/diariodelsurdigital.com.ar\\\/#website\"},\"primaryImageOfPage\":{\"@id\":\"https:\\\/\\\/diariodelsurdigital.com.ar\\\/?p=7115#primaryimage\"},\"image\":{\"@id\":\"https:\\\/\\\/diariodelsurdigital.com.ar\\\/?p=7115#primaryimage\"},\"thumbnailUrl\":\"https:\\\/\\\/diariodelsurdigital.com.ar\\\/wp-content\\\/uploads\\\/2026\\\/02\\\/l_1710436558.jpg\",\"datePublished\":\"2026-02-22T01:56:11+00:00\",\"author\":{\"@id\":\"https:\\\/\\\/diariodelsurdigital.com.ar\\\/#\\\/schema\\\/person\\\/6136a32571657f7dba980b88b04c5465\"},\"breadcrumb\":{\"@id\":\"https:\\\/\\\/diariodelsurdigital.com.ar\\\/?p=7115#breadcrumb\"},\"inLanguage\":\"es\",\"potentialAction\":[{\"@type\":\"ReadAction\",\"target\":[\"https:\\\/\\\/diariodelsurdigital.com.ar\\\/?p=7115\"]}]},{\"@type\":\"ImageObject\",\"inLanguage\":\"es\",\"@id\":\"https:\\\/\\\/diariodelsurdigital.com.ar\\\/?p=7115#primaryimage\",\"url\":\"https:\\\/\\\/diariodelsurdigital.com.ar\\\/wp-content\\\/uploads\\\/2026\\\/02\\\/l_1710436558.jpg\",\"contentUrl\":\"https:\\\/\\\/diariodelsurdigital.com.ar\\\/wp-content\\\/uploads\\\/2026\\\/02\\\/l_1710436558.jpg\",\"width\":426,\"height\":284},{\"@type\":\"BreadcrumbList\",\"@id\":\"https:\\\/\\\/diariodelsurdigital.com.ar\\\/?p=7115#breadcrumb\",\"itemListElement\":[{\"@type\":\"ListItem\",\"position\":1,\"name\":\"Portada\",\"item\":\"https:\\\/\\\/diariodelsurdigital.com.ar\\\/\"},{\"@type\":\"ListItem\",\"position\":2,\"name\":\"La Asociaci\u00f3n de Magistrados reclam\u00f3 el esclarecimiento del supuesto plan para asesinar a un juez y un fiscal\"}]},{\"@type\":\"WebSite\",\"@id\":\"https:\\\/\\\/diariodelsurdigital.com.ar\\\/#website\",\"url\":\"https:\\\/\\\/diariodelsurdigital.com.ar\\\/\",\"name\":\"Diario del Sur\",\"description\":\"Digital\",\"potentialAction\":[{\"@type\":\"SearchAction\",\"target\":{\"@type\":\"EntryPoint\",\"urlTemplate\":\"https:\\\/\\\/diariodelsurdigital.com.ar\\\/?s={search_term_string}\"},\"query-input\":{\"@type\":\"PropertyValueSpecification\",\"valueRequired\":true,\"valueName\":\"search_term_string\"}}],\"inLanguage\":\"es\"},{\"@type\":\"Person\",\"@id\":\"https:\\\/\\\/diariodelsurdigital.com.ar\\\/#\\\/schema\\\/person\\\/6136a32571657f7dba980b88b04c5465\",\"name\":\"Diario del Sur Digital\",\"image\":{\"@type\":\"ImageObject\",\"inLanguage\":\"es\",\"@id\":\"https:\\\/\\\/secure.gravatar.com\\\/avatar\\\/4c29ceac98541dd42460b2474aaa5dd37594d6ce6cb3cf2c101d09b48ee287ba?s=96&d=mm&r=g\",\"url\":\"https:\\\/\\\/secure.gravatar.com\\\/avatar\\\/4c29ceac98541dd42460b2474aaa5dd37594d6ce6cb3cf2c101d09b48ee287ba?s=96&d=mm&r=g\",\"contentUrl\":\"https:\\\/\\\/secure.gravatar.com\\\/avatar\\\/4c29ceac98541dd42460b2474aaa5dd37594d6ce6cb3cf2c101d09b48ee287ba?s=96&d=mm&r=g\",\"caption\":\"Diario del Sur Digital\"},\"url\":\"https:\\\/\\\/diariodelsurdigital.com.ar\\\/?author=2\"}]}<\/script>\n<!-- \/ Yoast SEO plugin. -->","yoast_head_json":{"title":"La Asociaci\u00f3n de Magistrados reclam\u00f3 el esclarecimiento del supuesto plan para asesinar a un juez y un fiscal - Diario del Sur","robots":{"index":"index","follow":"follow","max-snippet":"max-snippet:-1","max-image-preview":"max-image-preview:large","max-video-preview":"max-video-preview:-1"},"canonical":"https:\/\/diariodelsurdigital.com.ar\/?p=7115","og_locale":"es_ES","og_type":"article","og_title":"La Asociaci\u00f3n de Magistrados reclam\u00f3 el esclarecimiento del supuesto plan para asesinar a un juez y un fiscal - Diario del Sur","og_description":"La Asociaci\u00f3n de Magistrados y funcionarios de la Justicia nacional expres\u00f3 su \u201cprofunda preocupaci\u00f3n\u201d ante los hechos que quedaron recientemente expuestos a partir de las diligencias llevadas a cabo por la justicia federal de Gualeguaych\u00fa, en particular, el Doctor Pedro Rebollo, fiscal federal y el Doctor Hern\u00e1n Viri, juez federal, ambos de esa jurisdicci\u00f3n, espec\u00edficamente [&hellip;]","og_url":"https:\/\/diariodelsurdigital.com.ar\/?p=7115","og_site_name":"Diario del Sur","article_published_time":"2026-02-22T01:56:11+00:00","og_image":[{"width":426,"height":284,"url":"https:\/\/diariodelsurdigital.com.ar\/wp-content\/uploads\/2026\/02\/l_1710436558.jpg","type":"image\/jpeg"}],"author":"Diario del Sur Digital","twitter_card":"summary_large_image","twitter_misc":{"Escrito por":"Diario del Sur Digital","Tiempo de lectura":"2 minutos"},"schema":{"@context":"https:\/\/schema.org","@graph":[{"@type":"Article","@id":"https:\/\/diariodelsurdigital.com.ar\/?p=7115#article","isPartOf":{"@id":"https:\/\/diariodelsurdigital.com.ar\/?p=7115"},"author":{"name":"Diario del Sur Digital","@id":"https:\/\/diariodelsurdigital.com.ar\/#\/schema\/person\/6136a32571657f7dba980b88b04c5465"},"headline":"La Asociaci\u00f3n de Magistrados reclam\u00f3 el esclarecimiento del supuesto plan para asesinar a un juez y un fiscal","datePublished":"2026-02-22T01:56:11+00:00","mainEntityOfPage":{"@id":"https:\/\/diariodelsurdigital.com.ar\/?p=7115"},"wordCount":304,"commentCount":0,"image":{"@id":"https:\/\/diariodelsurdigital.com.ar\/?p=7115#primaryimage"},"thumbnailUrl":"https:\/\/diariodelsurdigital.com.ar\/wp-content\/uploads\/2026\/02\/l_1710436558.jpg","articleSection":["Judiciales","Nacionales"],"inLanguage":"es","potentialAction":[{"@type":"CommentAction","name":"Comment","target":["https:\/\/diariodelsurdigital.com.ar\/?p=7115#respond"]}]},{"@type":"WebPage","@id":"https:\/\/diariodelsurdigital.com.ar\/?p=7115","url":"https:\/\/diariodelsurdigital.com.ar\/?p=7115","name":"La Asociaci\u00f3n de Magistrados reclam\u00f3 el esclarecimiento del supuesto plan para asesinar a un juez y un fiscal - Diario del Sur","isPartOf":{"@id":"https:\/\/diariodelsurdigital.com.ar\/#website"},"primaryImageOfPage":{"@id":"https:\/\/diariodelsurdigital.com.ar\/?p=7115#primaryimage"},"image":{"@id":"https:\/\/diariodelsurdigital.com.ar\/?p=7115#primaryimage"},"thumbnailUrl":"https:\/\/diariodelsurdigital.com.ar\/wp-content\/uploads\/2026\/02\/l_1710436558.jpg","datePublished":"2026-02-22T01:56:11+00:00","author":{"@id":"https:\/\/diariodelsurdigital.com.ar\/#\/schema\/person\/6136a32571657f7dba980b88b04c5465"},"breadcrumb":{"@id":"https:\/\/diariodelsurdigital.com.ar\/?p=7115#breadcrumb"},"inLanguage":"es","potentialAction":[{"@type":"ReadAction","target":["https:\/\/diariodelsurdigital.com.ar\/?p=7115"]}]},{"@type":"ImageObject","inLanguage":"es","@id":"https:\/\/diariodelsurdigital.com.ar\/?p=7115#primaryimage","url":"https:\/\/diariodelsurdigital.com.ar\/wp-content\/uploads\/2026\/02\/l_1710436558.jpg","contentUrl":"https:\/\/diariodelsurdigital.com.ar\/wp-content\/uploads\/2026\/02\/l_1710436558.jpg","width":426,"height":284},{"@type":"BreadcrumbList","@id":"https:\/\/diariodelsurdigital.com.ar\/?p=7115#breadcrumb","itemListElement":[{"@type":"ListItem","position":1,"name":"Portada","item":"https:\/\/diariodelsurdigital.com.ar\/"},{"@type":"ListItem","position":2,"name":"La Asociaci\u00f3n de Magistrados reclam\u00f3 el esclarecimiento del supuesto plan para asesinar a un juez y un fiscal"}]},{"@type":"WebSite","@id":"https:\/\/diariodelsurdigital.com.ar\/#website","url":"https:\/\/diariodelsurdigital.com.ar\/","name":"Diario del Sur","description":"Digital","potentialAction":[{"@type":"SearchAction","target":{"@type":"EntryPoint","urlTemplate":"https:\/\/diariodelsurdigital.com.ar\/?s={search_term_string}"},"query-input":{"@type":"PropertyValueSpecification","valueRequired":true,"valueName":"search_term_string"}}],"inLanguage":"es"},{"@type":"Person","@id":"https:\/\/diariodelsurdigital.com.ar\/#\/schema\/person\/6136a32571657f7dba980b88b04c5465","name":"Diario del Sur Digital","image":{"@type":"ImageObject","inLanguage":"es","@id":"https:\/\/secure.gravatar.com\/avatar\/4c29ceac98541dd42460b2474aaa5dd37594d6ce6cb3cf2c101d09b48ee287ba?s=96&d=mm&r=g","url":"https:\/\/secure.gravatar.com\/avatar\/4c29ceac98541dd42460b2474aaa5dd37594d6ce6cb3cf2c101d09b48ee287ba?s=96&d=mm&r=g","contentUrl":"https:\/\/secure.gravatar.com\/avatar\/4c29ceac98541dd42460b2474aaa5dd37594d6ce6cb3cf2c101d09b48ee287ba?s=96&d=mm&r=g","caption":"Diario del Sur Digital"},"url":"https:\/\/diariodelsurdigital.com.ar\/?author=2"}]}},"_links":{"self":[{"href":"https:\/\/diariodelsurdigital.com.ar\/index.php?rest_route=\/wp\/v2\/posts\/7115","targetHints":{"allow":["GET"]}}],"collection":[{"href":"https:\/\/diariodelsurdigital.com.ar\/index.php?rest_route=\/wp\/v2\/posts"}],"about":[{"href":"https:\/\/diariodelsurdigital.com.ar\/index.php?rest_route=\/wp\/v2\/types\/post"}],"author":[{"embeddable":true,"href":"https:\/\/diariodelsurdigital.com.ar\/index.php?rest_route=\/wp\/v2\/users\/2"}],"replies":[{"embeddable":true,"href":"https:\/\/diariodelsurdigital.com.ar\/index.php?rest_route=%2Fwp%2Fv2%2Fcomments&post=7115"}],"version-history":[{"count":1,"href":"https:\/\/diariodelsurdigital.com.ar\/index.php?rest_route=\/wp\/v2\/posts\/7115\/revisions"}],"predecessor-version":[{"id":7117,"href":"https:\/\/diariodelsurdigital.com.ar\/index.php?rest_route=\/wp\/v2\/posts\/7115\/revisions\/7117"}],"wp:featuredmedia":[{"embeddable":true,"href":"https:\/\/diariodelsurdigital.com.ar\/index.php?rest_route=\/wp\/v2\/media\/7116"}],"wp:attachment":[{"href":"https:\/\/diariodelsurdigital.com.ar\/index.php?rest_route=%2Fwp%2Fv2%2Fmedia&parent=7115"}],"wp:term":[{"taxonomy":"category","embeddable":true,"href":"https:\/\/diariodelsurdigital.com.ar\/index.php?rest_route=%2Fwp%2Fv2%2Fcategories&post=7115"},{"taxonomy":"post_tag","embeddable":true,"href":"https:\/\/diariodelsurdigital.com.ar\/index.php?rest_route=%2Fwp%2Fv2%2Ftags&post=7115"}],"curies":[{"name":"wp","href":"https:\/\/api.w.org\/{rel}","templated":true}]}}