{"id":7119,"date":"2026-02-23T10:13:48","date_gmt":"2026-02-23T13:13:48","guid":{"rendered":"https:\/\/diariodelsurdigital.com.ar\/?p=7119"},"modified":"2026-02-23T10:13:49","modified_gmt":"2026-02-23T13:13:49","slug":"el-ejercito-de-mexico-asesino-al-jefe-del-cartel-jalisco-nueva-generacion-ola-de-violencia-14-muertos-y-64-detenidos","status":"publish","type":"post","link":"https:\/\/diariodelsurdigital.com.ar\/?p=7119","title":{"rendered":"El Ej\u00e9rcito de M\u00e9xico asesin\u00f3 al jefe del Cartel Jalisco Nueva Generaci\u00f3n: ola de violencia, 14 muertos y 64 detenidos"},"content":{"rendered":"\n<p>Nemesio Oseguera Cervantes, alias El Mencho, fue eliminado en colaboraci\u00f3n con la inteligencia de EE.UU. Hubo bloqueos, tiroteos y quemas de autos en al menos 20 estados. Se trata del mayor golpe del gobierno de Sheinbaum al narcotr\u00e1fico.<\/p>\n\n\n\n<p><\/p>\n\n\n\n<p>Con la colaboraci\u00f3n de la inteligencia estadounidense, el Ej\u00e9rcito mexicano mat\u00f3 el domingo a Nemesio Oseguera Cervantes, alias El Mencho, el narcotraficante m\u00e1s buscado y peligroso del mundo, seg\u00fan confirmaron fuentes del gobierno mexicano.<\/p>\n\n\n\n<p>El fat\u00eddico golpe al cabecilla narco manten\u00eda en vilo a varios distritos del pa\u00eds que gobierna Claudia Sheinbaum, mientras miembros de las organizaciones criminales incendiaban autos y disparaban contra miembros de las fuerzas mexicanas. Fuentes oficiales indicaron que tres miembros de las fuerzas fueron heridos en los incidentes y se encuentran recibiendo tratamiento m\u00e9dico.<\/p>\n\n\n\n<p>L\u00edder del Cartel Jalisco Nueva Generaci\u00f3n (CJNG), el grupo criminal m\u00e1s relevante del pa\u00eds, Oseguera dirig\u00eda una empresa delictiva de mil y un tent\u00e1culos, poderosa como ninguna otra, violenta y agresiva en sus pr\u00e1cticas comerciales, ligadas principalmente al narcotr\u00e1fico.<\/p>\n\n\n\n<p>El Mencho cay\u00f3 en un operativo en la sierra de Jalisco, en Tapalpa, en el centro del pa\u00eds, donde se mov\u00eda a sus anchas desde hac\u00eda d\u00e9cadas, protegido por sus huestes criminales. La Secretar\u00eda de Defensa (Sedena) inform\u00f3 que durante un tiroteo Oseguera qued\u00f3 gravemente herido y falleci\u00f3 mientras era trasladado por v\u00eda a\u00e9rea a la Ciudad de M\u00e9xico. La secretar\u00eda se\u00f1al\u00f3 adem\u00e1s que las autoridades estadounidenses suministraron informaci\u00f3n complementaria.<\/p>\n\n\n\n<p>Las consecuencias de su muerte hunden a M\u00e9xico en un escenario a\u00fan m\u00e1s incierto.<\/p>\n\n\n\n<p>La ca\u00edda de El Mencho, objetivo prioritario tambi\u00e9n de Estados Unidos, es el mayor golpe que se ha dado contra el narcotr\u00e1fico en la historia reciente. El gobierno de Donald Trump ofrec\u00eda hasta 15 millones de d\u00f3lares por informaci\u00f3n que ayudase en su captura. La Casa Blanca lo acusa de tr\u00e1fico de coca\u00edna, hero\u00edna, metanfetamina y fentanilo.<\/p>\n\n\n\n<p>A trav\u00e9s de una publicaci\u00f3n en X, la vocera de la Casa Blanca, Karoline Leavitt, confirm\u00f3 la asistencia de Estados Unidos en materia de inteligencia para llevar a cabo la operaci\u00f3n. \u201cEl presidente Trump ha sido muy claro: EE.UU. garantizar\u00e1 que los narcoterroristas que env\u00edan drogas letales a nuestra patria se vean obligados a enfrentar la ira de la justicia que merecen desde hace mucho tiempo. La administraci\u00f3n Trump tambi\u00e9n elogia y agradece a los militares mexicanos por su cooperaci\u00f3n y la exitosa ejecuci\u00f3n de esta operaci\u00f3n\u201d.<\/p>\n\n\n\n<p>En t\u00e9rminos de importancia e impacto, su muerte solo puede compararse con la captura de Ismael \u201cEl Mayo\u201d Zambada, antiguo l\u00edder del extinto Cartel de Sinaloa, en julio de 2024. Como antes El Chapo Guzm\u00e1n o el propio Mayo Zambada, El Mencho hab\u00eda construido un aura de misterio a su alrededor, que beb\u00eda del poder arrasador del CJNG y de su escaso protagonismo medi\u00e1tico: todas sus fotos ten\u00edan d\u00e9cadas de antig\u00fcedad.<\/p>\n\n\n\n<p>La ca\u00edda de El Mencho supone un triunfo de la estrategia de seguridad de la presidenta Claudia Sheinbaum, que lidera Omar Garc\u00eda Harfuch, su secretario de Seguridad, en uno de los momentos m\u00e1s cr\u00edticos del sexenio, con la violencia al alza en lugares como Sinaloa o Michoac\u00e1n.<\/p>\n\n\n\n<p>Oseguera es tambi\u00e9n un viejo conocido de Garc\u00eda Harfuch. El 20 de junio de 2020, El Mencho orden\u00f3 un in\u00e9dito asalto armado contra Harfuch en calles de Ciudad de M\u00e9xico. El funcionario result\u00f3 herido y tres personas fallecieron, entre ellos dos escoltas.<\/p>\n\n\n\n<p>La noticia de la muerte de Oseguera Cervantes desat\u00f3 una reacci\u00f3n violenta por parte del crimen organizado. Innumerables bloqueos, balaceras y quemas de veh\u00edculos se han desatado por parte de su grupo en varios estados del centro del pa\u00eds, Michoac\u00e1n y Jalisco, donde ten\u00eda su basti\u00f3n, pero tambi\u00e9n en Tamaulipas, Colima, Guanajuato, Nayarit y Zacatecas.<\/p>\n\n\n\n<p>Alfredo Ram\u00edrez Bedolla, gobernador del estado de Michoac\u00e1n, escribi\u00f3 en X que hab\u00eda recibido informes de bloqueos de carreteras en su jurisdicci\u00f3n como consecuencia de la operaci\u00f3n en Jalisco.<\/p>\n\n\n\n<p>Por su parte, la presidenta de M\u00e9xico se refiri\u00f3 al operativo realizado por fuerzas federales que deriv\u00f3 en diversos bloqueos y otras reacciones en distintos puntos del pa\u00eds, y asegur\u00f3 que existe \u201cabsoluta coordinaci\u00f3n con gobiernos de todos los estados\u201d, por lo que llam\u00f3 a la poblaci\u00f3n a mantenerse informada y en calma. A trav\u00e9s de sus redes sociales, se\u00f1al\u00f3 adem\u00e1s que el Gabinete de Seguridad brinda actualizaciones de manera permanente y que, en la mayor parte del territorio nacional, las actividades se desarrollan con plena normalidad, al tiempo que expres\u00f3 su reconocimiento al Ej\u00e9rcito Mexicano, la Guardia Nacional, las Fuerzas Armadas y el propio Gabinete de Seguridad, y remarc\u00f3 que su administraci\u00f3n trabaja todos los d\u00edas por \u201cla paz, la seguridad, la justicia y el bienestar de M\u00e9xico\u201d.<\/p>\n","protected":false},"excerpt":{"rendered":"<p>Nemesio Oseguera Cervantes, alias El Mencho, fue eliminado en colaboraci\u00f3n con la inteligencia de EE.UU. Hubo bloqueos, tiroteos y quemas de autos en al menos 20 estados. Se trata del mayor golpe del gobierno de Sheinbaum al narcotr\u00e1fico. Con la colaboraci\u00f3n de la inteligencia estadounidense, el Ej\u00e9rcito mexicano mat\u00f3 el domingo a Nemesio Oseguera Cervantes, [&hellip;]<\/p>\n","protected":false},"author":4,"featured_media":7120,"comment_status":"open","ping_status":"open","sticky":false,"template":"","format":"standard","meta":{"footnotes":""},"categories":[19,20],"tags":[],"class_list":{"0":"post-7119","1":"post","2":"type-post","3":"status-publish","4":"format-standard","5":"has-post-thumbnail","7":"category-interes-general","8":"category-internacionales"},"yoast_head":"<!-- This site is optimized with the Yoast SEO plugin v27.4 - https:\/\/yoast.com\/product\/yoast-seo-wordpress\/ -->\n<title>El Ej\u00e9rcito de M\u00e9xico asesin\u00f3 al jefe del Cartel Jalisco Nueva Generaci\u00f3n: ola de violencia, 14 muertos y 64 detenidos - Diario del Sur<\/title>\n<meta name=\"robots\" content=\"index, follow, max-snippet:-1, max-image-preview:large, max-video-preview:-1\" \/>\n<link rel=\"canonical\" href=\"https:\/\/diariodelsurdigital.com.ar\/?p=7119\" \/>\n<meta property=\"og:locale\" content=\"es_ES\" \/>\n<meta property=\"og:type\" content=\"article\" \/>\n<meta property=\"og:title\" content=\"El Ej\u00e9rcito de M\u00e9xico asesin\u00f3 al jefe del Cartel Jalisco Nueva Generaci\u00f3n: ola de violencia, 14 muertos y 64 detenidos - Diario del Sur\" \/>\n<meta property=\"og:description\" content=\"Nemesio Oseguera Cervantes, alias El Mencho, fue eliminado en colaboraci\u00f3n con la inteligencia de EE.UU. Hubo bloqueos, tiroteos y quemas de autos en al menos 20 estados. Se trata del mayor golpe del gobierno de Sheinbaum al narcotr\u00e1fico. Con la colaboraci\u00f3n de la inteligencia estadounidense, el Ej\u00e9rcito mexicano mat\u00f3 el domingo a Nemesio Oseguera Cervantes, [&hellip;]\" \/>\n<meta property=\"og:url\" content=\"https:\/\/diariodelsurdigital.com.ar\/?p=7119\" \/>\n<meta property=\"og:site_name\" content=\"Diario del Sur\" \/>\n<meta property=\"article:published_time\" content=\"2026-02-23T13:13:48+00:00\" \/>\n<meta property=\"article:modified_time\" content=\"2026-02-23T13:13:49+00:00\" \/>\n<meta property=\"og:image\" content=\"https:\/\/diariodelsurdigital.com.ar\/wp-content\/uploads\/2026\/02\/md-46.webp\" \/>\n\t<meta property=\"og:image:width\" content=\"992\" \/>\n\t<meta property=\"og:image:height\" content=\"623\" \/>\n\t<meta property=\"og:image:type\" content=\"image\/webp\" \/>\n<meta name=\"author\" content=\"Diario del Sur Digital\" \/>\n<meta name=\"twitter:card\" content=\"summary_large_image\" \/>\n<meta name=\"twitter:label1\" content=\"Escrito por\" \/>\n\t<meta name=\"twitter:data1\" content=\"Diario del Sur Digital\" \/>\n\t<meta name=\"twitter:label2\" content=\"Tiempo de lectura\" \/>\n\t<meta name=\"twitter:data2\" content=\"4 minutos\" \/>\n<script type=\"application\/ld+json\" class=\"yoast-schema-graph\">{\"@context\":\"https:\\\/\\\/schema.org\",\"@graph\":[{\"@type\":\"Article\",\"@id\":\"https:\\\/\\\/diariodelsurdigital.com.ar\\\/?p=7119#article\",\"isPartOf\":{\"@id\":\"https:\\\/\\\/diariodelsurdigital.com.ar\\\/?p=7119\"},\"author\":{\"name\":\"Diario del Sur Digital\",\"@id\":\"https:\\\/\\\/diariodelsurdigital.com.ar\\\/#\\\/schema\\\/person\\\/1a4992532ed62965c968031b49195c81\"},\"headline\":\"El Ej\u00e9rcito de M\u00e9xico asesin\u00f3 al jefe del Cartel Jalisco Nueva Generaci\u00f3n: ola de violencia, 14 muertos y 64 detenidos\",\"datePublished\":\"2026-02-23T13:13:48+00:00\",\"dateModified\":\"2026-02-23T13:13:49+00:00\",\"mainEntityOfPage\":{\"@id\":\"https:\\\/\\\/diariodelsurdigital.com.ar\\\/?p=7119\"},\"wordCount\":876,\"commentCount\":0,\"image\":{\"@id\":\"https:\\\/\\\/diariodelsurdigital.com.ar\\\/?p=7119#primaryimage\"},\"thumbnailUrl\":\"https:\\\/\\\/diariodelsurdigital.com.ar\\\/wp-content\\\/uploads\\\/2026\\\/02\\\/md-46.webp\",\"articleSection\":[\"Inter\u00e9s General\",\"Internacionales\"],\"inLanguage\":\"es\",\"potentialAction\":[{\"@type\":\"CommentAction\",\"name\":\"Comment\",\"target\":[\"https:\\\/\\\/diariodelsurdigital.com.ar\\\/?p=7119#respond\"]}]},{\"@type\":\"WebPage\",\"@id\":\"https:\\\/\\\/diariodelsurdigital.com.ar\\\/?p=7119\",\"url\":\"https:\\\/\\\/diariodelsurdigital.com.ar\\\/?p=7119\",\"name\":\"El Ej\u00e9rcito de M\u00e9xico asesin\u00f3 al jefe del Cartel Jalisco Nueva Generaci\u00f3n: ola de violencia, 14 muertos y 64 detenidos - Diario del Sur\",\"isPartOf\":{\"@id\":\"https:\\\/\\\/diariodelsurdigital.com.ar\\\/#website\"},\"primaryImageOfPage\":{\"@id\":\"https:\\\/\\\/diariodelsurdigital.com.ar\\\/?p=7119#primaryimage\"},\"image\":{\"@id\":\"https:\\\/\\\/diariodelsurdigital.com.ar\\\/?p=7119#primaryimage\"},\"thumbnailUrl\":\"https:\\\/\\\/diariodelsurdigital.com.ar\\\/wp-content\\\/uploads\\\/2026\\\/02\\\/md-46.webp\",\"datePublished\":\"2026-02-23T13:13:48+00:00\",\"dateModified\":\"2026-02-23T13:13:49+00:00\",\"author\":{\"@id\":\"https:\\\/\\\/diariodelsurdigital.com.ar\\\/#\\\/schema\\\/person\\\/1a4992532ed62965c968031b49195c81\"},\"breadcrumb\":{\"@id\":\"https:\\\/\\\/diariodelsurdigital.com.ar\\\/?p=7119#breadcrumb\"},\"inLanguage\":\"es\",\"potentialAction\":[{\"@type\":\"ReadAction\",\"target\":[\"https:\\\/\\\/diariodelsurdigital.com.ar\\\/?p=7119\"]}]},{\"@type\":\"ImageObject\",\"inLanguage\":\"es\",\"@id\":\"https:\\\/\\\/diariodelsurdigital.com.ar\\\/?p=7119#primaryimage\",\"url\":\"https:\\\/\\\/diariodelsurdigital.com.ar\\\/wp-content\\\/uploads\\\/2026\\\/02\\\/md-46.webp\",\"contentUrl\":\"https:\\\/\\\/diariodelsurdigital.com.ar\\\/wp-content\\\/uploads\\\/2026\\\/02\\\/md-46.webp\",\"width\":992,\"height\":623},{\"@type\":\"BreadcrumbList\",\"@id\":\"https:\\\/\\\/diariodelsurdigital.com.ar\\\/?p=7119#breadcrumb\",\"itemListElement\":[{\"@type\":\"ListItem\",\"position\":1,\"name\":\"Portada\",\"item\":\"https:\\\/\\\/diariodelsurdigital.com.ar\\\/\"},{\"@type\":\"ListItem\",\"position\":2,\"name\":\"El Ej\u00e9rcito de M\u00e9xico asesin\u00f3 al jefe del Cartel Jalisco Nueva Generaci\u00f3n: ola de violencia, 14 muertos y 64 detenidos\"}]},{\"@type\":\"WebSite\",\"@id\":\"https:\\\/\\\/diariodelsurdigital.com.ar\\\/#website\",\"url\":\"https:\\\/\\\/diariodelsurdigital.com.ar\\\/\",\"name\":\"Diario del Sur\",\"description\":\"Digital\",\"potentialAction\":[{\"@type\":\"SearchAction\",\"target\":{\"@type\":\"EntryPoint\",\"urlTemplate\":\"https:\\\/\\\/diariodelsurdigital.com.ar\\\/?s={search_term_string}\"},\"query-input\":{\"@type\":\"PropertyValueSpecification\",\"valueRequired\":true,\"valueName\":\"search_term_string\"}}],\"inLanguage\":\"es\"},{\"@type\":\"Person\",\"@id\":\"https:\\\/\\\/diariodelsurdigital.com.ar\\\/#\\\/schema\\\/person\\\/1a4992532ed62965c968031b49195c81\",\"name\":\"Diario del Sur Digital\",\"image\":{\"@type\":\"ImageObject\",\"inLanguage\":\"es\",\"@id\":\"https:\\\/\\\/secure.gravatar.com\\\/avatar\\\/f0c7c47fc7146d19828273b9b8eda651c9c7ab583767e6338d3d3bee825adf76?s=96&d=mm&r=g\",\"url\":\"https:\\\/\\\/secure.gravatar.com\\\/avatar\\\/f0c7c47fc7146d19828273b9b8eda651c9c7ab583767e6338d3d3bee825adf76?s=96&d=mm&r=g\",\"contentUrl\":\"https:\\\/\\\/secure.gravatar.com\\\/avatar\\\/f0c7c47fc7146d19828273b9b8eda651c9c7ab583767e6338d3d3bee825adf76?s=96&d=mm&r=g\",\"caption\":\"Diario del Sur Digital\"},\"url\":\"https:\\\/\\\/diariodelsurdigital.com.ar\\\/?author=4\"}]}<\/script>\n<!-- \/ Yoast SEO plugin. -->","yoast_head_json":{"title":"El Ej\u00e9rcito de M\u00e9xico asesin\u00f3 al jefe del Cartel Jalisco Nueva Generaci\u00f3n: ola de violencia, 14 muertos y 64 detenidos - Diario del Sur","robots":{"index":"index","follow":"follow","max-snippet":"max-snippet:-1","max-image-preview":"max-image-preview:large","max-video-preview":"max-video-preview:-1"},"canonical":"https:\/\/diariodelsurdigital.com.ar\/?p=7119","og_locale":"es_ES","og_type":"article","og_title":"El Ej\u00e9rcito de M\u00e9xico asesin\u00f3 al jefe del Cartel Jalisco Nueva Generaci\u00f3n: ola de violencia, 14 muertos y 64 detenidos - Diario del Sur","og_description":"Nemesio Oseguera Cervantes, alias El Mencho, fue eliminado en colaboraci\u00f3n con la inteligencia de EE.UU. Hubo bloqueos, tiroteos y quemas de autos en al menos 20 estados. Se trata del mayor golpe del gobierno de Sheinbaum al narcotr\u00e1fico. Con la colaboraci\u00f3n de la inteligencia estadounidense, el Ej\u00e9rcito mexicano mat\u00f3 el domingo a Nemesio Oseguera Cervantes, [&hellip;]","og_url":"https:\/\/diariodelsurdigital.com.ar\/?p=7119","og_site_name":"Diario del Sur","article_published_time":"2026-02-23T13:13:48+00:00","article_modified_time":"2026-02-23T13:13:49+00:00","og_image":[{"width":992,"height":623,"url":"https:\/\/diariodelsurdigital.com.ar\/wp-content\/uploads\/2026\/02\/md-46.webp","type":"image\/webp"}],"author":"Diario del Sur Digital","twitter_card":"summary_large_image","twitter_misc":{"Escrito por":"Diario del Sur Digital","Tiempo de lectura":"4 minutos"},"schema":{"@context":"https:\/\/schema.org","@graph":[{"@type":"Article","@id":"https:\/\/diariodelsurdigital.com.ar\/?p=7119#article","isPartOf":{"@id":"https:\/\/diariodelsurdigital.com.ar\/?p=7119"},"author":{"name":"Diario del Sur Digital","@id":"https:\/\/diariodelsurdigital.com.ar\/#\/schema\/person\/1a4992532ed62965c968031b49195c81"},"headline":"El Ej\u00e9rcito de M\u00e9xico asesin\u00f3 al jefe del Cartel Jalisco Nueva Generaci\u00f3n: ola de violencia, 14 muertos y 64 detenidos","datePublished":"2026-02-23T13:13:48+00:00","dateModified":"2026-02-23T13:13:49+00:00","mainEntityOfPage":{"@id":"https:\/\/diariodelsurdigital.com.ar\/?p=7119"},"wordCount":876,"commentCount":0,"image":{"@id":"https:\/\/diariodelsurdigital.com.ar\/?p=7119#primaryimage"},"thumbnailUrl":"https:\/\/diariodelsurdigital.com.ar\/wp-content\/uploads\/2026\/02\/md-46.webp","articleSection":["Inter\u00e9s General","Internacionales"],"inLanguage":"es","potentialAction":[{"@type":"CommentAction","name":"Comment","target":["https:\/\/diariodelsurdigital.com.ar\/?p=7119#respond"]}]},{"@type":"WebPage","@id":"https:\/\/diariodelsurdigital.com.ar\/?p=7119","url":"https:\/\/diariodelsurdigital.com.ar\/?p=7119","name":"El Ej\u00e9rcito de M\u00e9xico asesin\u00f3 al jefe del Cartel Jalisco Nueva Generaci\u00f3n: ola de violencia, 14 muertos y 64 detenidos - Diario del Sur","isPartOf":{"@id":"https:\/\/diariodelsurdigital.com.ar\/#website"},"primaryImageOfPage":{"@id":"https:\/\/diariodelsurdigital.com.ar\/?p=7119#primaryimage"},"image":{"@id":"https:\/\/diariodelsurdigital.com.ar\/?p=7119#primaryimage"},"thumbnailUrl":"https:\/\/diariodelsurdigital.com.ar\/wp-content\/uploads\/2026\/02\/md-46.webp","datePublished":"2026-02-23T13:13:48+00:00","dateModified":"2026-02-23T13:13:49+00:00","author":{"@id":"https:\/\/diariodelsurdigital.com.ar\/#\/schema\/person\/1a4992532ed62965c968031b49195c81"},"breadcrumb":{"@id":"https:\/\/diariodelsurdigital.com.ar\/?p=7119#breadcrumb"},"inLanguage":"es","potentialAction":[{"@type":"ReadAction","target":["https:\/\/diariodelsurdigital.com.ar\/?p=7119"]}]},{"@type":"ImageObject","inLanguage":"es","@id":"https:\/\/diariodelsurdigital.com.ar\/?p=7119#primaryimage","url":"https:\/\/diariodelsurdigital.com.ar\/wp-content\/uploads\/2026\/02\/md-46.webp","contentUrl":"https:\/\/diariodelsurdigital.com.ar\/wp-content\/uploads\/2026\/02\/md-46.webp","width":992,"height":623},{"@type":"BreadcrumbList","@id":"https:\/\/diariodelsurdigital.com.ar\/?p=7119#breadcrumb","itemListElement":[{"@type":"ListItem","position":1,"name":"Portada","item":"https:\/\/diariodelsurdigital.com.ar\/"},{"@type":"ListItem","position":2,"name":"El Ej\u00e9rcito de M\u00e9xico asesin\u00f3 al jefe del Cartel Jalisco Nueva Generaci\u00f3n: ola de violencia, 14 muertos y 64 detenidos"}]},{"@type":"WebSite","@id":"https:\/\/diariodelsurdigital.com.ar\/#website","url":"https:\/\/diariodelsurdigital.com.ar\/","name":"Diario del Sur","description":"Digital","potentialAction":[{"@type":"SearchAction","target":{"@type":"EntryPoint","urlTemplate":"https:\/\/diariodelsurdigital.com.ar\/?s={search_term_string}"},"query-input":{"@type":"PropertyValueSpecification","valueRequired":true,"valueName":"search_term_string"}}],"inLanguage":"es"},{"@type":"Person","@id":"https:\/\/diariodelsurdigital.com.ar\/#\/schema\/person\/1a4992532ed62965c968031b49195c81","name":"Diario del Sur Digital","image":{"@type":"ImageObject","inLanguage":"es","@id":"https:\/\/secure.gravatar.com\/avatar\/f0c7c47fc7146d19828273b9b8eda651c9c7ab583767e6338d3d3bee825adf76?s=96&d=mm&r=g","url":"https:\/\/secure.gravatar.com\/avatar\/f0c7c47fc7146d19828273b9b8eda651c9c7ab583767e6338d3d3bee825adf76?s=96&d=mm&r=g","contentUrl":"https:\/\/secure.gravatar.com\/avatar\/f0c7c47fc7146d19828273b9b8eda651c9c7ab583767e6338d3d3bee825adf76?s=96&d=mm&r=g","caption":"Diario del Sur Digital"},"url":"https:\/\/diariodelsurdigital.com.ar\/?author=4"}]}},"_links":{"self":[{"href":"https:\/\/diariodelsurdigital.com.ar\/index.php?rest_route=\/wp\/v2\/posts\/7119","targetHints":{"allow":["GET"]}}],"collection":[{"href":"https:\/\/diariodelsurdigital.com.ar\/index.php?rest_route=\/wp\/v2\/posts"}],"about":[{"href":"https:\/\/diariodelsurdigital.com.ar\/index.php?rest_route=\/wp\/v2\/types\/post"}],"author":[{"embeddable":true,"href":"https:\/\/diariodelsurdigital.com.ar\/index.php?rest_route=\/wp\/v2\/users\/4"}],"replies":[{"embeddable":true,"href":"https:\/\/diariodelsurdigital.com.ar\/index.php?rest_route=%2Fwp%2Fv2%2Fcomments&post=7119"}],"version-history":[{"count":1,"href":"https:\/\/diariodelsurdigital.com.ar\/index.php?rest_route=\/wp\/v2\/posts\/7119\/revisions"}],"predecessor-version":[{"id":7121,"href":"https:\/\/diariodelsurdigital.com.ar\/index.php?rest_route=\/wp\/v2\/posts\/7119\/revisions\/7121"}],"wp:featuredmedia":[{"embeddable":true,"href":"https:\/\/diariodelsurdigital.com.ar\/index.php?rest_route=\/wp\/v2\/media\/7120"}],"wp:attachment":[{"href":"https:\/\/diariodelsurdigital.com.ar\/index.php?rest_route=%2Fwp%2Fv2%2Fmedia&parent=7119"}],"wp:term":[{"taxonomy":"category","embeddable":true,"href":"https:\/\/diariodelsurdigital.com.ar\/index.php?rest_route=%2Fwp%2Fv2%2Fcategories&post=7119"},{"taxonomy":"post_tag","embeddable":true,"href":"https:\/\/diariodelsurdigital.com.ar\/index.php?rest_route=%2Fwp%2Fv2%2Ftags&post=7119"}],"curies":[{"name":"wp","href":"https:\/\/api.w.org\/{rel}","templated":true}]}}