{"id":712,"date":"2025-01-23T15:05:34","date_gmt":"2025-01-23T18:05:34","guid":{"rendered":"https:\/\/diariodelsurdigital.com.ar\/?p=712"},"modified":"2025-01-23T15:05:36","modified_gmt":"2025-01-23T18:05:36","slug":"kicillof-volvio-a-cuestionar-las-politicas-de-milei-estan-haciendo-pedazos-la-capacidad-de-consumo","status":"publish","type":"post","link":"https:\/\/diariodelsurdigital.com.ar\/?p=712","title":{"rendered":"Kicillof volvi\u00f3 a cuestionar las pol\u00edticas de Milei: \u00abEst\u00e1n haciendo pedazos la capacidad de consumo\u00bb"},"content":{"rendered":"\n<p>El gobernador Axel Kicillof asegur\u00f3 este mi\u00e9rcoles que el plan econ\u00f3mico del gobierno nacional est\u00e1 \u00abhaciendo pedazos la capacidad de consumo del pueblo argentino\u00bb y precis\u00f3 que baj\u00f3 la venta de carne, pollo, leche y frutas, entre otros alimentos. \u00abCon Milei la plata no le alcanza a (casi) nadie\u00bb, sentenci\u00f3.<\/p>\n\n\n\n<p>El mandatario bonaerense volvi\u00f3 as\u00ed a cargar contra el plan libertario que est\u00e1 ejecutando el ministro de Econom\u00eda, Luis Caputo, en medio de la disputa abierta que mantiene con Naci\u00f3n por la deuda billonaria en recursos y obras que es reclamada por la Provincia. Y sum\u00f3 m\u00e1s millas en su plan para posicionarse como el principal opositor al l\u00edder de LLA de cara a 2027.<\/p>\n\n\n\n<p>\u00abComo de costumbre, cada vez que gobierna la derecha presenciamos el sobrehumano esfuerzo para \u00abmilitar el ajuste\u00bb. Es decir, atenuar o hasta hacer pasar por positivo el sacrificio que le hacen padecer a la sociedad. As\u00ed se festeja como un \u00e9xito que suban los bonos y acciones en la Bolsa mientras caen los ingresos y se deterioran las condiciones de vida de los sectores medios, trabajadores, populares\u00bb, dijo Kicillof en el arranque de su posteo en X.<\/p>\n\n\n\n<p>Kicillof critic\u00f3 a quienes militan el ajuste libertario y mostr\u00f3 con gr\u00e1ficos c\u00f3mo se desplom\u00f3 el consumo de carne de vaca y de pollo en la sociedad argentina como consecuencia de las pol\u00edticas nacionales. \u00abEl episodio de hoy se titula: \u00abLos argentinos cambiaron los h\u00e1bitos y ahora consumen m\u00e1s carne de pollo que de vaca\u00bb. Es una forma tramposa y miserable de presentar la cruel realidad: con la pol\u00edtica econ\u00f3mica de Milei, el consumo de carne se desplom\u00f3 y es el menor en 100 a\u00f1os, al tiempo que cay\u00f3 tambi\u00e9n el consumo de pollo, leche, frutas, verduras, etc\u00bb, dijo.<\/p>\n\n\n\n<p>El gobernador sostuvo que, mientras baj\u00f3 el consumo interno, lo que s\u00ed subi\u00f3 fue la exportaci\u00f3n de carne bovina. \u00abLa Argentina de Milei es as\u00ed, menos consumo de carne y prote\u00ednas. Y su modelo de pa\u00eds -como en su para\u00edso perdido de fines del siglo XIX- es precisamente ese, que la mayor\u00eda reduzca sus consumos por no tener ingresos suficientes y que se generen m\u00e1s \u00absaldos exportables\u00bb de alimentos como tambi\u00e9n de petr\u00f3leo, gas y energ\u00eda\u00bb, agreg\u00f3.<\/p>\n\n\n\n<p>Tambi\u00e9n se refiri\u00f3 a la gira que mantiene el presidente Milei luego de haber asistido a la asunci\u00f3n de Donald Trump en Estados Unidos. \u00abLo vemos a Milei recorriendo los pa\u00edses centrales, entregando nuestra soberan\u00eda, nuestros trabajos y nuestras riquezas naturales al mejor postor\u00bb, se\u00f1al\u00f3, y consider\u00f3 que los extranjeros \u00abno deben poder creer lo barato que nos vende, a cambio de reconocimiento personal, palmaditas en la espalda y premios truchos\u00bb.<\/p>\n\n\n\n<p><strong>\u00abEs con Axel\u00bb<\/strong><\/p>\n\n\n\n<p>En paralelo a las cr\u00edticas contra Milei, Kicillof avanza con el armado de un frente pol\u00edtico amplio, tal como anunci\u00f3 en la \u00faltima mateada de 2024, cuando asegur\u00f3 que ten\u00eda \u00abla obligaci\u00f3n\u00bb de ponerse \u00abal hombro\u00bb la construcci\u00f3n de un espacio que represente una alternativa para el futuro.<\/p>\n\n\n\n<p>La mesa pol\u00edtica que lideran el ministro de Gobierno, Carlos Bianco, y su par de Desarrollo de la Comunidad, Andr\u00e9s \u00abCuervo\u00bb Larroque, viene trabajando en el armado de mesas en las ocho secciones electorales y en los 135 distritos bonaerenses, bajo la consigna \u00abEs con Axel\u00bb. Hay varias que ya tienen fecha de lanzamiento en febrero. Por ahora, el foco est\u00e1 puesto en el interior bonaerense.<\/p>\n\n\n\n<p>En la hoja de ruta aparece primero la mesa de Mar del Plata, el pr\u00f3ximo 8 de febrero, un acto que podr\u00eda contar con la participaci\u00f3n de gobernador, aunque por el momento en Gobernaci\u00f3n aseguraron a&nbsp;<em><strong>Tiempo<\/strong><\/em>&nbsp;que todav\u00eda no est\u00e1 confirmado.<\/p>\n\n\n\n<p>Otra de las mesas axelistas se lanzar\u00e1 en Jun\u00edn, que pertenece a la cuarta secci\u00f3n electoral, el 15 de febrero. Y una semana despu\u00e9s, el 22 est\u00e1 previsto otra actividad en San Nicol\u00e1s, partido que integra la segunda secci\u00f3n. Tambi\u00e9n est\u00e1n armando lanzamientos en Azul (s\u00e9ptima secci\u00f3n) y en Bah\u00eda Blanca (sexta), aunque sin fecha por ahora.<\/p>\n","protected":false},"excerpt":{"rendered":"<p>El gobernador Axel Kicillof asegur\u00f3 este mi\u00e9rcoles que el plan econ\u00f3mico del gobierno nacional est\u00e1 \u00abhaciendo pedazos la capacidad de consumo del pueblo argentino\u00bb y precis\u00f3 que baj\u00f3 la venta de carne, pollo, leche y frutas, entre otros alimentos. \u00abCon Milei la plata no le alcanza a (casi) nadie\u00bb, sentenci\u00f3. El mandatario bonaerense volvi\u00f3 as\u00ed [&hellip;]<\/p>\n","protected":false},"author":4,"featured_media":713,"comment_status":"open","ping_status":"open","sticky":false,"template":"","format":"standard","meta":{"footnotes":""},"categories":[18,22],"tags":[],"class_list":{"0":"post-712","1":"post","2":"type-post","3":"status-publish","4":"format-standard","5":"has-post-thumbnail","7":"category-nacionales","8":"category-politica"},"yoast_head":"<!-- This site is optimized with the Yoast SEO plugin v27.4 - https:\/\/yoast.com\/product\/yoast-seo-wordpress\/ -->\n<title>Kicillof volvi\u00f3 a cuestionar las pol\u00edticas de Milei: &quot;Est\u00e1n haciendo pedazos la capacidad de consumo&quot; - Diario del Sur<\/title>\n<meta name=\"robots\" content=\"index, follow, max-snippet:-1, max-image-preview:large, max-video-preview:-1\" \/>\n<link rel=\"canonical\" href=\"https:\/\/diariodelsurdigital.com.ar\/?p=712\" \/>\n<meta property=\"og:locale\" content=\"es_ES\" \/>\n<meta property=\"og:type\" content=\"article\" \/>\n<meta property=\"og:title\" content=\"Kicillof volvi\u00f3 a cuestionar las pol\u00edticas de Milei: &quot;Est\u00e1n haciendo pedazos la capacidad de consumo&quot; - Diario del Sur\" \/>\n<meta property=\"og:description\" content=\"El gobernador Axel Kicillof asegur\u00f3 este mi\u00e9rcoles que el plan econ\u00f3mico del gobierno nacional est\u00e1 \u00abhaciendo pedazos la capacidad de consumo del pueblo argentino\u00bb y precis\u00f3 que baj\u00f3 la venta de carne, pollo, leche y frutas, entre otros alimentos. \u00abCon Milei la plata no le alcanza a (casi) nadie\u00bb, sentenci\u00f3. El mandatario bonaerense volvi\u00f3 as\u00ed [&hellip;]\" \/>\n<meta property=\"og:url\" content=\"https:\/\/diariodelsurdigital.com.ar\/?p=712\" \/>\n<meta property=\"og:site_name\" content=\"Diario del Sur\" \/>\n<meta property=\"article:published_time\" content=\"2025-01-23T18:05:34+00:00\" \/>\n<meta property=\"article:modified_time\" content=\"2025-01-23T18:05:36+00:00\" \/>\n<meta property=\"og:image\" content=\"https:\/\/diariodelsurdigital.com.ar\/wp-content\/uploads\/2025\/01\/web-axel-kicillof-mateada-la-plata-2.jpg\" \/>\n\t<meta property=\"og:image:width\" content=\"1200\" \/>\n\t<meta property=\"og:image:height\" content=\"800\" \/>\n\t<meta property=\"og:image:type\" content=\"image\/jpeg\" \/>\n<meta name=\"author\" content=\"Diario del Sur Digital\" \/>\n<meta name=\"twitter:card\" content=\"summary_large_image\" \/>\n<meta name=\"twitter:label1\" content=\"Escrito por\" \/>\n\t<meta name=\"twitter:data1\" content=\"Diario del Sur Digital\" \/>\n\t<meta name=\"twitter:label2\" content=\"Tiempo de lectura\" \/>\n\t<meta name=\"twitter:data2\" content=\"4 minutos\" \/>\n<script type=\"application\/ld+json\" class=\"yoast-schema-graph\">{\"@context\":\"https:\\\/\\\/schema.org\",\"@graph\":[{\"@type\":\"Article\",\"@id\":\"https:\\\/\\\/diariodelsurdigital.com.ar\\\/?p=712#article\",\"isPartOf\":{\"@id\":\"https:\\\/\\\/diariodelsurdigital.com.ar\\\/?p=712\"},\"author\":{\"name\":\"Diario del Sur Digital\",\"@id\":\"https:\\\/\\\/diariodelsurdigital.com.ar\\\/#\\\/schema\\\/person\\\/1a4992532ed62965c968031b49195c81\"},\"headline\":\"Kicillof volvi\u00f3 a cuestionar las pol\u00edticas de Milei: \u00abEst\u00e1n haciendo pedazos la capacidad de consumo\u00bb\",\"datePublished\":\"2025-01-23T18:05:34+00:00\",\"dateModified\":\"2025-01-23T18:05:36+00:00\",\"mainEntityOfPage\":{\"@id\":\"https:\\\/\\\/diariodelsurdigital.com.ar\\\/?p=712\"},\"wordCount\":718,\"commentCount\":0,\"image\":{\"@id\":\"https:\\\/\\\/diariodelsurdigital.com.ar\\\/?p=712#primaryimage\"},\"thumbnailUrl\":\"https:\\\/\\\/diariodelsurdigital.com.ar\\\/wp-content\\\/uploads\\\/2025\\\/01\\\/web-axel-kicillof-mateada-la-plata-2.jpg\",\"articleSection\":[\"Nacionales\",\"Pol\u00edtica\"],\"inLanguage\":\"es\",\"potentialAction\":[{\"@type\":\"CommentAction\",\"name\":\"Comment\",\"target\":[\"https:\\\/\\\/diariodelsurdigital.com.ar\\\/?p=712#respond\"]}]},{\"@type\":\"WebPage\",\"@id\":\"https:\\\/\\\/diariodelsurdigital.com.ar\\\/?p=712\",\"url\":\"https:\\\/\\\/diariodelsurdigital.com.ar\\\/?p=712\",\"name\":\"Kicillof volvi\u00f3 a cuestionar las pol\u00edticas de Milei: \\\"Est\u00e1n haciendo pedazos la capacidad de consumo\\\" - Diario del Sur\",\"isPartOf\":{\"@id\":\"https:\\\/\\\/diariodelsurdigital.com.ar\\\/#website\"},\"primaryImageOfPage\":{\"@id\":\"https:\\\/\\\/diariodelsurdigital.com.ar\\\/?p=712#primaryimage\"},\"image\":{\"@id\":\"https:\\\/\\\/diariodelsurdigital.com.ar\\\/?p=712#primaryimage\"},\"thumbnailUrl\":\"https:\\\/\\\/diariodelsurdigital.com.ar\\\/wp-content\\\/uploads\\\/2025\\\/01\\\/web-axel-kicillof-mateada-la-plata-2.jpg\",\"datePublished\":\"2025-01-23T18:05:34+00:00\",\"dateModified\":\"2025-01-23T18:05:36+00:00\",\"author\":{\"@id\":\"https:\\\/\\\/diariodelsurdigital.com.ar\\\/#\\\/schema\\\/person\\\/1a4992532ed62965c968031b49195c81\"},\"breadcrumb\":{\"@id\":\"https:\\\/\\\/diariodelsurdigital.com.ar\\\/?p=712#breadcrumb\"},\"inLanguage\":\"es\",\"potentialAction\":[{\"@type\":\"ReadAction\",\"target\":[\"https:\\\/\\\/diariodelsurdigital.com.ar\\\/?p=712\"]}]},{\"@type\":\"ImageObject\",\"inLanguage\":\"es\",\"@id\":\"https:\\\/\\\/diariodelsurdigital.com.ar\\\/?p=712#primaryimage\",\"url\":\"https:\\\/\\\/diariodelsurdigital.com.ar\\\/wp-content\\\/uploads\\\/2025\\\/01\\\/web-axel-kicillof-mateada-la-plata-2.jpg\",\"contentUrl\":\"https:\\\/\\\/diariodelsurdigital.com.ar\\\/wp-content\\\/uploads\\\/2025\\\/01\\\/web-axel-kicillof-mateada-la-plata-2.jpg\",\"width\":1200,\"height\":800},{\"@type\":\"BreadcrumbList\",\"@id\":\"https:\\\/\\\/diariodelsurdigital.com.ar\\\/?p=712#breadcrumb\",\"itemListElement\":[{\"@type\":\"ListItem\",\"position\":1,\"name\":\"Portada\",\"item\":\"https:\\\/\\\/diariodelsurdigital.com.ar\\\/\"},{\"@type\":\"ListItem\",\"position\":2,\"name\":\"Kicillof volvi\u00f3 a cuestionar las pol\u00edticas de Milei: \u00abEst\u00e1n haciendo pedazos la capacidad de consumo\u00bb\"}]},{\"@type\":\"WebSite\",\"@id\":\"https:\\\/\\\/diariodelsurdigital.com.ar\\\/#website\",\"url\":\"https:\\\/\\\/diariodelsurdigital.com.ar\\\/\",\"name\":\"Diario del Sur\",\"description\":\"Digital\",\"potentialAction\":[{\"@type\":\"SearchAction\",\"target\":{\"@type\":\"EntryPoint\",\"urlTemplate\":\"https:\\\/\\\/diariodelsurdigital.com.ar\\\/?s={search_term_string}\"},\"query-input\":{\"@type\":\"PropertyValueSpecification\",\"valueRequired\":true,\"valueName\":\"search_term_string\"}}],\"inLanguage\":\"es\"},{\"@type\":\"Person\",\"@id\":\"https:\\\/\\\/diariodelsurdigital.com.ar\\\/#\\\/schema\\\/person\\\/1a4992532ed62965c968031b49195c81\",\"name\":\"Diario del Sur Digital\",\"image\":{\"@type\":\"ImageObject\",\"inLanguage\":\"es\",\"@id\":\"https:\\\/\\\/secure.gravatar.com\\\/avatar\\\/f0c7c47fc7146d19828273b9b8eda651c9c7ab583767e6338d3d3bee825adf76?s=96&d=mm&r=g\",\"url\":\"https:\\\/\\\/secure.gravatar.com\\\/avatar\\\/f0c7c47fc7146d19828273b9b8eda651c9c7ab583767e6338d3d3bee825adf76?s=96&d=mm&r=g\",\"contentUrl\":\"https:\\\/\\\/secure.gravatar.com\\\/avatar\\\/f0c7c47fc7146d19828273b9b8eda651c9c7ab583767e6338d3d3bee825adf76?s=96&d=mm&r=g\",\"caption\":\"Diario del Sur Digital\"},\"url\":\"https:\\\/\\\/diariodelsurdigital.com.ar\\\/?author=4\"}]}<\/script>\n<!-- \/ Yoast SEO plugin. -->","yoast_head_json":{"title":"Kicillof volvi\u00f3 a cuestionar las pol\u00edticas de Milei: \"Est\u00e1n haciendo pedazos la capacidad de consumo\" - Diario del Sur","robots":{"index":"index","follow":"follow","max-snippet":"max-snippet:-1","max-image-preview":"max-image-preview:large","max-video-preview":"max-video-preview:-1"},"canonical":"https:\/\/diariodelsurdigital.com.ar\/?p=712","og_locale":"es_ES","og_type":"article","og_title":"Kicillof volvi\u00f3 a cuestionar las pol\u00edticas de Milei: \"Est\u00e1n haciendo pedazos la capacidad de consumo\" - Diario del Sur","og_description":"El gobernador Axel Kicillof asegur\u00f3 este mi\u00e9rcoles que el plan econ\u00f3mico del gobierno nacional est\u00e1 \u00abhaciendo pedazos la capacidad de consumo del pueblo argentino\u00bb y precis\u00f3 que baj\u00f3 la venta de carne, pollo, leche y frutas, entre otros alimentos. \u00abCon Milei la plata no le alcanza a (casi) nadie\u00bb, sentenci\u00f3. El mandatario bonaerense volvi\u00f3 as\u00ed [&hellip;]","og_url":"https:\/\/diariodelsurdigital.com.ar\/?p=712","og_site_name":"Diario del Sur","article_published_time":"2025-01-23T18:05:34+00:00","article_modified_time":"2025-01-23T18:05:36+00:00","og_image":[{"width":1200,"height":800,"url":"https:\/\/diariodelsurdigital.com.ar\/wp-content\/uploads\/2025\/01\/web-axel-kicillof-mateada-la-plata-2.jpg","type":"image\/jpeg"}],"author":"Diario del Sur Digital","twitter_card":"summary_large_image","twitter_misc":{"Escrito por":"Diario del Sur Digital","Tiempo de lectura":"4 minutos"},"schema":{"@context":"https:\/\/schema.org","@graph":[{"@type":"Article","@id":"https:\/\/diariodelsurdigital.com.ar\/?p=712#article","isPartOf":{"@id":"https:\/\/diariodelsurdigital.com.ar\/?p=712"},"author":{"name":"Diario del Sur Digital","@id":"https:\/\/diariodelsurdigital.com.ar\/#\/schema\/person\/1a4992532ed62965c968031b49195c81"},"headline":"Kicillof volvi\u00f3 a cuestionar las pol\u00edticas de Milei: \u00abEst\u00e1n haciendo pedazos la capacidad de consumo\u00bb","datePublished":"2025-01-23T18:05:34+00:00","dateModified":"2025-01-23T18:05:36+00:00","mainEntityOfPage":{"@id":"https:\/\/diariodelsurdigital.com.ar\/?p=712"},"wordCount":718,"commentCount":0,"image":{"@id":"https:\/\/diariodelsurdigital.com.ar\/?p=712#primaryimage"},"thumbnailUrl":"https:\/\/diariodelsurdigital.com.ar\/wp-content\/uploads\/2025\/01\/web-axel-kicillof-mateada-la-plata-2.jpg","articleSection":["Nacionales","Pol\u00edtica"],"inLanguage":"es","potentialAction":[{"@type":"CommentAction","name":"Comment","target":["https:\/\/diariodelsurdigital.com.ar\/?p=712#respond"]}]},{"@type":"WebPage","@id":"https:\/\/diariodelsurdigital.com.ar\/?p=712","url":"https:\/\/diariodelsurdigital.com.ar\/?p=712","name":"Kicillof volvi\u00f3 a cuestionar las pol\u00edticas de Milei: \"Est\u00e1n haciendo pedazos la capacidad de consumo\" - Diario del Sur","isPartOf":{"@id":"https:\/\/diariodelsurdigital.com.ar\/#website"},"primaryImageOfPage":{"@id":"https:\/\/diariodelsurdigital.com.ar\/?p=712#primaryimage"},"image":{"@id":"https:\/\/diariodelsurdigital.com.ar\/?p=712#primaryimage"},"thumbnailUrl":"https:\/\/diariodelsurdigital.com.ar\/wp-content\/uploads\/2025\/01\/web-axel-kicillof-mateada-la-plata-2.jpg","datePublished":"2025-01-23T18:05:34+00:00","dateModified":"2025-01-23T18:05:36+00:00","author":{"@id":"https:\/\/diariodelsurdigital.com.ar\/#\/schema\/person\/1a4992532ed62965c968031b49195c81"},"breadcrumb":{"@id":"https:\/\/diariodelsurdigital.com.ar\/?p=712#breadcrumb"},"inLanguage":"es","potentialAction":[{"@type":"ReadAction","target":["https:\/\/diariodelsurdigital.com.ar\/?p=712"]}]},{"@type":"ImageObject","inLanguage":"es","@id":"https:\/\/diariodelsurdigital.com.ar\/?p=712#primaryimage","url":"https:\/\/diariodelsurdigital.com.ar\/wp-content\/uploads\/2025\/01\/web-axel-kicillof-mateada-la-plata-2.jpg","contentUrl":"https:\/\/diariodelsurdigital.com.ar\/wp-content\/uploads\/2025\/01\/web-axel-kicillof-mateada-la-plata-2.jpg","width":1200,"height":800},{"@type":"BreadcrumbList","@id":"https:\/\/diariodelsurdigital.com.ar\/?p=712#breadcrumb","itemListElement":[{"@type":"ListItem","position":1,"name":"Portada","item":"https:\/\/diariodelsurdigital.com.ar\/"},{"@type":"ListItem","position":2,"name":"Kicillof volvi\u00f3 a cuestionar las pol\u00edticas de Milei: \u00abEst\u00e1n haciendo pedazos la capacidad de consumo\u00bb"}]},{"@type":"WebSite","@id":"https:\/\/diariodelsurdigital.com.ar\/#website","url":"https:\/\/diariodelsurdigital.com.ar\/","name":"Diario del Sur","description":"Digital","potentialAction":[{"@type":"SearchAction","target":{"@type":"EntryPoint","urlTemplate":"https:\/\/diariodelsurdigital.com.ar\/?s={search_term_string}"},"query-input":{"@type":"PropertyValueSpecification","valueRequired":true,"valueName":"search_term_string"}}],"inLanguage":"es"},{"@type":"Person","@id":"https:\/\/diariodelsurdigital.com.ar\/#\/schema\/person\/1a4992532ed62965c968031b49195c81","name":"Diario del Sur Digital","image":{"@type":"ImageObject","inLanguage":"es","@id":"https:\/\/secure.gravatar.com\/avatar\/f0c7c47fc7146d19828273b9b8eda651c9c7ab583767e6338d3d3bee825adf76?s=96&d=mm&r=g","url":"https:\/\/secure.gravatar.com\/avatar\/f0c7c47fc7146d19828273b9b8eda651c9c7ab583767e6338d3d3bee825adf76?s=96&d=mm&r=g","contentUrl":"https:\/\/secure.gravatar.com\/avatar\/f0c7c47fc7146d19828273b9b8eda651c9c7ab583767e6338d3d3bee825adf76?s=96&d=mm&r=g","caption":"Diario del Sur Digital"},"url":"https:\/\/diariodelsurdigital.com.ar\/?author=4"}]}},"_links":{"self":[{"href":"https:\/\/diariodelsurdigital.com.ar\/index.php?rest_route=\/wp\/v2\/posts\/712","targetHints":{"allow":["GET"]}}],"collection":[{"href":"https:\/\/diariodelsurdigital.com.ar\/index.php?rest_route=\/wp\/v2\/posts"}],"about":[{"href":"https:\/\/diariodelsurdigital.com.ar\/index.php?rest_route=\/wp\/v2\/types\/post"}],"author":[{"embeddable":true,"href":"https:\/\/diariodelsurdigital.com.ar\/index.php?rest_route=\/wp\/v2\/users\/4"}],"replies":[{"embeddable":true,"href":"https:\/\/diariodelsurdigital.com.ar\/index.php?rest_route=%2Fwp%2Fv2%2Fcomments&post=712"}],"version-history":[{"count":1,"href":"https:\/\/diariodelsurdigital.com.ar\/index.php?rest_route=\/wp\/v2\/posts\/712\/revisions"}],"predecessor-version":[{"id":714,"href":"https:\/\/diariodelsurdigital.com.ar\/index.php?rest_route=\/wp\/v2\/posts\/712\/revisions\/714"}],"wp:featuredmedia":[{"embeddable":true,"href":"https:\/\/diariodelsurdigital.com.ar\/index.php?rest_route=\/wp\/v2\/media\/713"}],"wp:attachment":[{"href":"https:\/\/diariodelsurdigital.com.ar\/index.php?rest_route=%2Fwp%2Fv2%2Fmedia&parent=712"}],"wp:term":[{"taxonomy":"category","embeddable":true,"href":"https:\/\/diariodelsurdigital.com.ar\/index.php?rest_route=%2Fwp%2Fv2%2Fcategories&post=712"},{"taxonomy":"post_tag","embeddable":true,"href":"https:\/\/diariodelsurdigital.com.ar\/index.php?rest_route=%2Fwp%2Fv2%2Ftags&post=712"}],"curies":[{"name":"wp","href":"https:\/\/api.w.org\/{rel}","templated":true}]}}