{"id":7131,"date":"2026-02-23T13:24:14","date_gmt":"2026-02-23T16:24:14","guid":{"rendered":"https:\/\/diariodelsurdigital.com.ar\/?p=7131"},"modified":"2026-02-23T13:24:15","modified_gmt":"2026-02-23T16:24:15","slug":"recorriendo-nuestra-tierra-salida-cicloturista-hasta-puerto-yerua","status":"publish","type":"post","link":"https:\/\/diariodelsurdigital.com.ar\/?p=7131","title":{"rendered":"RECORRIENDO NUESTRA TIERRA: Salida cicloturista hasta Puerto Yeru\u00e1"},"content":{"rendered":"\n<p><\/p>\n\n\n\n<p>La agrupaci\u00f3n MTB Tierra Negra te invita a una salida cicloturista \u00fanica, recorriendo nuestra tierra y su historia.<\/p>\n\n\n\n<p>En Puerto Yeru\u00e1, contaremos con el acompa\u00f1amiento y relato hist\u00f3rico del profesor Rub\u00e9n Bonelli y la profesora Julieta Ferrer, Presidente y coordinadora de la Asociaci\u00f3n Artiguista de la Regi\u00f3n de Salto Grande, para descubrir los lugares que marcaron la identidad de nuestro pueblo mientras disfrutamos de la bicicleta y la naturaleza.<\/p>\n\n\n\n<figure class=\"wp-block-image size-large\"><img loading=\"lazy\" decoding=\"async\" width=\"683\" height=\"1024\" src=\"https:\/\/diariodelsurdigital.com.ar\/wp-content\/uploads\/2026\/02\/WhatsApp-Image-2026-02-19-at-17.51.24-683x1024.jpeg\" alt=\"\" class=\"wp-image-7133\" srcset=\"https:\/\/diariodelsurdigital.com.ar\/wp-content\/uploads\/2026\/02\/WhatsApp-Image-2026-02-19-at-17.51.24-683x1024.jpeg 683w, https:\/\/diariodelsurdigital.com.ar\/wp-content\/uploads\/2026\/02\/WhatsApp-Image-2026-02-19-at-17.51.24-200x300.jpeg 200w, https:\/\/diariodelsurdigital.com.ar\/wp-content\/uploads\/2026\/02\/WhatsApp-Image-2026-02-19-at-17.51.24-768x1152.jpeg 768w, https:\/\/diariodelsurdigital.com.ar\/wp-content\/uploads\/2026\/02\/WhatsApp-Image-2026-02-19-at-17.51.24-280x420.jpeg 280w, https:\/\/diariodelsurdigital.com.ar\/wp-content\/uploads\/2026\/02\/WhatsApp-Image-2026-02-19-at-17.51.24-696x1044.jpeg 696w, https:\/\/diariodelsurdigital.com.ar\/wp-content\/uploads\/2026\/02\/WhatsApp-Image-2026-02-19-at-17.51.24.jpeg 1024w\" sizes=\"auto, (max-width: 683px) 100vw, 683px\" \/><\/figure>\n\n\n\n<p><strong>SALIDA<\/strong><\/p>\n\n\n\n<p>\ud83d\udcc5 Fecha: 1 de marzo de 2026<\/p>\n\n\n\n<p><strong>\ud83d\udd57 Puntos de partida:<\/strong><\/p>\n\n\n\n<p>\ud83d\udccd YPF Ruta 248 \u2013 8:00 hs<\/p>\n\n\n\n<p>\ud83d\udccd Estaci\u00f3n de Servicio Chiqui Garc\u00eda \u2013 7:15 hs<\/p>\n\n\n\n<p>\ud83d\udeb4\u200d\u2640\ufe0f Una jornada para pedalear, aprender, compartir y sentir nuestras ra\u00edces sobre dos ruedas.<\/p>\n\n\n\n<p>\ud83d\udc49 Actividad recreativa, ritmo cicloturista y abierta a quienes deseen sumarse.<\/p>\n\n\n\n<p>\ud83c\udf92 Importante llevar:<\/p>\n\n\n\n<p>\u2714\ufe0f Casco obligatorio<\/p>\n\n\n\n<p>\ud83d\udca7 Hidrataci\u00f3n<\/p>\n\n\n\n<p>\ud83c\udf4c Alimentaci\u00f3n liviana<\/p>\n\n\n\n<p>\ud83d\udd27 C\u00e1mara + kit b\u00e1sico<\/p>\n\n\n\n<p>\ud83d\udd29 Inflador<\/p>\n\n\n\n<p>\ud83d\udcf1 Celular y dinero<\/p>\n\n\n\n<p>\u00a1Te esperamos para vivir la historia pedaleando!<\/p>\n","protected":false},"excerpt":{"rendered":"<p>La agrupaci\u00f3n MTB Tierra Negra te invita a una salida cicloturista \u00fanica, recorriendo nuestra tierra y su historia. En Puerto Yeru\u00e1, contaremos con el acompa\u00f1amiento y relato hist\u00f3rico del profesor Rub\u00e9n Bonelli y la profesora Julieta Ferrer, Presidente y coordinadora de la Asociaci\u00f3n Artiguista de la Regi\u00f3n de Salto Grande, para descubrir los lugares que [&hellip;]<\/p>\n","protected":false},"author":2,"featured_media":7132,"comment_status":"open","ping_status":"open","sticky":false,"template":"","format":"standard","meta":{"footnotes":""},"categories":[19,16],"tags":[],"class_list":{"0":"post-7131","1":"post","2":"type-post","3":"status-publish","4":"format-standard","5":"has-post-thumbnail","7":"category-interes-general","8":"category-locales"},"yoast_head":"<!-- This site is optimized with the Yoast SEO plugin v27.4 - https:\/\/yoast.com\/product\/yoast-seo-wordpress\/ -->\n<title>RECORRIENDO NUESTRA TIERRA: Salida cicloturista hasta Puerto Yeru\u00e1 - Diario del Sur<\/title>\n<meta name=\"robots\" content=\"index, follow, max-snippet:-1, max-image-preview:large, max-video-preview:-1\" \/>\n<link rel=\"canonical\" href=\"https:\/\/diariodelsurdigital.com.ar\/?p=7131\" \/>\n<meta property=\"og:locale\" content=\"es_ES\" \/>\n<meta property=\"og:type\" content=\"article\" \/>\n<meta property=\"og:title\" content=\"RECORRIENDO NUESTRA TIERRA: Salida cicloturista hasta Puerto Yeru\u00e1 - Diario del Sur\" \/>\n<meta property=\"og:description\" content=\"La agrupaci\u00f3n MTB Tierra Negra te invita a una salida cicloturista \u00fanica, recorriendo nuestra tierra y su historia. En Puerto Yeru\u00e1, contaremos con el acompa\u00f1amiento y relato hist\u00f3rico del profesor Rub\u00e9n Bonelli y la profesora Julieta Ferrer, Presidente y coordinadora de la Asociaci\u00f3n Artiguista de la Regi\u00f3n de Salto Grande, para descubrir los lugares que [&hellip;]\" \/>\n<meta property=\"og:url\" content=\"https:\/\/diariodelsurdigital.com.ar\/?p=7131\" \/>\n<meta property=\"og:site_name\" content=\"Diario del Sur\" \/>\n<meta property=\"article:published_time\" content=\"2026-02-23T16:24:14+00:00\" \/>\n<meta property=\"article:modified_time\" content=\"2026-02-23T16:24:15+00:00\" \/>\n<meta property=\"og:image\" content=\"https:\/\/diariodelsurdigital.com.ar\/wp-content\/uploads\/2026\/02\/images-21.jpeg\" \/>\n\t<meta property=\"og:image:width\" content=\"464\" \/>\n\t<meta property=\"og:image:height\" content=\"308\" \/>\n\t<meta property=\"og:image:type\" content=\"image\/jpeg\" \/>\n<meta name=\"author\" content=\"Diario del Sur Digital\" \/>\n<meta name=\"twitter:card\" content=\"summary_large_image\" \/>\n<meta name=\"twitter:label1\" content=\"Escrito por\" \/>\n\t<meta name=\"twitter:data1\" content=\"Diario del Sur Digital\" \/>\n\t<meta name=\"twitter:label2\" content=\"Tiempo de lectura\" \/>\n\t<meta name=\"twitter:data2\" content=\"2 minutos\" \/>\n<script type=\"application\/ld+json\" class=\"yoast-schema-graph\">{\"@context\":\"https:\\\/\\\/schema.org\",\"@graph\":[{\"@type\":\"Article\",\"@id\":\"https:\\\/\\\/diariodelsurdigital.com.ar\\\/?p=7131#article\",\"isPartOf\":{\"@id\":\"https:\\\/\\\/diariodelsurdigital.com.ar\\\/?p=7131\"},\"author\":{\"name\":\"Diario del Sur Digital\",\"@id\":\"https:\\\/\\\/diariodelsurdigital.com.ar\\\/#\\\/schema\\\/person\\\/6136a32571657f7dba980b88b04c5465\"},\"headline\":\"RECORRIENDO NUESTRA TIERRA: Salida cicloturista hasta Puerto Yeru\u00e1\",\"datePublished\":\"2026-02-23T16:24:14+00:00\",\"dateModified\":\"2026-02-23T16:24:15+00:00\",\"mainEntityOfPage\":{\"@id\":\"https:\\\/\\\/diariodelsurdigital.com.ar\\\/?p=7131\"},\"wordCount\":151,\"commentCount\":0,\"image\":{\"@id\":\"https:\\\/\\\/diariodelsurdigital.com.ar\\\/?p=7131#primaryimage\"},\"thumbnailUrl\":\"https:\\\/\\\/diariodelsurdigital.com.ar\\\/wp-content\\\/uploads\\\/2026\\\/02\\\/images-21.jpeg\",\"articleSection\":[\"Inter\u00e9s General\",\"Locales\"],\"inLanguage\":\"es\",\"potentialAction\":[{\"@type\":\"CommentAction\",\"name\":\"Comment\",\"target\":[\"https:\\\/\\\/diariodelsurdigital.com.ar\\\/?p=7131#respond\"]}]},{\"@type\":\"WebPage\",\"@id\":\"https:\\\/\\\/diariodelsurdigital.com.ar\\\/?p=7131\",\"url\":\"https:\\\/\\\/diariodelsurdigital.com.ar\\\/?p=7131\",\"name\":\"RECORRIENDO NUESTRA TIERRA: Salida cicloturista hasta Puerto Yeru\u00e1 - Diario del Sur\",\"isPartOf\":{\"@id\":\"https:\\\/\\\/diariodelsurdigital.com.ar\\\/#website\"},\"primaryImageOfPage\":{\"@id\":\"https:\\\/\\\/diariodelsurdigital.com.ar\\\/?p=7131#primaryimage\"},\"image\":{\"@id\":\"https:\\\/\\\/diariodelsurdigital.com.ar\\\/?p=7131#primaryimage\"},\"thumbnailUrl\":\"https:\\\/\\\/diariodelsurdigital.com.ar\\\/wp-content\\\/uploads\\\/2026\\\/02\\\/images-21.jpeg\",\"datePublished\":\"2026-02-23T16:24:14+00:00\",\"dateModified\":\"2026-02-23T16:24:15+00:00\",\"author\":{\"@id\":\"https:\\\/\\\/diariodelsurdigital.com.ar\\\/#\\\/schema\\\/person\\\/6136a32571657f7dba980b88b04c5465\"},\"breadcrumb\":{\"@id\":\"https:\\\/\\\/diariodelsurdigital.com.ar\\\/?p=7131#breadcrumb\"},\"inLanguage\":\"es\",\"potentialAction\":[{\"@type\":\"ReadAction\",\"target\":[\"https:\\\/\\\/diariodelsurdigital.com.ar\\\/?p=7131\"]}]},{\"@type\":\"ImageObject\",\"inLanguage\":\"es\",\"@id\":\"https:\\\/\\\/diariodelsurdigital.com.ar\\\/?p=7131#primaryimage\",\"url\":\"https:\\\/\\\/diariodelsurdigital.com.ar\\\/wp-content\\\/uploads\\\/2026\\\/02\\\/images-21.jpeg\",\"contentUrl\":\"https:\\\/\\\/diariodelsurdigital.com.ar\\\/wp-content\\\/uploads\\\/2026\\\/02\\\/images-21.jpeg\",\"width\":464,\"height\":308},{\"@type\":\"BreadcrumbList\",\"@id\":\"https:\\\/\\\/diariodelsurdigital.com.ar\\\/?p=7131#breadcrumb\",\"itemListElement\":[{\"@type\":\"ListItem\",\"position\":1,\"name\":\"Portada\",\"item\":\"https:\\\/\\\/diariodelsurdigital.com.ar\\\/\"},{\"@type\":\"ListItem\",\"position\":2,\"name\":\"RECORRIENDO NUESTRA TIERRA: Salida cicloturista hasta Puerto Yeru\u00e1\"}]},{\"@type\":\"WebSite\",\"@id\":\"https:\\\/\\\/diariodelsurdigital.com.ar\\\/#website\",\"url\":\"https:\\\/\\\/diariodelsurdigital.com.ar\\\/\",\"name\":\"Diario del Sur\",\"description\":\"Digital\",\"potentialAction\":[{\"@type\":\"SearchAction\",\"target\":{\"@type\":\"EntryPoint\",\"urlTemplate\":\"https:\\\/\\\/diariodelsurdigital.com.ar\\\/?s={search_term_string}\"},\"query-input\":{\"@type\":\"PropertyValueSpecification\",\"valueRequired\":true,\"valueName\":\"search_term_string\"}}],\"inLanguage\":\"es\"},{\"@type\":\"Person\",\"@id\":\"https:\\\/\\\/diariodelsurdigital.com.ar\\\/#\\\/schema\\\/person\\\/6136a32571657f7dba980b88b04c5465\",\"name\":\"Diario del Sur Digital\",\"image\":{\"@type\":\"ImageObject\",\"inLanguage\":\"es\",\"@id\":\"https:\\\/\\\/secure.gravatar.com\\\/avatar\\\/4c29ceac98541dd42460b2474aaa5dd37594d6ce6cb3cf2c101d09b48ee287ba?s=96&d=mm&r=g\",\"url\":\"https:\\\/\\\/secure.gravatar.com\\\/avatar\\\/4c29ceac98541dd42460b2474aaa5dd37594d6ce6cb3cf2c101d09b48ee287ba?s=96&d=mm&r=g\",\"contentUrl\":\"https:\\\/\\\/secure.gravatar.com\\\/avatar\\\/4c29ceac98541dd42460b2474aaa5dd37594d6ce6cb3cf2c101d09b48ee287ba?s=96&d=mm&r=g\",\"caption\":\"Diario del Sur Digital\"},\"url\":\"https:\\\/\\\/diariodelsurdigital.com.ar\\\/?author=2\"}]}<\/script>\n<!-- \/ Yoast SEO plugin. -->","yoast_head_json":{"title":"RECORRIENDO NUESTRA TIERRA: Salida cicloturista hasta Puerto Yeru\u00e1 - Diario del Sur","robots":{"index":"index","follow":"follow","max-snippet":"max-snippet:-1","max-image-preview":"max-image-preview:large","max-video-preview":"max-video-preview:-1"},"canonical":"https:\/\/diariodelsurdigital.com.ar\/?p=7131","og_locale":"es_ES","og_type":"article","og_title":"RECORRIENDO NUESTRA TIERRA: Salida cicloturista hasta Puerto Yeru\u00e1 - Diario del Sur","og_description":"La agrupaci\u00f3n MTB Tierra Negra te invita a una salida cicloturista \u00fanica, recorriendo nuestra tierra y su historia. En Puerto Yeru\u00e1, contaremos con el acompa\u00f1amiento y relato hist\u00f3rico del profesor Rub\u00e9n Bonelli y la profesora Julieta Ferrer, Presidente y coordinadora de la Asociaci\u00f3n Artiguista de la Regi\u00f3n de Salto Grande, para descubrir los lugares que [&hellip;]","og_url":"https:\/\/diariodelsurdigital.com.ar\/?p=7131","og_site_name":"Diario del Sur","article_published_time":"2026-02-23T16:24:14+00:00","article_modified_time":"2026-02-23T16:24:15+00:00","og_image":[{"width":464,"height":308,"url":"https:\/\/diariodelsurdigital.com.ar\/wp-content\/uploads\/2026\/02\/images-21.jpeg","type":"image\/jpeg"}],"author":"Diario del Sur Digital","twitter_card":"summary_large_image","twitter_misc":{"Escrito por":"Diario del Sur Digital","Tiempo de lectura":"2 minutos"},"schema":{"@context":"https:\/\/schema.org","@graph":[{"@type":"Article","@id":"https:\/\/diariodelsurdigital.com.ar\/?p=7131#article","isPartOf":{"@id":"https:\/\/diariodelsurdigital.com.ar\/?p=7131"},"author":{"name":"Diario del Sur Digital","@id":"https:\/\/diariodelsurdigital.com.ar\/#\/schema\/person\/6136a32571657f7dba980b88b04c5465"},"headline":"RECORRIENDO NUESTRA TIERRA: Salida cicloturista hasta Puerto Yeru\u00e1","datePublished":"2026-02-23T16:24:14+00:00","dateModified":"2026-02-23T16:24:15+00:00","mainEntityOfPage":{"@id":"https:\/\/diariodelsurdigital.com.ar\/?p=7131"},"wordCount":151,"commentCount":0,"image":{"@id":"https:\/\/diariodelsurdigital.com.ar\/?p=7131#primaryimage"},"thumbnailUrl":"https:\/\/diariodelsurdigital.com.ar\/wp-content\/uploads\/2026\/02\/images-21.jpeg","articleSection":["Inter\u00e9s General","Locales"],"inLanguage":"es","potentialAction":[{"@type":"CommentAction","name":"Comment","target":["https:\/\/diariodelsurdigital.com.ar\/?p=7131#respond"]}]},{"@type":"WebPage","@id":"https:\/\/diariodelsurdigital.com.ar\/?p=7131","url":"https:\/\/diariodelsurdigital.com.ar\/?p=7131","name":"RECORRIENDO NUESTRA TIERRA: Salida cicloturista hasta Puerto Yeru\u00e1 - Diario del Sur","isPartOf":{"@id":"https:\/\/diariodelsurdigital.com.ar\/#website"},"primaryImageOfPage":{"@id":"https:\/\/diariodelsurdigital.com.ar\/?p=7131#primaryimage"},"image":{"@id":"https:\/\/diariodelsurdigital.com.ar\/?p=7131#primaryimage"},"thumbnailUrl":"https:\/\/diariodelsurdigital.com.ar\/wp-content\/uploads\/2026\/02\/images-21.jpeg","datePublished":"2026-02-23T16:24:14+00:00","dateModified":"2026-02-23T16:24:15+00:00","author":{"@id":"https:\/\/diariodelsurdigital.com.ar\/#\/schema\/person\/6136a32571657f7dba980b88b04c5465"},"breadcrumb":{"@id":"https:\/\/diariodelsurdigital.com.ar\/?p=7131#breadcrumb"},"inLanguage":"es","potentialAction":[{"@type":"ReadAction","target":["https:\/\/diariodelsurdigital.com.ar\/?p=7131"]}]},{"@type":"ImageObject","inLanguage":"es","@id":"https:\/\/diariodelsurdigital.com.ar\/?p=7131#primaryimage","url":"https:\/\/diariodelsurdigital.com.ar\/wp-content\/uploads\/2026\/02\/images-21.jpeg","contentUrl":"https:\/\/diariodelsurdigital.com.ar\/wp-content\/uploads\/2026\/02\/images-21.jpeg","width":464,"height":308},{"@type":"BreadcrumbList","@id":"https:\/\/diariodelsurdigital.com.ar\/?p=7131#breadcrumb","itemListElement":[{"@type":"ListItem","position":1,"name":"Portada","item":"https:\/\/diariodelsurdigital.com.ar\/"},{"@type":"ListItem","position":2,"name":"RECORRIENDO NUESTRA TIERRA: Salida cicloturista hasta Puerto Yeru\u00e1"}]},{"@type":"WebSite","@id":"https:\/\/diariodelsurdigital.com.ar\/#website","url":"https:\/\/diariodelsurdigital.com.ar\/","name":"Diario del Sur","description":"Digital","potentialAction":[{"@type":"SearchAction","target":{"@type":"EntryPoint","urlTemplate":"https:\/\/diariodelsurdigital.com.ar\/?s={search_term_string}"},"query-input":{"@type":"PropertyValueSpecification","valueRequired":true,"valueName":"search_term_string"}}],"inLanguage":"es"},{"@type":"Person","@id":"https:\/\/diariodelsurdigital.com.ar\/#\/schema\/person\/6136a32571657f7dba980b88b04c5465","name":"Diario del Sur Digital","image":{"@type":"ImageObject","inLanguage":"es","@id":"https:\/\/secure.gravatar.com\/avatar\/4c29ceac98541dd42460b2474aaa5dd37594d6ce6cb3cf2c101d09b48ee287ba?s=96&d=mm&r=g","url":"https:\/\/secure.gravatar.com\/avatar\/4c29ceac98541dd42460b2474aaa5dd37594d6ce6cb3cf2c101d09b48ee287ba?s=96&d=mm&r=g","contentUrl":"https:\/\/secure.gravatar.com\/avatar\/4c29ceac98541dd42460b2474aaa5dd37594d6ce6cb3cf2c101d09b48ee287ba?s=96&d=mm&r=g","caption":"Diario del Sur Digital"},"url":"https:\/\/diariodelsurdigital.com.ar\/?author=2"}]}},"_links":{"self":[{"href":"https:\/\/diariodelsurdigital.com.ar\/index.php?rest_route=\/wp\/v2\/posts\/7131","targetHints":{"allow":["GET"]}}],"collection":[{"href":"https:\/\/diariodelsurdigital.com.ar\/index.php?rest_route=\/wp\/v2\/posts"}],"about":[{"href":"https:\/\/diariodelsurdigital.com.ar\/index.php?rest_route=\/wp\/v2\/types\/post"}],"author":[{"embeddable":true,"href":"https:\/\/diariodelsurdigital.com.ar\/index.php?rest_route=\/wp\/v2\/users\/2"}],"replies":[{"embeddable":true,"href":"https:\/\/diariodelsurdigital.com.ar\/index.php?rest_route=%2Fwp%2Fv2%2Fcomments&post=7131"}],"version-history":[{"count":1,"href":"https:\/\/diariodelsurdigital.com.ar\/index.php?rest_route=\/wp\/v2\/posts\/7131\/revisions"}],"predecessor-version":[{"id":7134,"href":"https:\/\/diariodelsurdigital.com.ar\/index.php?rest_route=\/wp\/v2\/posts\/7131\/revisions\/7134"}],"wp:featuredmedia":[{"embeddable":true,"href":"https:\/\/diariodelsurdigital.com.ar\/index.php?rest_route=\/wp\/v2\/media\/7132"}],"wp:attachment":[{"href":"https:\/\/diariodelsurdigital.com.ar\/index.php?rest_route=%2Fwp%2Fv2%2Fmedia&parent=7131"}],"wp:term":[{"taxonomy":"category","embeddable":true,"href":"https:\/\/diariodelsurdigital.com.ar\/index.php?rest_route=%2Fwp%2Fv2%2Fcategories&post=7131"},{"taxonomy":"post_tag","embeddable":true,"href":"https:\/\/diariodelsurdigital.com.ar\/index.php?rest_route=%2Fwp%2Fv2%2Ftags&post=7131"}],"curies":[{"name":"wp","href":"https:\/\/api.w.org\/{rel}","templated":true}]}}