{"id":7135,"date":"2026-02-23T18:23:06","date_gmt":"2026-02-23T21:23:06","guid":{"rendered":"https:\/\/diariodelsurdigital.com.ar\/?p=7135"},"modified":"2026-02-23T18:23:07","modified_gmt":"2026-02-23T21:23:07","slug":"ahora-soy-un-muerto-social","status":"publish","type":"post","link":"https:\/\/diariodelsurdigital.com.ar\/?p=7135","title":{"rendered":"\u201cAhora soy un muerto social\u201d"},"content":{"rendered":"\n<p><strong>Por: Luis Edgardo Jakimchuk<\/strong><\/p>\n\n\n\n<p><br>\u201cAhora soy un muerto social\u201d, fue la conmovedora frase que le escuch\u00e9 a un trabajador de la empresa FATE que anunci\u00f3 su cierre definitivo. La dignidad de ese trabajador, que deriva su expresi\u00f3n, es un concepto fundamental en el \u00e1mbito laboral que garantiza el respeto y la protecci\u00f3n de su derecho humano. La dignidad es la cualidad de una persona responsable que tiene respeto a s\u00ed misma ante la degradaci\u00f3n de una ley que no salvaguarda su valor como trabajador. Me pregunto: \u00bfde qu\u00e9 trabajar\u00e1 este trabajador despedido? \u00bfSer\u00e1 de la misma calidad del trabajo perdido y salario? \u00bfEsta persona puede creer en una reconversi\u00f3n como dice el Gobierno? En t\u00e9rminos pr\u00e1cticos, esto implicar\u00eda que el trabajador queda bajo la amenaza constante de avasallamiento, lo que debilita su dignidad.<\/p>\n\n\n\n<p><br>Esto me lleva a recordar a Juan Per\u00f3n. La dignidad otorgada por Per\u00f3n a los trabajadores fue un acto de justicia social que buscaba dignificar el trabajo y humanizar el capital. Ten\u00eda el anhelo de proteger los derechos naturales e imprescriptibles de la persona humana. Per\u00f3n fue el hombre que crey\u00f3 en la suficiencia y dignidad de los trabajadores, y esto es graficado con claridad por Robustiano Patr\u00f3n Costas, un empresario ultraconservador que gobern\u00f3 la provincia de Salta: \u201cLo que yo nunca le voy a perdonar a Per\u00f3n es que durante su gobierno, y luego tambi\u00e9n, el negrito que ven\u00eda a pelear por su salario se atrev\u00eda a mirarnos a los ojos. \u00a1Ya no ped\u00eda! \u00a1Discut\u00eda!\u201d.<\/p>\n\n\n\n<p><br>El economista Eduardo Basualdo tambi\u00e9n lo grafica en su libro: \u201cLo que molestaba era el modelo de pa\u00eds, la dignificaci\u00f3n del trabajador, las relaciones sociales que tra\u00eda aparejado el modelo de industrializaci\u00f3n; por eso la redefinici\u00f3n de la relaci\u00f3n, de por s\u00ed desigual, entre capital y el trabajo tuvo tal magnitud que s\u00f3lo puede entenderse como una revancha olig\u00e1rquica sin precedentes hist\u00f3ricos en el pa\u00eds, acorde al profundo resentimiento que guardaba la oligarqu\u00eda nativa hacia la clase trabajadora argentina\u201d.<br>El escritor Ezequiel Mart\u00ednez Estrada, en un libelo furioso antiperonista, dec\u00eda: \u00abUna caracter\u00edstica sobresaliente de Per\u00f3n, tanto en su campa\u00f1a proselitista como en su programa doctrinario, es que recogi\u00f3 con minuciosidad de hurgador de los tachos de basura los residuos de todas las actividades nacionales, en los \u00f3rdenes espiritual y material\u00bb.<\/p>\n\n\n\n<p><br>Juan Per\u00f3n, durante su presidencia, implement\u00f3 leyes laborales \u2014algunas inspiradas en proyectos de Roca, S\u00e1enz Pe\u00f1a, Yrigoyen, Alvear\u2014 que sentaron las bases para un Estado de bienestar en nuestro pa\u00eds. Algunas de las leyes m\u00e1s destacadas: ley del descanso dominical, ley de ocho horas de trabajo, ley de accidentes de trabajo y el aguinaldo. Derechos a una retribuci\u00f3n justa, a condiciones dignas de trabajo, a la preservaci\u00f3n de la salud, a la seguridad social, a la protecci\u00f3n de la familia y a la defensa de los intereses profesionales.<\/p>\n\n\n\n<p><br>Juan Per\u00f3n siempre pens\u00f3 y llev\u00f3 a cabo su accionar pol\u00edtico en t\u00e9rminos de la Patria Grande. Tambi\u00e9n la cuesti\u00f3n sindical la pens\u00f3 en esos t\u00e9rminos; de ah\u00ed que en 1952 puso en marcha el proyecto de la Agrupaci\u00f3n de Trabajadores Latinoamericanos Sindicalistas (ATLAS). Estas leyes fueron parte de la promoci\u00f3n de la industria, la sindicalizaci\u00f3n y la protecci\u00f3n de los derechos laborales en Argentina. Se puede decir que con Per\u00f3n se inicia la era de la pol\u00edtica social argentina. Tambi\u00e9n los tribunales del trabajo tienen en la Argentina fecha de nacimiento precisa durante la gesti\u00f3n de Juan Per\u00f3n en la Secretar\u00eda de Trabajo y Previsi\u00f3n. Esta reforma aprobada transfiere competencias judiciales laborales a la Ciudad Aut\u00f3noma de Buenos Aires, donde la gran mayor\u00eda de las empresas tienen sus sedes, con jueces y fiscales puestos por el gobierno libertario.<\/p>\n\n\n\n<p><br>Solo un ejemplo de la perversidad de Milei y el PRO: si un trabajador con a\u00f1os de antig\u00fcedad es despedido con posterioridad a la promulgaci\u00f3n de la reforma, el c\u00e1lculo de su liquidaci\u00f3n quedar\u00eda sujeto a las condiciones establecidas en el nuevo marco legal. Expertos en derecho previsional y laboral se\u00f1alan que el margen para litigar contra esta aplicaci\u00f3n inmediata es estrecho. Si bien la relaci\u00f3n laboral comenz\u00f3 bajo una ley anterior, el hecho del despido ocurre bajo la vigencia de la nueva normativa. Esto es algo que la gran mayor\u00eda de la gente que aprueba la sanci\u00f3n de la ley NO TIENE EN CUENTA: que no est\u00e1 garantizado el derecho adquirido. Es una legislaci\u00f3n que apuesta al depravado juego financiero, realizada por estudios jur\u00eddicos privados; borraron del mapa leyes que fueron ejemplo de legislaci\u00f3n en Am\u00e9rica Latina y hasta en Am\u00e9rica del Norte.<\/p>\n\n\n\n<p><br>Ese profundo resentimiento hacia la clase trabajadora argentina, que Eduardo Basualdo remarca, lleg\u00f3 con un gobierno ultraderechista que representa a los due\u00f1os de la Argentina, vergonzosamente acompa\u00f1ado por algunos gobernadores peronistas que fueron a vigilar a sus diputados para que voten positivamente la ley y por la UCR. Esta ley, lejos de proponer una modernizaci\u00f3n laboral para los trabajadores, se centra no solo en aniquilar los logros obtenidos, sino que redefine las relaciones jur\u00eddicas y modifica los incentivos econ\u00f3micos.<\/p>\n\n\n\n<p><br>Desde esta perspectiva, el nuevo esquema choca con el art\u00edculo 14 bis de la Constituci\u00f3n y ser\u00e1 la Justicia la que lo definir\u00e1; una Justicia que solo existe para meter presos a los pobres ladrones de gallinas y no para los ladrones de dignidad. Tambi\u00e9n ir\u00e1n a parar all\u00ed las presentaciones contra la derogaci\u00f3n del Estatuto del Periodista Profesional. Esto hace pensar que vamos a un modelo de conflictividad permanente que terminar\u00e1 generando m\u00e1s precarizaci\u00f3n laboral y m\u00e1s caos.<\/p>\n\n\n\n<p><br>La l\u00f3gica es econ\u00f3mica hacia donde apunta la ley aprobada. El ministro Caputo cree que, con estabilidad, baja inflaci\u00f3n y apertura econ\u00f3mica, se incentiva la inversi\u00f3n y la toma de trabajadores porque despedir deja de ser riesgoso. Ahora bien, el empresario, \u00bfno contrata personal por miedo a la indemnizaci\u00f3n o porque no vende un carajo? El FMI est\u00e1 contento con la aprobaci\u00f3n de la ley, pero dice que el Gobierno debe buscar la forma de \u201cmitigar adecuadamente los costos de transici\u00f3n asociados a estas reformas\u201d. Esto, en criollo, quiere decir aplicar m\u00e1s violencia estatal.<\/p>\n\n\n\n<p><br>Frente a este escenario, el peronismo sucumbe en medio de una crisis de representatividad, sin una narrativa clara que genere esperanza. Una CGT que supo ser columna vertebral del movimiento solo muestra que le interesa su caja, y traiciones de peronistas elegidos para defender la dignidad del trabajador terminan vendi\u00e9ndose por unas chirolas de Milei. Respecto al desempe\u00f1o de varios sindicalistas, recuerdo una frase de Per\u00f3n cuando regres\u00f3 al pa\u00eds para ser por tercera vez presidente: \u201cYo les di poder; ricos los hicieron otros\u201d. Es el mejor indicador de la profunda decadencia de una dirigencia que ocupa cargos y NO DICE NI HACE NADA, que no se moviliza a acompa\u00f1ar las protestas de compa\u00f1eros trabajadores y solo busca aferrarse a cobrar a fin de mes y obstaculizar cualquier tentativa de renovaci\u00f3n. VERG\u00dcENZA DAN ALGUNOS.<\/p>\n\n\n\n<p><br>Muchos compa\u00f1eros desocupados y precarizados te dicen: \u201cSi no hay f\u00e1bricas no tendremos trabajo y esta ley no va a servir para nada, solo para hacernos m\u00e1s pobres\u201d. Tal vez si dirigentes de mi ciudad y de la provincia, que todav\u00eda no se hicieron cargo de nada, salen a la calle a escuchar y acompa\u00f1ar para construir la esperanza de que hay otra realidad posible para aquellos peronistas que votaron a Milei, Frigerio y Azcu\u00e9, otra ser\u00eda la historia. No vaya a ser que sea demasiado tarde para la aparici\u00f3n de algunos que sue\u00f1an con representar al peronismo.<\/p>\n\n\n\n<p><br>Termino con una cita de Jos\u00e9 Saramago: \u201cLa dignidad no tiene precio. Cuando alguien comienza a dar peque\u00f1as concesiones, al final, la vida pierde su sentido\u201d.<\/p>\n","protected":false},"excerpt":{"rendered":"<p>Por: Luis Edgardo Jakimchuk \u201cAhora soy un muerto social\u201d, fue la conmovedora frase que le escuch\u00e9 a un trabajador de la empresa FATE que anunci\u00f3 su cierre definitivo. La dignidad de ese trabajador, que deriva su expresi\u00f3n, es un concepto fundamental en el \u00e1mbito laboral que garantiza el respeto y la protecci\u00f3n de su derecho [&hellip;]<\/p>\n","protected":false},"author":2,"featured_media":7136,"comment_status":"open","ping_status":"open","sticky":false,"template":"","format":"standard","meta":{"footnotes":""},"categories":[19,16],"tags":[],"class_list":{"0":"post-7135","1":"post","2":"type-post","3":"status-publish","4":"format-standard","5":"has-post-thumbnail","7":"category-interes-general","8":"category-locales"},"yoast_head":"<!-- This site is optimized with the Yoast SEO plugin v27.4 - https:\/\/yoast.com\/product\/yoast-seo-wordpress\/ -->\n<title>\u201cAhora soy un muerto social\u201d - Diario del Sur<\/title>\n<meta name=\"robots\" content=\"index, follow, max-snippet:-1, max-image-preview:large, max-video-preview:-1\" \/>\n<link rel=\"canonical\" href=\"https:\/\/diariodelsurdigital.com.ar\/?p=7135\" \/>\n<meta property=\"og:locale\" content=\"es_ES\" \/>\n<meta property=\"og:type\" content=\"article\" \/>\n<meta property=\"og:title\" content=\"\u201cAhora soy un muerto social\u201d - Diario del Sur\" \/>\n<meta property=\"og:description\" content=\"Por: Luis Edgardo Jakimchuk \u201cAhora soy un muerto social\u201d, fue la conmovedora frase que le escuch\u00e9 a un trabajador de la empresa FATE que anunci\u00f3 su cierre definitivo. La dignidad de ese trabajador, que deriva su expresi\u00f3n, es un concepto fundamental en el \u00e1mbito laboral que garantiza el respeto y la protecci\u00f3n de su derecho [&hellip;]\" \/>\n<meta property=\"og:url\" content=\"https:\/\/diariodelsurdigital.com.ar\/?p=7135\" \/>\n<meta property=\"og:site_name\" content=\"Diario del Sur\" \/>\n<meta property=\"article:published_time\" content=\"2026-02-23T21:23:06+00:00\" \/>\n<meta property=\"article:modified_time\" content=\"2026-02-23T21:23:07+00:00\" \/>\n<meta property=\"og:image\" content=\"https:\/\/diariodelsurdigital.com.ar\/wp-content\/uploads\/2026\/02\/images-22.jpeg\" \/>\n\t<meta property=\"og:image:width\" content=\"468\" \/>\n\t<meta property=\"og:image:height\" content=\"291\" \/>\n\t<meta property=\"og:image:type\" content=\"image\/jpeg\" \/>\n<meta name=\"author\" content=\"Diario del Sur Digital\" \/>\n<meta name=\"twitter:card\" content=\"summary_large_image\" \/>\n<meta name=\"twitter:label1\" content=\"Escrito por\" \/>\n\t<meta name=\"twitter:data1\" content=\"Diario del Sur Digital\" \/>\n\t<meta name=\"twitter:label2\" content=\"Tiempo de lectura\" \/>\n\t<meta name=\"twitter:data2\" content=\"6 minutos\" \/>\n<script type=\"application\/ld+json\" class=\"yoast-schema-graph\">{\"@context\":\"https:\\\/\\\/schema.org\",\"@graph\":[{\"@type\":\"Article\",\"@id\":\"https:\\\/\\\/diariodelsurdigital.com.ar\\\/?p=7135#article\",\"isPartOf\":{\"@id\":\"https:\\\/\\\/diariodelsurdigital.com.ar\\\/?p=7135\"},\"author\":{\"name\":\"Diario del Sur Digital\",\"@id\":\"https:\\\/\\\/diariodelsurdigital.com.ar\\\/#\\\/schema\\\/person\\\/6136a32571657f7dba980b88b04c5465\"},\"headline\":\"\u201cAhora soy un muerto social\u201d\",\"datePublished\":\"2026-02-23T21:23:06+00:00\",\"dateModified\":\"2026-02-23T21:23:07+00:00\",\"mainEntityOfPage\":{\"@id\":\"https:\\\/\\\/diariodelsurdigital.com.ar\\\/?p=7135\"},\"wordCount\":1380,\"commentCount\":0,\"image\":{\"@id\":\"https:\\\/\\\/diariodelsurdigital.com.ar\\\/?p=7135#primaryimage\"},\"thumbnailUrl\":\"https:\\\/\\\/diariodelsurdigital.com.ar\\\/wp-content\\\/uploads\\\/2026\\\/02\\\/images-22.jpeg\",\"articleSection\":[\"Inter\u00e9s General\",\"Locales\"],\"inLanguage\":\"es\",\"potentialAction\":[{\"@type\":\"CommentAction\",\"name\":\"Comment\",\"target\":[\"https:\\\/\\\/diariodelsurdigital.com.ar\\\/?p=7135#respond\"]}]},{\"@type\":\"WebPage\",\"@id\":\"https:\\\/\\\/diariodelsurdigital.com.ar\\\/?p=7135\",\"url\":\"https:\\\/\\\/diariodelsurdigital.com.ar\\\/?p=7135\",\"name\":\"\u201cAhora soy un muerto social\u201d - Diario del Sur\",\"isPartOf\":{\"@id\":\"https:\\\/\\\/diariodelsurdigital.com.ar\\\/#website\"},\"primaryImageOfPage\":{\"@id\":\"https:\\\/\\\/diariodelsurdigital.com.ar\\\/?p=7135#primaryimage\"},\"image\":{\"@id\":\"https:\\\/\\\/diariodelsurdigital.com.ar\\\/?p=7135#primaryimage\"},\"thumbnailUrl\":\"https:\\\/\\\/diariodelsurdigital.com.ar\\\/wp-content\\\/uploads\\\/2026\\\/02\\\/images-22.jpeg\",\"datePublished\":\"2026-02-23T21:23:06+00:00\",\"dateModified\":\"2026-02-23T21:23:07+00:00\",\"author\":{\"@id\":\"https:\\\/\\\/diariodelsurdigital.com.ar\\\/#\\\/schema\\\/person\\\/6136a32571657f7dba980b88b04c5465\"},\"breadcrumb\":{\"@id\":\"https:\\\/\\\/diariodelsurdigital.com.ar\\\/?p=7135#breadcrumb\"},\"inLanguage\":\"es\",\"potentialAction\":[{\"@type\":\"ReadAction\",\"target\":[\"https:\\\/\\\/diariodelsurdigital.com.ar\\\/?p=7135\"]}]},{\"@type\":\"ImageObject\",\"inLanguage\":\"es\",\"@id\":\"https:\\\/\\\/diariodelsurdigital.com.ar\\\/?p=7135#primaryimage\",\"url\":\"https:\\\/\\\/diariodelsurdigital.com.ar\\\/wp-content\\\/uploads\\\/2026\\\/02\\\/images-22.jpeg\",\"contentUrl\":\"https:\\\/\\\/diariodelsurdigital.com.ar\\\/wp-content\\\/uploads\\\/2026\\\/02\\\/images-22.jpeg\",\"width\":468,\"height\":291},{\"@type\":\"BreadcrumbList\",\"@id\":\"https:\\\/\\\/diariodelsurdigital.com.ar\\\/?p=7135#breadcrumb\",\"itemListElement\":[{\"@type\":\"ListItem\",\"position\":1,\"name\":\"Portada\",\"item\":\"https:\\\/\\\/diariodelsurdigital.com.ar\\\/\"},{\"@type\":\"ListItem\",\"position\":2,\"name\":\"\u201cAhora soy un muerto social\u201d\"}]},{\"@type\":\"WebSite\",\"@id\":\"https:\\\/\\\/diariodelsurdigital.com.ar\\\/#website\",\"url\":\"https:\\\/\\\/diariodelsurdigital.com.ar\\\/\",\"name\":\"Diario del Sur\",\"description\":\"Digital\",\"potentialAction\":[{\"@type\":\"SearchAction\",\"target\":{\"@type\":\"EntryPoint\",\"urlTemplate\":\"https:\\\/\\\/diariodelsurdigital.com.ar\\\/?s={search_term_string}\"},\"query-input\":{\"@type\":\"PropertyValueSpecification\",\"valueRequired\":true,\"valueName\":\"search_term_string\"}}],\"inLanguage\":\"es\"},{\"@type\":\"Person\",\"@id\":\"https:\\\/\\\/diariodelsurdigital.com.ar\\\/#\\\/schema\\\/person\\\/6136a32571657f7dba980b88b04c5465\",\"name\":\"Diario del Sur Digital\",\"image\":{\"@type\":\"ImageObject\",\"inLanguage\":\"es\",\"@id\":\"https:\\\/\\\/secure.gravatar.com\\\/avatar\\\/4c29ceac98541dd42460b2474aaa5dd37594d6ce6cb3cf2c101d09b48ee287ba?s=96&d=mm&r=g\",\"url\":\"https:\\\/\\\/secure.gravatar.com\\\/avatar\\\/4c29ceac98541dd42460b2474aaa5dd37594d6ce6cb3cf2c101d09b48ee287ba?s=96&d=mm&r=g\",\"contentUrl\":\"https:\\\/\\\/secure.gravatar.com\\\/avatar\\\/4c29ceac98541dd42460b2474aaa5dd37594d6ce6cb3cf2c101d09b48ee287ba?s=96&d=mm&r=g\",\"caption\":\"Diario del Sur Digital\"},\"url\":\"https:\\\/\\\/diariodelsurdigital.com.ar\\\/?author=2\"}]}<\/script>\n<!-- \/ Yoast SEO plugin. -->","yoast_head_json":{"title":"\u201cAhora soy un muerto social\u201d - Diario del Sur","robots":{"index":"index","follow":"follow","max-snippet":"max-snippet:-1","max-image-preview":"max-image-preview:large","max-video-preview":"max-video-preview:-1"},"canonical":"https:\/\/diariodelsurdigital.com.ar\/?p=7135","og_locale":"es_ES","og_type":"article","og_title":"\u201cAhora soy un muerto social\u201d - Diario del Sur","og_description":"Por: Luis Edgardo Jakimchuk \u201cAhora soy un muerto social\u201d, fue la conmovedora frase que le escuch\u00e9 a un trabajador de la empresa FATE que anunci\u00f3 su cierre definitivo. La dignidad de ese trabajador, que deriva su expresi\u00f3n, es un concepto fundamental en el \u00e1mbito laboral que garantiza el respeto y la protecci\u00f3n de su derecho [&hellip;]","og_url":"https:\/\/diariodelsurdigital.com.ar\/?p=7135","og_site_name":"Diario del Sur","article_published_time":"2026-02-23T21:23:06+00:00","article_modified_time":"2026-02-23T21:23:07+00:00","og_image":[{"width":468,"height":291,"url":"https:\/\/diariodelsurdigital.com.ar\/wp-content\/uploads\/2026\/02\/images-22.jpeg","type":"image\/jpeg"}],"author":"Diario del Sur Digital","twitter_card":"summary_large_image","twitter_misc":{"Escrito por":"Diario del Sur Digital","Tiempo de lectura":"6 minutos"},"schema":{"@context":"https:\/\/schema.org","@graph":[{"@type":"Article","@id":"https:\/\/diariodelsurdigital.com.ar\/?p=7135#article","isPartOf":{"@id":"https:\/\/diariodelsurdigital.com.ar\/?p=7135"},"author":{"name":"Diario del Sur Digital","@id":"https:\/\/diariodelsurdigital.com.ar\/#\/schema\/person\/6136a32571657f7dba980b88b04c5465"},"headline":"\u201cAhora soy un muerto social\u201d","datePublished":"2026-02-23T21:23:06+00:00","dateModified":"2026-02-23T21:23:07+00:00","mainEntityOfPage":{"@id":"https:\/\/diariodelsurdigital.com.ar\/?p=7135"},"wordCount":1380,"commentCount":0,"image":{"@id":"https:\/\/diariodelsurdigital.com.ar\/?p=7135#primaryimage"},"thumbnailUrl":"https:\/\/diariodelsurdigital.com.ar\/wp-content\/uploads\/2026\/02\/images-22.jpeg","articleSection":["Inter\u00e9s General","Locales"],"inLanguage":"es","potentialAction":[{"@type":"CommentAction","name":"Comment","target":["https:\/\/diariodelsurdigital.com.ar\/?p=7135#respond"]}]},{"@type":"WebPage","@id":"https:\/\/diariodelsurdigital.com.ar\/?p=7135","url":"https:\/\/diariodelsurdigital.com.ar\/?p=7135","name":"\u201cAhora soy un muerto social\u201d - Diario del Sur","isPartOf":{"@id":"https:\/\/diariodelsurdigital.com.ar\/#website"},"primaryImageOfPage":{"@id":"https:\/\/diariodelsurdigital.com.ar\/?p=7135#primaryimage"},"image":{"@id":"https:\/\/diariodelsurdigital.com.ar\/?p=7135#primaryimage"},"thumbnailUrl":"https:\/\/diariodelsurdigital.com.ar\/wp-content\/uploads\/2026\/02\/images-22.jpeg","datePublished":"2026-02-23T21:23:06+00:00","dateModified":"2026-02-23T21:23:07+00:00","author":{"@id":"https:\/\/diariodelsurdigital.com.ar\/#\/schema\/person\/6136a32571657f7dba980b88b04c5465"},"breadcrumb":{"@id":"https:\/\/diariodelsurdigital.com.ar\/?p=7135#breadcrumb"},"inLanguage":"es","potentialAction":[{"@type":"ReadAction","target":["https:\/\/diariodelsurdigital.com.ar\/?p=7135"]}]},{"@type":"ImageObject","inLanguage":"es","@id":"https:\/\/diariodelsurdigital.com.ar\/?p=7135#primaryimage","url":"https:\/\/diariodelsurdigital.com.ar\/wp-content\/uploads\/2026\/02\/images-22.jpeg","contentUrl":"https:\/\/diariodelsurdigital.com.ar\/wp-content\/uploads\/2026\/02\/images-22.jpeg","width":468,"height":291},{"@type":"BreadcrumbList","@id":"https:\/\/diariodelsurdigital.com.ar\/?p=7135#breadcrumb","itemListElement":[{"@type":"ListItem","position":1,"name":"Portada","item":"https:\/\/diariodelsurdigital.com.ar\/"},{"@type":"ListItem","position":2,"name":"\u201cAhora soy un muerto social\u201d"}]},{"@type":"WebSite","@id":"https:\/\/diariodelsurdigital.com.ar\/#website","url":"https:\/\/diariodelsurdigital.com.ar\/","name":"Diario del Sur","description":"Digital","potentialAction":[{"@type":"SearchAction","target":{"@type":"EntryPoint","urlTemplate":"https:\/\/diariodelsurdigital.com.ar\/?s={search_term_string}"},"query-input":{"@type":"PropertyValueSpecification","valueRequired":true,"valueName":"search_term_string"}}],"inLanguage":"es"},{"@type":"Person","@id":"https:\/\/diariodelsurdigital.com.ar\/#\/schema\/person\/6136a32571657f7dba980b88b04c5465","name":"Diario del Sur Digital","image":{"@type":"ImageObject","inLanguage":"es","@id":"https:\/\/secure.gravatar.com\/avatar\/4c29ceac98541dd42460b2474aaa5dd37594d6ce6cb3cf2c101d09b48ee287ba?s=96&d=mm&r=g","url":"https:\/\/secure.gravatar.com\/avatar\/4c29ceac98541dd42460b2474aaa5dd37594d6ce6cb3cf2c101d09b48ee287ba?s=96&d=mm&r=g","contentUrl":"https:\/\/secure.gravatar.com\/avatar\/4c29ceac98541dd42460b2474aaa5dd37594d6ce6cb3cf2c101d09b48ee287ba?s=96&d=mm&r=g","caption":"Diario del Sur Digital"},"url":"https:\/\/diariodelsurdigital.com.ar\/?author=2"}]}},"_links":{"self":[{"href":"https:\/\/diariodelsurdigital.com.ar\/index.php?rest_route=\/wp\/v2\/posts\/7135","targetHints":{"allow":["GET"]}}],"collection":[{"href":"https:\/\/diariodelsurdigital.com.ar\/index.php?rest_route=\/wp\/v2\/posts"}],"about":[{"href":"https:\/\/diariodelsurdigital.com.ar\/index.php?rest_route=\/wp\/v2\/types\/post"}],"author":[{"embeddable":true,"href":"https:\/\/diariodelsurdigital.com.ar\/index.php?rest_route=\/wp\/v2\/users\/2"}],"replies":[{"embeddable":true,"href":"https:\/\/diariodelsurdigital.com.ar\/index.php?rest_route=%2Fwp%2Fv2%2Fcomments&post=7135"}],"version-history":[{"count":1,"href":"https:\/\/diariodelsurdigital.com.ar\/index.php?rest_route=\/wp\/v2\/posts\/7135\/revisions"}],"predecessor-version":[{"id":7137,"href":"https:\/\/diariodelsurdigital.com.ar\/index.php?rest_route=\/wp\/v2\/posts\/7135\/revisions\/7137"}],"wp:featuredmedia":[{"embeddable":true,"href":"https:\/\/diariodelsurdigital.com.ar\/index.php?rest_route=\/wp\/v2\/media\/7136"}],"wp:attachment":[{"href":"https:\/\/diariodelsurdigital.com.ar\/index.php?rest_route=%2Fwp%2Fv2%2Fmedia&parent=7135"}],"wp:term":[{"taxonomy":"category","embeddable":true,"href":"https:\/\/diariodelsurdigital.com.ar\/index.php?rest_route=%2Fwp%2Fv2%2Fcategories&post=7135"},{"taxonomy":"post_tag","embeddable":true,"href":"https:\/\/diariodelsurdigital.com.ar\/index.php?rest_route=%2Fwp%2Fv2%2Ftags&post=7135"}],"curies":[{"name":"wp","href":"https:\/\/api.w.org\/{rel}","templated":true}]}}