{"id":7140,"date":"2026-02-23T18:43:42","date_gmt":"2026-02-23T21:43:42","guid":{"rendered":"https:\/\/diariodelsurdigital.com.ar\/?p=7140"},"modified":"2026-02-23T18:43:42","modified_gmt":"2026-02-23T21:43:42","slug":"triple-choque-en-ruta-provincial-siete-personas-fueron-hospitalizadas-tras-un-fuerte-siniestro-vial","status":"publish","type":"post","link":"https:\/\/diariodelsurdigital.com.ar\/?p=7140","title":{"rendered":"Triple choque en ruta provincial: siete personas fueron hospitalizadas tras un fuerte siniestro vial"},"content":{"rendered":"\n<figure class=\"wp-block-image\"><img decoding=\"async\" src=\"https:\/\/media.elentrerios.com\/fotos-v2\/2026\/02\/23\/l_1771849699.jpg\" alt=\"\" title=\"\"\/><\/figure>\n\n\n\n<p>Un violento accidente de tr\u00e1nsito, que involucr\u00f3 a tres veh\u00edculos, se registr\u00f3 durante la noche del domingo en el kil\u00f3metro 115 de la ruta provincial 39, a la altura del puente \u201cCa\u00f1ada de los Chanchos\u201d, en el tramo que une las localidades de Villa Mantero y Basavilbaso (departamento Uruguay).<\/p>\n\n\n\n<p>El siniestro ocurri\u00f3 alrededor de las 20.30 y, de acuerdo con las primeras pericias y testimonios recabados en el lugar, se habr\u00eda originado cuando un Fiat Palio Weekend, por causas que a\u00fan se investigan, invadi\u00f3 el carril contrario. Como consecuencia de esa maniobra, el veh\u00edculo impact\u00f3 de frente contra un Peugeot 2008 que circulaba en sentido oeste-este. Detr\u00e1s del Palio se desplazaba un Fiat Grand Siena que no logr\u00f3 frenar a tiempo y termin\u00f3 colisionando en cadena.<\/p>\n\n\n\n<p>En total, viajaban ocho personas en los tres rodados, la mayor\u00eda de las cuales debi\u00f3 recibir asistencia m\u00e9dica.<\/p>\n\n\n\n<p>En el Peugeot 2008 se trasladaba una mujer de 44 a\u00f1os, oriunda de Herrera, quien result\u00f3 ilesa. En el Fiat Palio Weekend viajaban cinco personas: el conductor, un hombre de 85 a\u00f1os; su esposa, de 80; su hijo, de 57 a\u00f1os -ambos con domicilio en Buenos Aires-; y otra pareja de adultos mayores de 81 y 75 a\u00f1os, domiciliados en Basavilbaso. En el Fiat Grand Siena circulaba un hombre junto a su esposa, ambos mayores de edad y vecinos de Basavilbaso.<\/p>\n\n\n\n<p>Producto del fuerte impacto, siete de los involucrados fueron trasladados de urgencia al Hospital Sagrado Coraz\u00f3n de Jes\u00fas. Si bien el operativo de emergencia fue importante, en principio los heridos presentaban lesiones de car\u00e1cter leve y algunos permanec\u00edan en observaci\u00f3n por precauci\u00f3n.<\/p>\n\n\n\n<p>El tr\u00e1nsito en la ruta 39 se mantuvo asistido durante varias horas, ya que los veh\u00edculos quedaron sobre la calzada, lo que dificult\u00f3 la circulaci\u00f3n normal hasta que finalizaron las tareas de peritaje y remoci\u00f3n.<\/p>\n\n\n\n<p>Fuente: El Entre Rios<\/p>\n","protected":false},"excerpt":{"rendered":"<p>Un violento accidente de tr\u00e1nsito, que involucr\u00f3 a tres veh\u00edculos, se registr\u00f3 durante la noche del domingo en el kil\u00f3metro 115 de la ruta provincial 39, a la altura del puente \u201cCa\u00f1ada de los Chanchos\u201d, en el tramo que une las localidades de Villa Mantero y Basavilbaso (departamento Uruguay). El siniestro ocurri\u00f3 alrededor de las [&hellip;]<\/p>\n","protected":false},"author":3,"featured_media":7141,"comment_status":"open","ping_status":"open","sticky":false,"template":"","format":"standard","meta":{"footnotes":""},"categories":[21],"tags":[],"class_list":{"0":"post-7140","1":"post","2":"type-post","3":"status-publish","4":"format-standard","5":"has-post-thumbnail","7":"category-policiales"},"yoast_head":"<!-- This site is optimized with the Yoast SEO plugin v27.4 - https:\/\/yoast.com\/product\/yoast-seo-wordpress\/ -->\n<title>Triple choque en ruta provincial: siete personas fueron hospitalizadas tras un fuerte siniestro vial - Diario del Sur<\/title>\n<meta name=\"robots\" content=\"index, follow, max-snippet:-1, max-image-preview:large, max-video-preview:-1\" \/>\n<link rel=\"canonical\" href=\"https:\/\/diariodelsurdigital.com.ar\/?p=7140\" \/>\n<meta property=\"og:locale\" content=\"es_ES\" \/>\n<meta property=\"og:type\" content=\"article\" \/>\n<meta property=\"og:title\" content=\"Triple choque en ruta provincial: siete personas fueron hospitalizadas tras un fuerte siniestro vial - Diario del Sur\" \/>\n<meta property=\"og:description\" content=\"Un violento accidente de tr\u00e1nsito, que involucr\u00f3 a tres veh\u00edculos, se registr\u00f3 durante la noche del domingo en el kil\u00f3metro 115 de la ruta provincial 39, a la altura del puente \u201cCa\u00f1ada de los Chanchos\u201d, en el tramo que une las localidades de Villa Mantero y Basavilbaso (departamento Uruguay). El siniestro ocurri\u00f3 alrededor de las [&hellip;]\" \/>\n<meta property=\"og:url\" content=\"https:\/\/diariodelsurdigital.com.ar\/?p=7140\" \/>\n<meta property=\"og:site_name\" content=\"Diario del Sur\" \/>\n<meta property=\"article:published_time\" content=\"2026-02-23T21:43:42+00:00\" \/>\n<meta property=\"og:image\" content=\"https:\/\/diariodelsurdigital.com.ar\/wp-content\/uploads\/2026\/02\/l_1771849699.jpg\" \/>\n\t<meta property=\"og:image:width\" content=\"870\" \/>\n\t<meta property=\"og:image:height\" content=\"580\" \/>\n\t<meta property=\"og:image:type\" content=\"image\/jpeg\" \/>\n<meta name=\"author\" content=\"Diario del Sur Digital\" \/>\n<meta name=\"twitter:card\" content=\"summary_large_image\" \/>\n<meta name=\"twitter:label1\" content=\"Escrito por\" \/>\n\t<meta name=\"twitter:data1\" content=\"Diario del Sur Digital\" \/>\n\t<meta name=\"twitter:label2\" content=\"Tiempo de lectura\" \/>\n\t<meta name=\"twitter:data2\" content=\"2 minutos\" \/>\n<script type=\"application\/ld+json\" class=\"yoast-schema-graph\">{\"@context\":\"https:\\\/\\\/schema.org\",\"@graph\":[{\"@type\":\"Article\",\"@id\":\"https:\\\/\\\/diariodelsurdigital.com.ar\\\/?p=7140#article\",\"isPartOf\":{\"@id\":\"https:\\\/\\\/diariodelsurdigital.com.ar\\\/?p=7140\"},\"author\":{\"name\":\"Diario del Sur Digital\",\"@id\":\"https:\\\/\\\/diariodelsurdigital.com.ar\\\/#\\\/schema\\\/person\\\/d794acb23337e88c6e4004a39c32be62\"},\"headline\":\"Triple choque en ruta provincial: siete personas fueron hospitalizadas tras un fuerte siniestro vial\",\"datePublished\":\"2026-02-23T21:43:42+00:00\",\"mainEntityOfPage\":{\"@id\":\"https:\\\/\\\/diariodelsurdigital.com.ar\\\/?p=7140\"},\"wordCount\":332,\"commentCount\":0,\"image\":{\"@id\":\"https:\\\/\\\/diariodelsurdigital.com.ar\\\/?p=7140#primaryimage\"},\"thumbnailUrl\":\"https:\\\/\\\/diariodelsurdigital.com.ar\\\/wp-content\\\/uploads\\\/2026\\\/02\\\/l_1771849699.jpg\",\"articleSection\":[\"Policiales\"],\"inLanguage\":\"es\",\"potentialAction\":[{\"@type\":\"CommentAction\",\"name\":\"Comment\",\"target\":[\"https:\\\/\\\/diariodelsurdigital.com.ar\\\/?p=7140#respond\"]}]},{\"@type\":\"WebPage\",\"@id\":\"https:\\\/\\\/diariodelsurdigital.com.ar\\\/?p=7140\",\"url\":\"https:\\\/\\\/diariodelsurdigital.com.ar\\\/?p=7140\",\"name\":\"Triple choque en ruta provincial: siete personas fueron hospitalizadas tras un fuerte siniestro vial - Diario del Sur\",\"isPartOf\":{\"@id\":\"https:\\\/\\\/diariodelsurdigital.com.ar\\\/#website\"},\"primaryImageOfPage\":{\"@id\":\"https:\\\/\\\/diariodelsurdigital.com.ar\\\/?p=7140#primaryimage\"},\"image\":{\"@id\":\"https:\\\/\\\/diariodelsurdigital.com.ar\\\/?p=7140#primaryimage\"},\"thumbnailUrl\":\"https:\\\/\\\/diariodelsurdigital.com.ar\\\/wp-content\\\/uploads\\\/2026\\\/02\\\/l_1771849699.jpg\",\"datePublished\":\"2026-02-23T21:43:42+00:00\",\"author\":{\"@id\":\"https:\\\/\\\/diariodelsurdigital.com.ar\\\/#\\\/schema\\\/person\\\/d794acb23337e88c6e4004a39c32be62\"},\"breadcrumb\":{\"@id\":\"https:\\\/\\\/diariodelsurdigital.com.ar\\\/?p=7140#breadcrumb\"},\"inLanguage\":\"es\",\"potentialAction\":[{\"@type\":\"ReadAction\",\"target\":[\"https:\\\/\\\/diariodelsurdigital.com.ar\\\/?p=7140\"]}]},{\"@type\":\"ImageObject\",\"inLanguage\":\"es\",\"@id\":\"https:\\\/\\\/diariodelsurdigital.com.ar\\\/?p=7140#primaryimage\",\"url\":\"https:\\\/\\\/diariodelsurdigital.com.ar\\\/wp-content\\\/uploads\\\/2026\\\/02\\\/l_1771849699.jpg\",\"contentUrl\":\"https:\\\/\\\/diariodelsurdigital.com.ar\\\/wp-content\\\/uploads\\\/2026\\\/02\\\/l_1771849699.jpg\",\"width\":870,\"height\":580},{\"@type\":\"BreadcrumbList\",\"@id\":\"https:\\\/\\\/diariodelsurdigital.com.ar\\\/?p=7140#breadcrumb\",\"itemListElement\":[{\"@type\":\"ListItem\",\"position\":1,\"name\":\"Portada\",\"item\":\"https:\\\/\\\/diariodelsurdigital.com.ar\\\/\"},{\"@type\":\"ListItem\",\"position\":2,\"name\":\"Triple choque en ruta provincial: siete personas fueron hospitalizadas tras un fuerte siniestro vial\"}]},{\"@type\":\"WebSite\",\"@id\":\"https:\\\/\\\/diariodelsurdigital.com.ar\\\/#website\",\"url\":\"https:\\\/\\\/diariodelsurdigital.com.ar\\\/\",\"name\":\"Diario del Sur\",\"description\":\"Digital\",\"potentialAction\":[{\"@type\":\"SearchAction\",\"target\":{\"@type\":\"EntryPoint\",\"urlTemplate\":\"https:\\\/\\\/diariodelsurdigital.com.ar\\\/?s={search_term_string}\"},\"query-input\":{\"@type\":\"PropertyValueSpecification\",\"valueRequired\":true,\"valueName\":\"search_term_string\"}}],\"inLanguage\":\"es\"},{\"@type\":\"Person\",\"@id\":\"https:\\\/\\\/diariodelsurdigital.com.ar\\\/#\\\/schema\\\/person\\\/d794acb23337e88c6e4004a39c32be62\",\"name\":\"Diario del Sur Digital\",\"image\":{\"@type\":\"ImageObject\",\"inLanguage\":\"es\",\"@id\":\"https:\\\/\\\/secure.gravatar.com\\\/avatar\\\/47679bcfa15734cfdefc176b6ad58adeeccac22b2e03e095ada6c622af2b463a?s=96&d=mm&r=g\",\"url\":\"https:\\\/\\\/secure.gravatar.com\\\/avatar\\\/47679bcfa15734cfdefc176b6ad58adeeccac22b2e03e095ada6c622af2b463a?s=96&d=mm&r=g\",\"contentUrl\":\"https:\\\/\\\/secure.gravatar.com\\\/avatar\\\/47679bcfa15734cfdefc176b6ad58adeeccac22b2e03e095ada6c622af2b463a?s=96&d=mm&r=g\",\"caption\":\"Diario del Sur Digital\"},\"url\":\"https:\\\/\\\/diariodelsurdigital.com.ar\\\/?author=3\"}]}<\/script>\n<!-- \/ Yoast SEO plugin. -->","yoast_head_json":{"title":"Triple choque en ruta provincial: siete personas fueron hospitalizadas tras un fuerte siniestro vial - Diario del Sur","robots":{"index":"index","follow":"follow","max-snippet":"max-snippet:-1","max-image-preview":"max-image-preview:large","max-video-preview":"max-video-preview:-1"},"canonical":"https:\/\/diariodelsurdigital.com.ar\/?p=7140","og_locale":"es_ES","og_type":"article","og_title":"Triple choque en ruta provincial: siete personas fueron hospitalizadas tras un fuerte siniestro vial - Diario del Sur","og_description":"Un violento accidente de tr\u00e1nsito, que involucr\u00f3 a tres veh\u00edculos, se registr\u00f3 durante la noche del domingo en el kil\u00f3metro 115 de la ruta provincial 39, a la altura del puente \u201cCa\u00f1ada de los Chanchos\u201d, en el tramo que une las localidades de Villa Mantero y Basavilbaso (departamento Uruguay). El siniestro ocurri\u00f3 alrededor de las [&hellip;]","og_url":"https:\/\/diariodelsurdigital.com.ar\/?p=7140","og_site_name":"Diario del Sur","article_published_time":"2026-02-23T21:43:42+00:00","og_image":[{"width":870,"height":580,"url":"https:\/\/diariodelsurdigital.com.ar\/wp-content\/uploads\/2026\/02\/l_1771849699.jpg","type":"image\/jpeg"}],"author":"Diario del Sur Digital","twitter_card":"summary_large_image","twitter_misc":{"Escrito por":"Diario del Sur Digital","Tiempo de lectura":"2 minutos"},"schema":{"@context":"https:\/\/schema.org","@graph":[{"@type":"Article","@id":"https:\/\/diariodelsurdigital.com.ar\/?p=7140#article","isPartOf":{"@id":"https:\/\/diariodelsurdigital.com.ar\/?p=7140"},"author":{"name":"Diario del Sur Digital","@id":"https:\/\/diariodelsurdigital.com.ar\/#\/schema\/person\/d794acb23337e88c6e4004a39c32be62"},"headline":"Triple choque en ruta provincial: siete personas fueron hospitalizadas tras un fuerte siniestro vial","datePublished":"2026-02-23T21:43:42+00:00","mainEntityOfPage":{"@id":"https:\/\/diariodelsurdigital.com.ar\/?p=7140"},"wordCount":332,"commentCount":0,"image":{"@id":"https:\/\/diariodelsurdigital.com.ar\/?p=7140#primaryimage"},"thumbnailUrl":"https:\/\/diariodelsurdigital.com.ar\/wp-content\/uploads\/2026\/02\/l_1771849699.jpg","articleSection":["Policiales"],"inLanguage":"es","potentialAction":[{"@type":"CommentAction","name":"Comment","target":["https:\/\/diariodelsurdigital.com.ar\/?p=7140#respond"]}]},{"@type":"WebPage","@id":"https:\/\/diariodelsurdigital.com.ar\/?p=7140","url":"https:\/\/diariodelsurdigital.com.ar\/?p=7140","name":"Triple choque en ruta provincial: siete personas fueron hospitalizadas tras un fuerte siniestro vial - Diario del Sur","isPartOf":{"@id":"https:\/\/diariodelsurdigital.com.ar\/#website"},"primaryImageOfPage":{"@id":"https:\/\/diariodelsurdigital.com.ar\/?p=7140#primaryimage"},"image":{"@id":"https:\/\/diariodelsurdigital.com.ar\/?p=7140#primaryimage"},"thumbnailUrl":"https:\/\/diariodelsurdigital.com.ar\/wp-content\/uploads\/2026\/02\/l_1771849699.jpg","datePublished":"2026-02-23T21:43:42+00:00","author":{"@id":"https:\/\/diariodelsurdigital.com.ar\/#\/schema\/person\/d794acb23337e88c6e4004a39c32be62"},"breadcrumb":{"@id":"https:\/\/diariodelsurdigital.com.ar\/?p=7140#breadcrumb"},"inLanguage":"es","potentialAction":[{"@type":"ReadAction","target":["https:\/\/diariodelsurdigital.com.ar\/?p=7140"]}]},{"@type":"ImageObject","inLanguage":"es","@id":"https:\/\/diariodelsurdigital.com.ar\/?p=7140#primaryimage","url":"https:\/\/diariodelsurdigital.com.ar\/wp-content\/uploads\/2026\/02\/l_1771849699.jpg","contentUrl":"https:\/\/diariodelsurdigital.com.ar\/wp-content\/uploads\/2026\/02\/l_1771849699.jpg","width":870,"height":580},{"@type":"BreadcrumbList","@id":"https:\/\/diariodelsurdigital.com.ar\/?p=7140#breadcrumb","itemListElement":[{"@type":"ListItem","position":1,"name":"Portada","item":"https:\/\/diariodelsurdigital.com.ar\/"},{"@type":"ListItem","position":2,"name":"Triple choque en ruta provincial: siete personas fueron hospitalizadas tras un fuerte siniestro vial"}]},{"@type":"WebSite","@id":"https:\/\/diariodelsurdigital.com.ar\/#website","url":"https:\/\/diariodelsurdigital.com.ar\/","name":"Diario del Sur","description":"Digital","potentialAction":[{"@type":"SearchAction","target":{"@type":"EntryPoint","urlTemplate":"https:\/\/diariodelsurdigital.com.ar\/?s={search_term_string}"},"query-input":{"@type":"PropertyValueSpecification","valueRequired":true,"valueName":"search_term_string"}}],"inLanguage":"es"},{"@type":"Person","@id":"https:\/\/diariodelsurdigital.com.ar\/#\/schema\/person\/d794acb23337e88c6e4004a39c32be62","name":"Diario del Sur Digital","image":{"@type":"ImageObject","inLanguage":"es","@id":"https:\/\/secure.gravatar.com\/avatar\/47679bcfa15734cfdefc176b6ad58adeeccac22b2e03e095ada6c622af2b463a?s=96&d=mm&r=g","url":"https:\/\/secure.gravatar.com\/avatar\/47679bcfa15734cfdefc176b6ad58adeeccac22b2e03e095ada6c622af2b463a?s=96&d=mm&r=g","contentUrl":"https:\/\/secure.gravatar.com\/avatar\/47679bcfa15734cfdefc176b6ad58adeeccac22b2e03e095ada6c622af2b463a?s=96&d=mm&r=g","caption":"Diario del Sur Digital"},"url":"https:\/\/diariodelsurdigital.com.ar\/?author=3"}]}},"_links":{"self":[{"href":"https:\/\/diariodelsurdigital.com.ar\/index.php?rest_route=\/wp\/v2\/posts\/7140","targetHints":{"allow":["GET"]}}],"collection":[{"href":"https:\/\/diariodelsurdigital.com.ar\/index.php?rest_route=\/wp\/v2\/posts"}],"about":[{"href":"https:\/\/diariodelsurdigital.com.ar\/index.php?rest_route=\/wp\/v2\/types\/post"}],"author":[{"embeddable":true,"href":"https:\/\/diariodelsurdigital.com.ar\/index.php?rest_route=\/wp\/v2\/users\/3"}],"replies":[{"embeddable":true,"href":"https:\/\/diariodelsurdigital.com.ar\/index.php?rest_route=%2Fwp%2Fv2%2Fcomments&post=7140"}],"version-history":[{"count":1,"href":"https:\/\/diariodelsurdigital.com.ar\/index.php?rest_route=\/wp\/v2\/posts\/7140\/revisions"}],"predecessor-version":[{"id":7142,"href":"https:\/\/diariodelsurdigital.com.ar\/index.php?rest_route=\/wp\/v2\/posts\/7140\/revisions\/7142"}],"wp:featuredmedia":[{"embeddable":true,"href":"https:\/\/diariodelsurdigital.com.ar\/index.php?rest_route=\/wp\/v2\/media\/7141"}],"wp:attachment":[{"href":"https:\/\/diariodelsurdigital.com.ar\/index.php?rest_route=%2Fwp%2Fv2%2Fmedia&parent=7140"}],"wp:term":[{"taxonomy":"category","embeddable":true,"href":"https:\/\/diariodelsurdigital.com.ar\/index.php?rest_route=%2Fwp%2Fv2%2Fcategories&post=7140"},{"taxonomy":"post_tag","embeddable":true,"href":"https:\/\/diariodelsurdigital.com.ar\/index.php?rest_route=%2Fwp%2Fv2%2Ftags&post=7140"}],"curies":[{"name":"wp","href":"https:\/\/api.w.org\/{rel}","templated":true}]}}