{"id":7143,"date":"2026-02-23T18:46:12","date_gmt":"2026-02-23T21:46:12","guid":{"rendered":"https:\/\/diariodelsurdigital.com.ar\/?p=7143"},"modified":"2026-02-23T18:46:13","modified_gmt":"2026-02-23T21:46:13","slug":"el-fin-de-la-carne-barata-la-falta-de-oferta-empuja-los-precios-y-cambia-la-dieta-nacional","status":"publish","type":"post","link":"https:\/\/diariodelsurdigital.com.ar\/?p=7143","title":{"rendered":"El fin de la carne barata: la falta de oferta empuja los precios y cambia la dieta nacional"},"content":{"rendered":"\n<p><strong>El economista David Miazzo explic\u00f3 por qu\u00e9 la oferta tardar\u00e1 a\u00f1os en recuperarse y c\u00f3mo el l\u00edmite de los aumentos depende del bolsillo de los consumidores.<\/strong><\/p>\n\n\n\n<figure class=\"wp-block-image\"><img decoding=\"async\" src=\"https:\/\/cdnartic.ar\/1Yqb2OTV3JB_a-1nCl3hM4G6q9A=\/1500x0\/filters:no_upscale():format(webp):quality(40)\/https:\/\/elheraldocdn.eleco.com.ar\/media\/2026\/02\/carne_1.jpeg\" alt=\"El fin de la carne barata: la falta de oferta empuja los precios y cambia la dieta nacional\"\/><\/figure>\n\n\n\n<p>El economista David Miazzo advierte que el mercado de la carne vacuna atraviesa una \u201ccrisis de oferta sin precedentes que dispar\u00f3 los precios un 75% en el \u00faltimo a\u00f1o\u201d, superando ampliamente la inflaci\u00f3n general y marcando un quiebre estructural en la mesa de los argentinos.<\/p>\n\n\n\n<p>El especialista explic\u00f3 que este fen\u00f3meno \u201cresponde a una contracci\u00f3n productiva derivada de la sequ\u00eda extrema de 2022 y 2023, que oblig\u00f3 a los productores a liquidar sus rodeos ante la falta de pasto, eliminando la m\u00e1quina de producir terneros\u201d.<\/p>\n\n\n\n<p>Actualmente, con la mejora clim\u00e1tica, el sector inici\u00f3 un proceso de retenci\u00f3n de hacienda para recomponer el stock, lo que demora la llegada de animales a la faena y mantiene los valores en niveles cr\u00edticos que no se revertir\u00e1n en el corto plazo. \u201cTenemos un proceso de contracci\u00f3n de oferta, b\u00e1sicamente hay menos oferta de carne y esto no termina siendo otro juego que un juego de oferta y demanda\u201d, explic\u00f3 Miazzo en di\u00e1logo con Splendid AM 990.<br>El analista detall\u00f3 que la falta de animales es la herencia directa de la crisis clim\u00e1tica pasada: \u201cEn 2023 tuvimos bajos precios de la carne porque tuvimos sobreoferta; el productor ten\u00eda 100 vacas, no ten\u00eda qu\u00e9 darles de comer y tuvo que venderlas\u201d.&nbsp;<br>Con la vuelta de las lluvias, el productor prefiere hoy mantener al animal en el campo para que gane kilos, lo que estira los plazos de producci\u00f3n. \u201cUn animal que antes era un ternero y r\u00e1pidamente iba a faena, ahora entra en lo que se llama un proceso de recr\u00eda; eso hace que la oferta se quede en el campo m\u00e1s tiempo\u201d, se\u00f1al\u00f3.<br>Seg\u00fan pudo saber la Agencia Noticias Argentinas, a este escenario interno se suma un contexto internacional de escasez donde Estados Unidos se transform\u00f3 en un importador neto que demanda prote\u00edna argentina, elevando los valores globales. No obstante, Miazzo advierti\u00f3 que el techo de los incrementos locales est\u00e1 marcado por la realidad social: \u201cNo creo que pueda subir mucho m\u00e1s mientras que el poder de pago de los compradores, nosotros que somos los que vamos a la carnicer\u00eda, no mejore\u201d.&nbsp;<br>El especialista entiende que \u201ceste es un problema de precios relativamente altos que van a persistir durante un tiempo m\u00e1s\u201d, dado que el ciclo ganadero es lento y la recomposici\u00f3n demandar\u00e1 entre dos y tres a\u00f1os.<\/p>\n\n\n\n<p>Pese a la escalada de precios, Argentina mantiene su estatus de potencia consumidora, aunque con una canasta notablemente diversificada. En 2025, el consumo total de carnes (vacuna, aviar y porcina) marc\u00f3 un r\u00e9cord hist\u00f3rico de 116,5 kilos por habitante. El pollo, con 47,7 kilos, ya compite \u201cpalo a palo\u201d con los 50 kilos de la carne bovina, mientras que el cerdo alcanz\u00f3 los 18,9 kilos gracias a un crecimiento sostenido de la producci\u00f3n local e importaciones desde Brasil.\u00a0<br>\u201cEl consumidor termina sustituyendo por preferencia o por precio relativo\u201d, afirma el economista, confirmando que la dieta nacional vive una transformaci\u00f3n profunda ante la imposibilidad de convalidar los nuevos costos del asado. NA<\/p>\n\n\n\n<p>Fuente: El Heraldo<\/p>\n","protected":false},"excerpt":{"rendered":"<p>El economista David Miazzo explic\u00f3 por qu\u00e9 la oferta tardar\u00e1 a\u00f1os en recuperarse y c\u00f3mo el l\u00edmite de los aumentos depende del bolsillo de los consumidores. El economista David Miazzo advierte que el mercado de la carne vacuna atraviesa una \u201ccrisis de oferta sin precedentes que dispar\u00f3 los precios un 75% en el \u00faltimo a\u00f1o\u201d, [&hellip;]<\/p>\n","protected":false},"author":3,"featured_media":7144,"comment_status":"open","ping_status":"open","sticky":false,"template":"","format":"standard","meta":{"footnotes":""},"categories":[19],"tags":[],"class_list":{"0":"post-7143","1":"post","2":"type-post","3":"status-publish","4":"format-standard","5":"has-post-thumbnail","7":"category-interes-general"},"yoast_head":"<!-- This site is optimized with the Yoast SEO plugin v27.4 - https:\/\/yoast.com\/product\/yoast-seo-wordpress\/ -->\n<title>El fin de la carne barata: la falta de oferta empuja los precios y cambia la dieta nacional - Diario del Sur<\/title>\n<meta name=\"robots\" content=\"index, follow, max-snippet:-1, max-image-preview:large, max-video-preview:-1\" \/>\n<link rel=\"canonical\" href=\"https:\/\/diariodelsurdigital.com.ar\/?p=7143\" \/>\n<meta property=\"og:locale\" content=\"es_ES\" \/>\n<meta property=\"og:type\" content=\"article\" \/>\n<meta property=\"og:title\" content=\"El fin de la carne barata: la falta de oferta empuja los precios y cambia la dieta nacional - Diario del Sur\" \/>\n<meta property=\"og:description\" content=\"El economista David Miazzo explic\u00f3 por qu\u00e9 la oferta tardar\u00e1 a\u00f1os en recuperarse y c\u00f3mo el l\u00edmite de los aumentos depende del bolsillo de los consumidores. El economista David Miazzo advierte que el mercado de la carne vacuna atraviesa una \u201ccrisis de oferta sin precedentes que dispar\u00f3 los precios un 75% en el \u00faltimo a\u00f1o\u201d, [&hellip;]\" \/>\n<meta property=\"og:url\" content=\"https:\/\/diariodelsurdigital.com.ar\/?p=7143\" \/>\n<meta property=\"og:site_name\" content=\"Diario del Sur\" \/>\n<meta property=\"article:published_time\" content=\"2026-02-23T21:46:12+00:00\" \/>\n<meta property=\"article:modified_time\" content=\"2026-02-23T21:46:13+00:00\" \/>\n<meta property=\"og:image\" content=\"https:\/\/diariodelsurdigital.com.ar\/wp-content\/uploads\/2026\/02\/carne_1.webp\" \/>\n\t<meta property=\"og:image:width\" content=\"960\" \/>\n\t<meta property=\"og:image:height\" content=\"720\" \/>\n\t<meta property=\"og:image:type\" content=\"image\/webp\" \/>\n<meta name=\"author\" content=\"Diario del Sur Digital\" \/>\n<meta name=\"twitter:card\" content=\"summary_large_image\" \/>\n<meta name=\"twitter:label1\" content=\"Escrito por\" \/>\n\t<meta name=\"twitter:data1\" content=\"Diario del Sur Digital\" \/>\n\t<meta name=\"twitter:label2\" content=\"Tiempo de lectura\" \/>\n\t<meta name=\"twitter:data2\" content=\"3 minutos\" \/>\n<script type=\"application\/ld+json\" class=\"yoast-schema-graph\">{\"@context\":\"https:\\\/\\\/schema.org\",\"@graph\":[{\"@type\":\"Article\",\"@id\":\"https:\\\/\\\/diariodelsurdigital.com.ar\\\/?p=7143#article\",\"isPartOf\":{\"@id\":\"https:\\\/\\\/diariodelsurdigital.com.ar\\\/?p=7143\"},\"author\":{\"name\":\"Diario del Sur Digital\",\"@id\":\"https:\\\/\\\/diariodelsurdigital.com.ar\\\/#\\\/schema\\\/person\\\/d794acb23337e88c6e4004a39c32be62\"},\"headline\":\"El fin de la carne barata: la falta de oferta empuja los precios y cambia la dieta nacional\",\"datePublished\":\"2026-02-23T21:46:12+00:00\",\"dateModified\":\"2026-02-23T21:46:13+00:00\",\"mainEntityOfPage\":{\"@id\":\"https:\\\/\\\/diariodelsurdigital.com.ar\\\/?p=7143\"},\"wordCount\":568,\"commentCount\":0,\"image\":{\"@id\":\"https:\\\/\\\/diariodelsurdigital.com.ar\\\/?p=7143#primaryimage\"},\"thumbnailUrl\":\"https:\\\/\\\/diariodelsurdigital.com.ar\\\/wp-content\\\/uploads\\\/2026\\\/02\\\/carne_1.webp\",\"articleSection\":[\"Inter\u00e9s General\"],\"inLanguage\":\"es\",\"potentialAction\":[{\"@type\":\"CommentAction\",\"name\":\"Comment\",\"target\":[\"https:\\\/\\\/diariodelsurdigital.com.ar\\\/?p=7143#respond\"]}]},{\"@type\":\"WebPage\",\"@id\":\"https:\\\/\\\/diariodelsurdigital.com.ar\\\/?p=7143\",\"url\":\"https:\\\/\\\/diariodelsurdigital.com.ar\\\/?p=7143\",\"name\":\"El fin de la carne barata: la falta de oferta empuja los precios y cambia la dieta nacional - Diario del Sur\",\"isPartOf\":{\"@id\":\"https:\\\/\\\/diariodelsurdigital.com.ar\\\/#website\"},\"primaryImageOfPage\":{\"@id\":\"https:\\\/\\\/diariodelsurdigital.com.ar\\\/?p=7143#primaryimage\"},\"image\":{\"@id\":\"https:\\\/\\\/diariodelsurdigital.com.ar\\\/?p=7143#primaryimage\"},\"thumbnailUrl\":\"https:\\\/\\\/diariodelsurdigital.com.ar\\\/wp-content\\\/uploads\\\/2026\\\/02\\\/carne_1.webp\",\"datePublished\":\"2026-02-23T21:46:12+00:00\",\"dateModified\":\"2026-02-23T21:46:13+00:00\",\"author\":{\"@id\":\"https:\\\/\\\/diariodelsurdigital.com.ar\\\/#\\\/schema\\\/person\\\/d794acb23337e88c6e4004a39c32be62\"},\"breadcrumb\":{\"@id\":\"https:\\\/\\\/diariodelsurdigital.com.ar\\\/?p=7143#breadcrumb\"},\"inLanguage\":\"es\",\"potentialAction\":[{\"@type\":\"ReadAction\",\"target\":[\"https:\\\/\\\/diariodelsurdigital.com.ar\\\/?p=7143\"]}]},{\"@type\":\"ImageObject\",\"inLanguage\":\"es\",\"@id\":\"https:\\\/\\\/diariodelsurdigital.com.ar\\\/?p=7143#primaryimage\",\"url\":\"https:\\\/\\\/diariodelsurdigital.com.ar\\\/wp-content\\\/uploads\\\/2026\\\/02\\\/carne_1.webp\",\"contentUrl\":\"https:\\\/\\\/diariodelsurdigital.com.ar\\\/wp-content\\\/uploads\\\/2026\\\/02\\\/carne_1.webp\",\"width\":960,\"height\":720},{\"@type\":\"BreadcrumbList\",\"@id\":\"https:\\\/\\\/diariodelsurdigital.com.ar\\\/?p=7143#breadcrumb\",\"itemListElement\":[{\"@type\":\"ListItem\",\"position\":1,\"name\":\"Portada\",\"item\":\"https:\\\/\\\/diariodelsurdigital.com.ar\\\/\"},{\"@type\":\"ListItem\",\"position\":2,\"name\":\"El fin de la carne barata: la falta de oferta empuja los precios y cambia la dieta nacional\"}]},{\"@type\":\"WebSite\",\"@id\":\"https:\\\/\\\/diariodelsurdigital.com.ar\\\/#website\",\"url\":\"https:\\\/\\\/diariodelsurdigital.com.ar\\\/\",\"name\":\"Diario del Sur\",\"description\":\"Digital\",\"potentialAction\":[{\"@type\":\"SearchAction\",\"target\":{\"@type\":\"EntryPoint\",\"urlTemplate\":\"https:\\\/\\\/diariodelsurdigital.com.ar\\\/?s={search_term_string}\"},\"query-input\":{\"@type\":\"PropertyValueSpecification\",\"valueRequired\":true,\"valueName\":\"search_term_string\"}}],\"inLanguage\":\"es\"},{\"@type\":\"Person\",\"@id\":\"https:\\\/\\\/diariodelsurdigital.com.ar\\\/#\\\/schema\\\/person\\\/d794acb23337e88c6e4004a39c32be62\",\"name\":\"Diario del Sur Digital\",\"image\":{\"@type\":\"ImageObject\",\"inLanguage\":\"es\",\"@id\":\"https:\\\/\\\/secure.gravatar.com\\\/avatar\\\/47679bcfa15734cfdefc176b6ad58adeeccac22b2e03e095ada6c622af2b463a?s=96&d=mm&r=g\",\"url\":\"https:\\\/\\\/secure.gravatar.com\\\/avatar\\\/47679bcfa15734cfdefc176b6ad58adeeccac22b2e03e095ada6c622af2b463a?s=96&d=mm&r=g\",\"contentUrl\":\"https:\\\/\\\/secure.gravatar.com\\\/avatar\\\/47679bcfa15734cfdefc176b6ad58adeeccac22b2e03e095ada6c622af2b463a?s=96&d=mm&r=g\",\"caption\":\"Diario del Sur Digital\"},\"url\":\"https:\\\/\\\/diariodelsurdigital.com.ar\\\/?author=3\"}]}<\/script>\n<!-- \/ Yoast SEO plugin. -->","yoast_head_json":{"title":"El fin de la carne barata: la falta de oferta empuja los precios y cambia la dieta nacional - Diario del Sur","robots":{"index":"index","follow":"follow","max-snippet":"max-snippet:-1","max-image-preview":"max-image-preview:large","max-video-preview":"max-video-preview:-1"},"canonical":"https:\/\/diariodelsurdigital.com.ar\/?p=7143","og_locale":"es_ES","og_type":"article","og_title":"El fin de la carne barata: la falta de oferta empuja los precios y cambia la dieta nacional - Diario del Sur","og_description":"El economista David Miazzo explic\u00f3 por qu\u00e9 la oferta tardar\u00e1 a\u00f1os en recuperarse y c\u00f3mo el l\u00edmite de los aumentos depende del bolsillo de los consumidores. El economista David Miazzo advierte que el mercado de la carne vacuna atraviesa una \u201ccrisis de oferta sin precedentes que dispar\u00f3 los precios un 75% en el \u00faltimo a\u00f1o\u201d, [&hellip;]","og_url":"https:\/\/diariodelsurdigital.com.ar\/?p=7143","og_site_name":"Diario del Sur","article_published_time":"2026-02-23T21:46:12+00:00","article_modified_time":"2026-02-23T21:46:13+00:00","og_image":[{"width":960,"height":720,"url":"https:\/\/diariodelsurdigital.com.ar\/wp-content\/uploads\/2026\/02\/carne_1.webp","type":"image\/webp"}],"author":"Diario del Sur Digital","twitter_card":"summary_large_image","twitter_misc":{"Escrito por":"Diario del Sur Digital","Tiempo de lectura":"3 minutos"},"schema":{"@context":"https:\/\/schema.org","@graph":[{"@type":"Article","@id":"https:\/\/diariodelsurdigital.com.ar\/?p=7143#article","isPartOf":{"@id":"https:\/\/diariodelsurdigital.com.ar\/?p=7143"},"author":{"name":"Diario del Sur Digital","@id":"https:\/\/diariodelsurdigital.com.ar\/#\/schema\/person\/d794acb23337e88c6e4004a39c32be62"},"headline":"El fin de la carne barata: la falta de oferta empuja los precios y cambia la dieta nacional","datePublished":"2026-02-23T21:46:12+00:00","dateModified":"2026-02-23T21:46:13+00:00","mainEntityOfPage":{"@id":"https:\/\/diariodelsurdigital.com.ar\/?p=7143"},"wordCount":568,"commentCount":0,"image":{"@id":"https:\/\/diariodelsurdigital.com.ar\/?p=7143#primaryimage"},"thumbnailUrl":"https:\/\/diariodelsurdigital.com.ar\/wp-content\/uploads\/2026\/02\/carne_1.webp","articleSection":["Inter\u00e9s General"],"inLanguage":"es","potentialAction":[{"@type":"CommentAction","name":"Comment","target":["https:\/\/diariodelsurdigital.com.ar\/?p=7143#respond"]}]},{"@type":"WebPage","@id":"https:\/\/diariodelsurdigital.com.ar\/?p=7143","url":"https:\/\/diariodelsurdigital.com.ar\/?p=7143","name":"El fin de la carne barata: la falta de oferta empuja los precios y cambia la dieta nacional - Diario del Sur","isPartOf":{"@id":"https:\/\/diariodelsurdigital.com.ar\/#website"},"primaryImageOfPage":{"@id":"https:\/\/diariodelsurdigital.com.ar\/?p=7143#primaryimage"},"image":{"@id":"https:\/\/diariodelsurdigital.com.ar\/?p=7143#primaryimage"},"thumbnailUrl":"https:\/\/diariodelsurdigital.com.ar\/wp-content\/uploads\/2026\/02\/carne_1.webp","datePublished":"2026-02-23T21:46:12+00:00","dateModified":"2026-02-23T21:46:13+00:00","author":{"@id":"https:\/\/diariodelsurdigital.com.ar\/#\/schema\/person\/d794acb23337e88c6e4004a39c32be62"},"breadcrumb":{"@id":"https:\/\/diariodelsurdigital.com.ar\/?p=7143#breadcrumb"},"inLanguage":"es","potentialAction":[{"@type":"ReadAction","target":["https:\/\/diariodelsurdigital.com.ar\/?p=7143"]}]},{"@type":"ImageObject","inLanguage":"es","@id":"https:\/\/diariodelsurdigital.com.ar\/?p=7143#primaryimage","url":"https:\/\/diariodelsurdigital.com.ar\/wp-content\/uploads\/2026\/02\/carne_1.webp","contentUrl":"https:\/\/diariodelsurdigital.com.ar\/wp-content\/uploads\/2026\/02\/carne_1.webp","width":960,"height":720},{"@type":"BreadcrumbList","@id":"https:\/\/diariodelsurdigital.com.ar\/?p=7143#breadcrumb","itemListElement":[{"@type":"ListItem","position":1,"name":"Portada","item":"https:\/\/diariodelsurdigital.com.ar\/"},{"@type":"ListItem","position":2,"name":"El fin de la carne barata: la falta de oferta empuja los precios y cambia la dieta nacional"}]},{"@type":"WebSite","@id":"https:\/\/diariodelsurdigital.com.ar\/#website","url":"https:\/\/diariodelsurdigital.com.ar\/","name":"Diario del Sur","description":"Digital","potentialAction":[{"@type":"SearchAction","target":{"@type":"EntryPoint","urlTemplate":"https:\/\/diariodelsurdigital.com.ar\/?s={search_term_string}"},"query-input":{"@type":"PropertyValueSpecification","valueRequired":true,"valueName":"search_term_string"}}],"inLanguage":"es"},{"@type":"Person","@id":"https:\/\/diariodelsurdigital.com.ar\/#\/schema\/person\/d794acb23337e88c6e4004a39c32be62","name":"Diario del Sur Digital","image":{"@type":"ImageObject","inLanguage":"es","@id":"https:\/\/secure.gravatar.com\/avatar\/47679bcfa15734cfdefc176b6ad58adeeccac22b2e03e095ada6c622af2b463a?s=96&d=mm&r=g","url":"https:\/\/secure.gravatar.com\/avatar\/47679bcfa15734cfdefc176b6ad58adeeccac22b2e03e095ada6c622af2b463a?s=96&d=mm&r=g","contentUrl":"https:\/\/secure.gravatar.com\/avatar\/47679bcfa15734cfdefc176b6ad58adeeccac22b2e03e095ada6c622af2b463a?s=96&d=mm&r=g","caption":"Diario del Sur Digital"},"url":"https:\/\/diariodelsurdigital.com.ar\/?author=3"}]}},"_links":{"self":[{"href":"https:\/\/diariodelsurdigital.com.ar\/index.php?rest_route=\/wp\/v2\/posts\/7143","targetHints":{"allow":["GET"]}}],"collection":[{"href":"https:\/\/diariodelsurdigital.com.ar\/index.php?rest_route=\/wp\/v2\/posts"}],"about":[{"href":"https:\/\/diariodelsurdigital.com.ar\/index.php?rest_route=\/wp\/v2\/types\/post"}],"author":[{"embeddable":true,"href":"https:\/\/diariodelsurdigital.com.ar\/index.php?rest_route=\/wp\/v2\/users\/3"}],"replies":[{"embeddable":true,"href":"https:\/\/diariodelsurdigital.com.ar\/index.php?rest_route=%2Fwp%2Fv2%2Fcomments&post=7143"}],"version-history":[{"count":1,"href":"https:\/\/diariodelsurdigital.com.ar\/index.php?rest_route=\/wp\/v2\/posts\/7143\/revisions"}],"predecessor-version":[{"id":7145,"href":"https:\/\/diariodelsurdigital.com.ar\/index.php?rest_route=\/wp\/v2\/posts\/7143\/revisions\/7145"}],"wp:featuredmedia":[{"embeddable":true,"href":"https:\/\/diariodelsurdigital.com.ar\/index.php?rest_route=\/wp\/v2\/media\/7144"}],"wp:attachment":[{"href":"https:\/\/diariodelsurdigital.com.ar\/index.php?rest_route=%2Fwp%2Fv2%2Fmedia&parent=7143"}],"wp:term":[{"taxonomy":"category","embeddable":true,"href":"https:\/\/diariodelsurdigital.com.ar\/index.php?rest_route=%2Fwp%2Fv2%2Fcategories&post=7143"},{"taxonomy":"post_tag","embeddable":true,"href":"https:\/\/diariodelsurdigital.com.ar\/index.php?rest_route=%2Fwp%2Fv2%2Ftags&post=7143"}],"curies":[{"name":"wp","href":"https:\/\/api.w.org\/{rel}","templated":true}]}}