{"id":718,"date":"2025-01-23T15:15:08","date_gmt":"2025-01-23T18:15:08","guid":{"rendered":"https:\/\/diariodelsurdigital.com.ar\/?p=718"},"modified":"2025-01-23T15:15:09","modified_gmt":"2025-01-23T18:15:09","slug":"turismo-2025-gasolero-vacaciones-con-autogestion-supermercado-y-ahorro","status":"publish","type":"post","link":"https:\/\/diariodelsurdigital.com.ar\/?p=718","title":{"rendered":"Turismo 2025, gasolero: vacaciones con autogesti\u00f3n, supermercado y ahorro"},"content":{"rendered":"\n<p>El verano argentino de&nbsp;<strong>turismo 2025<\/strong>&nbsp;no comenz\u00f3 bien y esa tendencia amenaza con atravesar toda la temporada. Seg\u00fan los primeros relevamientos,&nbsp;<strong>no se ha alcanzado el nivel de ocupaci\u00f3n esperado<\/strong>, pese a que las reservas han mejorado en comparaci\u00f3n con los pron\u00f3sticos iniciales.<\/p>\n\n\n\n<p><strong>H\u00e9ctor Acosta<\/strong>, referente del \u00e1rea en la Confederaci\u00f3n Argentina de Mutualidades (<strong><a href=\"https:\/\/camargentina.org.ar\/\" target=\"_blank\" rel=\"noreferrer noopener\">CAM<\/a><\/strong>), apunt\u00f3 en di\u00e1logo con&nbsp;<strong>ANSOL<\/strong>: \u00abEs una temporada marcada por la situaci\u00f3n econ\u00f3mica. Las mutuales tenemos m\u00e1s demanda en esos momentos porque la gente busca paquetes m\u00e1s econ\u00f3micos, pero esta temporada es de alto turismo de gesti\u00f3n propia. Gente que va y viene en auto, alquila un departamento, cocina. Los precios en la Costa son muy altos y comer afuera o darse gustos es un poco prohibitivo\u00bb.<\/p>\n\n\n\n<p>En destinos emblem\u00e1ticos de la&nbsp;<strong>Costa Atl\u00e1ntica<\/strong>, como&nbsp;<strong>Pinamar<\/strong>&nbsp;y&nbsp;<strong>Villa Gesell<\/strong>, en el primer fin de semana del a\u00f1o se registr\u00f3 una ocupaci\u00f3n del&nbsp;<strong>77<\/strong>&nbsp;y&nbsp;<strong>85<\/strong>&nbsp;por ciento, respectivamente.<\/p>\n\n\n\n<p>En ese mismo periodo, hubo un&nbsp;<strong>70<\/strong>% de ocupaci\u00f3n en la provincia de&nbsp;<strong>Tierra del Fuego, Ant\u00e1rtida e Islas del Atl\u00e1ntico Sur<\/strong>, mientras que en&nbsp;<strong>Entre R\u00edos<\/strong>,&nbsp;<strong>Col\u00f3n<\/strong>&nbsp;supera el&nbsp;<strong>80<\/strong>% y&nbsp;<strong>Gualeguaych\u00fa<\/strong>, el&nbsp;<strong>60<\/strong>%. La provincia de&nbsp;<strong>C\u00f3rdoba<\/strong>&nbsp;tuvo una ocupaci\u00f3n por encima del 80% en sus principales destinos.<\/p>\n\n\n\n<p><strong>Mart\u00edn Mu\u00f1iz<\/strong>, gerente general de la mutual&nbsp;<strong>Sporting Club de Corral de Bustos<\/strong>, coincidi\u00f3 con Acosta: \u00abEst\u00e1 viajando menos la gente que el a\u00f1o pasado. Al menos, los que compran los paquetes. Se est\u00e1 viendo mucho turismo autogestionado.&nbsp;<strong>Se ahorra mucho en comida porque los restaurantes son caros<\/strong>; de los m\u00e1s caros del mundo. Entonces, se alquila un departamento y se compra la comida en el supermercado. Es un ahorro muy grande\u00bb.<\/p>\n\n\n\n<p>Desde la&nbsp;<strong>Asociaci\u00f3n Mutualista del Docente de C\u00f3rdoba<\/strong>, destacaron el flujo hacia la Costa Atl\u00e1ntica: \u00abCabe destacar que la alta demanda de estos paquetes refleja una creciente preferencia por destinos costeros; especialmente, aquellos que ofrecen una combinaci\u00f3n de&nbsp;<strong>descanso, recreaci\u00f3n y accesibilidad<\/strong>. Los paquetes est\u00e1n dise\u00f1ados para adaptarse a diversas necesidades y perfiles de asociados, abarcando tanto familias como grupos de amigos o personas individuales\u00bb.<\/p>\n\n\n\n<p><strong>Leandro Paczkowski<\/strong>, gerente de la&nbsp;<strong>Asociaci\u00f3n Mutual del Centro de Punilla<\/strong>, coment\u00f3: \u00abHay pocas reservas de camping. Se trata de un&nbsp;<strong>turismo de fin de semana<\/strong>. Sin embargo, los fines de semana con buen clima; sobre todo, los domingos, est\u00e1 a tope. La expectativa es seguir captando el turismo m\u00e1s cercano, del Gran C\u00f3rdoba, que hace escapadas de pocos d\u00edas. Para eso, tenemos el Complejo Rincones de Encanto, que es ideal para ese tipo de escapadas\u00bb.<\/p>\n\n\n\n<h2 class=\"wp-block-heading\">El turismo 2025, signado por los viajes al exterior<\/h2>\n\n\n\n<p>En este contexto, el Gobierno Nacional intervino para contener el \u00e9xodo de turistas, a partir del&nbsp;Decreto de Necesidad y Urgencia (<strong>DNU<\/strong>)&nbsp;que prorrog\u00f3 el&nbsp;<strong>impuesto al turismo<\/strong>. De esta forma, se extendi\u00f3 por casi dos a\u00f1os el&nbsp;<strong>Fondo Nacional de Turismo<\/strong>, que deviene en un&nbsp;<strong>tributo de 7% del precio de los pasajes a\u00e9reos, mar\u00edtimos y fluviales al exterior<\/strong>.<\/p>\n\n\n\n<p>Sin embargo, la abismal diferencia cambiaria producto de la intervenci\u00f3n sobre el d\u00f3lar que realiza el Gobierno libertario, las personas optan por destinos en el exterior, ya que son sensiblemente m\u00e1s baratos.<\/p>\n\n\n\n<p>\u00ab<strong>Hemos tenido bastantes ventas internacionales. Los destinos m\u00e1s elegidos son Brasil y el Caribe<\/strong>. En cuanto a Brasil, se ve tambi\u00e9n que la gente se va con el esquema autogestionado del que habl\u00e1bamos\u00bb, complet\u00f3 el citado Mu\u00f1iz.<\/p>\n\n\n\n<h2 class=\"wp-block-heading\">Las expectativas de la temporada de turismo 2025<\/h2>\n\n\n\n<p><strong>Federico Tonarelli<\/strong>, presidente de la&nbsp;<strong>cooperativa Rutas Argentinas<\/strong>, apunt\u00f3 en di\u00e1logo con&nbsp;<strong>ANSOL<\/strong>: \u00abLa baja en general es igual que en el turismo comercial. El que tiene la posibilidad econ\u00f3mica, elije Brasil y aprovecha la oportunidad debido a la diferencia importante de valores respecto de los precios que manejamos en el pa\u00eds\u00bb.<\/p>\n\n\n\n<p>\u00ab<strong>Las condiciones no van a variar y esperamos el mismo comportamiento tur\u00edstico por lo que queda de temporada<\/strong>\u00ab, complet\u00f3 Tonarelli.<\/p>\n","protected":false},"excerpt":{"rendered":"<p>El verano argentino de&nbsp;turismo 2025&nbsp;no comenz\u00f3 bien y esa tendencia amenaza con atravesar toda la temporada. Seg\u00fan los primeros relevamientos,&nbsp;no se ha alcanzado el nivel de ocupaci\u00f3n esperado, pese a que las reservas han mejorado en comparaci\u00f3n con los pron\u00f3sticos iniciales. H\u00e9ctor Acosta, referente del \u00e1rea en la Confederaci\u00f3n Argentina de Mutualidades (CAM), apunt\u00f3 en [&hellip;]<\/p>\n","protected":false},"author":4,"featured_media":719,"comment_status":"open","ping_status":"open","sticky":false,"template":"","format":"standard","meta":{"footnotes":""},"categories":[19,18],"tags":[],"class_list":{"0":"post-718","1":"post","2":"type-post","3":"status-publish","4":"format-standard","5":"has-post-thumbnail","7":"category-interes-general","8":"category-nacionales"},"yoast_head":"<!-- This site is optimized with the Yoast SEO plugin v27.4 - https:\/\/yoast.com\/product\/yoast-seo-wordpress\/ -->\n<title>Turismo 2025, gasolero: vacaciones con autogesti\u00f3n, supermercado y ahorro - Diario del Sur<\/title>\n<meta name=\"robots\" content=\"index, follow, max-snippet:-1, max-image-preview:large, max-video-preview:-1\" \/>\n<link rel=\"canonical\" href=\"https:\/\/diariodelsurdigital.com.ar\/?p=718\" \/>\n<meta property=\"og:locale\" content=\"es_ES\" \/>\n<meta property=\"og:type\" content=\"article\" \/>\n<meta property=\"og:title\" content=\"Turismo 2025, gasolero: vacaciones con autogesti\u00f3n, supermercado y ahorro - Diario del Sur\" \/>\n<meta property=\"og:description\" content=\"El verano argentino de&nbsp;turismo 2025&nbsp;no comenz\u00f3 bien y esa tendencia amenaza con atravesar toda la temporada. Seg\u00fan los primeros relevamientos,&nbsp;no se ha alcanzado el nivel de ocupaci\u00f3n esperado, pese a que las reservas han mejorado en comparaci\u00f3n con los pron\u00f3sticos iniciales. H\u00e9ctor Acosta, referente del \u00e1rea en la Confederaci\u00f3n Argentina de Mutualidades (CAM), apunt\u00f3 en [&hellip;]\" \/>\n<meta property=\"og:url\" content=\"https:\/\/diariodelsurdigital.com.ar\/?p=718\" \/>\n<meta property=\"og:site_name\" content=\"Diario del Sur\" \/>\n<meta property=\"article:published_time\" content=\"2025-01-23T18:15:08+00:00\" \/>\n<meta property=\"article:modified_time\" content=\"2025-01-23T18:15:09+00:00\" \/>\n<meta property=\"og:image\" content=\"https:\/\/diariodelsurdigital.com.ar\/wp-content\/uploads\/2025\/01\/entre-rios-colon-playa-4.jpg\" \/>\n\t<meta property=\"og:image:width\" content=\"1200\" \/>\n\t<meta property=\"og:image:height\" content=\"800\" \/>\n\t<meta property=\"og:image:type\" content=\"image\/jpeg\" \/>\n<meta name=\"author\" content=\"Diario del Sur Digital\" \/>\n<meta name=\"twitter:card\" content=\"summary_large_image\" \/>\n<meta name=\"twitter:label1\" content=\"Escrito por\" \/>\n\t<meta name=\"twitter:data1\" content=\"Diario del Sur Digital\" \/>\n\t<meta name=\"twitter:label2\" content=\"Tiempo de lectura\" \/>\n\t<meta name=\"twitter:data2\" content=\"4 minutos\" \/>\n<script type=\"application\/ld+json\" class=\"yoast-schema-graph\">{\"@context\":\"https:\\\/\\\/schema.org\",\"@graph\":[{\"@type\":\"Article\",\"@id\":\"https:\\\/\\\/diariodelsurdigital.com.ar\\\/?p=718#article\",\"isPartOf\":{\"@id\":\"https:\\\/\\\/diariodelsurdigital.com.ar\\\/?p=718\"},\"author\":{\"name\":\"Diario del Sur Digital\",\"@id\":\"https:\\\/\\\/diariodelsurdigital.com.ar\\\/#\\\/schema\\\/person\\\/1a4992532ed62965c968031b49195c81\"},\"headline\":\"Turismo 2025, gasolero: vacaciones con autogesti\u00f3n, supermercado y ahorro\",\"datePublished\":\"2025-01-23T18:15:08+00:00\",\"dateModified\":\"2025-01-23T18:15:09+00:00\",\"mainEntityOfPage\":{\"@id\":\"https:\\\/\\\/diariodelsurdigital.com.ar\\\/?p=718\"},\"wordCount\":722,\"commentCount\":0,\"image\":{\"@id\":\"https:\\\/\\\/diariodelsurdigital.com.ar\\\/?p=718#primaryimage\"},\"thumbnailUrl\":\"https:\\\/\\\/diariodelsurdigital.com.ar\\\/wp-content\\\/uploads\\\/2025\\\/01\\\/entre-rios-colon-playa-4.jpg\",\"articleSection\":[\"Inter\u00e9s General\",\"Nacionales\"],\"inLanguage\":\"es\",\"potentialAction\":[{\"@type\":\"CommentAction\",\"name\":\"Comment\",\"target\":[\"https:\\\/\\\/diariodelsurdigital.com.ar\\\/?p=718#respond\"]}]},{\"@type\":\"WebPage\",\"@id\":\"https:\\\/\\\/diariodelsurdigital.com.ar\\\/?p=718\",\"url\":\"https:\\\/\\\/diariodelsurdigital.com.ar\\\/?p=718\",\"name\":\"Turismo 2025, gasolero: vacaciones con autogesti\u00f3n, supermercado y ahorro - Diario del Sur\",\"isPartOf\":{\"@id\":\"https:\\\/\\\/diariodelsurdigital.com.ar\\\/#website\"},\"primaryImageOfPage\":{\"@id\":\"https:\\\/\\\/diariodelsurdigital.com.ar\\\/?p=718#primaryimage\"},\"image\":{\"@id\":\"https:\\\/\\\/diariodelsurdigital.com.ar\\\/?p=718#primaryimage\"},\"thumbnailUrl\":\"https:\\\/\\\/diariodelsurdigital.com.ar\\\/wp-content\\\/uploads\\\/2025\\\/01\\\/entre-rios-colon-playa-4.jpg\",\"datePublished\":\"2025-01-23T18:15:08+00:00\",\"dateModified\":\"2025-01-23T18:15:09+00:00\",\"author\":{\"@id\":\"https:\\\/\\\/diariodelsurdigital.com.ar\\\/#\\\/schema\\\/person\\\/1a4992532ed62965c968031b49195c81\"},\"breadcrumb\":{\"@id\":\"https:\\\/\\\/diariodelsurdigital.com.ar\\\/?p=718#breadcrumb\"},\"inLanguage\":\"es\",\"potentialAction\":[{\"@type\":\"ReadAction\",\"target\":[\"https:\\\/\\\/diariodelsurdigital.com.ar\\\/?p=718\"]}]},{\"@type\":\"ImageObject\",\"inLanguage\":\"es\",\"@id\":\"https:\\\/\\\/diariodelsurdigital.com.ar\\\/?p=718#primaryimage\",\"url\":\"https:\\\/\\\/diariodelsurdigital.com.ar\\\/wp-content\\\/uploads\\\/2025\\\/01\\\/entre-rios-colon-playa-4.jpg\",\"contentUrl\":\"https:\\\/\\\/diariodelsurdigital.com.ar\\\/wp-content\\\/uploads\\\/2025\\\/01\\\/entre-rios-colon-playa-4.jpg\",\"width\":1200,\"height\":800},{\"@type\":\"BreadcrumbList\",\"@id\":\"https:\\\/\\\/diariodelsurdigital.com.ar\\\/?p=718#breadcrumb\",\"itemListElement\":[{\"@type\":\"ListItem\",\"position\":1,\"name\":\"Portada\",\"item\":\"https:\\\/\\\/diariodelsurdigital.com.ar\\\/\"},{\"@type\":\"ListItem\",\"position\":2,\"name\":\"Turismo 2025, gasolero: vacaciones con autogesti\u00f3n, supermercado y ahorro\"}]},{\"@type\":\"WebSite\",\"@id\":\"https:\\\/\\\/diariodelsurdigital.com.ar\\\/#website\",\"url\":\"https:\\\/\\\/diariodelsurdigital.com.ar\\\/\",\"name\":\"Diario del Sur\",\"description\":\"Digital\",\"potentialAction\":[{\"@type\":\"SearchAction\",\"target\":{\"@type\":\"EntryPoint\",\"urlTemplate\":\"https:\\\/\\\/diariodelsurdigital.com.ar\\\/?s={search_term_string}\"},\"query-input\":{\"@type\":\"PropertyValueSpecification\",\"valueRequired\":true,\"valueName\":\"search_term_string\"}}],\"inLanguage\":\"es\"},{\"@type\":\"Person\",\"@id\":\"https:\\\/\\\/diariodelsurdigital.com.ar\\\/#\\\/schema\\\/person\\\/1a4992532ed62965c968031b49195c81\",\"name\":\"Diario del Sur Digital\",\"image\":{\"@type\":\"ImageObject\",\"inLanguage\":\"es\",\"@id\":\"https:\\\/\\\/secure.gravatar.com\\\/avatar\\\/f0c7c47fc7146d19828273b9b8eda651c9c7ab583767e6338d3d3bee825adf76?s=96&d=mm&r=g\",\"url\":\"https:\\\/\\\/secure.gravatar.com\\\/avatar\\\/f0c7c47fc7146d19828273b9b8eda651c9c7ab583767e6338d3d3bee825adf76?s=96&d=mm&r=g\",\"contentUrl\":\"https:\\\/\\\/secure.gravatar.com\\\/avatar\\\/f0c7c47fc7146d19828273b9b8eda651c9c7ab583767e6338d3d3bee825adf76?s=96&d=mm&r=g\",\"caption\":\"Diario del Sur Digital\"},\"url\":\"https:\\\/\\\/diariodelsurdigital.com.ar\\\/?author=4\"}]}<\/script>\n<!-- \/ Yoast SEO plugin. -->","yoast_head_json":{"title":"Turismo 2025, gasolero: vacaciones con autogesti\u00f3n, supermercado y ahorro - Diario del Sur","robots":{"index":"index","follow":"follow","max-snippet":"max-snippet:-1","max-image-preview":"max-image-preview:large","max-video-preview":"max-video-preview:-1"},"canonical":"https:\/\/diariodelsurdigital.com.ar\/?p=718","og_locale":"es_ES","og_type":"article","og_title":"Turismo 2025, gasolero: vacaciones con autogesti\u00f3n, supermercado y ahorro - Diario del Sur","og_description":"El verano argentino de&nbsp;turismo 2025&nbsp;no comenz\u00f3 bien y esa tendencia amenaza con atravesar toda la temporada. Seg\u00fan los primeros relevamientos,&nbsp;no se ha alcanzado el nivel de ocupaci\u00f3n esperado, pese a que las reservas han mejorado en comparaci\u00f3n con los pron\u00f3sticos iniciales. H\u00e9ctor Acosta, referente del \u00e1rea en la Confederaci\u00f3n Argentina de Mutualidades (CAM), apunt\u00f3 en [&hellip;]","og_url":"https:\/\/diariodelsurdigital.com.ar\/?p=718","og_site_name":"Diario del Sur","article_published_time":"2025-01-23T18:15:08+00:00","article_modified_time":"2025-01-23T18:15:09+00:00","og_image":[{"width":1200,"height":800,"url":"https:\/\/diariodelsurdigital.com.ar\/wp-content\/uploads\/2025\/01\/entre-rios-colon-playa-4.jpg","type":"image\/jpeg"}],"author":"Diario del Sur Digital","twitter_card":"summary_large_image","twitter_misc":{"Escrito por":"Diario del Sur Digital","Tiempo de lectura":"4 minutos"},"schema":{"@context":"https:\/\/schema.org","@graph":[{"@type":"Article","@id":"https:\/\/diariodelsurdigital.com.ar\/?p=718#article","isPartOf":{"@id":"https:\/\/diariodelsurdigital.com.ar\/?p=718"},"author":{"name":"Diario del Sur Digital","@id":"https:\/\/diariodelsurdigital.com.ar\/#\/schema\/person\/1a4992532ed62965c968031b49195c81"},"headline":"Turismo 2025, gasolero: vacaciones con autogesti\u00f3n, supermercado y ahorro","datePublished":"2025-01-23T18:15:08+00:00","dateModified":"2025-01-23T18:15:09+00:00","mainEntityOfPage":{"@id":"https:\/\/diariodelsurdigital.com.ar\/?p=718"},"wordCount":722,"commentCount":0,"image":{"@id":"https:\/\/diariodelsurdigital.com.ar\/?p=718#primaryimage"},"thumbnailUrl":"https:\/\/diariodelsurdigital.com.ar\/wp-content\/uploads\/2025\/01\/entre-rios-colon-playa-4.jpg","articleSection":["Inter\u00e9s General","Nacionales"],"inLanguage":"es","potentialAction":[{"@type":"CommentAction","name":"Comment","target":["https:\/\/diariodelsurdigital.com.ar\/?p=718#respond"]}]},{"@type":"WebPage","@id":"https:\/\/diariodelsurdigital.com.ar\/?p=718","url":"https:\/\/diariodelsurdigital.com.ar\/?p=718","name":"Turismo 2025, gasolero: vacaciones con autogesti\u00f3n, supermercado y ahorro - Diario del Sur","isPartOf":{"@id":"https:\/\/diariodelsurdigital.com.ar\/#website"},"primaryImageOfPage":{"@id":"https:\/\/diariodelsurdigital.com.ar\/?p=718#primaryimage"},"image":{"@id":"https:\/\/diariodelsurdigital.com.ar\/?p=718#primaryimage"},"thumbnailUrl":"https:\/\/diariodelsurdigital.com.ar\/wp-content\/uploads\/2025\/01\/entre-rios-colon-playa-4.jpg","datePublished":"2025-01-23T18:15:08+00:00","dateModified":"2025-01-23T18:15:09+00:00","author":{"@id":"https:\/\/diariodelsurdigital.com.ar\/#\/schema\/person\/1a4992532ed62965c968031b49195c81"},"breadcrumb":{"@id":"https:\/\/diariodelsurdigital.com.ar\/?p=718#breadcrumb"},"inLanguage":"es","potentialAction":[{"@type":"ReadAction","target":["https:\/\/diariodelsurdigital.com.ar\/?p=718"]}]},{"@type":"ImageObject","inLanguage":"es","@id":"https:\/\/diariodelsurdigital.com.ar\/?p=718#primaryimage","url":"https:\/\/diariodelsurdigital.com.ar\/wp-content\/uploads\/2025\/01\/entre-rios-colon-playa-4.jpg","contentUrl":"https:\/\/diariodelsurdigital.com.ar\/wp-content\/uploads\/2025\/01\/entre-rios-colon-playa-4.jpg","width":1200,"height":800},{"@type":"BreadcrumbList","@id":"https:\/\/diariodelsurdigital.com.ar\/?p=718#breadcrumb","itemListElement":[{"@type":"ListItem","position":1,"name":"Portada","item":"https:\/\/diariodelsurdigital.com.ar\/"},{"@type":"ListItem","position":2,"name":"Turismo 2025, gasolero: vacaciones con autogesti\u00f3n, supermercado y ahorro"}]},{"@type":"WebSite","@id":"https:\/\/diariodelsurdigital.com.ar\/#website","url":"https:\/\/diariodelsurdigital.com.ar\/","name":"Diario del Sur","description":"Digital","potentialAction":[{"@type":"SearchAction","target":{"@type":"EntryPoint","urlTemplate":"https:\/\/diariodelsurdigital.com.ar\/?s={search_term_string}"},"query-input":{"@type":"PropertyValueSpecification","valueRequired":true,"valueName":"search_term_string"}}],"inLanguage":"es"},{"@type":"Person","@id":"https:\/\/diariodelsurdigital.com.ar\/#\/schema\/person\/1a4992532ed62965c968031b49195c81","name":"Diario del Sur Digital","image":{"@type":"ImageObject","inLanguage":"es","@id":"https:\/\/secure.gravatar.com\/avatar\/f0c7c47fc7146d19828273b9b8eda651c9c7ab583767e6338d3d3bee825adf76?s=96&d=mm&r=g","url":"https:\/\/secure.gravatar.com\/avatar\/f0c7c47fc7146d19828273b9b8eda651c9c7ab583767e6338d3d3bee825adf76?s=96&d=mm&r=g","contentUrl":"https:\/\/secure.gravatar.com\/avatar\/f0c7c47fc7146d19828273b9b8eda651c9c7ab583767e6338d3d3bee825adf76?s=96&d=mm&r=g","caption":"Diario del Sur Digital"},"url":"https:\/\/diariodelsurdigital.com.ar\/?author=4"}]}},"_links":{"self":[{"href":"https:\/\/diariodelsurdigital.com.ar\/index.php?rest_route=\/wp\/v2\/posts\/718","targetHints":{"allow":["GET"]}}],"collection":[{"href":"https:\/\/diariodelsurdigital.com.ar\/index.php?rest_route=\/wp\/v2\/posts"}],"about":[{"href":"https:\/\/diariodelsurdigital.com.ar\/index.php?rest_route=\/wp\/v2\/types\/post"}],"author":[{"embeddable":true,"href":"https:\/\/diariodelsurdigital.com.ar\/index.php?rest_route=\/wp\/v2\/users\/4"}],"replies":[{"embeddable":true,"href":"https:\/\/diariodelsurdigital.com.ar\/index.php?rest_route=%2Fwp%2Fv2%2Fcomments&post=718"}],"version-history":[{"count":1,"href":"https:\/\/diariodelsurdigital.com.ar\/index.php?rest_route=\/wp\/v2\/posts\/718\/revisions"}],"predecessor-version":[{"id":720,"href":"https:\/\/diariodelsurdigital.com.ar\/index.php?rest_route=\/wp\/v2\/posts\/718\/revisions\/720"}],"wp:featuredmedia":[{"embeddable":true,"href":"https:\/\/diariodelsurdigital.com.ar\/index.php?rest_route=\/wp\/v2\/media\/719"}],"wp:attachment":[{"href":"https:\/\/diariodelsurdigital.com.ar\/index.php?rest_route=%2Fwp%2Fv2%2Fmedia&parent=718"}],"wp:term":[{"taxonomy":"category","embeddable":true,"href":"https:\/\/diariodelsurdigital.com.ar\/index.php?rest_route=%2Fwp%2Fv2%2Fcategories&post=718"},{"taxonomy":"post_tag","embeddable":true,"href":"https:\/\/diariodelsurdigital.com.ar\/index.php?rest_route=%2Fwp%2Fv2%2Ftags&post=718"}],"curies":[{"name":"wp","href":"https:\/\/api.w.org\/{rel}","templated":true}]}}