{"id":721,"date":"2025-01-23T15:17:10","date_gmt":"2025-01-23T18:17:10","guid":{"rendered":"https:\/\/diariodelsurdigital.com.ar\/?p=721"},"modified":"2025-01-23T15:17:12","modified_gmt":"2025-01-23T18:17:12","slug":"el-derrumbe-del-consumo-no-encuentra-piso-hasta-noviembre-los-supermercados-vendieron-119-menos-que-en-2023","status":"publish","type":"post","link":"https:\/\/diariodelsurdigital.com.ar\/?p=721","title":{"rendered":"El derrumbe del consumo no encuentra piso: hasta noviembre los supermercados vendieron 11,9% menos que en 2023"},"content":{"rendered":"\n<p>La versi\u00f3n del gobierno sobre la recuperaci\u00f3n de los salarios reales a partir del segundo semestre de 2024&nbsp;<a href=\"https:\/\/www.tiempoar.com.ar\/ta_article\/la-participacion-de-los-salarios-sobre-el-pbi-cayo-por-septimo-trimestre-consecutivo\/\">sigue chocando con los datos de la realidad<\/a>. El informe de supermercados que se conoci\u00f3 hoy muestra una persistente contracci\u00f3n del consumo que&nbsp;<strong>alcanz\u00f3 un 7,6% en t\u00e9rminos interanuales en noviembre pasado<\/strong>.<\/p>\n\n\n\n<p>El dato consolida un derrumbe del consumo en esas bocas de expendio que, durante los&nbsp;<strong>primeros once meses de 2024 acumularon una ca\u00edda del 11,9%<\/strong>. Con todo, durante&nbsp;<strong>noviembre&nbsp;<\/strong>emerge una leve se\u00f1al de recuperaci\u00f3n en tanto en t\u00e9rminos intermensuales&nbsp;<strong>se verific\u00f3 una suba del 1,8%<\/strong>.<\/p>\n\n\n\n<p>De este modo el indicador acumula&nbsp;<strong>una ca\u00edda sistem\u00e1tica durante trece menos consecutivos<\/strong>, aunque, el 7,6% implica una marcada desaceleraci\u00f3n con relaci\u00f3n al retroceso del 17,8% registrado en octubre de 2024 y del 12,8% interanaul que marc\u00f3 el mes inmediato anterior.<\/p>\n\n\n\n<p>En sinton\u00eda con lo indicado, l<strong>a cantidad de trabajadores ocupados en el segmento de supermercados sufri\u00f3 en t\u00e9rminos interanuales una contracci\u00f3n del 1,3%<\/strong>&nbsp;alcanzando los 98.865 trabajadores. Los&nbsp;<strong>salarios&nbsp;<\/strong>de los trabajadores sin cargos superiores exhibieron&nbsp;<strong>una ca\u00edda del 10,7% en t\u00e9rminos reales<\/strong>&nbsp;en tanto se incrementaron apenas un 137,4% cuando la suba interanual de precios para ese mes marc\u00f3 un 166%.<\/p>\n\n\n\n<p>Un escenario todav\u00eda m\u00e1s sombr\u00edo se verific\u00f3 en&nbsp;<strong>los centros de ventas mayoristas<\/strong>&nbsp;que mostraron&nbsp;<strong>una ca\u00edda interanual del 10,9%<\/strong>&nbsp;y que acumularon a noviembre de 2024 una&nbsp;<strong>contracci\u00f3n del 15% en sus ventas<\/strong>. Un mes antes hab\u00edan marcado una ca\u00edda interanual del 22,8%. All\u00ed el personal se contrajo un 0,6% y los salarios del personal del escalaf\u00f3n no jer\u00e1rquico lo hicieron un 13,4%.<\/p>\n\n\n\n<p>Por ese motivo&nbsp;<strong>el 34% de los empresarios supermercadistas consideraron que la situaci\u00f3n de su empresa es \u201cmala\u201d contra apenas un 22% que la calificaron de \u201cbuena<\/strong>\u201d. En los centros mayoristas los empresarios que calificaron positivamente su situaci\u00f3n &nbsp;se reducen a un 11,8%.<\/p>\n\n\n\n<p>Ambos segmentos&nbsp;<strong>atribuyen la mala situaci\u00f3n principalmente a la contracci\u00f3n de la demanda<\/strong>. As\u00ed lo indicaron el 54,7% de los supermercadistas y un 41,2% de los due\u00f1os de centros mayoristas.<\/p>\n\n\n\n<p>La excepci\u00f3n la marcaron los centros de compras (shoppings) que mostraron en noviembre&nbsp;<strong>una recuperaci\u00f3n del 3,8%<\/strong>&nbsp;con relaci\u00f3n al mismo mes del a\u00f1o anterior a contramano de lo ocurrido un mes antes cuando las ventas se hab\u00edan reducido en un 7,9%.<\/p>\n","protected":false},"excerpt":{"rendered":"<p>La versi\u00f3n del gobierno sobre la recuperaci\u00f3n de los salarios reales a partir del segundo semestre de 2024&nbsp;sigue chocando con los datos de la realidad. El informe de supermercados que se conoci\u00f3 hoy muestra una persistente contracci\u00f3n del consumo que&nbsp;alcanz\u00f3 un 7,6% en t\u00e9rminos interanuales en noviembre pasado. El dato consolida un derrumbe del consumo [&hellip;]<\/p>\n","protected":false},"author":4,"featured_media":722,"comment_status":"open","ping_status":"open","sticky":false,"template":"","format":"standard","meta":{"footnotes":""},"categories":[18],"tags":[],"class_list":{"0":"post-721","1":"post","2":"type-post","3":"status-publish","4":"format-standard","5":"has-post-thumbnail","7":"category-nacionales"},"yoast_head":"<!-- This site is optimized with the Yoast SEO plugin v27.4 - https:\/\/yoast.com\/product\/yoast-seo-wordpress\/ -->\n<title>El derrumbe del consumo no encuentra piso: hasta noviembre los supermercados vendieron 11,9% menos que en 2023 - Diario del Sur<\/title>\n<meta name=\"robots\" content=\"index, follow, max-snippet:-1, max-image-preview:large, max-video-preview:-1\" \/>\n<link rel=\"canonical\" href=\"https:\/\/diariodelsurdigital.com.ar\/?p=721\" \/>\n<meta property=\"og:locale\" content=\"es_ES\" \/>\n<meta property=\"og:type\" content=\"article\" \/>\n<meta property=\"og:title\" content=\"El derrumbe del consumo no encuentra piso: hasta noviembre los supermercados vendieron 11,9% menos que en 2023 - Diario del Sur\" \/>\n<meta property=\"og:description\" content=\"La versi\u00f3n del gobierno sobre la recuperaci\u00f3n de los salarios reales a partir del segundo semestre de 2024&nbsp;sigue chocando con los datos de la realidad. El informe de supermercados que se conoci\u00f3 hoy muestra una persistente contracci\u00f3n del consumo que&nbsp;alcanz\u00f3 un 7,6% en t\u00e9rminos interanuales en noviembre pasado. El dato consolida un derrumbe del consumo [&hellip;]\" \/>\n<meta property=\"og:url\" content=\"https:\/\/diariodelsurdigital.com.ar\/?p=721\" \/>\n<meta property=\"og:site_name\" content=\"Diario del Sur\" \/>\n<meta property=\"article:published_time\" content=\"2025-01-23T18:17:10+00:00\" \/>\n<meta property=\"article:modified_time\" content=\"2025-01-23T18:17:12+00:00\" \/>\n<meta property=\"og:image\" content=\"https:\/\/diariodelsurdigital.com.ar\/wp-content\/uploads\/2025\/01\/supermercados-precios-gondolas-foto-DAMIAN-DOPACIO.jpg\" \/>\n\t<meta property=\"og:image:width\" content=\"1200\" \/>\n\t<meta property=\"og:image:height\" content=\"800\" \/>\n\t<meta property=\"og:image:type\" content=\"image\/jpeg\" \/>\n<meta name=\"author\" content=\"Diario del Sur Digital\" \/>\n<meta name=\"twitter:card\" content=\"summary_large_image\" \/>\n<meta name=\"twitter:label1\" content=\"Escrito por\" \/>\n\t<meta name=\"twitter:data1\" content=\"Diario del Sur Digital\" \/>\n\t<meta name=\"twitter:label2\" content=\"Tiempo de lectura\" \/>\n\t<meta name=\"twitter:data2\" content=\"2 minutos\" \/>\n<script type=\"application\/ld+json\" class=\"yoast-schema-graph\">{\"@context\":\"https:\\\/\\\/schema.org\",\"@graph\":[{\"@type\":\"Article\",\"@id\":\"https:\\\/\\\/diariodelsurdigital.com.ar\\\/?p=721#article\",\"isPartOf\":{\"@id\":\"https:\\\/\\\/diariodelsurdigital.com.ar\\\/?p=721\"},\"author\":{\"name\":\"Diario del Sur Digital\",\"@id\":\"https:\\\/\\\/diariodelsurdigital.com.ar\\\/#\\\/schema\\\/person\\\/1a4992532ed62965c968031b49195c81\"},\"headline\":\"El derrumbe del consumo no encuentra piso: hasta noviembre los supermercados vendieron 11,9% menos que en 2023\",\"datePublished\":\"2025-01-23T18:17:10+00:00\",\"dateModified\":\"2025-01-23T18:17:12+00:00\",\"mainEntityOfPage\":{\"@id\":\"https:\\\/\\\/diariodelsurdigital.com.ar\\\/?p=721\"},\"wordCount\":424,\"commentCount\":0,\"image\":{\"@id\":\"https:\\\/\\\/diariodelsurdigital.com.ar\\\/?p=721#primaryimage\"},\"thumbnailUrl\":\"https:\\\/\\\/diariodelsurdigital.com.ar\\\/wp-content\\\/uploads\\\/2025\\\/01\\\/supermercados-precios-gondolas-foto-DAMIAN-DOPACIO.jpg\",\"articleSection\":[\"Nacionales\"],\"inLanguage\":\"es\",\"potentialAction\":[{\"@type\":\"CommentAction\",\"name\":\"Comment\",\"target\":[\"https:\\\/\\\/diariodelsurdigital.com.ar\\\/?p=721#respond\"]}]},{\"@type\":\"WebPage\",\"@id\":\"https:\\\/\\\/diariodelsurdigital.com.ar\\\/?p=721\",\"url\":\"https:\\\/\\\/diariodelsurdigital.com.ar\\\/?p=721\",\"name\":\"El derrumbe del consumo no encuentra piso: hasta noviembre los supermercados vendieron 11,9% menos que en 2023 - Diario del Sur\",\"isPartOf\":{\"@id\":\"https:\\\/\\\/diariodelsurdigital.com.ar\\\/#website\"},\"primaryImageOfPage\":{\"@id\":\"https:\\\/\\\/diariodelsurdigital.com.ar\\\/?p=721#primaryimage\"},\"image\":{\"@id\":\"https:\\\/\\\/diariodelsurdigital.com.ar\\\/?p=721#primaryimage\"},\"thumbnailUrl\":\"https:\\\/\\\/diariodelsurdigital.com.ar\\\/wp-content\\\/uploads\\\/2025\\\/01\\\/supermercados-precios-gondolas-foto-DAMIAN-DOPACIO.jpg\",\"datePublished\":\"2025-01-23T18:17:10+00:00\",\"dateModified\":\"2025-01-23T18:17:12+00:00\",\"author\":{\"@id\":\"https:\\\/\\\/diariodelsurdigital.com.ar\\\/#\\\/schema\\\/person\\\/1a4992532ed62965c968031b49195c81\"},\"breadcrumb\":{\"@id\":\"https:\\\/\\\/diariodelsurdigital.com.ar\\\/?p=721#breadcrumb\"},\"inLanguage\":\"es\",\"potentialAction\":[{\"@type\":\"ReadAction\",\"target\":[\"https:\\\/\\\/diariodelsurdigital.com.ar\\\/?p=721\"]}]},{\"@type\":\"ImageObject\",\"inLanguage\":\"es\",\"@id\":\"https:\\\/\\\/diariodelsurdigital.com.ar\\\/?p=721#primaryimage\",\"url\":\"https:\\\/\\\/diariodelsurdigital.com.ar\\\/wp-content\\\/uploads\\\/2025\\\/01\\\/supermercados-precios-gondolas-foto-DAMIAN-DOPACIO.jpg\",\"contentUrl\":\"https:\\\/\\\/diariodelsurdigital.com.ar\\\/wp-content\\\/uploads\\\/2025\\\/01\\\/supermercados-precios-gondolas-foto-DAMIAN-DOPACIO.jpg\",\"width\":1200,\"height\":800},{\"@type\":\"BreadcrumbList\",\"@id\":\"https:\\\/\\\/diariodelsurdigital.com.ar\\\/?p=721#breadcrumb\",\"itemListElement\":[{\"@type\":\"ListItem\",\"position\":1,\"name\":\"Portada\",\"item\":\"https:\\\/\\\/diariodelsurdigital.com.ar\\\/\"},{\"@type\":\"ListItem\",\"position\":2,\"name\":\"El derrumbe del consumo no encuentra piso: hasta noviembre los supermercados vendieron 11,9% menos que en 2023\"}]},{\"@type\":\"WebSite\",\"@id\":\"https:\\\/\\\/diariodelsurdigital.com.ar\\\/#website\",\"url\":\"https:\\\/\\\/diariodelsurdigital.com.ar\\\/\",\"name\":\"Diario del Sur\",\"description\":\"Digital\",\"potentialAction\":[{\"@type\":\"SearchAction\",\"target\":{\"@type\":\"EntryPoint\",\"urlTemplate\":\"https:\\\/\\\/diariodelsurdigital.com.ar\\\/?s={search_term_string}\"},\"query-input\":{\"@type\":\"PropertyValueSpecification\",\"valueRequired\":true,\"valueName\":\"search_term_string\"}}],\"inLanguage\":\"es\"},{\"@type\":\"Person\",\"@id\":\"https:\\\/\\\/diariodelsurdigital.com.ar\\\/#\\\/schema\\\/person\\\/1a4992532ed62965c968031b49195c81\",\"name\":\"Diario del Sur Digital\",\"image\":{\"@type\":\"ImageObject\",\"inLanguage\":\"es\",\"@id\":\"https:\\\/\\\/secure.gravatar.com\\\/avatar\\\/f0c7c47fc7146d19828273b9b8eda651c9c7ab583767e6338d3d3bee825adf76?s=96&d=mm&r=g\",\"url\":\"https:\\\/\\\/secure.gravatar.com\\\/avatar\\\/f0c7c47fc7146d19828273b9b8eda651c9c7ab583767e6338d3d3bee825adf76?s=96&d=mm&r=g\",\"contentUrl\":\"https:\\\/\\\/secure.gravatar.com\\\/avatar\\\/f0c7c47fc7146d19828273b9b8eda651c9c7ab583767e6338d3d3bee825adf76?s=96&d=mm&r=g\",\"caption\":\"Diario del Sur Digital\"},\"url\":\"https:\\\/\\\/diariodelsurdigital.com.ar\\\/?author=4\"}]}<\/script>\n<!-- \/ Yoast SEO plugin. -->","yoast_head_json":{"title":"El derrumbe del consumo no encuentra piso: hasta noviembre los supermercados vendieron 11,9% menos que en 2023 - Diario del Sur","robots":{"index":"index","follow":"follow","max-snippet":"max-snippet:-1","max-image-preview":"max-image-preview:large","max-video-preview":"max-video-preview:-1"},"canonical":"https:\/\/diariodelsurdigital.com.ar\/?p=721","og_locale":"es_ES","og_type":"article","og_title":"El derrumbe del consumo no encuentra piso: hasta noviembre los supermercados vendieron 11,9% menos que en 2023 - Diario del Sur","og_description":"La versi\u00f3n del gobierno sobre la recuperaci\u00f3n de los salarios reales a partir del segundo semestre de 2024&nbsp;sigue chocando con los datos de la realidad. El informe de supermercados que se conoci\u00f3 hoy muestra una persistente contracci\u00f3n del consumo que&nbsp;alcanz\u00f3 un 7,6% en t\u00e9rminos interanuales en noviembre pasado. El dato consolida un derrumbe del consumo [&hellip;]","og_url":"https:\/\/diariodelsurdigital.com.ar\/?p=721","og_site_name":"Diario del Sur","article_published_time":"2025-01-23T18:17:10+00:00","article_modified_time":"2025-01-23T18:17:12+00:00","og_image":[{"width":1200,"height":800,"url":"https:\/\/diariodelsurdigital.com.ar\/wp-content\/uploads\/2025\/01\/supermercados-precios-gondolas-foto-DAMIAN-DOPACIO.jpg","type":"image\/jpeg"}],"author":"Diario del Sur Digital","twitter_card":"summary_large_image","twitter_misc":{"Escrito por":"Diario del Sur Digital","Tiempo de lectura":"2 minutos"},"schema":{"@context":"https:\/\/schema.org","@graph":[{"@type":"Article","@id":"https:\/\/diariodelsurdigital.com.ar\/?p=721#article","isPartOf":{"@id":"https:\/\/diariodelsurdigital.com.ar\/?p=721"},"author":{"name":"Diario del Sur Digital","@id":"https:\/\/diariodelsurdigital.com.ar\/#\/schema\/person\/1a4992532ed62965c968031b49195c81"},"headline":"El derrumbe del consumo no encuentra piso: hasta noviembre los supermercados vendieron 11,9% menos que en 2023","datePublished":"2025-01-23T18:17:10+00:00","dateModified":"2025-01-23T18:17:12+00:00","mainEntityOfPage":{"@id":"https:\/\/diariodelsurdigital.com.ar\/?p=721"},"wordCount":424,"commentCount":0,"image":{"@id":"https:\/\/diariodelsurdigital.com.ar\/?p=721#primaryimage"},"thumbnailUrl":"https:\/\/diariodelsurdigital.com.ar\/wp-content\/uploads\/2025\/01\/supermercados-precios-gondolas-foto-DAMIAN-DOPACIO.jpg","articleSection":["Nacionales"],"inLanguage":"es","potentialAction":[{"@type":"CommentAction","name":"Comment","target":["https:\/\/diariodelsurdigital.com.ar\/?p=721#respond"]}]},{"@type":"WebPage","@id":"https:\/\/diariodelsurdigital.com.ar\/?p=721","url":"https:\/\/diariodelsurdigital.com.ar\/?p=721","name":"El derrumbe del consumo no encuentra piso: hasta noviembre los supermercados vendieron 11,9% menos que en 2023 - Diario del Sur","isPartOf":{"@id":"https:\/\/diariodelsurdigital.com.ar\/#website"},"primaryImageOfPage":{"@id":"https:\/\/diariodelsurdigital.com.ar\/?p=721#primaryimage"},"image":{"@id":"https:\/\/diariodelsurdigital.com.ar\/?p=721#primaryimage"},"thumbnailUrl":"https:\/\/diariodelsurdigital.com.ar\/wp-content\/uploads\/2025\/01\/supermercados-precios-gondolas-foto-DAMIAN-DOPACIO.jpg","datePublished":"2025-01-23T18:17:10+00:00","dateModified":"2025-01-23T18:17:12+00:00","author":{"@id":"https:\/\/diariodelsurdigital.com.ar\/#\/schema\/person\/1a4992532ed62965c968031b49195c81"},"breadcrumb":{"@id":"https:\/\/diariodelsurdigital.com.ar\/?p=721#breadcrumb"},"inLanguage":"es","potentialAction":[{"@type":"ReadAction","target":["https:\/\/diariodelsurdigital.com.ar\/?p=721"]}]},{"@type":"ImageObject","inLanguage":"es","@id":"https:\/\/diariodelsurdigital.com.ar\/?p=721#primaryimage","url":"https:\/\/diariodelsurdigital.com.ar\/wp-content\/uploads\/2025\/01\/supermercados-precios-gondolas-foto-DAMIAN-DOPACIO.jpg","contentUrl":"https:\/\/diariodelsurdigital.com.ar\/wp-content\/uploads\/2025\/01\/supermercados-precios-gondolas-foto-DAMIAN-DOPACIO.jpg","width":1200,"height":800},{"@type":"BreadcrumbList","@id":"https:\/\/diariodelsurdigital.com.ar\/?p=721#breadcrumb","itemListElement":[{"@type":"ListItem","position":1,"name":"Portada","item":"https:\/\/diariodelsurdigital.com.ar\/"},{"@type":"ListItem","position":2,"name":"El derrumbe del consumo no encuentra piso: hasta noviembre los supermercados vendieron 11,9% menos que en 2023"}]},{"@type":"WebSite","@id":"https:\/\/diariodelsurdigital.com.ar\/#website","url":"https:\/\/diariodelsurdigital.com.ar\/","name":"Diario del Sur","description":"Digital","potentialAction":[{"@type":"SearchAction","target":{"@type":"EntryPoint","urlTemplate":"https:\/\/diariodelsurdigital.com.ar\/?s={search_term_string}"},"query-input":{"@type":"PropertyValueSpecification","valueRequired":true,"valueName":"search_term_string"}}],"inLanguage":"es"},{"@type":"Person","@id":"https:\/\/diariodelsurdigital.com.ar\/#\/schema\/person\/1a4992532ed62965c968031b49195c81","name":"Diario del Sur Digital","image":{"@type":"ImageObject","inLanguage":"es","@id":"https:\/\/secure.gravatar.com\/avatar\/f0c7c47fc7146d19828273b9b8eda651c9c7ab583767e6338d3d3bee825adf76?s=96&d=mm&r=g","url":"https:\/\/secure.gravatar.com\/avatar\/f0c7c47fc7146d19828273b9b8eda651c9c7ab583767e6338d3d3bee825adf76?s=96&d=mm&r=g","contentUrl":"https:\/\/secure.gravatar.com\/avatar\/f0c7c47fc7146d19828273b9b8eda651c9c7ab583767e6338d3d3bee825adf76?s=96&d=mm&r=g","caption":"Diario del Sur Digital"},"url":"https:\/\/diariodelsurdigital.com.ar\/?author=4"}]}},"_links":{"self":[{"href":"https:\/\/diariodelsurdigital.com.ar\/index.php?rest_route=\/wp\/v2\/posts\/721","targetHints":{"allow":["GET"]}}],"collection":[{"href":"https:\/\/diariodelsurdigital.com.ar\/index.php?rest_route=\/wp\/v2\/posts"}],"about":[{"href":"https:\/\/diariodelsurdigital.com.ar\/index.php?rest_route=\/wp\/v2\/types\/post"}],"author":[{"embeddable":true,"href":"https:\/\/diariodelsurdigital.com.ar\/index.php?rest_route=\/wp\/v2\/users\/4"}],"replies":[{"embeddable":true,"href":"https:\/\/diariodelsurdigital.com.ar\/index.php?rest_route=%2Fwp%2Fv2%2Fcomments&post=721"}],"version-history":[{"count":1,"href":"https:\/\/diariodelsurdigital.com.ar\/index.php?rest_route=\/wp\/v2\/posts\/721\/revisions"}],"predecessor-version":[{"id":723,"href":"https:\/\/diariodelsurdigital.com.ar\/index.php?rest_route=\/wp\/v2\/posts\/721\/revisions\/723"}],"wp:featuredmedia":[{"embeddable":true,"href":"https:\/\/diariodelsurdigital.com.ar\/index.php?rest_route=\/wp\/v2\/media\/722"}],"wp:attachment":[{"href":"https:\/\/diariodelsurdigital.com.ar\/index.php?rest_route=%2Fwp%2Fv2%2Fmedia&parent=721"}],"wp:term":[{"taxonomy":"category","embeddable":true,"href":"https:\/\/diariodelsurdigital.com.ar\/index.php?rest_route=%2Fwp%2Fv2%2Fcategories&post=721"},{"taxonomy":"post_tag","embeddable":true,"href":"https:\/\/diariodelsurdigital.com.ar\/index.php?rest_route=%2Fwp%2Fv2%2Ftags&post=721"}],"curies":[{"name":"wp","href":"https:\/\/api.w.org\/{rel}","templated":true}]}}