{"id":730,"date":"2025-01-27T13:48:58","date_gmt":"2025-01-27T16:48:58","guid":{"rendered":"https:\/\/diariodelsurdigital.com.ar\/?p=730"},"modified":"2025-01-27T13:54:00","modified_gmt":"2025-01-27T16:54:00","slug":"los-salarios-superan-a-la-inflacion-dijo-el-titular-de-la-libertad-avanza-de-concordia","status":"publish","type":"post","link":"https:\/\/diariodelsurdigital.com.ar\/?p=730","title":{"rendered":"\u00abLos salarios superan a la inflaci\u00f3n\u00bb, dijo el titular de La Libertad Avanza de Concordia"},"content":{"rendered":"\n<p>Para el flamante titular de la Libertad Avanza en Concordia, Ignacio Cabrera, los argentinos vivimos en Suiza. En una extensa nota a una radio local, el libertario habl\u00f3 sobre varios temas. Si bien no habl\u00f3 mal de sus aliados, esto es, los radicales como Azcu\u00e9 o del Pro como Frigerio, en un pasaje marc\u00f3 que el macrismo y sus seguidores radicales fue tibio y fracas\u00f3, Que de ahora en m\u00e1s tienen entidad propia y que esperar\u00e1n que resuelve Milei sobre si ir\u00edan juntos en las elecciones legislativas de este a\u00f1o.<\/p>\n\n\n\n<p><strong>Carapintada Milei<\/strong><\/p>\n\n\n\n<p>Cabrera destac\u00f3 el rol de Milei como estadista. El Presidente que apareci\u00f3 con la cara pintada de blanco en la previa a la asunci\u00f3n de su admirado jefe y Presidente de los EEUU, Donald Trump.<\/p>\n\n\n\n<p>\u00abCon tanta destrucci\u00f3n nuestro Presidente ha hecho much\u00edsimo. Hoy los salarios superan a la inflaci\u00f3n. Las perspectivas son muy buenas para reconstruir nuestro pa\u00eds. De que la gente no se quiera ir, sino que ahora quiere volver\u00bb, asegur\u00f3.<\/p>\n\n\n\n<p>Con respecto a las elecciones legislativas Cabrera indic\u00f3 que, \u00abA nuestro Presidente le han querido rechazar la mayor\u00eda de las cosas y ac\u00e1 estamos en una Republica con divisi\u00f3n de poderes y el Congreso es necesario porque mas all\u00e1 de las facultades que te da la Constituci\u00f3n Nacional, necesitamos los legisladores. Las perspectivas son muy buenas y creemos que vamos a tener una muy buena elecci\u00f3n, con m\u00e1s senadores, m\u00e1s diputados que puedan ayudar desde la parte legislativa a nuestro Presidente\u00bb.<\/p>\n\n\n\n<p><strong>La violencia avanza<\/strong><\/p>\n\n\n\n<p>Cabrera minimiz\u00f3 el esc\u00e1ndalo brindado por militantes de La Libertad Avanza en las elecciones de Concordia, que tambi\u00e9n tuvo otra trifulca en Diamante el mismo d\u00eda. \u00abPor tiempos procesales tuvimos que hacer las elecciones en pleno enero. Ese d\u00eda de mucho calor la fila no avanzaba y entraban primero los mayores de 70 a\u00f1os, mientras otros entraban por otro lado, votaban y eran muchos. Algunos entre el calor y la fila que no avanzaba. La elecci\u00f3n terminaba a las 21 y algunos llegaron a \u00faltima hora. La Junta Electoral de Concordia decidi\u00f3 que todos votaran y as\u00ed fue. Hubo una persona que se puso violenta, quiso entrar a la fuerza y eso que hab\u00eda custodia policial. Otra persona le impidi\u00f3 entrar y esta persona le peg\u00f3\u00bb. <\/p>\n\n\n\n<p>VIDEO: <a href=\"https:\/\/www.youtube.com\/shorts\/Sat5aUwCQj8\">https:\/\/www.youtube.com\/shorts\/Sat5aUwCQj8<\/a><\/p>\n","protected":false},"excerpt":{"rendered":"<p>Para el flamante titular de la Libertad Avanza en Concordia, Ignacio Cabrera, los argentinos vivimos en Suiza. En una extensa nota a una radio local, el libertario habl\u00f3 sobre varios temas. Si bien no habl\u00f3 mal de sus aliados, esto es, los radicales como Azcu\u00e9 o del Pro como Frigerio, en un pasaje marc\u00f3 que [&hellip;]<\/p>\n","protected":false},"author":2,"featured_media":734,"comment_status":"open","ping_status":"open","sticky":false,"template":"","format":"standard","meta":{"footnotes":""},"categories":[16],"tags":[],"class_list":{"0":"post-730","1":"post","2":"type-post","3":"status-publish","4":"format-standard","5":"has-post-thumbnail","7":"category-locales"},"yoast_head":"<!-- This site is optimized with the Yoast SEO plugin v27.4 - https:\/\/yoast.com\/product\/yoast-seo-wordpress\/ -->\n<title>&quot;Los salarios superan a la inflaci\u00f3n&quot;, dijo el titular de La Libertad Avanza de Concordia - Diario del Sur<\/title>\n<meta name=\"robots\" content=\"index, follow, max-snippet:-1, max-image-preview:large, max-video-preview:-1\" \/>\n<link rel=\"canonical\" href=\"https:\/\/diariodelsurdigital.com.ar\/?p=730\" \/>\n<meta property=\"og:locale\" content=\"es_ES\" \/>\n<meta property=\"og:type\" content=\"article\" \/>\n<meta property=\"og:title\" content=\"&quot;Los salarios superan a la inflaci\u00f3n&quot;, dijo el titular de La Libertad Avanza de Concordia - Diario del Sur\" \/>\n<meta property=\"og:description\" content=\"Para el flamante titular de la Libertad Avanza en Concordia, Ignacio Cabrera, los argentinos vivimos en Suiza. En una extensa nota a una radio local, el libertario habl\u00f3 sobre varios temas. Si bien no habl\u00f3 mal de sus aliados, esto es, los radicales como Azcu\u00e9 o del Pro como Frigerio, en un pasaje marc\u00f3 que [&hellip;]\" \/>\n<meta property=\"og:url\" content=\"https:\/\/diariodelsurdigital.com.ar\/?p=730\" \/>\n<meta property=\"og:site_name\" content=\"Diario del Sur\" \/>\n<meta property=\"article:published_time\" content=\"2025-01-27T16:48:58+00:00\" \/>\n<meta property=\"article:modified_time\" content=\"2025-01-27T16:54:00+00:00\" \/>\n<meta property=\"og:image\" content=\"https:\/\/diariodelsurdigital.com.ar\/wp-content\/uploads\/2025\/01\/464714973_27295750653405295_6663168822141924185_n-1.jpg\" \/>\n\t<meta property=\"og:image:width\" content=\"520\" \/>\n\t<meta property=\"og:image:height\" content=\"342\" \/>\n\t<meta property=\"og:image:type\" content=\"image\/jpeg\" \/>\n<meta name=\"author\" content=\"Diario del Sur Digital\" \/>\n<meta name=\"twitter:card\" content=\"summary_large_image\" \/>\n<meta name=\"twitter:label1\" content=\"Escrito por\" \/>\n\t<meta name=\"twitter:data1\" content=\"Diario del Sur Digital\" \/>\n\t<meta name=\"twitter:label2\" content=\"Tiempo de lectura\" \/>\n\t<meta name=\"twitter:data2\" content=\"2 minutos\" \/>\n<script type=\"application\/ld+json\" class=\"yoast-schema-graph\">{\"@context\":\"https:\\\/\\\/schema.org\",\"@graph\":[{\"@type\":\"Article\",\"@id\":\"https:\\\/\\\/diariodelsurdigital.com.ar\\\/?p=730#article\",\"isPartOf\":{\"@id\":\"https:\\\/\\\/diariodelsurdigital.com.ar\\\/?p=730\"},\"author\":{\"name\":\"Diario del Sur Digital\",\"@id\":\"https:\\\/\\\/diariodelsurdigital.com.ar\\\/#\\\/schema\\\/person\\\/6136a32571657f7dba980b88b04c5465\"},\"headline\":\"\u00abLos salarios superan a la inflaci\u00f3n\u00bb, dijo el titular de La Libertad Avanza de Concordia\",\"datePublished\":\"2025-01-27T16:48:58+00:00\",\"dateModified\":\"2025-01-27T16:54:00+00:00\",\"mainEntityOfPage\":{\"@id\":\"https:\\\/\\\/diariodelsurdigital.com.ar\\\/?p=730\"},\"wordCount\":419,\"commentCount\":0,\"image\":{\"@id\":\"https:\\\/\\\/diariodelsurdigital.com.ar\\\/?p=730#primaryimage\"},\"thumbnailUrl\":\"https:\\\/\\\/diariodelsurdigital.com.ar\\\/wp-content\\\/uploads\\\/2025\\\/01\\\/464714973_27295750653405295_6663168822141924185_n-1.jpg\",\"articleSection\":[\"Locales\"],\"inLanguage\":\"es\",\"potentialAction\":[{\"@type\":\"CommentAction\",\"name\":\"Comment\",\"target\":[\"https:\\\/\\\/diariodelsurdigital.com.ar\\\/?p=730#respond\"]}]},{\"@type\":\"WebPage\",\"@id\":\"https:\\\/\\\/diariodelsurdigital.com.ar\\\/?p=730\",\"url\":\"https:\\\/\\\/diariodelsurdigital.com.ar\\\/?p=730\",\"name\":\"\\\"Los salarios superan a la inflaci\u00f3n\\\", dijo el titular de La Libertad Avanza de Concordia - Diario del Sur\",\"isPartOf\":{\"@id\":\"https:\\\/\\\/diariodelsurdigital.com.ar\\\/#website\"},\"primaryImageOfPage\":{\"@id\":\"https:\\\/\\\/diariodelsurdigital.com.ar\\\/?p=730#primaryimage\"},\"image\":{\"@id\":\"https:\\\/\\\/diariodelsurdigital.com.ar\\\/?p=730#primaryimage\"},\"thumbnailUrl\":\"https:\\\/\\\/diariodelsurdigital.com.ar\\\/wp-content\\\/uploads\\\/2025\\\/01\\\/464714973_27295750653405295_6663168822141924185_n-1.jpg\",\"datePublished\":\"2025-01-27T16:48:58+00:00\",\"dateModified\":\"2025-01-27T16:54:00+00:00\",\"author\":{\"@id\":\"https:\\\/\\\/diariodelsurdigital.com.ar\\\/#\\\/schema\\\/person\\\/6136a32571657f7dba980b88b04c5465\"},\"breadcrumb\":{\"@id\":\"https:\\\/\\\/diariodelsurdigital.com.ar\\\/?p=730#breadcrumb\"},\"inLanguage\":\"es\",\"potentialAction\":[{\"@type\":\"ReadAction\",\"target\":[\"https:\\\/\\\/diariodelsurdigital.com.ar\\\/?p=730\"]}]},{\"@type\":\"ImageObject\",\"inLanguage\":\"es\",\"@id\":\"https:\\\/\\\/diariodelsurdigital.com.ar\\\/?p=730#primaryimage\",\"url\":\"https:\\\/\\\/diariodelsurdigital.com.ar\\\/wp-content\\\/uploads\\\/2025\\\/01\\\/464714973_27295750653405295_6663168822141924185_n-1.jpg\",\"contentUrl\":\"https:\\\/\\\/diariodelsurdigital.com.ar\\\/wp-content\\\/uploads\\\/2025\\\/01\\\/464714973_27295750653405295_6663168822141924185_n-1.jpg\",\"width\":520,\"height\":342},{\"@type\":\"BreadcrumbList\",\"@id\":\"https:\\\/\\\/diariodelsurdigital.com.ar\\\/?p=730#breadcrumb\",\"itemListElement\":[{\"@type\":\"ListItem\",\"position\":1,\"name\":\"Portada\",\"item\":\"https:\\\/\\\/diariodelsurdigital.com.ar\\\/\"},{\"@type\":\"ListItem\",\"position\":2,\"name\":\"\u00abLos salarios superan a la inflaci\u00f3n\u00bb, dijo el titular de La Libertad Avanza de Concordia\"}]},{\"@type\":\"WebSite\",\"@id\":\"https:\\\/\\\/diariodelsurdigital.com.ar\\\/#website\",\"url\":\"https:\\\/\\\/diariodelsurdigital.com.ar\\\/\",\"name\":\"Diario del Sur\",\"description\":\"Digital\",\"potentialAction\":[{\"@type\":\"SearchAction\",\"target\":{\"@type\":\"EntryPoint\",\"urlTemplate\":\"https:\\\/\\\/diariodelsurdigital.com.ar\\\/?s={search_term_string}\"},\"query-input\":{\"@type\":\"PropertyValueSpecification\",\"valueRequired\":true,\"valueName\":\"search_term_string\"}}],\"inLanguage\":\"es\"},{\"@type\":\"Person\",\"@id\":\"https:\\\/\\\/diariodelsurdigital.com.ar\\\/#\\\/schema\\\/person\\\/6136a32571657f7dba980b88b04c5465\",\"name\":\"Diario del Sur Digital\",\"image\":{\"@type\":\"ImageObject\",\"inLanguage\":\"es\",\"@id\":\"https:\\\/\\\/secure.gravatar.com\\\/avatar\\\/4c29ceac98541dd42460b2474aaa5dd37594d6ce6cb3cf2c101d09b48ee287ba?s=96&d=mm&r=g\",\"url\":\"https:\\\/\\\/secure.gravatar.com\\\/avatar\\\/4c29ceac98541dd42460b2474aaa5dd37594d6ce6cb3cf2c101d09b48ee287ba?s=96&d=mm&r=g\",\"contentUrl\":\"https:\\\/\\\/secure.gravatar.com\\\/avatar\\\/4c29ceac98541dd42460b2474aaa5dd37594d6ce6cb3cf2c101d09b48ee287ba?s=96&d=mm&r=g\",\"caption\":\"Diario del Sur Digital\"},\"url\":\"https:\\\/\\\/diariodelsurdigital.com.ar\\\/?author=2\"}]}<\/script>\n<!-- \/ Yoast SEO plugin. -->","yoast_head_json":{"title":"\"Los salarios superan a la inflaci\u00f3n\", dijo el titular de La Libertad Avanza de Concordia - Diario del Sur","robots":{"index":"index","follow":"follow","max-snippet":"max-snippet:-1","max-image-preview":"max-image-preview:large","max-video-preview":"max-video-preview:-1"},"canonical":"https:\/\/diariodelsurdigital.com.ar\/?p=730","og_locale":"es_ES","og_type":"article","og_title":"\"Los salarios superan a la inflaci\u00f3n\", dijo el titular de La Libertad Avanza de Concordia - Diario del Sur","og_description":"Para el flamante titular de la Libertad Avanza en Concordia, Ignacio Cabrera, los argentinos vivimos en Suiza. En una extensa nota a una radio local, el libertario habl\u00f3 sobre varios temas. Si bien no habl\u00f3 mal de sus aliados, esto es, los radicales como Azcu\u00e9 o del Pro como Frigerio, en un pasaje marc\u00f3 que [&hellip;]","og_url":"https:\/\/diariodelsurdigital.com.ar\/?p=730","og_site_name":"Diario del Sur","article_published_time":"2025-01-27T16:48:58+00:00","article_modified_time":"2025-01-27T16:54:00+00:00","og_image":[{"width":520,"height":342,"url":"https:\/\/diariodelsurdigital.com.ar\/wp-content\/uploads\/2025\/01\/464714973_27295750653405295_6663168822141924185_n-1.jpg","type":"image\/jpeg"}],"author":"Diario del Sur Digital","twitter_card":"summary_large_image","twitter_misc":{"Escrito por":"Diario del Sur Digital","Tiempo de lectura":"2 minutos"},"schema":{"@context":"https:\/\/schema.org","@graph":[{"@type":"Article","@id":"https:\/\/diariodelsurdigital.com.ar\/?p=730#article","isPartOf":{"@id":"https:\/\/diariodelsurdigital.com.ar\/?p=730"},"author":{"name":"Diario del Sur Digital","@id":"https:\/\/diariodelsurdigital.com.ar\/#\/schema\/person\/6136a32571657f7dba980b88b04c5465"},"headline":"\u00abLos salarios superan a la inflaci\u00f3n\u00bb, dijo el titular de La Libertad Avanza de Concordia","datePublished":"2025-01-27T16:48:58+00:00","dateModified":"2025-01-27T16:54:00+00:00","mainEntityOfPage":{"@id":"https:\/\/diariodelsurdigital.com.ar\/?p=730"},"wordCount":419,"commentCount":0,"image":{"@id":"https:\/\/diariodelsurdigital.com.ar\/?p=730#primaryimage"},"thumbnailUrl":"https:\/\/diariodelsurdigital.com.ar\/wp-content\/uploads\/2025\/01\/464714973_27295750653405295_6663168822141924185_n-1.jpg","articleSection":["Locales"],"inLanguage":"es","potentialAction":[{"@type":"CommentAction","name":"Comment","target":["https:\/\/diariodelsurdigital.com.ar\/?p=730#respond"]}]},{"@type":"WebPage","@id":"https:\/\/diariodelsurdigital.com.ar\/?p=730","url":"https:\/\/diariodelsurdigital.com.ar\/?p=730","name":"\"Los salarios superan a la inflaci\u00f3n\", dijo el titular de La Libertad Avanza de Concordia - Diario del Sur","isPartOf":{"@id":"https:\/\/diariodelsurdigital.com.ar\/#website"},"primaryImageOfPage":{"@id":"https:\/\/diariodelsurdigital.com.ar\/?p=730#primaryimage"},"image":{"@id":"https:\/\/diariodelsurdigital.com.ar\/?p=730#primaryimage"},"thumbnailUrl":"https:\/\/diariodelsurdigital.com.ar\/wp-content\/uploads\/2025\/01\/464714973_27295750653405295_6663168822141924185_n-1.jpg","datePublished":"2025-01-27T16:48:58+00:00","dateModified":"2025-01-27T16:54:00+00:00","author":{"@id":"https:\/\/diariodelsurdigital.com.ar\/#\/schema\/person\/6136a32571657f7dba980b88b04c5465"},"breadcrumb":{"@id":"https:\/\/diariodelsurdigital.com.ar\/?p=730#breadcrumb"},"inLanguage":"es","potentialAction":[{"@type":"ReadAction","target":["https:\/\/diariodelsurdigital.com.ar\/?p=730"]}]},{"@type":"ImageObject","inLanguage":"es","@id":"https:\/\/diariodelsurdigital.com.ar\/?p=730#primaryimage","url":"https:\/\/diariodelsurdigital.com.ar\/wp-content\/uploads\/2025\/01\/464714973_27295750653405295_6663168822141924185_n-1.jpg","contentUrl":"https:\/\/diariodelsurdigital.com.ar\/wp-content\/uploads\/2025\/01\/464714973_27295750653405295_6663168822141924185_n-1.jpg","width":520,"height":342},{"@type":"BreadcrumbList","@id":"https:\/\/diariodelsurdigital.com.ar\/?p=730#breadcrumb","itemListElement":[{"@type":"ListItem","position":1,"name":"Portada","item":"https:\/\/diariodelsurdigital.com.ar\/"},{"@type":"ListItem","position":2,"name":"\u00abLos salarios superan a la inflaci\u00f3n\u00bb, dijo el titular de La Libertad Avanza de Concordia"}]},{"@type":"WebSite","@id":"https:\/\/diariodelsurdigital.com.ar\/#website","url":"https:\/\/diariodelsurdigital.com.ar\/","name":"Diario del Sur","description":"Digital","potentialAction":[{"@type":"SearchAction","target":{"@type":"EntryPoint","urlTemplate":"https:\/\/diariodelsurdigital.com.ar\/?s={search_term_string}"},"query-input":{"@type":"PropertyValueSpecification","valueRequired":true,"valueName":"search_term_string"}}],"inLanguage":"es"},{"@type":"Person","@id":"https:\/\/diariodelsurdigital.com.ar\/#\/schema\/person\/6136a32571657f7dba980b88b04c5465","name":"Diario del Sur Digital","image":{"@type":"ImageObject","inLanguage":"es","@id":"https:\/\/secure.gravatar.com\/avatar\/4c29ceac98541dd42460b2474aaa5dd37594d6ce6cb3cf2c101d09b48ee287ba?s=96&d=mm&r=g","url":"https:\/\/secure.gravatar.com\/avatar\/4c29ceac98541dd42460b2474aaa5dd37594d6ce6cb3cf2c101d09b48ee287ba?s=96&d=mm&r=g","contentUrl":"https:\/\/secure.gravatar.com\/avatar\/4c29ceac98541dd42460b2474aaa5dd37594d6ce6cb3cf2c101d09b48ee287ba?s=96&d=mm&r=g","caption":"Diario del Sur Digital"},"url":"https:\/\/diariodelsurdigital.com.ar\/?author=2"}]}},"_links":{"self":[{"href":"https:\/\/diariodelsurdigital.com.ar\/index.php?rest_route=\/wp\/v2\/posts\/730","targetHints":{"allow":["GET"]}}],"collection":[{"href":"https:\/\/diariodelsurdigital.com.ar\/index.php?rest_route=\/wp\/v2\/posts"}],"about":[{"href":"https:\/\/diariodelsurdigital.com.ar\/index.php?rest_route=\/wp\/v2\/types\/post"}],"author":[{"embeddable":true,"href":"https:\/\/diariodelsurdigital.com.ar\/index.php?rest_route=\/wp\/v2\/users\/2"}],"replies":[{"embeddable":true,"href":"https:\/\/diariodelsurdigital.com.ar\/index.php?rest_route=%2Fwp%2Fv2%2Fcomments&post=730"}],"version-history":[{"count":1,"href":"https:\/\/diariodelsurdigital.com.ar\/index.php?rest_route=\/wp\/v2\/posts\/730\/revisions"}],"predecessor-version":[{"id":732,"href":"https:\/\/diariodelsurdigital.com.ar\/index.php?rest_route=\/wp\/v2\/posts\/730\/revisions\/732"}],"wp:featuredmedia":[{"embeddable":true,"href":"https:\/\/diariodelsurdigital.com.ar\/index.php?rest_route=\/wp\/v2\/media\/734"}],"wp:attachment":[{"href":"https:\/\/diariodelsurdigital.com.ar\/index.php?rest_route=%2Fwp%2Fv2%2Fmedia&parent=730"}],"wp:term":[{"taxonomy":"category","embeddable":true,"href":"https:\/\/diariodelsurdigital.com.ar\/index.php?rest_route=%2Fwp%2Fv2%2Fcategories&post=730"},{"taxonomy":"post_tag","embeddable":true,"href":"https:\/\/diariodelsurdigital.com.ar\/index.php?rest_route=%2Fwp%2Fv2%2Ftags&post=730"}],"curies":[{"name":"wp","href":"https:\/\/api.w.org\/{rel}","templated":true}]}}