{"id":7354,"date":"2026-03-05T20:31:14","date_gmt":"2026-03-05T23:31:14","guid":{"rendered":"https:\/\/diariodelsurdigital.com.ar\/?p=7354"},"modified":"2026-03-05T20:31:15","modified_gmt":"2026-03-05T23:31:15","slug":"donde-esta-el-cartel-de-memoria-verdad-y-justicia","status":"publish","type":"post","link":"https:\/\/diariodelsurdigital.com.ar\/?p=7354","title":{"rendered":"\u00bfD\u00f3nde est\u00e1 el cartel de Memoria, Verdad y Justicia?"},"content":{"rendered":"\n<p><\/p>\n\n\n\n<p><strong>Por el prof. Jorge Horacio M\u00f3ndolo<\/strong> <\/p>\n\n\n\n<p>La leyenda escrita fue emplazada el 9 de diciembre de 2021 (Foto 1). Una tormenta del mes de diciembre del a\u00f1o 2023 voltea el cartel (Foto 2). Luego manos an\u00f3nimas lo hicieron desaparecer y, hasta hoy, la Municipalidad de Concordia ignora totalmente esta situaci\u00f3n (foto 3).<\/p>\n\n\n\n<p><strong>1\u00b0 ) CARTEL EMPLAZADO EL 09 DE DICIEMBRE DE 2021.<\/strong><\/p>\n\n\n\n<figure class=\"wp-block-image size-full\"><img loading=\"lazy\" decoding=\"async\" width=\"617\" height=\"381\" src=\"https:\/\/diariodelsurdigital.com.ar\/wp-content\/uploads\/2026\/03\/image.jpeg\" alt=\"\" class=\"wp-image-7355\" srcset=\"https:\/\/diariodelsurdigital.com.ar\/wp-content\/uploads\/2026\/03\/image.jpeg 617w, https:\/\/diariodelsurdigital.com.ar\/wp-content\/uploads\/2026\/03\/image-300x185.jpeg 300w, https:\/\/diariodelsurdigital.com.ar\/wp-content\/uploads\/2026\/03\/image-356x220.jpeg 356w\" sizes=\"auto, (max-width: 617px) 100vw, 617px\" \/><\/figure>\n\n\n\n<p><strong>2\u00b0 ) CARTEL CAIDO EN LA TORMENTA DE DICIEMBRE DE 2023.<\/strong><\/p>\n\n\n\n<figure class=\"wp-block-image size-full\"><img loading=\"lazy\" decoding=\"async\" width=\"567\" height=\"267\" src=\"https:\/\/diariodelsurdigital.com.ar\/wp-content\/uploads\/2026\/03\/image-1.jpeg\" alt=\"\" class=\"wp-image-7356\" srcset=\"https:\/\/diariodelsurdigital.com.ar\/wp-content\/uploads\/2026\/03\/image-1.jpeg 567w, https:\/\/diariodelsurdigital.com.ar\/wp-content\/uploads\/2026\/03\/image-1-300x141.jpeg 300w\" sizes=\"auto, (max-width: 567px) 100vw, 567px\" \/><\/figure>\n\n\n\n<p><strong>3\u00b0) ULTIMAS IM\u00c1GENES DE LAS COLUMNAS QUE SOSTEN\u00cdAN EL CARTEL CON LA LEYENDA.<\/strong><\/p>\n\n\n\n<figure class=\"wp-block-image size-large\"><img loading=\"lazy\" decoding=\"async\" width=\"1024\" height=\"363\" src=\"https:\/\/diariodelsurdigital.com.ar\/wp-content\/uploads\/2026\/03\/image-2-1024x363.jpeg\" alt=\"\" class=\"wp-image-7357\" srcset=\"https:\/\/diariodelsurdigital.com.ar\/wp-content\/uploads\/2026\/03\/image-2-1024x363.jpeg 1024w, https:\/\/diariodelsurdigital.com.ar\/wp-content\/uploads\/2026\/03\/image-2-300x106.jpeg 300w, https:\/\/diariodelsurdigital.com.ar\/wp-content\/uploads\/2026\/03\/image-2-768x273.jpeg 768w, https:\/\/diariodelsurdigital.com.ar\/wp-content\/uploads\/2026\/03\/image-2-696x247.jpeg 696w, https:\/\/diariodelsurdigital.com.ar\/wp-content\/uploads\/2026\/03\/image-2-1068x379.jpeg 1068w, https:\/\/diariodelsurdigital.com.ar\/wp-content\/uploads\/2026\/03\/image-2.jpeg 1175w\" sizes=\"auto, (max-width: 1024px) 100vw, 1024px\" \/><\/figure>\n\n\n\n<p>No logro entender el porqu\u00e9 de esta inacci\u00f3n \u2014no volver a enclavar el cartel recordatorio\u2014, de destruirlo y \/o esconderlo. Especulo que puede ser tapar una acci\u00f3n del gobierno anterior o, m\u00e1s triste a\u00fan, quedar bien con aquellos que colaboraron y aplaudieron a la Dictadura militar y que, a\u00fan a\u00f1oran. Quisiera creer que es por tapar lo del gobierno anterior aunque, tapar o esconder el cartel recordatorio del mal no lograr\u00e1 borrar la memoria. Los j\u00f3venes detenidos, desaparecidos y muertos durante esta etapa nefasta no se pueden quitar de nuestra historia, porque <strong><em>\u201c<u>todo est\u00e1 guardado en la memoria<\/u>\u201d<\/em><\/strong>\u00a0<\/p>\n\n\n\n<p><strong>En cuenta regresiva para el 50\u00b0 Aniversario del golpe c\u00edvico-militar; en nuestra Ciudad de Concordia nunca m\u00e1s se tuvo noticias de esta leyenda escrita que recordaba lo que nos hab\u00eda sucedido.<\/strong><\/p>\n\n\n\n<p><strong>5 de marzo de 2026<\/strong><\/p>\n","protected":false},"excerpt":{"rendered":"<p>Por el prof. Jorge Horacio M\u00f3ndolo La leyenda escrita fue emplazada el 9 de diciembre de 2021 (Foto 1). Una tormenta del mes de diciembre del a\u00f1o 2023 voltea el cartel (Foto 2). Luego manos an\u00f3nimas lo hicieron desaparecer y, hasta hoy, la Municipalidad de Concordia ignora totalmente esta situaci\u00f3n (foto 3). 1\u00b0 ) CARTEL [&hellip;]<\/p>\n","protected":false},"author":2,"featured_media":7358,"comment_status":"open","ping_status":"open","sticky":false,"template":"","format":"standard","meta":{"footnotes":""},"categories":[19,16],"tags":[],"class_list":{"0":"post-7354","1":"post","2":"type-post","3":"status-publish","4":"format-standard","5":"has-post-thumbnail","7":"category-interes-general","8":"category-locales"},"yoast_head":"<!-- This site is optimized with the Yoast SEO plugin v27.4 - https:\/\/yoast.com\/product\/yoast-seo-wordpress\/ -->\n<title>\u00bfD\u00f3nde est\u00e1 el cartel de Memoria, Verdad y Justicia? - Diario del Sur<\/title>\n<meta name=\"robots\" content=\"index, follow, max-snippet:-1, max-image-preview:large, max-video-preview:-1\" \/>\n<link rel=\"canonical\" href=\"https:\/\/diariodelsurdigital.com.ar\/?p=7354\" \/>\n<meta property=\"og:locale\" content=\"es_ES\" \/>\n<meta property=\"og:type\" content=\"article\" \/>\n<meta property=\"og:title\" content=\"\u00bfD\u00f3nde est\u00e1 el cartel de Memoria, Verdad y Justicia? - Diario del Sur\" \/>\n<meta property=\"og:description\" content=\"Por el prof. Jorge Horacio M\u00f3ndolo La leyenda escrita fue emplazada el 9 de diciembre de 2021 (Foto 1). Una tormenta del mes de diciembre del a\u00f1o 2023 voltea el cartel (Foto 2). Luego manos an\u00f3nimas lo hicieron desaparecer y, hasta hoy, la Municipalidad de Concordia ignora totalmente esta situaci\u00f3n (foto 3). 1\u00b0 ) CARTEL [&hellip;]\" \/>\n<meta property=\"og:url\" content=\"https:\/\/diariodelsurdigital.com.ar\/?p=7354\" \/>\n<meta property=\"og:site_name\" content=\"Diario del Sur\" \/>\n<meta property=\"article:published_time\" content=\"2026-03-05T23:31:14+00:00\" \/>\n<meta property=\"article:modified_time\" content=\"2026-03-05T23:31:15+00:00\" \/>\n<meta property=\"og:image\" content=\"https:\/\/diariodelsurdigital.com.ar\/wp-content\/uploads\/2026\/03\/Sin-titulo.png\" \/>\n\t<meta property=\"og:image:width\" content=\"443\" \/>\n\t<meta property=\"og:image:height\" content=\"259\" \/>\n\t<meta property=\"og:image:type\" content=\"image\/png\" \/>\n<meta name=\"author\" content=\"Diario del Sur Digital\" \/>\n<meta name=\"twitter:card\" content=\"summary_large_image\" \/>\n<meta name=\"twitter:label1\" content=\"Escrito por\" \/>\n\t<meta name=\"twitter:data1\" content=\"Diario del Sur Digital\" \/>\n\t<meta name=\"twitter:label2\" content=\"Tiempo de lectura\" \/>\n\t<meta name=\"twitter:data2\" content=\"2 minutos\" \/>\n<script type=\"application\/ld+json\" class=\"yoast-schema-graph\">{\"@context\":\"https:\\\/\\\/schema.org\",\"@graph\":[{\"@type\":\"Article\",\"@id\":\"https:\\\/\\\/diariodelsurdigital.com.ar\\\/?p=7354#article\",\"isPartOf\":{\"@id\":\"https:\\\/\\\/diariodelsurdigital.com.ar\\\/?p=7354\"},\"author\":{\"name\":\"Diario del Sur Digital\",\"@id\":\"https:\\\/\\\/diariodelsurdigital.com.ar\\\/#\\\/schema\\\/person\\\/6136a32571657f7dba980b88b04c5465\"},\"headline\":\"\u00bfD\u00f3nde est\u00e1 el cartel de Memoria, Verdad y Justicia?\",\"datePublished\":\"2026-03-05T23:31:14+00:00\",\"dateModified\":\"2026-03-05T23:31:15+00:00\",\"mainEntityOfPage\":{\"@id\":\"https:\\\/\\\/diariodelsurdigital.com.ar\\\/?p=7354\"},\"wordCount\":229,\"commentCount\":0,\"image\":{\"@id\":\"https:\\\/\\\/diariodelsurdigital.com.ar\\\/?p=7354#primaryimage\"},\"thumbnailUrl\":\"https:\\\/\\\/diariodelsurdigital.com.ar\\\/wp-content\\\/uploads\\\/2026\\\/03\\\/Sin-titulo.png\",\"articleSection\":[\"Inter\u00e9s General\",\"Locales\"],\"inLanguage\":\"es\",\"potentialAction\":[{\"@type\":\"CommentAction\",\"name\":\"Comment\",\"target\":[\"https:\\\/\\\/diariodelsurdigital.com.ar\\\/?p=7354#respond\"]}]},{\"@type\":\"WebPage\",\"@id\":\"https:\\\/\\\/diariodelsurdigital.com.ar\\\/?p=7354\",\"url\":\"https:\\\/\\\/diariodelsurdigital.com.ar\\\/?p=7354\",\"name\":\"\u00bfD\u00f3nde est\u00e1 el cartel de Memoria, Verdad y Justicia? - Diario del Sur\",\"isPartOf\":{\"@id\":\"https:\\\/\\\/diariodelsurdigital.com.ar\\\/#website\"},\"primaryImageOfPage\":{\"@id\":\"https:\\\/\\\/diariodelsurdigital.com.ar\\\/?p=7354#primaryimage\"},\"image\":{\"@id\":\"https:\\\/\\\/diariodelsurdigital.com.ar\\\/?p=7354#primaryimage\"},\"thumbnailUrl\":\"https:\\\/\\\/diariodelsurdigital.com.ar\\\/wp-content\\\/uploads\\\/2026\\\/03\\\/Sin-titulo.png\",\"datePublished\":\"2026-03-05T23:31:14+00:00\",\"dateModified\":\"2026-03-05T23:31:15+00:00\",\"author\":{\"@id\":\"https:\\\/\\\/diariodelsurdigital.com.ar\\\/#\\\/schema\\\/person\\\/6136a32571657f7dba980b88b04c5465\"},\"breadcrumb\":{\"@id\":\"https:\\\/\\\/diariodelsurdigital.com.ar\\\/?p=7354#breadcrumb\"},\"inLanguage\":\"es\",\"potentialAction\":[{\"@type\":\"ReadAction\",\"target\":[\"https:\\\/\\\/diariodelsurdigital.com.ar\\\/?p=7354\"]}]},{\"@type\":\"ImageObject\",\"inLanguage\":\"es\",\"@id\":\"https:\\\/\\\/diariodelsurdigital.com.ar\\\/?p=7354#primaryimage\",\"url\":\"https:\\\/\\\/diariodelsurdigital.com.ar\\\/wp-content\\\/uploads\\\/2026\\\/03\\\/Sin-titulo.png\",\"contentUrl\":\"https:\\\/\\\/diariodelsurdigital.com.ar\\\/wp-content\\\/uploads\\\/2026\\\/03\\\/Sin-titulo.png\",\"width\":443,\"height\":259},{\"@type\":\"BreadcrumbList\",\"@id\":\"https:\\\/\\\/diariodelsurdigital.com.ar\\\/?p=7354#breadcrumb\",\"itemListElement\":[{\"@type\":\"ListItem\",\"position\":1,\"name\":\"Portada\",\"item\":\"https:\\\/\\\/diariodelsurdigital.com.ar\\\/\"},{\"@type\":\"ListItem\",\"position\":2,\"name\":\"\u00bfD\u00f3nde est\u00e1 el cartel de Memoria, Verdad y Justicia?\"}]},{\"@type\":\"WebSite\",\"@id\":\"https:\\\/\\\/diariodelsurdigital.com.ar\\\/#website\",\"url\":\"https:\\\/\\\/diariodelsurdigital.com.ar\\\/\",\"name\":\"Diario del Sur\",\"description\":\"Digital\",\"potentialAction\":[{\"@type\":\"SearchAction\",\"target\":{\"@type\":\"EntryPoint\",\"urlTemplate\":\"https:\\\/\\\/diariodelsurdigital.com.ar\\\/?s={search_term_string}\"},\"query-input\":{\"@type\":\"PropertyValueSpecification\",\"valueRequired\":true,\"valueName\":\"search_term_string\"}}],\"inLanguage\":\"es\"},{\"@type\":\"Person\",\"@id\":\"https:\\\/\\\/diariodelsurdigital.com.ar\\\/#\\\/schema\\\/person\\\/6136a32571657f7dba980b88b04c5465\",\"name\":\"Diario del Sur Digital\",\"image\":{\"@type\":\"ImageObject\",\"inLanguage\":\"es\",\"@id\":\"https:\\\/\\\/secure.gravatar.com\\\/avatar\\\/4c29ceac98541dd42460b2474aaa5dd37594d6ce6cb3cf2c101d09b48ee287ba?s=96&d=mm&r=g\",\"url\":\"https:\\\/\\\/secure.gravatar.com\\\/avatar\\\/4c29ceac98541dd42460b2474aaa5dd37594d6ce6cb3cf2c101d09b48ee287ba?s=96&d=mm&r=g\",\"contentUrl\":\"https:\\\/\\\/secure.gravatar.com\\\/avatar\\\/4c29ceac98541dd42460b2474aaa5dd37594d6ce6cb3cf2c101d09b48ee287ba?s=96&d=mm&r=g\",\"caption\":\"Diario del Sur Digital\"},\"url\":\"https:\\\/\\\/diariodelsurdigital.com.ar\\\/?author=2\"}]}<\/script>\n<!-- \/ Yoast SEO plugin. -->","yoast_head_json":{"title":"\u00bfD\u00f3nde est\u00e1 el cartel de Memoria, Verdad y Justicia? - Diario del Sur","robots":{"index":"index","follow":"follow","max-snippet":"max-snippet:-1","max-image-preview":"max-image-preview:large","max-video-preview":"max-video-preview:-1"},"canonical":"https:\/\/diariodelsurdigital.com.ar\/?p=7354","og_locale":"es_ES","og_type":"article","og_title":"\u00bfD\u00f3nde est\u00e1 el cartel de Memoria, Verdad y Justicia? - Diario del Sur","og_description":"Por el prof. Jorge Horacio M\u00f3ndolo La leyenda escrita fue emplazada el 9 de diciembre de 2021 (Foto 1). Una tormenta del mes de diciembre del a\u00f1o 2023 voltea el cartel (Foto 2). Luego manos an\u00f3nimas lo hicieron desaparecer y, hasta hoy, la Municipalidad de Concordia ignora totalmente esta situaci\u00f3n (foto 3). 1\u00b0 ) CARTEL [&hellip;]","og_url":"https:\/\/diariodelsurdigital.com.ar\/?p=7354","og_site_name":"Diario del Sur","article_published_time":"2026-03-05T23:31:14+00:00","article_modified_time":"2026-03-05T23:31:15+00:00","og_image":[{"width":443,"height":259,"url":"https:\/\/diariodelsurdigital.com.ar\/wp-content\/uploads\/2026\/03\/Sin-titulo.png","type":"image\/png"}],"author":"Diario del Sur Digital","twitter_card":"summary_large_image","twitter_misc":{"Escrito por":"Diario del Sur Digital","Tiempo de lectura":"2 minutos"},"schema":{"@context":"https:\/\/schema.org","@graph":[{"@type":"Article","@id":"https:\/\/diariodelsurdigital.com.ar\/?p=7354#article","isPartOf":{"@id":"https:\/\/diariodelsurdigital.com.ar\/?p=7354"},"author":{"name":"Diario del Sur Digital","@id":"https:\/\/diariodelsurdigital.com.ar\/#\/schema\/person\/6136a32571657f7dba980b88b04c5465"},"headline":"\u00bfD\u00f3nde est\u00e1 el cartel de Memoria, Verdad y Justicia?","datePublished":"2026-03-05T23:31:14+00:00","dateModified":"2026-03-05T23:31:15+00:00","mainEntityOfPage":{"@id":"https:\/\/diariodelsurdigital.com.ar\/?p=7354"},"wordCount":229,"commentCount":0,"image":{"@id":"https:\/\/diariodelsurdigital.com.ar\/?p=7354#primaryimage"},"thumbnailUrl":"https:\/\/diariodelsurdigital.com.ar\/wp-content\/uploads\/2026\/03\/Sin-titulo.png","articleSection":["Inter\u00e9s General","Locales"],"inLanguage":"es","potentialAction":[{"@type":"CommentAction","name":"Comment","target":["https:\/\/diariodelsurdigital.com.ar\/?p=7354#respond"]}]},{"@type":"WebPage","@id":"https:\/\/diariodelsurdigital.com.ar\/?p=7354","url":"https:\/\/diariodelsurdigital.com.ar\/?p=7354","name":"\u00bfD\u00f3nde est\u00e1 el cartel de Memoria, Verdad y Justicia? - Diario del Sur","isPartOf":{"@id":"https:\/\/diariodelsurdigital.com.ar\/#website"},"primaryImageOfPage":{"@id":"https:\/\/diariodelsurdigital.com.ar\/?p=7354#primaryimage"},"image":{"@id":"https:\/\/diariodelsurdigital.com.ar\/?p=7354#primaryimage"},"thumbnailUrl":"https:\/\/diariodelsurdigital.com.ar\/wp-content\/uploads\/2026\/03\/Sin-titulo.png","datePublished":"2026-03-05T23:31:14+00:00","dateModified":"2026-03-05T23:31:15+00:00","author":{"@id":"https:\/\/diariodelsurdigital.com.ar\/#\/schema\/person\/6136a32571657f7dba980b88b04c5465"},"breadcrumb":{"@id":"https:\/\/diariodelsurdigital.com.ar\/?p=7354#breadcrumb"},"inLanguage":"es","potentialAction":[{"@type":"ReadAction","target":["https:\/\/diariodelsurdigital.com.ar\/?p=7354"]}]},{"@type":"ImageObject","inLanguage":"es","@id":"https:\/\/diariodelsurdigital.com.ar\/?p=7354#primaryimage","url":"https:\/\/diariodelsurdigital.com.ar\/wp-content\/uploads\/2026\/03\/Sin-titulo.png","contentUrl":"https:\/\/diariodelsurdigital.com.ar\/wp-content\/uploads\/2026\/03\/Sin-titulo.png","width":443,"height":259},{"@type":"BreadcrumbList","@id":"https:\/\/diariodelsurdigital.com.ar\/?p=7354#breadcrumb","itemListElement":[{"@type":"ListItem","position":1,"name":"Portada","item":"https:\/\/diariodelsurdigital.com.ar\/"},{"@type":"ListItem","position":2,"name":"\u00bfD\u00f3nde est\u00e1 el cartel de Memoria, Verdad y Justicia?"}]},{"@type":"WebSite","@id":"https:\/\/diariodelsurdigital.com.ar\/#website","url":"https:\/\/diariodelsurdigital.com.ar\/","name":"Diario del Sur","description":"Digital","potentialAction":[{"@type":"SearchAction","target":{"@type":"EntryPoint","urlTemplate":"https:\/\/diariodelsurdigital.com.ar\/?s={search_term_string}"},"query-input":{"@type":"PropertyValueSpecification","valueRequired":true,"valueName":"search_term_string"}}],"inLanguage":"es"},{"@type":"Person","@id":"https:\/\/diariodelsurdigital.com.ar\/#\/schema\/person\/6136a32571657f7dba980b88b04c5465","name":"Diario del Sur Digital","image":{"@type":"ImageObject","inLanguage":"es","@id":"https:\/\/secure.gravatar.com\/avatar\/4c29ceac98541dd42460b2474aaa5dd37594d6ce6cb3cf2c101d09b48ee287ba?s=96&d=mm&r=g","url":"https:\/\/secure.gravatar.com\/avatar\/4c29ceac98541dd42460b2474aaa5dd37594d6ce6cb3cf2c101d09b48ee287ba?s=96&d=mm&r=g","contentUrl":"https:\/\/secure.gravatar.com\/avatar\/4c29ceac98541dd42460b2474aaa5dd37594d6ce6cb3cf2c101d09b48ee287ba?s=96&d=mm&r=g","caption":"Diario del Sur Digital"},"url":"https:\/\/diariodelsurdigital.com.ar\/?author=2"}]}},"_links":{"self":[{"href":"https:\/\/diariodelsurdigital.com.ar\/index.php?rest_route=\/wp\/v2\/posts\/7354","targetHints":{"allow":["GET"]}}],"collection":[{"href":"https:\/\/diariodelsurdigital.com.ar\/index.php?rest_route=\/wp\/v2\/posts"}],"about":[{"href":"https:\/\/diariodelsurdigital.com.ar\/index.php?rest_route=\/wp\/v2\/types\/post"}],"author":[{"embeddable":true,"href":"https:\/\/diariodelsurdigital.com.ar\/index.php?rest_route=\/wp\/v2\/users\/2"}],"replies":[{"embeddable":true,"href":"https:\/\/diariodelsurdigital.com.ar\/index.php?rest_route=%2Fwp%2Fv2%2Fcomments&post=7354"}],"version-history":[{"count":1,"href":"https:\/\/diariodelsurdigital.com.ar\/index.php?rest_route=\/wp\/v2\/posts\/7354\/revisions"}],"predecessor-version":[{"id":7359,"href":"https:\/\/diariodelsurdigital.com.ar\/index.php?rest_route=\/wp\/v2\/posts\/7354\/revisions\/7359"}],"wp:featuredmedia":[{"embeddable":true,"href":"https:\/\/diariodelsurdigital.com.ar\/index.php?rest_route=\/wp\/v2\/media\/7358"}],"wp:attachment":[{"href":"https:\/\/diariodelsurdigital.com.ar\/index.php?rest_route=%2Fwp%2Fv2%2Fmedia&parent=7354"}],"wp:term":[{"taxonomy":"category","embeddable":true,"href":"https:\/\/diariodelsurdigital.com.ar\/index.php?rest_route=%2Fwp%2Fv2%2Fcategories&post=7354"},{"taxonomy":"post_tag","embeddable":true,"href":"https:\/\/diariodelsurdigital.com.ar\/index.php?rest_route=%2Fwp%2Fv2%2Ftags&post=7354"}],"curies":[{"name":"wp","href":"https:\/\/api.w.org\/{rel}","templated":true}]}}