{"id":737,"date":"2025-01-27T13:56:18","date_gmt":"2025-01-27T16:56:18","guid":{"rendered":"https:\/\/diariodelsurdigital.com.ar\/?p=737"},"modified":"2025-01-27T13:56:20","modified_gmt":"2025-01-27T16:56:20","slug":"arde-la-interna-radical-hay-sectores-vendidos-nadie-se-hace-oficialista-gratis","status":"publish","type":"post","link":"https:\/\/diariodelsurdigital.com.ar\/?p=737","title":{"rendered":"Arde la interna radical: \u201cHay sectores vendidos, nadie se hace oficialista gratis\u201d"},"content":{"rendered":"\n<p>El diputado nacional Fernando Carbajal apunt\u00f3 contra un grupo de correligionarios por haber blindado a Javier Milei en el Congreso. \u201cEst\u00e1n dispuestos a votar cualquier cosa\u201d, se quej\u00f3.<\/p>\n\n\n\n<p>La interna radical arde entre duras cr\u00edticas, cruces en redes sociales y graves acusaciones, que se han agudizado en la \u00faltima semana, luego de que el presidente Javier Milei montara un discurso xen\u00f3fobo y racista contra la comunidad LGBT+ en el Foro Econ\u00f3mico Mundial de Davos, donde vincul\u00f3 a los homosexuales con la pedofilia, y despu\u00e9s de que el gobierno prometiera avanzar con la eliminaci\u00f3n de la figura de femicidio del C\u00f3digo Penal.<\/p>\n\n\n\n<p>Los cruces comenzaron en las redes, luego de que la diputada Karina Banfi dijera con suavidad que \u201cla historia le va a exigir al Presidente que se defina. O es un liberal que defiende el derecho de cada uno a sus opciones ideol\u00f3gicas y sexuales, o es un totalitario que amenaza con persecuciones y difama a los que disienten con \u00e9l\u201d. Tras el mensaje, hubo fuertes cr\u00edticas dentro de la UCR, que le recordaron que el presidente ya se hab\u00eda definido, con ataques y agresiones a las minor\u00edas y disidencias.<\/p>\n\n\n\n<p>En este contexto, el diputado radical Fernando Carbajal, del bloque Democracia para Siempre, alert\u00f3 que \u201chay sectores del radicalismo que est\u00e1n vendidos\u201d y dijo que \u201cnadie se hace oficialista gratis\u201d. \u201cNi los radicales, ni los peronistas, ni los del PRO que se pasaron al oficialismo\u201d, agreg\u00f3 en declaraciones a la 750, donde adem\u00e1s conden\u00f3 la falta de \u201cclaridad ideol\u00f3gica y los valores\u201d. \u201cSe convierte en un mercado, estos personajes est\u00e1n en una mesa de saldos y retazos\u201d, se indign\u00f3. \u201cHay sectores que han abandonado el radicalismo y son parte de La Libertad Avanza\u201d, sum\u00f3.<\/p>\n\n\n\n<p>Carbajal asegur\u00f3 que los radicales conducidos por Rodrigo de Loredo y Mariano Campero &#8211; a quienes muchos apodaron \u00abradicales con peluca\u00bb &#8211; \u201cya se sumaron al oficialismo\u201d y sostuvo que est\u00e1n dispuestos \u201ca votar cualquier cosa que el gobierno ponga a consideraci\u00f3n\u201d. \u201cEn los hechos, le votan cualquier cosa\u201d. \u201cY del otro lado \u2013 se desmarc\u00f3 \u2013 estamos quienes sostenemos que se debe cumplir el rol opositor, hay que marcar l\u00edmites constantes, el Presidente esta semana ha escalado en su discurso autoritario, violatorio de los derechos, desconociendo cuestiones b\u00e1sicas del Estado de derecho y el respeto a los derechos humanos\u201d.<\/p>\n\n\n\n<p>\u201cHay una recomposici\u00f3n del mapa pol\u00edtico. Est\u00e1 muy claro que hay sectores que est\u00e1n dispuestos a alinearse al presidente Milei en esta locura que est\u00e1 llevando adelante\u201d, se\u00f1al\u00f3. Consultado respecto a un posible acuerdo opositor para enfrentar al gobierno, Carbajal dijo que es dif\u00edcil porque se deben establecer acuerdos y en la oposici\u00f3n \u201cno hay coincidencias en cuanto a cuestiones esenciales\u201d, public\u00f3 P\u00e1gina 12.<\/p>\n\n\n\n<p>Por otra parte, Carbajal critic\u00f3 con dureza el funcionamiento del Congreso en la era Milei. \u201cEstaba motivado en el inicio de las sesiones extraordinarias, pero fue una semana de total y absoluta inactividad. Estoy muy pesimista sobre el funcionamiento del Congreso, no parece haber voluntad real de trabajar. No compartimos la agenda del gobierno, es absurdo convocar a extraordinarias y no incluir el Presupuesto, y a su vez la agenda parece m\u00e1s por la preocupaci\u00f3n de resolver las internas entre Milei y Villarruel que en afrontar los problemas del pa\u00eds\u201d, sostuvo.&nbsp;<\/p>\n","protected":false},"excerpt":{"rendered":"<p>El diputado nacional Fernando Carbajal apunt\u00f3 contra un grupo de correligionarios por haber blindado a Javier Milei en el Congreso. \u201cEst\u00e1n dispuestos a votar cualquier cosa\u201d, se quej\u00f3. La interna radical arde entre duras cr\u00edticas, cruces en redes sociales y graves acusaciones, que se han agudizado en la \u00faltima semana, luego de que el presidente [&hellip;]<\/p>\n","protected":false},"author":4,"featured_media":738,"comment_status":"open","ping_status":"open","sticky":false,"template":"","format":"standard","meta":{"footnotes":""},"categories":[18,22],"tags":[],"class_list":{"0":"post-737","1":"post","2":"type-post","3":"status-publish","4":"format-standard","5":"has-post-thumbnail","7":"category-nacionales","8":"category-politica"},"yoast_head":"<!-- This site is optimized with the Yoast SEO plugin v27.4 - https:\/\/yoast.com\/product\/yoast-seo-wordpress\/ -->\n<title>Arde la interna radical: \u201cHay sectores vendidos, nadie se hace oficialista gratis\u201d - Diario del Sur<\/title>\n<meta name=\"robots\" content=\"index, follow, max-snippet:-1, max-image-preview:large, max-video-preview:-1\" \/>\n<link rel=\"canonical\" href=\"https:\/\/diariodelsurdigital.com.ar\/?p=737\" \/>\n<meta property=\"og:locale\" content=\"es_ES\" \/>\n<meta property=\"og:type\" content=\"article\" \/>\n<meta property=\"og:title\" content=\"Arde la interna radical: \u201cHay sectores vendidos, nadie se hace oficialista gratis\u201d - Diario del Sur\" \/>\n<meta property=\"og:description\" content=\"El diputado nacional Fernando Carbajal apunt\u00f3 contra un grupo de correligionarios por haber blindado a Javier Milei en el Congreso. \u201cEst\u00e1n dispuestos a votar cualquier cosa\u201d, se quej\u00f3. La interna radical arde entre duras cr\u00edticas, cruces en redes sociales y graves acusaciones, que se han agudizado en la \u00faltima semana, luego de que el presidente [&hellip;]\" \/>\n<meta property=\"og:url\" content=\"https:\/\/diariodelsurdigital.com.ar\/?p=737\" \/>\n<meta property=\"og:site_name\" content=\"Diario del Sur\" \/>\n<meta property=\"article:published_time\" content=\"2025-01-27T16:56:18+00:00\" \/>\n<meta property=\"article:modified_time\" content=\"2025-01-27T16:56:20+00:00\" \/>\n<meta property=\"og:image\" content=\"https:\/\/diariodelsurdigital.com.ar\/wp-content\/uploads\/2025\/01\/md-2025-01-27T135459.308.webp\" \/>\n\t<meta property=\"og:image:width\" content=\"992\" \/>\n\t<meta property=\"og:image:height\" content=\"664\" \/>\n\t<meta property=\"og:image:type\" content=\"image\/webp\" \/>\n<meta name=\"author\" content=\"Diario del Sur Digital\" \/>\n<meta name=\"twitter:card\" content=\"summary_large_image\" \/>\n<meta name=\"twitter:label1\" content=\"Escrito por\" \/>\n\t<meta name=\"twitter:data1\" content=\"Diario del Sur Digital\" \/>\n\t<meta name=\"twitter:label2\" content=\"Tiempo de lectura\" \/>\n\t<meta name=\"twitter:data2\" content=\"3 minutos\" \/>\n<script type=\"application\/ld+json\" class=\"yoast-schema-graph\">{\"@context\":\"https:\\\/\\\/schema.org\",\"@graph\":[{\"@type\":\"Article\",\"@id\":\"https:\\\/\\\/diariodelsurdigital.com.ar\\\/?p=737#article\",\"isPartOf\":{\"@id\":\"https:\\\/\\\/diariodelsurdigital.com.ar\\\/?p=737\"},\"author\":{\"name\":\"Diario del Sur Digital\",\"@id\":\"https:\\\/\\\/diariodelsurdigital.com.ar\\\/#\\\/schema\\\/person\\\/1a4992532ed62965c968031b49195c81\"},\"headline\":\"Arde la interna radical: \u201cHay sectores vendidos, nadie se hace oficialista gratis\u201d\",\"datePublished\":\"2025-01-27T16:56:18+00:00\",\"dateModified\":\"2025-01-27T16:56:20+00:00\",\"mainEntityOfPage\":{\"@id\":\"https:\\\/\\\/diariodelsurdigital.com.ar\\\/?p=737\"},\"wordCount\":578,\"commentCount\":0,\"image\":{\"@id\":\"https:\\\/\\\/diariodelsurdigital.com.ar\\\/?p=737#primaryimage\"},\"thumbnailUrl\":\"https:\\\/\\\/diariodelsurdigital.com.ar\\\/wp-content\\\/uploads\\\/2025\\\/01\\\/md-2025-01-27T135459.308.webp\",\"articleSection\":[\"Nacionales\",\"Pol\u00edtica\"],\"inLanguage\":\"es\",\"potentialAction\":[{\"@type\":\"CommentAction\",\"name\":\"Comment\",\"target\":[\"https:\\\/\\\/diariodelsurdigital.com.ar\\\/?p=737#respond\"]}]},{\"@type\":\"WebPage\",\"@id\":\"https:\\\/\\\/diariodelsurdigital.com.ar\\\/?p=737\",\"url\":\"https:\\\/\\\/diariodelsurdigital.com.ar\\\/?p=737\",\"name\":\"Arde la interna radical: \u201cHay sectores vendidos, nadie se hace oficialista gratis\u201d - Diario del Sur\",\"isPartOf\":{\"@id\":\"https:\\\/\\\/diariodelsurdigital.com.ar\\\/#website\"},\"primaryImageOfPage\":{\"@id\":\"https:\\\/\\\/diariodelsurdigital.com.ar\\\/?p=737#primaryimage\"},\"image\":{\"@id\":\"https:\\\/\\\/diariodelsurdigital.com.ar\\\/?p=737#primaryimage\"},\"thumbnailUrl\":\"https:\\\/\\\/diariodelsurdigital.com.ar\\\/wp-content\\\/uploads\\\/2025\\\/01\\\/md-2025-01-27T135459.308.webp\",\"datePublished\":\"2025-01-27T16:56:18+00:00\",\"dateModified\":\"2025-01-27T16:56:20+00:00\",\"author\":{\"@id\":\"https:\\\/\\\/diariodelsurdigital.com.ar\\\/#\\\/schema\\\/person\\\/1a4992532ed62965c968031b49195c81\"},\"breadcrumb\":{\"@id\":\"https:\\\/\\\/diariodelsurdigital.com.ar\\\/?p=737#breadcrumb\"},\"inLanguage\":\"es\",\"potentialAction\":[{\"@type\":\"ReadAction\",\"target\":[\"https:\\\/\\\/diariodelsurdigital.com.ar\\\/?p=737\"]}]},{\"@type\":\"ImageObject\",\"inLanguage\":\"es\",\"@id\":\"https:\\\/\\\/diariodelsurdigital.com.ar\\\/?p=737#primaryimage\",\"url\":\"https:\\\/\\\/diariodelsurdigital.com.ar\\\/wp-content\\\/uploads\\\/2025\\\/01\\\/md-2025-01-27T135459.308.webp\",\"contentUrl\":\"https:\\\/\\\/diariodelsurdigital.com.ar\\\/wp-content\\\/uploads\\\/2025\\\/01\\\/md-2025-01-27T135459.308.webp\",\"width\":992,\"height\":664},{\"@type\":\"BreadcrumbList\",\"@id\":\"https:\\\/\\\/diariodelsurdigital.com.ar\\\/?p=737#breadcrumb\",\"itemListElement\":[{\"@type\":\"ListItem\",\"position\":1,\"name\":\"Portada\",\"item\":\"https:\\\/\\\/diariodelsurdigital.com.ar\\\/\"},{\"@type\":\"ListItem\",\"position\":2,\"name\":\"Arde la interna radical: \u201cHay sectores vendidos, nadie se hace oficialista gratis\u201d\"}]},{\"@type\":\"WebSite\",\"@id\":\"https:\\\/\\\/diariodelsurdigital.com.ar\\\/#website\",\"url\":\"https:\\\/\\\/diariodelsurdigital.com.ar\\\/\",\"name\":\"Diario del Sur\",\"description\":\"Digital\",\"potentialAction\":[{\"@type\":\"SearchAction\",\"target\":{\"@type\":\"EntryPoint\",\"urlTemplate\":\"https:\\\/\\\/diariodelsurdigital.com.ar\\\/?s={search_term_string}\"},\"query-input\":{\"@type\":\"PropertyValueSpecification\",\"valueRequired\":true,\"valueName\":\"search_term_string\"}}],\"inLanguage\":\"es\"},{\"@type\":\"Person\",\"@id\":\"https:\\\/\\\/diariodelsurdigital.com.ar\\\/#\\\/schema\\\/person\\\/1a4992532ed62965c968031b49195c81\",\"name\":\"Diario del Sur Digital\",\"image\":{\"@type\":\"ImageObject\",\"inLanguage\":\"es\",\"@id\":\"https:\\\/\\\/secure.gravatar.com\\\/avatar\\\/f0c7c47fc7146d19828273b9b8eda651c9c7ab583767e6338d3d3bee825adf76?s=96&d=mm&r=g\",\"url\":\"https:\\\/\\\/secure.gravatar.com\\\/avatar\\\/f0c7c47fc7146d19828273b9b8eda651c9c7ab583767e6338d3d3bee825adf76?s=96&d=mm&r=g\",\"contentUrl\":\"https:\\\/\\\/secure.gravatar.com\\\/avatar\\\/f0c7c47fc7146d19828273b9b8eda651c9c7ab583767e6338d3d3bee825adf76?s=96&d=mm&r=g\",\"caption\":\"Diario del Sur Digital\"},\"url\":\"https:\\\/\\\/diariodelsurdigital.com.ar\\\/?author=4\"}]}<\/script>\n<!-- \/ Yoast SEO plugin. -->","yoast_head_json":{"title":"Arde la interna radical: \u201cHay sectores vendidos, nadie se hace oficialista gratis\u201d - Diario del Sur","robots":{"index":"index","follow":"follow","max-snippet":"max-snippet:-1","max-image-preview":"max-image-preview:large","max-video-preview":"max-video-preview:-1"},"canonical":"https:\/\/diariodelsurdigital.com.ar\/?p=737","og_locale":"es_ES","og_type":"article","og_title":"Arde la interna radical: \u201cHay sectores vendidos, nadie se hace oficialista gratis\u201d - Diario del Sur","og_description":"El diputado nacional Fernando Carbajal apunt\u00f3 contra un grupo de correligionarios por haber blindado a Javier Milei en el Congreso. \u201cEst\u00e1n dispuestos a votar cualquier cosa\u201d, se quej\u00f3. La interna radical arde entre duras cr\u00edticas, cruces en redes sociales y graves acusaciones, que se han agudizado en la \u00faltima semana, luego de que el presidente [&hellip;]","og_url":"https:\/\/diariodelsurdigital.com.ar\/?p=737","og_site_name":"Diario del Sur","article_published_time":"2025-01-27T16:56:18+00:00","article_modified_time":"2025-01-27T16:56:20+00:00","og_image":[{"width":992,"height":664,"url":"https:\/\/diariodelsurdigital.com.ar\/wp-content\/uploads\/2025\/01\/md-2025-01-27T135459.308.webp","type":"image\/webp"}],"author":"Diario del Sur Digital","twitter_card":"summary_large_image","twitter_misc":{"Escrito por":"Diario del Sur Digital","Tiempo de lectura":"3 minutos"},"schema":{"@context":"https:\/\/schema.org","@graph":[{"@type":"Article","@id":"https:\/\/diariodelsurdigital.com.ar\/?p=737#article","isPartOf":{"@id":"https:\/\/diariodelsurdigital.com.ar\/?p=737"},"author":{"name":"Diario del Sur Digital","@id":"https:\/\/diariodelsurdigital.com.ar\/#\/schema\/person\/1a4992532ed62965c968031b49195c81"},"headline":"Arde la interna radical: \u201cHay sectores vendidos, nadie se hace oficialista gratis\u201d","datePublished":"2025-01-27T16:56:18+00:00","dateModified":"2025-01-27T16:56:20+00:00","mainEntityOfPage":{"@id":"https:\/\/diariodelsurdigital.com.ar\/?p=737"},"wordCount":578,"commentCount":0,"image":{"@id":"https:\/\/diariodelsurdigital.com.ar\/?p=737#primaryimage"},"thumbnailUrl":"https:\/\/diariodelsurdigital.com.ar\/wp-content\/uploads\/2025\/01\/md-2025-01-27T135459.308.webp","articleSection":["Nacionales","Pol\u00edtica"],"inLanguage":"es","potentialAction":[{"@type":"CommentAction","name":"Comment","target":["https:\/\/diariodelsurdigital.com.ar\/?p=737#respond"]}]},{"@type":"WebPage","@id":"https:\/\/diariodelsurdigital.com.ar\/?p=737","url":"https:\/\/diariodelsurdigital.com.ar\/?p=737","name":"Arde la interna radical: \u201cHay sectores vendidos, nadie se hace oficialista gratis\u201d - Diario del Sur","isPartOf":{"@id":"https:\/\/diariodelsurdigital.com.ar\/#website"},"primaryImageOfPage":{"@id":"https:\/\/diariodelsurdigital.com.ar\/?p=737#primaryimage"},"image":{"@id":"https:\/\/diariodelsurdigital.com.ar\/?p=737#primaryimage"},"thumbnailUrl":"https:\/\/diariodelsurdigital.com.ar\/wp-content\/uploads\/2025\/01\/md-2025-01-27T135459.308.webp","datePublished":"2025-01-27T16:56:18+00:00","dateModified":"2025-01-27T16:56:20+00:00","author":{"@id":"https:\/\/diariodelsurdigital.com.ar\/#\/schema\/person\/1a4992532ed62965c968031b49195c81"},"breadcrumb":{"@id":"https:\/\/diariodelsurdigital.com.ar\/?p=737#breadcrumb"},"inLanguage":"es","potentialAction":[{"@type":"ReadAction","target":["https:\/\/diariodelsurdigital.com.ar\/?p=737"]}]},{"@type":"ImageObject","inLanguage":"es","@id":"https:\/\/diariodelsurdigital.com.ar\/?p=737#primaryimage","url":"https:\/\/diariodelsurdigital.com.ar\/wp-content\/uploads\/2025\/01\/md-2025-01-27T135459.308.webp","contentUrl":"https:\/\/diariodelsurdigital.com.ar\/wp-content\/uploads\/2025\/01\/md-2025-01-27T135459.308.webp","width":992,"height":664},{"@type":"BreadcrumbList","@id":"https:\/\/diariodelsurdigital.com.ar\/?p=737#breadcrumb","itemListElement":[{"@type":"ListItem","position":1,"name":"Portada","item":"https:\/\/diariodelsurdigital.com.ar\/"},{"@type":"ListItem","position":2,"name":"Arde la interna radical: \u201cHay sectores vendidos, nadie se hace oficialista gratis\u201d"}]},{"@type":"WebSite","@id":"https:\/\/diariodelsurdigital.com.ar\/#website","url":"https:\/\/diariodelsurdigital.com.ar\/","name":"Diario del Sur","description":"Digital","potentialAction":[{"@type":"SearchAction","target":{"@type":"EntryPoint","urlTemplate":"https:\/\/diariodelsurdigital.com.ar\/?s={search_term_string}"},"query-input":{"@type":"PropertyValueSpecification","valueRequired":true,"valueName":"search_term_string"}}],"inLanguage":"es"},{"@type":"Person","@id":"https:\/\/diariodelsurdigital.com.ar\/#\/schema\/person\/1a4992532ed62965c968031b49195c81","name":"Diario del Sur Digital","image":{"@type":"ImageObject","inLanguage":"es","@id":"https:\/\/secure.gravatar.com\/avatar\/f0c7c47fc7146d19828273b9b8eda651c9c7ab583767e6338d3d3bee825adf76?s=96&d=mm&r=g","url":"https:\/\/secure.gravatar.com\/avatar\/f0c7c47fc7146d19828273b9b8eda651c9c7ab583767e6338d3d3bee825adf76?s=96&d=mm&r=g","contentUrl":"https:\/\/secure.gravatar.com\/avatar\/f0c7c47fc7146d19828273b9b8eda651c9c7ab583767e6338d3d3bee825adf76?s=96&d=mm&r=g","caption":"Diario del Sur Digital"},"url":"https:\/\/diariodelsurdigital.com.ar\/?author=4"}]}},"_links":{"self":[{"href":"https:\/\/diariodelsurdigital.com.ar\/index.php?rest_route=\/wp\/v2\/posts\/737","targetHints":{"allow":["GET"]}}],"collection":[{"href":"https:\/\/diariodelsurdigital.com.ar\/index.php?rest_route=\/wp\/v2\/posts"}],"about":[{"href":"https:\/\/diariodelsurdigital.com.ar\/index.php?rest_route=\/wp\/v2\/types\/post"}],"author":[{"embeddable":true,"href":"https:\/\/diariodelsurdigital.com.ar\/index.php?rest_route=\/wp\/v2\/users\/4"}],"replies":[{"embeddable":true,"href":"https:\/\/diariodelsurdigital.com.ar\/index.php?rest_route=%2Fwp%2Fv2%2Fcomments&post=737"}],"version-history":[{"count":1,"href":"https:\/\/diariodelsurdigital.com.ar\/index.php?rest_route=\/wp\/v2\/posts\/737\/revisions"}],"predecessor-version":[{"id":739,"href":"https:\/\/diariodelsurdigital.com.ar\/index.php?rest_route=\/wp\/v2\/posts\/737\/revisions\/739"}],"wp:featuredmedia":[{"embeddable":true,"href":"https:\/\/diariodelsurdigital.com.ar\/index.php?rest_route=\/wp\/v2\/media\/738"}],"wp:attachment":[{"href":"https:\/\/diariodelsurdigital.com.ar\/index.php?rest_route=%2Fwp%2Fv2%2Fmedia&parent=737"}],"wp:term":[{"taxonomy":"category","embeddable":true,"href":"https:\/\/diariodelsurdigital.com.ar\/index.php?rest_route=%2Fwp%2Fv2%2Fcategories&post=737"},{"taxonomy":"post_tag","embeddable":true,"href":"https:\/\/diariodelsurdigital.com.ar\/index.php?rest_route=%2Fwp%2Fv2%2Ftags&post=737"}],"curies":[{"name":"wp","href":"https:\/\/api.w.org\/{rel}","templated":true}]}}