{"id":7395,"date":"2026-03-09T14:44:57","date_gmt":"2026-03-09T17:44:57","guid":{"rendered":"https:\/\/diariodelsurdigital.com.ar\/?p=7395"},"modified":"2026-03-09T14:44:58","modified_gmt":"2026-03-09T17:44:58","slug":"alertan-sobre-una-paralisis-inducida-en-la-fabrica-argentina-de-aviones-por-la-caida-de-contratos-con-el-gobierno","status":"publish","type":"post","link":"https:\/\/diariodelsurdigital.com.ar\/?p=7395","title":{"rendered":"Alertan sobre una \u201cpar\u00e1lisis inducida\u201d en la F\u00e1brica Argentina de Aviones por la ca\u00edda de contratos con el Gobierno"},"content":{"rendered":"\n<p>El Sindicato de Aeron\u00e1uticos denuncia que FAdeA, la F\u00e1brica Argentina de Aviones, est\u00e1 en \u201cpar\u00e1lisis inducida\u201d por la ca\u00edda de contratos con el Gobierno. Mientras la gesti\u00f3n libertaria contrata a una empresa de Estados Unidos para entrenar a los pilotos de los F16 usados que le compr\u00f3 a Dinamarca, la F\u00e1brica Argentina de Aviones sigue al borde de la quiebra.<\/p>\n\n\n\n<p><br>El Sindicato de Trabajadores Aeron\u00e1uticos pidi\u00f3 informes sobre contratos con la Fuerza A\u00e9rea, gesti\u00f3n del directorio y situaci\u00f3n laboral. Desde la empresa se\u00f1alan que trabajan para alcanzar equilibrio financiero y ampliar ingresos hacia 2027. En febrero se cerr\u00f3 el Procedimiento Preventivo de Crisis.<\/p>\n\n\n\n<p>En medio de la denuncia del sindicato, se conoci\u00f3 la semana pasada que el gobierno contrat\u00f3 a una empresa estadounidense para entrenar a los pilotos de los aviones F16, en lugar de apostar por contratar a FAdeA.<\/p>\n\n\n\n<p>La situaci\u00f3n de la F\u00e1brica Argentina de Aviones Brigadier San Mart\u00edn (Fadea) volvi\u00f3 a quedar en el centro de la escena tras la presentaci\u00f3n de una carta del Sindicato de Trabajadores Aeron\u00e1uticos (STA) ante el Ministerio de Defensa. El gremio denunci\u00f3 una \u201cpar\u00e1lisis operativa\u201d en la empresa estatal, ubicada en C\u00f3rdoba capital, y solicit\u00f3 informaci\u00f3n sobre contratos, designaciones y decisiones administrativas de la conducci\u00f3n de la compa\u00f1\u00eda, inform\u00f3 el portal infogremiales.com-ar.<\/p>\n\n\n\n<p>El documento fue dirigido al ministro de Defensa, Carlos Alberto Presti, y lleva la firma del secretario general del sindicato, Marcelo Bertorello. All\u00ed se afirma que la f\u00e1brica atraviesa una situaci\u00f3n cr\u00edtica luego de \u201c26 meses de una gesti\u00f3n err\u00e1tica\u201d del actual directorio, a cargo del abogado porte\u00f1o Julio Manco. Hasta este jueves, no hab\u00eda una respuesta desde Defensa.<\/p>\n\n\n\n<p>\u201cPar\u00e1lisis inducida\u201d<\/p>\n\n\n\n<p>Desde la empresa negaron los cargos y, al contrario, dijeron que Fadea se encuentra activa y con proyectos que le permitir\u00e1n mejorar su productividad.<\/p>\n\n\n\n<p>La nota plantea que la empresa se encuentra en un escenario de actividad reducida que pone en riesgo tanto el funcionamiento de la planta como el empleo de los trabajadores.<\/p>\n\n\n\n<p>\u201cDenunciamos una par\u00e1lisis inducida que pone en riesgo el patrimonio nacional y el sustento de cientos de familias\u201d, se\u00f1ala el texto enviado al Ministerio.<\/p>\n\n\n\n<p>Uno de los puntos centrales del reclamo sindical est\u00e1 vinculado con los contratos entre Fadea y la Fuerza A\u00e9rea Argentina. Seg\u00fan el gremio, existen acuerdos clave para sostener la actividad de la planta, pero que todav\u00eda no fueron firmados lo que impide el ingreso de recursos y limita la carga de trabajo.<\/p>\n\n\n\n<p>Suspensiones y congelamiento de salarios<\/p>\n\n\n\n<p>De acuerdo con el sindicato, esa situaci\u00f3n se utiliza como argumento para aplicar suspensiones y mantener congelados los salarios.<\/p>\n\n\n\n<p>\u201cResulta inadmisible que, tras dos a\u00f1os de gesti\u00f3n, existan contratos vitales sin firma. Esta inacci\u00f3n bloquea el ingreso de recursos y el flujo de trabajo\u201d, se\u00f1ala la carta.<\/p>\n\n\n\n<p>En paralelo, el documento cuestiona la presencia del directorio en la planta. El gremio sostiene que existe una \u201cmarcada ausencia f\u00edsica\u201d de las autoridades de la empresa, lo que a su juicio refleja una desconexi\u00f3n con la realidad productiva cotidiana.<\/p>\n\n\n\n<p>La organizaci\u00f3n sindical tambi\u00e9n apunta contra decisiones vinculadas con la estructura administrativa de la compa\u00f1\u00eda. En el texto se afirma que, mientras se argumenta una situaci\u00f3n econ\u00f3mica cr\u00edtica para justificar recortes laborales, se habr\u00edan producido designaciones de asesores, auditores y cuadros jer\u00e1rquicos externos.<\/p>\n\n\n\n<p>\u201cMientras se declara una emergencia econ\u00f3mica para recortar derechos laborales, observamos con indignaci\u00f3n la designaci\u00f3n de asesores, auditores, cuadros jer\u00e1rquicos externos y familiares directos\u201d, sostiene el gremio.<\/p>\n\n\n\n<p>Informe de fondos<\/p>\n\n\n\n<p>La carta adem\u00e1s solicita informaci\u00f3n sobre el uso de fondos vinculados a gastos de gesti\u00f3n, incluyendo alquileres, vi\u00e1ticos y gastos de representaci\u00f3n de funcionarios jer\u00e1rquicos.<\/p>\n\n\n\n<p>Otro de los reclamos apunta a una auditor\u00eda de viabilidad que, seg\u00fan el sindicato, fue anunciada meses atr\u00e1s por Manco pero cuyos resultados no se hicieron p\u00fablicos. El gremio pide conocer el costo del estudio y el estado de sus conclusiones.<\/p>\n\n\n\n<p>El documento tambi\u00e9n menciona lo que define como oportunidades comerciales desaprovechadas. Entre ellas, una propuesta de la federaci\u00f3n mexicana de la industria aeroespacial para fabricar 24 unidades del avi\u00f3n IA-63 Pampa. Seg\u00fan el sindicato, la falta de respuesta a ese planteo habr\u00eda afectado la posibilidad de generar exportaciones.<\/p>\n\n\n\n<p>La conducci\u00f3n sindical incluye adem\u00e1s cuestionamientos sobre decisiones laborales adoptadas por el directorio. En particular, menciona la derogaci\u00f3n en octubre pasado del convenio colectivo acordado en 2024 y el restablecimiento de un convenio anterior.<\/p>\n\n\n\n<p>Seg\u00fan el gremio, esa medida gener\u00f3 incertidumbre jur\u00eddica y podr\u00eda derivar en conflictos judiciales.<\/p>\n","protected":false},"excerpt":{"rendered":"<p>El Sindicato de Aeron\u00e1uticos denuncia que FAdeA, la F\u00e1brica Argentina de Aviones, est\u00e1 en \u201cpar\u00e1lisis inducida\u201d por la ca\u00edda de contratos con el Gobierno. Mientras la gesti\u00f3n libertaria contrata a una empresa de Estados Unidos para entrenar a los pilotos de los F16 usados que le compr\u00f3 a Dinamarca, la F\u00e1brica Argentina de Aviones sigue [&hellip;]<\/p>\n","protected":false},"author":4,"featured_media":7396,"comment_status":"open","ping_status":"open","sticky":false,"template":"","format":"standard","meta":{"footnotes":""},"categories":[19,18],"tags":[],"class_list":{"0":"post-7395","1":"post","2":"type-post","3":"status-publish","4":"format-standard","5":"has-post-thumbnail","7":"category-interes-general","8":"category-nacionales"},"yoast_head":"<!-- This site is optimized with the Yoast SEO plugin v27.4 - https:\/\/yoast.com\/product\/yoast-seo-wordpress\/ -->\n<title>Alertan sobre una \u201cpar\u00e1lisis inducida\u201d en la F\u00e1brica Argentina de Aviones por la ca\u00edda de contratos con el Gobierno - Diario del Sur<\/title>\n<meta name=\"robots\" content=\"index, follow, max-snippet:-1, max-image-preview:large, max-video-preview:-1\" \/>\n<link rel=\"canonical\" href=\"https:\/\/diariodelsurdigital.com.ar\/?p=7395\" \/>\n<meta property=\"og:locale\" content=\"es_ES\" \/>\n<meta property=\"og:type\" content=\"article\" \/>\n<meta property=\"og:title\" content=\"Alertan sobre una \u201cpar\u00e1lisis inducida\u201d en la F\u00e1brica Argentina de Aviones por la ca\u00edda de contratos con el Gobierno - Diario del Sur\" \/>\n<meta property=\"og:description\" content=\"El Sindicato de Aeron\u00e1uticos denuncia que FAdeA, la F\u00e1brica Argentina de Aviones, est\u00e1 en \u201cpar\u00e1lisis inducida\u201d por la ca\u00edda de contratos con el Gobierno. Mientras la gesti\u00f3n libertaria contrata a una empresa de Estados Unidos para entrenar a los pilotos de los F16 usados que le compr\u00f3 a Dinamarca, la F\u00e1brica Argentina de Aviones sigue [&hellip;]\" \/>\n<meta property=\"og:url\" content=\"https:\/\/diariodelsurdigital.com.ar\/?p=7395\" \/>\n<meta property=\"og:site_name\" content=\"Diario del Sur\" \/>\n<meta property=\"article:published_time\" content=\"2026-03-09T17:44:57+00:00\" \/>\n<meta property=\"article:modified_time\" content=\"2026-03-09T17:44:58+00:00\" \/>\n<meta property=\"og:image\" content=\"https:\/\/diariodelsurdigital.com.ar\/wp-content\/uploads\/2026\/03\/md-78.webp\" \/>\n\t<meta property=\"og:image:width\" content=\"992\" \/>\n\t<meta property=\"og:image:height\" content=\"446\" \/>\n\t<meta property=\"og:image:type\" content=\"image\/webp\" \/>\n<meta name=\"author\" content=\"Diario del Sur Digital\" \/>\n<meta name=\"twitter:card\" content=\"summary_large_image\" \/>\n<meta name=\"twitter:label1\" content=\"Escrito por\" \/>\n\t<meta name=\"twitter:data1\" content=\"Diario del Sur Digital\" \/>\n\t<meta name=\"twitter:label2\" content=\"Tiempo de lectura\" \/>\n\t<meta name=\"twitter:data2\" content=\"4 minutos\" \/>\n<script type=\"application\/ld+json\" class=\"yoast-schema-graph\">{\"@context\":\"https:\\\/\\\/schema.org\",\"@graph\":[{\"@type\":\"Article\",\"@id\":\"https:\\\/\\\/diariodelsurdigital.com.ar\\\/?p=7395#article\",\"isPartOf\":{\"@id\":\"https:\\\/\\\/diariodelsurdigital.com.ar\\\/?p=7395\"},\"author\":{\"name\":\"Diario del Sur Digital\",\"@id\":\"https:\\\/\\\/diariodelsurdigital.com.ar\\\/#\\\/schema\\\/person\\\/1a4992532ed62965c968031b49195c81\"},\"headline\":\"Alertan sobre una \u201cpar\u00e1lisis inducida\u201d en la F\u00e1brica Argentina de Aviones por la ca\u00edda de contratos con el Gobierno\",\"datePublished\":\"2026-03-09T17:44:57+00:00\",\"dateModified\":\"2026-03-09T17:44:58+00:00\",\"mainEntityOfPage\":{\"@id\":\"https:\\\/\\\/diariodelsurdigital.com.ar\\\/?p=7395\"},\"wordCount\":823,\"commentCount\":0,\"image\":{\"@id\":\"https:\\\/\\\/diariodelsurdigital.com.ar\\\/?p=7395#primaryimage\"},\"thumbnailUrl\":\"https:\\\/\\\/diariodelsurdigital.com.ar\\\/wp-content\\\/uploads\\\/2026\\\/03\\\/md-78.webp\",\"articleSection\":[\"Inter\u00e9s General\",\"Nacionales\"],\"inLanguage\":\"es\",\"potentialAction\":[{\"@type\":\"CommentAction\",\"name\":\"Comment\",\"target\":[\"https:\\\/\\\/diariodelsurdigital.com.ar\\\/?p=7395#respond\"]}]},{\"@type\":\"WebPage\",\"@id\":\"https:\\\/\\\/diariodelsurdigital.com.ar\\\/?p=7395\",\"url\":\"https:\\\/\\\/diariodelsurdigital.com.ar\\\/?p=7395\",\"name\":\"Alertan sobre una \u201cpar\u00e1lisis inducida\u201d en la F\u00e1brica Argentina de Aviones por la ca\u00edda de contratos con el Gobierno - Diario del Sur\",\"isPartOf\":{\"@id\":\"https:\\\/\\\/diariodelsurdigital.com.ar\\\/#website\"},\"primaryImageOfPage\":{\"@id\":\"https:\\\/\\\/diariodelsurdigital.com.ar\\\/?p=7395#primaryimage\"},\"image\":{\"@id\":\"https:\\\/\\\/diariodelsurdigital.com.ar\\\/?p=7395#primaryimage\"},\"thumbnailUrl\":\"https:\\\/\\\/diariodelsurdigital.com.ar\\\/wp-content\\\/uploads\\\/2026\\\/03\\\/md-78.webp\",\"datePublished\":\"2026-03-09T17:44:57+00:00\",\"dateModified\":\"2026-03-09T17:44:58+00:00\",\"author\":{\"@id\":\"https:\\\/\\\/diariodelsurdigital.com.ar\\\/#\\\/schema\\\/person\\\/1a4992532ed62965c968031b49195c81\"},\"breadcrumb\":{\"@id\":\"https:\\\/\\\/diariodelsurdigital.com.ar\\\/?p=7395#breadcrumb\"},\"inLanguage\":\"es\",\"potentialAction\":[{\"@type\":\"ReadAction\",\"target\":[\"https:\\\/\\\/diariodelsurdigital.com.ar\\\/?p=7395\"]}]},{\"@type\":\"ImageObject\",\"inLanguage\":\"es\",\"@id\":\"https:\\\/\\\/diariodelsurdigital.com.ar\\\/?p=7395#primaryimage\",\"url\":\"https:\\\/\\\/diariodelsurdigital.com.ar\\\/wp-content\\\/uploads\\\/2026\\\/03\\\/md-78.webp\",\"contentUrl\":\"https:\\\/\\\/diariodelsurdigital.com.ar\\\/wp-content\\\/uploads\\\/2026\\\/03\\\/md-78.webp\",\"width\":992,\"height\":446},{\"@type\":\"BreadcrumbList\",\"@id\":\"https:\\\/\\\/diariodelsurdigital.com.ar\\\/?p=7395#breadcrumb\",\"itemListElement\":[{\"@type\":\"ListItem\",\"position\":1,\"name\":\"Portada\",\"item\":\"https:\\\/\\\/diariodelsurdigital.com.ar\\\/\"},{\"@type\":\"ListItem\",\"position\":2,\"name\":\"Alertan sobre una \u201cpar\u00e1lisis inducida\u201d en la F\u00e1brica Argentina de Aviones por la ca\u00edda de contratos con el Gobierno\"}]},{\"@type\":\"WebSite\",\"@id\":\"https:\\\/\\\/diariodelsurdigital.com.ar\\\/#website\",\"url\":\"https:\\\/\\\/diariodelsurdigital.com.ar\\\/\",\"name\":\"Diario del Sur\",\"description\":\"Digital\",\"potentialAction\":[{\"@type\":\"SearchAction\",\"target\":{\"@type\":\"EntryPoint\",\"urlTemplate\":\"https:\\\/\\\/diariodelsurdigital.com.ar\\\/?s={search_term_string}\"},\"query-input\":{\"@type\":\"PropertyValueSpecification\",\"valueRequired\":true,\"valueName\":\"search_term_string\"}}],\"inLanguage\":\"es\"},{\"@type\":\"Person\",\"@id\":\"https:\\\/\\\/diariodelsurdigital.com.ar\\\/#\\\/schema\\\/person\\\/1a4992532ed62965c968031b49195c81\",\"name\":\"Diario del Sur Digital\",\"image\":{\"@type\":\"ImageObject\",\"inLanguage\":\"es\",\"@id\":\"https:\\\/\\\/secure.gravatar.com\\\/avatar\\\/f0c7c47fc7146d19828273b9b8eda651c9c7ab583767e6338d3d3bee825adf76?s=96&d=mm&r=g\",\"url\":\"https:\\\/\\\/secure.gravatar.com\\\/avatar\\\/f0c7c47fc7146d19828273b9b8eda651c9c7ab583767e6338d3d3bee825adf76?s=96&d=mm&r=g\",\"contentUrl\":\"https:\\\/\\\/secure.gravatar.com\\\/avatar\\\/f0c7c47fc7146d19828273b9b8eda651c9c7ab583767e6338d3d3bee825adf76?s=96&d=mm&r=g\",\"caption\":\"Diario del Sur Digital\"},\"url\":\"https:\\\/\\\/diariodelsurdigital.com.ar\\\/?author=4\"}]}<\/script>\n<!-- \/ Yoast SEO plugin. -->","yoast_head_json":{"title":"Alertan sobre una \u201cpar\u00e1lisis inducida\u201d en la F\u00e1brica Argentina de Aviones por la ca\u00edda de contratos con el Gobierno - Diario del Sur","robots":{"index":"index","follow":"follow","max-snippet":"max-snippet:-1","max-image-preview":"max-image-preview:large","max-video-preview":"max-video-preview:-1"},"canonical":"https:\/\/diariodelsurdigital.com.ar\/?p=7395","og_locale":"es_ES","og_type":"article","og_title":"Alertan sobre una \u201cpar\u00e1lisis inducida\u201d en la F\u00e1brica Argentina de Aviones por la ca\u00edda de contratos con el Gobierno - Diario del Sur","og_description":"El Sindicato de Aeron\u00e1uticos denuncia que FAdeA, la F\u00e1brica Argentina de Aviones, est\u00e1 en \u201cpar\u00e1lisis inducida\u201d por la ca\u00edda de contratos con el Gobierno. Mientras la gesti\u00f3n libertaria contrata a una empresa de Estados Unidos para entrenar a los pilotos de los F16 usados que le compr\u00f3 a Dinamarca, la F\u00e1brica Argentina de Aviones sigue [&hellip;]","og_url":"https:\/\/diariodelsurdigital.com.ar\/?p=7395","og_site_name":"Diario del Sur","article_published_time":"2026-03-09T17:44:57+00:00","article_modified_time":"2026-03-09T17:44:58+00:00","og_image":[{"width":992,"height":446,"url":"https:\/\/diariodelsurdigital.com.ar\/wp-content\/uploads\/2026\/03\/md-78.webp","type":"image\/webp"}],"author":"Diario del Sur Digital","twitter_card":"summary_large_image","twitter_misc":{"Escrito por":"Diario del Sur Digital","Tiempo de lectura":"4 minutos"},"schema":{"@context":"https:\/\/schema.org","@graph":[{"@type":"Article","@id":"https:\/\/diariodelsurdigital.com.ar\/?p=7395#article","isPartOf":{"@id":"https:\/\/diariodelsurdigital.com.ar\/?p=7395"},"author":{"name":"Diario del Sur Digital","@id":"https:\/\/diariodelsurdigital.com.ar\/#\/schema\/person\/1a4992532ed62965c968031b49195c81"},"headline":"Alertan sobre una \u201cpar\u00e1lisis inducida\u201d en la F\u00e1brica Argentina de Aviones por la ca\u00edda de contratos con el Gobierno","datePublished":"2026-03-09T17:44:57+00:00","dateModified":"2026-03-09T17:44:58+00:00","mainEntityOfPage":{"@id":"https:\/\/diariodelsurdigital.com.ar\/?p=7395"},"wordCount":823,"commentCount":0,"image":{"@id":"https:\/\/diariodelsurdigital.com.ar\/?p=7395#primaryimage"},"thumbnailUrl":"https:\/\/diariodelsurdigital.com.ar\/wp-content\/uploads\/2026\/03\/md-78.webp","articleSection":["Inter\u00e9s General","Nacionales"],"inLanguage":"es","potentialAction":[{"@type":"CommentAction","name":"Comment","target":["https:\/\/diariodelsurdigital.com.ar\/?p=7395#respond"]}]},{"@type":"WebPage","@id":"https:\/\/diariodelsurdigital.com.ar\/?p=7395","url":"https:\/\/diariodelsurdigital.com.ar\/?p=7395","name":"Alertan sobre una \u201cpar\u00e1lisis inducida\u201d en la F\u00e1brica Argentina de Aviones por la ca\u00edda de contratos con el Gobierno - Diario del Sur","isPartOf":{"@id":"https:\/\/diariodelsurdigital.com.ar\/#website"},"primaryImageOfPage":{"@id":"https:\/\/diariodelsurdigital.com.ar\/?p=7395#primaryimage"},"image":{"@id":"https:\/\/diariodelsurdigital.com.ar\/?p=7395#primaryimage"},"thumbnailUrl":"https:\/\/diariodelsurdigital.com.ar\/wp-content\/uploads\/2026\/03\/md-78.webp","datePublished":"2026-03-09T17:44:57+00:00","dateModified":"2026-03-09T17:44:58+00:00","author":{"@id":"https:\/\/diariodelsurdigital.com.ar\/#\/schema\/person\/1a4992532ed62965c968031b49195c81"},"breadcrumb":{"@id":"https:\/\/diariodelsurdigital.com.ar\/?p=7395#breadcrumb"},"inLanguage":"es","potentialAction":[{"@type":"ReadAction","target":["https:\/\/diariodelsurdigital.com.ar\/?p=7395"]}]},{"@type":"ImageObject","inLanguage":"es","@id":"https:\/\/diariodelsurdigital.com.ar\/?p=7395#primaryimage","url":"https:\/\/diariodelsurdigital.com.ar\/wp-content\/uploads\/2026\/03\/md-78.webp","contentUrl":"https:\/\/diariodelsurdigital.com.ar\/wp-content\/uploads\/2026\/03\/md-78.webp","width":992,"height":446},{"@type":"BreadcrumbList","@id":"https:\/\/diariodelsurdigital.com.ar\/?p=7395#breadcrumb","itemListElement":[{"@type":"ListItem","position":1,"name":"Portada","item":"https:\/\/diariodelsurdigital.com.ar\/"},{"@type":"ListItem","position":2,"name":"Alertan sobre una \u201cpar\u00e1lisis inducida\u201d en la F\u00e1brica Argentina de Aviones por la ca\u00edda de contratos con el Gobierno"}]},{"@type":"WebSite","@id":"https:\/\/diariodelsurdigital.com.ar\/#website","url":"https:\/\/diariodelsurdigital.com.ar\/","name":"Diario del Sur","description":"Digital","potentialAction":[{"@type":"SearchAction","target":{"@type":"EntryPoint","urlTemplate":"https:\/\/diariodelsurdigital.com.ar\/?s={search_term_string}"},"query-input":{"@type":"PropertyValueSpecification","valueRequired":true,"valueName":"search_term_string"}}],"inLanguage":"es"},{"@type":"Person","@id":"https:\/\/diariodelsurdigital.com.ar\/#\/schema\/person\/1a4992532ed62965c968031b49195c81","name":"Diario del Sur Digital","image":{"@type":"ImageObject","inLanguage":"es","@id":"https:\/\/secure.gravatar.com\/avatar\/f0c7c47fc7146d19828273b9b8eda651c9c7ab583767e6338d3d3bee825adf76?s=96&d=mm&r=g","url":"https:\/\/secure.gravatar.com\/avatar\/f0c7c47fc7146d19828273b9b8eda651c9c7ab583767e6338d3d3bee825adf76?s=96&d=mm&r=g","contentUrl":"https:\/\/secure.gravatar.com\/avatar\/f0c7c47fc7146d19828273b9b8eda651c9c7ab583767e6338d3d3bee825adf76?s=96&d=mm&r=g","caption":"Diario del Sur Digital"},"url":"https:\/\/diariodelsurdigital.com.ar\/?author=4"}]}},"_links":{"self":[{"href":"https:\/\/diariodelsurdigital.com.ar\/index.php?rest_route=\/wp\/v2\/posts\/7395","targetHints":{"allow":["GET"]}}],"collection":[{"href":"https:\/\/diariodelsurdigital.com.ar\/index.php?rest_route=\/wp\/v2\/posts"}],"about":[{"href":"https:\/\/diariodelsurdigital.com.ar\/index.php?rest_route=\/wp\/v2\/types\/post"}],"author":[{"embeddable":true,"href":"https:\/\/diariodelsurdigital.com.ar\/index.php?rest_route=\/wp\/v2\/users\/4"}],"replies":[{"embeddable":true,"href":"https:\/\/diariodelsurdigital.com.ar\/index.php?rest_route=%2Fwp%2Fv2%2Fcomments&post=7395"}],"version-history":[{"count":1,"href":"https:\/\/diariodelsurdigital.com.ar\/index.php?rest_route=\/wp\/v2\/posts\/7395\/revisions"}],"predecessor-version":[{"id":7397,"href":"https:\/\/diariodelsurdigital.com.ar\/index.php?rest_route=\/wp\/v2\/posts\/7395\/revisions\/7397"}],"wp:featuredmedia":[{"embeddable":true,"href":"https:\/\/diariodelsurdigital.com.ar\/index.php?rest_route=\/wp\/v2\/media\/7396"}],"wp:attachment":[{"href":"https:\/\/diariodelsurdigital.com.ar\/index.php?rest_route=%2Fwp%2Fv2%2Fmedia&parent=7395"}],"wp:term":[{"taxonomy":"category","embeddable":true,"href":"https:\/\/diariodelsurdigital.com.ar\/index.php?rest_route=%2Fwp%2Fv2%2Fcategories&post=7395"},{"taxonomy":"post_tag","embeddable":true,"href":"https:\/\/diariodelsurdigital.com.ar\/index.php?rest_route=%2Fwp%2Fv2%2Ftags&post=7395"}],"curies":[{"name":"wp","href":"https:\/\/api.w.org\/{rel}","templated":true}]}}