{"id":7410,"date":"2026-03-10T14:44:44","date_gmt":"2026-03-10T17:44:44","guid":{"rendered":"https:\/\/diariodelsurdigital.com.ar\/?p=7410"},"modified":"2026-03-10T14:44:45","modified_gmt":"2026-03-10T17:44:45","slug":"advierten-que-entre-rios-no-tiene-espacio-ni-profesionales-para-implementar-el-nuevo-regimen-penal-juvenil","status":"publish","type":"post","link":"https:\/\/diariodelsurdigital.com.ar\/?p=7410","title":{"rendered":"Advierten que Entre R\u00edos no tiene espacio ni profesionales para implementar el nuevo R\u00e9gimen Penal Juvenil"},"content":{"rendered":"\n<p>El director del Servicio Penitenciario de Entre R\u00edos, Alejandro Miotti, advirti\u00f3 que la provincia no cuenta actualmente con instalaciones ni equipos profesionales suficientes para aplicar el nuevo R\u00e9gimen Penal Juvenil -promulgado este lunes- que prev\u00e9 bajar la edad de punibilidad a los 14 a\u00f1os.<\/p>\n\n\n\n<p>El funcionario sostuvo que la eventual implementaci\u00f3n del nuevo esquema implicar\u00eda desaf\u00edos estructurales y de personal para el sistema penitenciario provincial.<\/p>\n\n\n\n<p>\u201cHay que ver c\u00f3mo se implementa eso en la provincia. Obviamente, no contamos hoy con un lugar exclusivo para el alojamiento de menores. Teniendo en cuenta tambi\u00e9n que es un tratamiento especial, donde hay que nombrar nuevos profesionales. Es un trabajito m\u00e1s complejo. Pero hoy no tendr\u00edamos el espacio, ni tampoco tendr\u00edamos la cantidad de profesionales para intervenir en esta situaci\u00f3n\u201d, se\u00f1al\u00f3.<\/p>\n\n\n\n<p><br>En ese sentido, remarc\u00f3 que la aplicaci\u00f3n concreta de la normativa depender\u00e1 de c\u00f3mo cada jurisdicci\u00f3n adapte sus recursos y estructuras institucionales.<\/p>\n\n\n\n<p>\u201cAs\u00ed que habr\u00eda que ver cada provincia c\u00f3mo lo ir\u00e1 a implementar\u201d, agreg\u00f3 en declaraciones al programa A Quien Corresponda (Radio Plaza 94.7).<\/p>\n\n\n\n<p>Miotti tambi\u00e9n explic\u00f3 que el sistema penitenciario provincial ya enfrenta limitaciones de infraestructura y que cualquier ampliaci\u00f3n deber\u00e1 contemplar no solo obras sino tambi\u00e9n m\u00e1s personal especializado.<\/p>\n\n\n\n<p>\u201cEn Gualeguaych\u00fa hay espacio para ampliar y hemos llevado proyectos de nuevos m\u00f3dulos para la Unidad Penal 9. La Unidad Penal 8 tambi\u00e9n tendr\u00eda espacio para la construcci\u00f3n de alg\u00fan nuevo m\u00f3dulo, pero obviamente esto debe ser acompa\u00f1ado de recursos humanos y dem\u00e1s\u201d, afirm\u00f3.<\/p>\n\n\n\n<p>En esa l\u00ednea, indic\u00f3 que existe un proyecto para ampliar la capacidad de alojamiento en la Unidad Penal 9.<\/p>\n\n\n\n<p>\u201cEn la UP9 se pidi\u00f3 una ampliaci\u00f3n para 200 plazas de alojamiento m\u00e1s. Si se quiere construir alg\u00fan pabell\u00f3n mucho m\u00e1s grande o una Unidad Penal, o muchos m\u00f3dulos, se podr\u00edan hacer. Entendemos por ah\u00ed lo que es el contexto econ\u00f3mico, por eso nos basamos en esa cantidad de pabellones para que no sea muy elevado el costo\u201d, detall\u00f3.<\/p>\n\n\n\n<p>Incluso se evaluaron alternativas de infraestructura modular, aunque finalmente no avanzaron por cuestiones de seguridad.<\/p>\n\n\n\n<p>\u201cSe evalu\u00f3 la alternativa de instalar containers con una empresa local, pero no nos lleg\u00f3 a convencer especialmente por la parte de seguridad. Si bien tienen sus costos, no son tan econ\u00f3micos, porque estamos hablando de condiciones especiales que tendr\u00eda que tener un container\u201d, explic\u00f3.<\/p>\n","protected":false},"excerpt":{"rendered":"<p>El director del Servicio Penitenciario de Entre R\u00edos, Alejandro Miotti, advirti\u00f3 que la provincia no cuenta actualmente con instalaciones ni equipos profesionales suficientes para aplicar el nuevo R\u00e9gimen Penal Juvenil -promulgado este lunes- que prev\u00e9 bajar la edad de punibilidad a los 14 a\u00f1os. El funcionario sostuvo que la eventual implementaci\u00f3n del nuevo esquema implicar\u00eda [&hellip;]<\/p>\n","protected":false},"author":4,"featured_media":7411,"comment_status":"open","ping_status":"open","sticky":false,"template":"","format":"standard","meta":{"footnotes":""},"categories":[19,17],"tags":[],"class_list":{"0":"post-7410","1":"post","2":"type-post","3":"status-publish","4":"format-standard","5":"has-post-thumbnail","7":"category-interes-general","8":"category-provinciales"},"yoast_head":"<!-- This site is optimized with the Yoast SEO plugin v27.4 - https:\/\/yoast.com\/product\/yoast-seo-wordpress\/ -->\n<title>Advierten que Entre R\u00edos no tiene espacio ni profesionales para implementar el nuevo R\u00e9gimen Penal Juvenil - Diario del Sur<\/title>\n<meta name=\"robots\" content=\"index, follow, max-snippet:-1, max-image-preview:large, max-video-preview:-1\" \/>\n<link rel=\"canonical\" href=\"https:\/\/diariodelsurdigital.com.ar\/?p=7410\" \/>\n<meta property=\"og:locale\" content=\"es_ES\" \/>\n<meta property=\"og:type\" content=\"article\" \/>\n<meta property=\"og:title\" content=\"Advierten que Entre R\u00edos no tiene espacio ni profesionales para implementar el nuevo R\u00e9gimen Penal Juvenil - Diario del Sur\" \/>\n<meta property=\"og:description\" content=\"El director del Servicio Penitenciario de Entre R\u00edos, Alejandro Miotti, advirti\u00f3 que la provincia no cuenta actualmente con instalaciones ni equipos profesionales suficientes para aplicar el nuevo R\u00e9gimen Penal Juvenil -promulgado este lunes- que prev\u00e9 bajar la edad de punibilidad a los 14 a\u00f1os. El funcionario sostuvo que la eventual implementaci\u00f3n del nuevo esquema implicar\u00eda [&hellip;]\" \/>\n<meta property=\"og:url\" content=\"https:\/\/diariodelsurdigital.com.ar\/?p=7410\" \/>\n<meta property=\"og:site_name\" content=\"Diario del Sur\" \/>\n<meta property=\"article:published_time\" content=\"2026-03-10T17:44:44+00:00\" \/>\n<meta property=\"article:modified_time\" content=\"2026-03-10T17:44:45+00:00\" \/>\n<meta property=\"og:image\" content=\"https:\/\/diariodelsurdigital.com.ar\/wp-content\/uploads\/2026\/03\/md-82.webp\" \/>\n\t<meta property=\"og:image:width\" content=\"992\" \/>\n\t<meta property=\"og:image:height\" content=\"766\" \/>\n\t<meta property=\"og:image:type\" content=\"image\/webp\" \/>\n<meta name=\"author\" content=\"Diario del Sur Digital\" \/>\n<meta name=\"twitter:card\" content=\"summary_large_image\" \/>\n<meta name=\"twitter:label1\" content=\"Escrito por\" \/>\n\t<meta name=\"twitter:data1\" content=\"Diario del Sur Digital\" \/>\n\t<meta name=\"twitter:label2\" content=\"Tiempo de lectura\" \/>\n\t<meta name=\"twitter:data2\" content=\"2 minutos\" \/>\n<script type=\"application\/ld+json\" class=\"yoast-schema-graph\">{\"@context\":\"https:\\\/\\\/schema.org\",\"@graph\":[{\"@type\":\"Article\",\"@id\":\"https:\\\/\\\/diariodelsurdigital.com.ar\\\/?p=7410#article\",\"isPartOf\":{\"@id\":\"https:\\\/\\\/diariodelsurdigital.com.ar\\\/?p=7410\"},\"author\":{\"name\":\"Diario del Sur Digital\",\"@id\":\"https:\\\/\\\/diariodelsurdigital.com.ar\\\/#\\\/schema\\\/person\\\/1a4992532ed62965c968031b49195c81\"},\"headline\":\"Advierten que Entre R\u00edos no tiene espacio ni profesionales para implementar el nuevo R\u00e9gimen Penal Juvenil\",\"datePublished\":\"2026-03-10T17:44:44+00:00\",\"dateModified\":\"2026-03-10T17:44:45+00:00\",\"mainEntityOfPage\":{\"@id\":\"https:\\\/\\\/diariodelsurdigital.com.ar\\\/?p=7410\"},\"wordCount\":434,\"commentCount\":0,\"image\":{\"@id\":\"https:\\\/\\\/diariodelsurdigital.com.ar\\\/?p=7410#primaryimage\"},\"thumbnailUrl\":\"https:\\\/\\\/diariodelsurdigital.com.ar\\\/wp-content\\\/uploads\\\/2026\\\/03\\\/md-82.webp\",\"articleSection\":[\"Inter\u00e9s General\",\"Provinciales\"],\"inLanguage\":\"es\",\"potentialAction\":[{\"@type\":\"CommentAction\",\"name\":\"Comment\",\"target\":[\"https:\\\/\\\/diariodelsurdigital.com.ar\\\/?p=7410#respond\"]}]},{\"@type\":\"WebPage\",\"@id\":\"https:\\\/\\\/diariodelsurdigital.com.ar\\\/?p=7410\",\"url\":\"https:\\\/\\\/diariodelsurdigital.com.ar\\\/?p=7410\",\"name\":\"Advierten que Entre R\u00edos no tiene espacio ni profesionales para implementar el nuevo R\u00e9gimen Penal Juvenil - Diario del Sur\",\"isPartOf\":{\"@id\":\"https:\\\/\\\/diariodelsurdigital.com.ar\\\/#website\"},\"primaryImageOfPage\":{\"@id\":\"https:\\\/\\\/diariodelsurdigital.com.ar\\\/?p=7410#primaryimage\"},\"image\":{\"@id\":\"https:\\\/\\\/diariodelsurdigital.com.ar\\\/?p=7410#primaryimage\"},\"thumbnailUrl\":\"https:\\\/\\\/diariodelsurdigital.com.ar\\\/wp-content\\\/uploads\\\/2026\\\/03\\\/md-82.webp\",\"datePublished\":\"2026-03-10T17:44:44+00:00\",\"dateModified\":\"2026-03-10T17:44:45+00:00\",\"author\":{\"@id\":\"https:\\\/\\\/diariodelsurdigital.com.ar\\\/#\\\/schema\\\/person\\\/1a4992532ed62965c968031b49195c81\"},\"breadcrumb\":{\"@id\":\"https:\\\/\\\/diariodelsurdigital.com.ar\\\/?p=7410#breadcrumb\"},\"inLanguage\":\"es\",\"potentialAction\":[{\"@type\":\"ReadAction\",\"target\":[\"https:\\\/\\\/diariodelsurdigital.com.ar\\\/?p=7410\"]}]},{\"@type\":\"ImageObject\",\"inLanguage\":\"es\",\"@id\":\"https:\\\/\\\/diariodelsurdigital.com.ar\\\/?p=7410#primaryimage\",\"url\":\"https:\\\/\\\/diariodelsurdigital.com.ar\\\/wp-content\\\/uploads\\\/2026\\\/03\\\/md-82.webp\",\"contentUrl\":\"https:\\\/\\\/diariodelsurdigital.com.ar\\\/wp-content\\\/uploads\\\/2026\\\/03\\\/md-82.webp\",\"width\":992,\"height\":766},{\"@type\":\"BreadcrumbList\",\"@id\":\"https:\\\/\\\/diariodelsurdigital.com.ar\\\/?p=7410#breadcrumb\",\"itemListElement\":[{\"@type\":\"ListItem\",\"position\":1,\"name\":\"Portada\",\"item\":\"https:\\\/\\\/diariodelsurdigital.com.ar\\\/\"},{\"@type\":\"ListItem\",\"position\":2,\"name\":\"Advierten que Entre R\u00edos no tiene espacio ni profesionales para implementar el nuevo R\u00e9gimen Penal Juvenil\"}]},{\"@type\":\"WebSite\",\"@id\":\"https:\\\/\\\/diariodelsurdigital.com.ar\\\/#website\",\"url\":\"https:\\\/\\\/diariodelsurdigital.com.ar\\\/\",\"name\":\"Diario del Sur\",\"description\":\"Digital\",\"potentialAction\":[{\"@type\":\"SearchAction\",\"target\":{\"@type\":\"EntryPoint\",\"urlTemplate\":\"https:\\\/\\\/diariodelsurdigital.com.ar\\\/?s={search_term_string}\"},\"query-input\":{\"@type\":\"PropertyValueSpecification\",\"valueRequired\":true,\"valueName\":\"search_term_string\"}}],\"inLanguage\":\"es\"},{\"@type\":\"Person\",\"@id\":\"https:\\\/\\\/diariodelsurdigital.com.ar\\\/#\\\/schema\\\/person\\\/1a4992532ed62965c968031b49195c81\",\"name\":\"Diario del Sur Digital\",\"image\":{\"@type\":\"ImageObject\",\"inLanguage\":\"es\",\"@id\":\"https:\\\/\\\/secure.gravatar.com\\\/avatar\\\/f0c7c47fc7146d19828273b9b8eda651c9c7ab583767e6338d3d3bee825adf76?s=96&d=mm&r=g\",\"url\":\"https:\\\/\\\/secure.gravatar.com\\\/avatar\\\/f0c7c47fc7146d19828273b9b8eda651c9c7ab583767e6338d3d3bee825adf76?s=96&d=mm&r=g\",\"contentUrl\":\"https:\\\/\\\/secure.gravatar.com\\\/avatar\\\/f0c7c47fc7146d19828273b9b8eda651c9c7ab583767e6338d3d3bee825adf76?s=96&d=mm&r=g\",\"caption\":\"Diario del Sur Digital\"},\"url\":\"https:\\\/\\\/diariodelsurdigital.com.ar\\\/?author=4\"}]}<\/script>\n<!-- \/ Yoast SEO plugin. -->","yoast_head_json":{"title":"Advierten que Entre R\u00edos no tiene espacio ni profesionales para implementar el nuevo R\u00e9gimen Penal Juvenil - Diario del Sur","robots":{"index":"index","follow":"follow","max-snippet":"max-snippet:-1","max-image-preview":"max-image-preview:large","max-video-preview":"max-video-preview:-1"},"canonical":"https:\/\/diariodelsurdigital.com.ar\/?p=7410","og_locale":"es_ES","og_type":"article","og_title":"Advierten que Entre R\u00edos no tiene espacio ni profesionales para implementar el nuevo R\u00e9gimen Penal Juvenil - Diario del Sur","og_description":"El director del Servicio Penitenciario de Entre R\u00edos, Alejandro Miotti, advirti\u00f3 que la provincia no cuenta actualmente con instalaciones ni equipos profesionales suficientes para aplicar el nuevo R\u00e9gimen Penal Juvenil -promulgado este lunes- que prev\u00e9 bajar la edad de punibilidad a los 14 a\u00f1os. El funcionario sostuvo que la eventual implementaci\u00f3n del nuevo esquema implicar\u00eda [&hellip;]","og_url":"https:\/\/diariodelsurdigital.com.ar\/?p=7410","og_site_name":"Diario del Sur","article_published_time":"2026-03-10T17:44:44+00:00","article_modified_time":"2026-03-10T17:44:45+00:00","og_image":[{"width":992,"height":766,"url":"https:\/\/diariodelsurdigital.com.ar\/wp-content\/uploads\/2026\/03\/md-82.webp","type":"image\/webp"}],"author":"Diario del Sur Digital","twitter_card":"summary_large_image","twitter_misc":{"Escrito por":"Diario del Sur Digital","Tiempo de lectura":"2 minutos"},"schema":{"@context":"https:\/\/schema.org","@graph":[{"@type":"Article","@id":"https:\/\/diariodelsurdigital.com.ar\/?p=7410#article","isPartOf":{"@id":"https:\/\/diariodelsurdigital.com.ar\/?p=7410"},"author":{"name":"Diario del Sur Digital","@id":"https:\/\/diariodelsurdigital.com.ar\/#\/schema\/person\/1a4992532ed62965c968031b49195c81"},"headline":"Advierten que Entre R\u00edos no tiene espacio ni profesionales para implementar el nuevo R\u00e9gimen Penal Juvenil","datePublished":"2026-03-10T17:44:44+00:00","dateModified":"2026-03-10T17:44:45+00:00","mainEntityOfPage":{"@id":"https:\/\/diariodelsurdigital.com.ar\/?p=7410"},"wordCount":434,"commentCount":0,"image":{"@id":"https:\/\/diariodelsurdigital.com.ar\/?p=7410#primaryimage"},"thumbnailUrl":"https:\/\/diariodelsurdigital.com.ar\/wp-content\/uploads\/2026\/03\/md-82.webp","articleSection":["Inter\u00e9s General","Provinciales"],"inLanguage":"es","potentialAction":[{"@type":"CommentAction","name":"Comment","target":["https:\/\/diariodelsurdigital.com.ar\/?p=7410#respond"]}]},{"@type":"WebPage","@id":"https:\/\/diariodelsurdigital.com.ar\/?p=7410","url":"https:\/\/diariodelsurdigital.com.ar\/?p=7410","name":"Advierten que Entre R\u00edos no tiene espacio ni profesionales para implementar el nuevo R\u00e9gimen Penal Juvenil - Diario del Sur","isPartOf":{"@id":"https:\/\/diariodelsurdigital.com.ar\/#website"},"primaryImageOfPage":{"@id":"https:\/\/diariodelsurdigital.com.ar\/?p=7410#primaryimage"},"image":{"@id":"https:\/\/diariodelsurdigital.com.ar\/?p=7410#primaryimage"},"thumbnailUrl":"https:\/\/diariodelsurdigital.com.ar\/wp-content\/uploads\/2026\/03\/md-82.webp","datePublished":"2026-03-10T17:44:44+00:00","dateModified":"2026-03-10T17:44:45+00:00","author":{"@id":"https:\/\/diariodelsurdigital.com.ar\/#\/schema\/person\/1a4992532ed62965c968031b49195c81"},"breadcrumb":{"@id":"https:\/\/diariodelsurdigital.com.ar\/?p=7410#breadcrumb"},"inLanguage":"es","potentialAction":[{"@type":"ReadAction","target":["https:\/\/diariodelsurdigital.com.ar\/?p=7410"]}]},{"@type":"ImageObject","inLanguage":"es","@id":"https:\/\/diariodelsurdigital.com.ar\/?p=7410#primaryimage","url":"https:\/\/diariodelsurdigital.com.ar\/wp-content\/uploads\/2026\/03\/md-82.webp","contentUrl":"https:\/\/diariodelsurdigital.com.ar\/wp-content\/uploads\/2026\/03\/md-82.webp","width":992,"height":766},{"@type":"BreadcrumbList","@id":"https:\/\/diariodelsurdigital.com.ar\/?p=7410#breadcrumb","itemListElement":[{"@type":"ListItem","position":1,"name":"Portada","item":"https:\/\/diariodelsurdigital.com.ar\/"},{"@type":"ListItem","position":2,"name":"Advierten que Entre R\u00edos no tiene espacio ni profesionales para implementar el nuevo R\u00e9gimen Penal Juvenil"}]},{"@type":"WebSite","@id":"https:\/\/diariodelsurdigital.com.ar\/#website","url":"https:\/\/diariodelsurdigital.com.ar\/","name":"Diario del Sur","description":"Digital","potentialAction":[{"@type":"SearchAction","target":{"@type":"EntryPoint","urlTemplate":"https:\/\/diariodelsurdigital.com.ar\/?s={search_term_string}"},"query-input":{"@type":"PropertyValueSpecification","valueRequired":true,"valueName":"search_term_string"}}],"inLanguage":"es"},{"@type":"Person","@id":"https:\/\/diariodelsurdigital.com.ar\/#\/schema\/person\/1a4992532ed62965c968031b49195c81","name":"Diario del Sur Digital","image":{"@type":"ImageObject","inLanguage":"es","@id":"https:\/\/secure.gravatar.com\/avatar\/f0c7c47fc7146d19828273b9b8eda651c9c7ab583767e6338d3d3bee825adf76?s=96&d=mm&r=g","url":"https:\/\/secure.gravatar.com\/avatar\/f0c7c47fc7146d19828273b9b8eda651c9c7ab583767e6338d3d3bee825adf76?s=96&d=mm&r=g","contentUrl":"https:\/\/secure.gravatar.com\/avatar\/f0c7c47fc7146d19828273b9b8eda651c9c7ab583767e6338d3d3bee825adf76?s=96&d=mm&r=g","caption":"Diario del Sur Digital"},"url":"https:\/\/diariodelsurdigital.com.ar\/?author=4"}]}},"_links":{"self":[{"href":"https:\/\/diariodelsurdigital.com.ar\/index.php?rest_route=\/wp\/v2\/posts\/7410","targetHints":{"allow":["GET"]}}],"collection":[{"href":"https:\/\/diariodelsurdigital.com.ar\/index.php?rest_route=\/wp\/v2\/posts"}],"about":[{"href":"https:\/\/diariodelsurdigital.com.ar\/index.php?rest_route=\/wp\/v2\/types\/post"}],"author":[{"embeddable":true,"href":"https:\/\/diariodelsurdigital.com.ar\/index.php?rest_route=\/wp\/v2\/users\/4"}],"replies":[{"embeddable":true,"href":"https:\/\/diariodelsurdigital.com.ar\/index.php?rest_route=%2Fwp%2Fv2%2Fcomments&post=7410"}],"version-history":[{"count":1,"href":"https:\/\/diariodelsurdigital.com.ar\/index.php?rest_route=\/wp\/v2\/posts\/7410\/revisions"}],"predecessor-version":[{"id":7412,"href":"https:\/\/diariodelsurdigital.com.ar\/index.php?rest_route=\/wp\/v2\/posts\/7410\/revisions\/7412"}],"wp:featuredmedia":[{"embeddable":true,"href":"https:\/\/diariodelsurdigital.com.ar\/index.php?rest_route=\/wp\/v2\/media\/7411"}],"wp:attachment":[{"href":"https:\/\/diariodelsurdigital.com.ar\/index.php?rest_route=%2Fwp%2Fv2%2Fmedia&parent=7410"}],"wp:term":[{"taxonomy":"category","embeddable":true,"href":"https:\/\/diariodelsurdigital.com.ar\/index.php?rest_route=%2Fwp%2Fv2%2Fcategories&post=7410"},{"taxonomy":"post_tag","embeddable":true,"href":"https:\/\/diariodelsurdigital.com.ar\/index.php?rest_route=%2Fwp%2Fv2%2Ftags&post=7410"}],"curies":[{"name":"wp","href":"https:\/\/api.w.org\/{rel}","templated":true}]}}