{"id":7413,"date":"2026-03-10T14:50:09","date_gmt":"2026-03-10T17:50:09","guid":{"rendered":"https:\/\/diariodelsurdigital.com.ar\/?p=7413"},"modified":"2026-03-10T14:50:10","modified_gmt":"2026-03-10T17:50:10","slug":"alertan-por-un-recorte-de-mas-de-600-horas-de-soporte-tecnologico-en-escuelas-de-entre-rios","status":"publish","type":"post","link":"https:\/\/diariodelsurdigital.com.ar\/?p=7413","title":{"rendered":"Alertan por un recorte de m\u00e1s de 600 horas de soporte tecnol\u00f3gico en escuelas de Entre R\u00edos"},"content":{"rendered":"\n<p>\u201cBajo un discurso de \u2018calidad educativa\u2019 y \u2018alfabetizaci\u00f3n digital\u2019, la Resoluci\u00f3n 170\/26 del CGE oculta una poda masiva que deja a la deriva la conectividad en varios departamentos de la provincia como Paran\u00e1, Victoria y Diamante\u201d, advirtieron desde el \u201cColectivo Trabajadores por la ventana\u201d.<\/p>\n\n\n\n<p><br><br>Pol\u00e9mica por una Resoluci\u00f3n del Consejo de Educaci\u00f3n que recorta horas<br>\u201cLa brecha entre el discurso oficial y la realidad de las aulas entrerrianas se ha transformado en un abismo. Mientras la Resoluci\u00f3n 170\/26 del CGE se llena la boca hablando del Plan Educativo Provincial 2023-2027 y de garantizar la Alfabetizaci\u00f3n Digital como un derecho personal y social, la letra chica de la normativa ejecuta un golpe letal al coraz\u00f3n tecnol\u00f3gico de la escuela secundaria: una poda de 615 horas en la funci\u00f3n de Referente T\u00e9cnico Escolar\u201d, sostuvieron.<\/p>\n\n\n\n<p>Desde el colectivo de Trabajadores Por la Ventana advirtieron que \u201cno se trata de una \u2018reorganizaci\u00f3n\u2019, sino de un recorte liso y llano que desmantela el acompa\u00f1amiento t\u00e9cnico indispensable para la innovaci\u00f3n pedag\u00f3gica que el propio Gobierno dice promover.<\/p>\n\n\n\n<p>Disonancia cognitiva: El relato vs. el recorte<\/p>\n\n\n\n<p>\u201cResulta parad\u00f3jico -por no decir c\u00ednico- que los considerandos de la resoluci\u00f3n reconozcan al Referente T\u00e9cnico como una \u2018tarea central\u2019 para la transformaci\u00f3n de la escuela secundaria, para luego proceder a una quita sistem\u00e1tica de horas\u201d.<\/p>\n\n\n\n<p>\u201c\u00bfC\u00f3mo se garantiza la calidad educativa quitando el soporte que mantiene vivos los servidores, las redes y el equipamiento inform\u00e1tico?\u201d, se preguntaron.<\/p>\n\n\n\n<p>Datos, no relato: El mapa del vaciamiento<\/p>\n\n\n\n<p>\u201cEl recorte no es una suposici\u00f3n: tiene nombre y apellido en cada localidad de la provincia. En los departamentos analizados hasta el momento, la modalidad es el \u2018goteo\u2019: quitar de a cinco horas por escuela. Parece poco en el papel, pero es el 50% del tiempo de soporte en muchas instituciones rurales y peque\u00f1as.<\/p>\n\n\n\n<p>Departamento Diamante: El golpe a la ruralidad<\/p>\n\n\n\n<p>Escuelas que contaban con 10 horas para su referente t\u00e9cnico, hoy deben sobrevivir con solo 5:<\/p>\n\n\n\n<p>Secundaria 9 \u00abMar\u00eda de la Cruz Escalante\u00bb (Las Cuevas)<\/p>\n\n\n\n<p>Secundaria 16 \u00abIndependencia\u00bb (Alvear)<\/p>\n\n\n\n<p>Secundaria 11 \u00abLos Inmigrantes\u00bb (Protestante)<\/p>\n\n\n\n<p>Secundaria 17 \u00abKeller\u00bb (Aldea Salto)<\/p>\n\n\n\n<p>Secundaria 18 \u00abJuan L. Ortiz\u00bb (Spatzenkutter)<\/p>\n\n\n\n<p>Secundaria 19 \u00abGral. Manuel Belgrano\u00bb<\/p>\n\n\n\n<p>Secundaria 7 y Secundaria 4 de Ram\u00edrez (esta \u00faltima sufri\u00f3 una poda de 30 a 25 horas).<\/p>\n\n\n\n<p>Departamento Paran\u00e1: Menos soporte en la capital<\/p>\n\n\n\n<p>Colegio N\u00b0 1 \u00abD.F. Sarmiento\u00bb: 5 horas menos.<\/p>\n\n\n\n<p>Esc. Sec. N\u00b0 72 \u00abBicentenario\u00bb: Aprobadas solo 5 horas.<\/p>\n\n\n\n<p>Esc. Sec. N\u00b0 36: 5 horas menos.<\/p>\n\n\n\n<p>Esc. Sec. N\u00b0 30 \u00abJos\u00e9 Hern\u00e1ndez\u00bb: Recorte de 5 horas.<\/p>\n\n\n\n<p>Esc.N\u00b018 Brigadier General Don Juan Manuel de Rosas. 2 hs menos.<\/p>\n\n\n\n<p>Departamento Victoria: Escuelas rurales a la deriva<\/p>\n\n\n\n<p>Tres escuelas secundarias rurales sufrieron el recorte, quedando con apenas 5 horas semanales para atender toda su infraestructura tecnol\u00f3gica.<\/p>\n\n\n\n<p>Desvestir un santo para vestir a otro<\/p>\n\n\n\n<p>\u201cEste recorte de 615 horas totales (pasando de 4.710 hs en 2025 a 4.095 hs en 2026) desnuda una provincia en crisis que elige ajustar por el eslab\u00f3n m\u00e1s sensible: el futuro digital de sus estudiantes\u201d, enfatizaron desde el colectivo docente.<\/p>\n\n\n\n<p>\u201cLa Resoluci\u00f3n 170\/26 dice que la Provincia proporciona \u2018el apoyo institucional y la infraestructura\u2019, pero en la pr\u00e1ctica est\u00e1 retirando al personal encargado de que esa infraestructura funcione\u201d.<\/p>\n\n\n\n<p>\u201cSin referentes t\u00e9cnicos con carga horaria acorde, las escuelas se convierten en cementerios de computadoras y servidores que nadie puede mantener. La cobija qued\u00f3 corta para todos. Menos horas t\u00e9cnicas no es m\u00e1s eficiencia, es menos educaci\u00f3n\u201d, concluyeron.<\/p>\n","protected":false},"excerpt":{"rendered":"<p>\u201cBajo un discurso de \u2018calidad educativa\u2019 y \u2018alfabetizaci\u00f3n digital\u2019, la Resoluci\u00f3n 170\/26 del CGE oculta una poda masiva que deja a la deriva la conectividad en varios departamentos de la provincia como Paran\u00e1, Victoria y Diamante\u201d, advirtieron desde el \u201cColectivo Trabajadores por la ventana\u201d. Pol\u00e9mica por una Resoluci\u00f3n del Consejo de Educaci\u00f3n que recorta horas\u201cLa [&hellip;]<\/p>\n","protected":false},"author":4,"featured_media":7414,"comment_status":"open","ping_status":"open","sticky":false,"template":"","format":"standard","meta":{"footnotes":""},"categories":[19,17],"tags":[],"class_list":{"0":"post-7413","1":"post","2":"type-post","3":"status-publish","4":"format-standard","5":"has-post-thumbnail","7":"category-interes-general","8":"category-provinciales"},"yoast_head":"<!-- This site is optimized with the Yoast SEO plugin v27.4 - https:\/\/yoast.com\/product\/yoast-seo-wordpress\/ -->\n<title>Alertan por un recorte de m\u00e1s de 600 horas de soporte tecnol\u00f3gico en escuelas de Entre R\u00edos - Diario del Sur<\/title>\n<meta name=\"robots\" content=\"index, follow, max-snippet:-1, max-image-preview:large, max-video-preview:-1\" \/>\n<link rel=\"canonical\" href=\"https:\/\/diariodelsurdigital.com.ar\/?p=7413\" \/>\n<meta property=\"og:locale\" content=\"es_ES\" \/>\n<meta property=\"og:type\" content=\"article\" \/>\n<meta property=\"og:title\" content=\"Alertan por un recorte de m\u00e1s de 600 horas de soporte tecnol\u00f3gico en escuelas de Entre R\u00edos - Diario del Sur\" \/>\n<meta property=\"og:description\" content=\"\u201cBajo un discurso de \u2018calidad educativa\u2019 y \u2018alfabetizaci\u00f3n digital\u2019, la Resoluci\u00f3n 170\/26 del CGE oculta una poda masiva que deja a la deriva la conectividad en varios departamentos de la provincia como Paran\u00e1, Victoria y Diamante\u201d, advirtieron desde el \u201cColectivo Trabajadores por la ventana\u201d. Pol\u00e9mica por una Resoluci\u00f3n del Consejo de Educaci\u00f3n que recorta horas\u201cLa [&hellip;]\" \/>\n<meta property=\"og:url\" content=\"https:\/\/diariodelsurdigital.com.ar\/?p=7413\" \/>\n<meta property=\"og:site_name\" content=\"Diario del Sur\" \/>\n<meta property=\"article:published_time\" content=\"2026-03-10T17:50:09+00:00\" \/>\n<meta property=\"article:modified_time\" content=\"2026-03-10T17:50:10+00:00\" \/>\n<meta property=\"og:image\" content=\"https:\/\/diariodelsurdigital.com.ar\/wp-content\/uploads\/2026\/03\/md-83.webp\" \/>\n\t<meta property=\"og:image:width\" content=\"992\" \/>\n\t<meta property=\"og:image:height\" content=\"661\" \/>\n\t<meta property=\"og:image:type\" content=\"image\/webp\" \/>\n<meta name=\"author\" content=\"Diario del Sur Digital\" \/>\n<meta name=\"twitter:card\" content=\"summary_large_image\" \/>\n<meta name=\"twitter:label1\" content=\"Escrito por\" \/>\n\t<meta name=\"twitter:data1\" content=\"Diario del Sur Digital\" \/>\n\t<meta name=\"twitter:label2\" content=\"Tiempo de lectura\" \/>\n\t<meta name=\"twitter:data2\" content=\"3 minutos\" \/>\n<script type=\"application\/ld+json\" class=\"yoast-schema-graph\">{\"@context\":\"https:\\\/\\\/schema.org\",\"@graph\":[{\"@type\":\"Article\",\"@id\":\"https:\\\/\\\/diariodelsurdigital.com.ar\\\/?p=7413#article\",\"isPartOf\":{\"@id\":\"https:\\\/\\\/diariodelsurdigital.com.ar\\\/?p=7413\"},\"author\":{\"name\":\"Diario del Sur Digital\",\"@id\":\"https:\\\/\\\/diariodelsurdigital.com.ar\\\/#\\\/schema\\\/person\\\/1a4992532ed62965c968031b49195c81\"},\"headline\":\"Alertan por un recorte de m\u00e1s de 600 horas de soporte tecnol\u00f3gico en escuelas de Entre R\u00edos\",\"datePublished\":\"2026-03-10T17:50:09+00:00\",\"dateModified\":\"2026-03-10T17:50:10+00:00\",\"mainEntityOfPage\":{\"@id\":\"https:\\\/\\\/diariodelsurdigital.com.ar\\\/?p=7413\"},\"wordCount\":591,\"commentCount\":0,\"image\":{\"@id\":\"https:\\\/\\\/diariodelsurdigital.com.ar\\\/?p=7413#primaryimage\"},\"thumbnailUrl\":\"https:\\\/\\\/diariodelsurdigital.com.ar\\\/wp-content\\\/uploads\\\/2026\\\/03\\\/md-83.webp\",\"articleSection\":[\"Inter\u00e9s General\",\"Provinciales\"],\"inLanguage\":\"es\",\"potentialAction\":[{\"@type\":\"CommentAction\",\"name\":\"Comment\",\"target\":[\"https:\\\/\\\/diariodelsurdigital.com.ar\\\/?p=7413#respond\"]}]},{\"@type\":\"WebPage\",\"@id\":\"https:\\\/\\\/diariodelsurdigital.com.ar\\\/?p=7413\",\"url\":\"https:\\\/\\\/diariodelsurdigital.com.ar\\\/?p=7413\",\"name\":\"Alertan por un recorte de m\u00e1s de 600 horas de soporte tecnol\u00f3gico en escuelas de Entre R\u00edos - Diario del Sur\",\"isPartOf\":{\"@id\":\"https:\\\/\\\/diariodelsurdigital.com.ar\\\/#website\"},\"primaryImageOfPage\":{\"@id\":\"https:\\\/\\\/diariodelsurdigital.com.ar\\\/?p=7413#primaryimage\"},\"image\":{\"@id\":\"https:\\\/\\\/diariodelsurdigital.com.ar\\\/?p=7413#primaryimage\"},\"thumbnailUrl\":\"https:\\\/\\\/diariodelsurdigital.com.ar\\\/wp-content\\\/uploads\\\/2026\\\/03\\\/md-83.webp\",\"datePublished\":\"2026-03-10T17:50:09+00:00\",\"dateModified\":\"2026-03-10T17:50:10+00:00\",\"author\":{\"@id\":\"https:\\\/\\\/diariodelsurdigital.com.ar\\\/#\\\/schema\\\/person\\\/1a4992532ed62965c968031b49195c81\"},\"breadcrumb\":{\"@id\":\"https:\\\/\\\/diariodelsurdigital.com.ar\\\/?p=7413#breadcrumb\"},\"inLanguage\":\"es\",\"potentialAction\":[{\"@type\":\"ReadAction\",\"target\":[\"https:\\\/\\\/diariodelsurdigital.com.ar\\\/?p=7413\"]}]},{\"@type\":\"ImageObject\",\"inLanguage\":\"es\",\"@id\":\"https:\\\/\\\/diariodelsurdigital.com.ar\\\/?p=7413#primaryimage\",\"url\":\"https:\\\/\\\/diariodelsurdigital.com.ar\\\/wp-content\\\/uploads\\\/2026\\\/03\\\/md-83.webp\",\"contentUrl\":\"https:\\\/\\\/diariodelsurdigital.com.ar\\\/wp-content\\\/uploads\\\/2026\\\/03\\\/md-83.webp\",\"width\":992,\"height\":661},{\"@type\":\"BreadcrumbList\",\"@id\":\"https:\\\/\\\/diariodelsurdigital.com.ar\\\/?p=7413#breadcrumb\",\"itemListElement\":[{\"@type\":\"ListItem\",\"position\":1,\"name\":\"Portada\",\"item\":\"https:\\\/\\\/diariodelsurdigital.com.ar\\\/\"},{\"@type\":\"ListItem\",\"position\":2,\"name\":\"Alertan por un recorte de m\u00e1s de 600 horas de soporte tecnol\u00f3gico en escuelas de Entre R\u00edos\"}]},{\"@type\":\"WebSite\",\"@id\":\"https:\\\/\\\/diariodelsurdigital.com.ar\\\/#website\",\"url\":\"https:\\\/\\\/diariodelsurdigital.com.ar\\\/\",\"name\":\"Diario del Sur\",\"description\":\"Digital\",\"potentialAction\":[{\"@type\":\"SearchAction\",\"target\":{\"@type\":\"EntryPoint\",\"urlTemplate\":\"https:\\\/\\\/diariodelsurdigital.com.ar\\\/?s={search_term_string}\"},\"query-input\":{\"@type\":\"PropertyValueSpecification\",\"valueRequired\":true,\"valueName\":\"search_term_string\"}}],\"inLanguage\":\"es\"},{\"@type\":\"Person\",\"@id\":\"https:\\\/\\\/diariodelsurdigital.com.ar\\\/#\\\/schema\\\/person\\\/1a4992532ed62965c968031b49195c81\",\"name\":\"Diario del Sur Digital\",\"image\":{\"@type\":\"ImageObject\",\"inLanguage\":\"es\",\"@id\":\"https:\\\/\\\/secure.gravatar.com\\\/avatar\\\/f0c7c47fc7146d19828273b9b8eda651c9c7ab583767e6338d3d3bee825adf76?s=96&d=mm&r=g\",\"url\":\"https:\\\/\\\/secure.gravatar.com\\\/avatar\\\/f0c7c47fc7146d19828273b9b8eda651c9c7ab583767e6338d3d3bee825adf76?s=96&d=mm&r=g\",\"contentUrl\":\"https:\\\/\\\/secure.gravatar.com\\\/avatar\\\/f0c7c47fc7146d19828273b9b8eda651c9c7ab583767e6338d3d3bee825adf76?s=96&d=mm&r=g\",\"caption\":\"Diario del Sur Digital\"},\"url\":\"https:\\\/\\\/diariodelsurdigital.com.ar\\\/?author=4\"}]}<\/script>\n<!-- \/ Yoast SEO plugin. -->","yoast_head_json":{"title":"Alertan por un recorte de m\u00e1s de 600 horas de soporte tecnol\u00f3gico en escuelas de Entre R\u00edos - Diario del Sur","robots":{"index":"index","follow":"follow","max-snippet":"max-snippet:-1","max-image-preview":"max-image-preview:large","max-video-preview":"max-video-preview:-1"},"canonical":"https:\/\/diariodelsurdigital.com.ar\/?p=7413","og_locale":"es_ES","og_type":"article","og_title":"Alertan por un recorte de m\u00e1s de 600 horas de soporte tecnol\u00f3gico en escuelas de Entre R\u00edos - Diario del Sur","og_description":"\u201cBajo un discurso de \u2018calidad educativa\u2019 y \u2018alfabetizaci\u00f3n digital\u2019, la Resoluci\u00f3n 170\/26 del CGE oculta una poda masiva que deja a la deriva la conectividad en varios departamentos de la provincia como Paran\u00e1, Victoria y Diamante\u201d, advirtieron desde el \u201cColectivo Trabajadores por la ventana\u201d. Pol\u00e9mica por una Resoluci\u00f3n del Consejo de Educaci\u00f3n que recorta horas\u201cLa [&hellip;]","og_url":"https:\/\/diariodelsurdigital.com.ar\/?p=7413","og_site_name":"Diario del Sur","article_published_time":"2026-03-10T17:50:09+00:00","article_modified_time":"2026-03-10T17:50:10+00:00","og_image":[{"width":992,"height":661,"url":"https:\/\/diariodelsurdigital.com.ar\/wp-content\/uploads\/2026\/03\/md-83.webp","type":"image\/webp"}],"author":"Diario del Sur Digital","twitter_card":"summary_large_image","twitter_misc":{"Escrito por":"Diario del Sur Digital","Tiempo de lectura":"3 minutos"},"schema":{"@context":"https:\/\/schema.org","@graph":[{"@type":"Article","@id":"https:\/\/diariodelsurdigital.com.ar\/?p=7413#article","isPartOf":{"@id":"https:\/\/diariodelsurdigital.com.ar\/?p=7413"},"author":{"name":"Diario del Sur Digital","@id":"https:\/\/diariodelsurdigital.com.ar\/#\/schema\/person\/1a4992532ed62965c968031b49195c81"},"headline":"Alertan por un recorte de m\u00e1s de 600 horas de soporte tecnol\u00f3gico en escuelas de Entre R\u00edos","datePublished":"2026-03-10T17:50:09+00:00","dateModified":"2026-03-10T17:50:10+00:00","mainEntityOfPage":{"@id":"https:\/\/diariodelsurdigital.com.ar\/?p=7413"},"wordCount":591,"commentCount":0,"image":{"@id":"https:\/\/diariodelsurdigital.com.ar\/?p=7413#primaryimage"},"thumbnailUrl":"https:\/\/diariodelsurdigital.com.ar\/wp-content\/uploads\/2026\/03\/md-83.webp","articleSection":["Inter\u00e9s General","Provinciales"],"inLanguage":"es","potentialAction":[{"@type":"CommentAction","name":"Comment","target":["https:\/\/diariodelsurdigital.com.ar\/?p=7413#respond"]}]},{"@type":"WebPage","@id":"https:\/\/diariodelsurdigital.com.ar\/?p=7413","url":"https:\/\/diariodelsurdigital.com.ar\/?p=7413","name":"Alertan por un recorte de m\u00e1s de 600 horas de soporte tecnol\u00f3gico en escuelas de Entre R\u00edos - Diario del Sur","isPartOf":{"@id":"https:\/\/diariodelsurdigital.com.ar\/#website"},"primaryImageOfPage":{"@id":"https:\/\/diariodelsurdigital.com.ar\/?p=7413#primaryimage"},"image":{"@id":"https:\/\/diariodelsurdigital.com.ar\/?p=7413#primaryimage"},"thumbnailUrl":"https:\/\/diariodelsurdigital.com.ar\/wp-content\/uploads\/2026\/03\/md-83.webp","datePublished":"2026-03-10T17:50:09+00:00","dateModified":"2026-03-10T17:50:10+00:00","author":{"@id":"https:\/\/diariodelsurdigital.com.ar\/#\/schema\/person\/1a4992532ed62965c968031b49195c81"},"breadcrumb":{"@id":"https:\/\/diariodelsurdigital.com.ar\/?p=7413#breadcrumb"},"inLanguage":"es","potentialAction":[{"@type":"ReadAction","target":["https:\/\/diariodelsurdigital.com.ar\/?p=7413"]}]},{"@type":"ImageObject","inLanguage":"es","@id":"https:\/\/diariodelsurdigital.com.ar\/?p=7413#primaryimage","url":"https:\/\/diariodelsurdigital.com.ar\/wp-content\/uploads\/2026\/03\/md-83.webp","contentUrl":"https:\/\/diariodelsurdigital.com.ar\/wp-content\/uploads\/2026\/03\/md-83.webp","width":992,"height":661},{"@type":"BreadcrumbList","@id":"https:\/\/diariodelsurdigital.com.ar\/?p=7413#breadcrumb","itemListElement":[{"@type":"ListItem","position":1,"name":"Portada","item":"https:\/\/diariodelsurdigital.com.ar\/"},{"@type":"ListItem","position":2,"name":"Alertan por un recorte de m\u00e1s de 600 horas de soporte tecnol\u00f3gico en escuelas de Entre R\u00edos"}]},{"@type":"WebSite","@id":"https:\/\/diariodelsurdigital.com.ar\/#website","url":"https:\/\/diariodelsurdigital.com.ar\/","name":"Diario del Sur","description":"Digital","potentialAction":[{"@type":"SearchAction","target":{"@type":"EntryPoint","urlTemplate":"https:\/\/diariodelsurdigital.com.ar\/?s={search_term_string}"},"query-input":{"@type":"PropertyValueSpecification","valueRequired":true,"valueName":"search_term_string"}}],"inLanguage":"es"},{"@type":"Person","@id":"https:\/\/diariodelsurdigital.com.ar\/#\/schema\/person\/1a4992532ed62965c968031b49195c81","name":"Diario del Sur Digital","image":{"@type":"ImageObject","inLanguage":"es","@id":"https:\/\/secure.gravatar.com\/avatar\/f0c7c47fc7146d19828273b9b8eda651c9c7ab583767e6338d3d3bee825adf76?s=96&d=mm&r=g","url":"https:\/\/secure.gravatar.com\/avatar\/f0c7c47fc7146d19828273b9b8eda651c9c7ab583767e6338d3d3bee825adf76?s=96&d=mm&r=g","contentUrl":"https:\/\/secure.gravatar.com\/avatar\/f0c7c47fc7146d19828273b9b8eda651c9c7ab583767e6338d3d3bee825adf76?s=96&d=mm&r=g","caption":"Diario del Sur Digital"},"url":"https:\/\/diariodelsurdigital.com.ar\/?author=4"}]}},"_links":{"self":[{"href":"https:\/\/diariodelsurdigital.com.ar\/index.php?rest_route=\/wp\/v2\/posts\/7413","targetHints":{"allow":["GET"]}}],"collection":[{"href":"https:\/\/diariodelsurdigital.com.ar\/index.php?rest_route=\/wp\/v2\/posts"}],"about":[{"href":"https:\/\/diariodelsurdigital.com.ar\/index.php?rest_route=\/wp\/v2\/types\/post"}],"author":[{"embeddable":true,"href":"https:\/\/diariodelsurdigital.com.ar\/index.php?rest_route=\/wp\/v2\/users\/4"}],"replies":[{"embeddable":true,"href":"https:\/\/diariodelsurdigital.com.ar\/index.php?rest_route=%2Fwp%2Fv2%2Fcomments&post=7413"}],"version-history":[{"count":1,"href":"https:\/\/diariodelsurdigital.com.ar\/index.php?rest_route=\/wp\/v2\/posts\/7413\/revisions"}],"predecessor-version":[{"id":7415,"href":"https:\/\/diariodelsurdigital.com.ar\/index.php?rest_route=\/wp\/v2\/posts\/7413\/revisions\/7415"}],"wp:featuredmedia":[{"embeddable":true,"href":"https:\/\/diariodelsurdigital.com.ar\/index.php?rest_route=\/wp\/v2\/media\/7414"}],"wp:attachment":[{"href":"https:\/\/diariodelsurdigital.com.ar\/index.php?rest_route=%2Fwp%2Fv2%2Fmedia&parent=7413"}],"wp:term":[{"taxonomy":"category","embeddable":true,"href":"https:\/\/diariodelsurdigital.com.ar\/index.php?rest_route=%2Fwp%2Fv2%2Fcategories&post=7413"},{"taxonomy":"post_tag","embeddable":true,"href":"https:\/\/diariodelsurdigital.com.ar\/index.php?rest_route=%2Fwp%2Fv2%2Ftags&post=7413"}],"curies":[{"name":"wp","href":"https:\/\/api.w.org\/{rel}","templated":true}]}}